{"id":63332,"date":"2022-06-12T13:06:51","date_gmt":"2022-06-12T19:06:51","guid":{"rendered":"https:\/\/canal7slp.tv\/2022\/?p=63332"},"modified":"2022-06-12T13:06:51","modified_gmt":"2022-06-12T19:06:51","slug":"por-cuestiones-de-salud-se-formaliza-la-prision-domiciliaria-para-el-bronco","status":"publish","type":"post","link":"https:\/\/canal7slp.tv\/2022\/por-cuestiones-de-salud-se-formaliza-la-prision-domiciliaria-para-el-bronco\/","title":{"rendered":"Por cuestiones de salud, se formaliza la prisi\u00f3n domiciliaria para \u201cEl Bronco\u201d"},"content":{"rendered":"<p style=\"text-align: justify;\">Nuevo Le\u00f3n.- Debido a su estado de salud, la jueza de control B\u00e1rbara Melissa G\u00f3mez le concedi\u00f3 a Jaime Rodr\u00edguez Calder\u00f3n, alias \u201cEl Bronco\u201d, modificar la medida cautelar de prisi\u00f3n preventiva a fin de que el exgobernador de Nuevo Le\u00f3n contin\u00fae con su proceso en arraigo domiciliario.<\/p>\n<p style=\"text-align: justify;\">Cabe se\u00f1alar que recientemente un juez le concedi\u00f3 a Rodr\u00edguez Calder\u00f3n la modificaci\u00f3n de la medida cautelar de prisi\u00f3n preventiva por el delito de presunto abuso de poder en la requisa a la Ecov\u00eda.<\/p>\n<p style=\"text-align: justify;\">La medida de Melissa G\u00f3mez fue aprobada durante la tarde del 11 de julio, tras una audiencia virtual en la que el equipo legal de \u00abEl Bronco\u00bb solicit\u00f3 cambiar la medida cautelar por los problemas de salud que ha padecido su representado desde que fuera ingresado al penal de Apodaca 2.<\/p>\n<p style=\"text-align: justify;\">Con esto, el exmandatario podr\u00e1 enfrente su debido proceso desde su domicilio, donde deber\u00e1 permanecer forzosamente si no quiere volver a la prisi\u00f3n preventiva.<\/p>\n","protected":false},"excerpt":{"rendered":"<p>Nuevo Le\u00f3n.- Debido a su estado de salud, la jueza de control B\u00e1rbara Melissa G\u00f3mez le concedi\u00f3 a Jaime Rodr\u00edguez Calder\u00f3n, alias \u201cEl Bronco\u201d, modificar la medida cautelar de prisi\u00f3n preventiva a fin de que el exgobernador de Nuevo Le\u00f3n contin\u00fae con su proceso en arraigo domiciliario. Cabe se\u00f1alar que recientemente un juez le concedi\u00f3 a Rodr\u00edguez Calder\u00f3n la modificaci\u00f3n de la medida cautelar de prisi\u00f3n preventiva por el delito de presunto abuso de poder en la requisa a la Ecov\u00eda. La medida de Melissa G\u00f3mez fue aprobada durante la tarde del 11 de julio, tras una audiencia virtual en [&hellip;]<\/p>\n","protected":false},"author":2,"featured_media":63345,"comment_status":"closed","ping_status":"closed","sticky":false,"template":"","format":"standard","meta":{"footnotes":""},"categories":[46],"tags":[],"class_list":["post-63332","post","type-post","status-publish","format-standard","has-post-thumbnail","hentry","category-nacional","post--single"],"yoast_head":"<!-- This site is optimized with the Yoast SEO plugin v27.4 - https:\/\/yoast.com\/product\/yoast-seo-wordpress\/ -->\n<title>Por cuestiones de salud, se formaliza la prisi\u00f3n domiciliaria para \u201cEl Bronco\u201d - Canal 7 SLP - 2022<\/title>\n<meta name=\"robots\" content=\"index, follow, max-snippet:-1, max-image-preview:large, max-video-preview:-1\" \/>\n<link rel=\"canonical\" href=\"https:\/\/canal7slp.tv\/2022\/por-cuestiones-de-salud-se-formaliza-la-prision-domiciliaria-para-el-bronco\/\" \/>\n<meta property=\"og:locale\" content=\"es_ES\" \/>\n<meta property=\"og:type\" content=\"article\" \/>\n<meta property=\"og:title\" content=\"Por cuestiones de salud, se formaliza la prisi\u00f3n domiciliaria para \u201cEl Bronco\u201d - Canal 7 SLP - 2022\" \/>\n<meta property=\"og:description\" content=\"Nuevo Le\u00f3n.- Debido a su estado de salud, la jueza de control B\u00e1rbara Melissa G\u00f3mez le concedi\u00f3 a Jaime Rodr\u00edguez Calder\u00f3n, alias \u201cEl Bronco\u201d, modificar la medida cautelar de prisi\u00f3n preventiva a fin de que el exgobernador de Nuevo Le\u00f3n contin\u00fae con su proceso en arraigo domiciliario. Cabe se\u00f1alar que recientemente un juez le concedi\u00f3 a Rodr\u00edguez Calder\u00f3n la modificaci\u00f3n de la medida cautelar de prisi\u00f3n preventiva por el delito de presunto abuso de poder en la requisa a la Ecov\u00eda. La medida de Melissa G\u00f3mez fue aprobada durante la tarde del 11 de julio, tras una audiencia virtual en [&hellip;]\" \/>\n<meta property=\"og:url\" content=\"https:\/\/canal7slp.tv\/2022\/por-cuestiones-de-salud-se-formaliza-la-prision-domiciliaria-para-el-bronco\/\" \/>\n<meta property=\"og:site_name\" content=\"Canal 7 SLP - 2022\" \/>\n<meta property=\"article:publisher\" content=\"https:\/\/www.facebook.com\/noticieroscanalsiete\" \/>\n<meta property=\"article:published_time\" content=\"2022-06-12T19:06:51+00:00\" \/>\n<meta property=\"og:image\" content=\"https:\/\/canal7slp.tv\/2022\/wp-content\/uploads\/2022\/06\/04-1.png\" \/>\n\t<meta property=\"og:image:width\" content=\"1024\" \/>\n\t<meta property=\"og:image:height\" content=\"683\" \/>\n\t<meta property=\"og:image:type\" content=\"image\/png\" \/>\n<meta name=\"author\" content=\"Edici\u00f3n Web\" \/>\n<meta name=\"twitter:card\" content=\"summary_large_image\" \/>\n<meta name=\"twitter:creator\" content=\"@NOTICIEROS7\" \/>\n<meta name=\"twitter:site\" content=\"@NOTICIEROS7\" \/>\n<meta name=\"twitter:label1\" content=\"Escrito por\" \/>\n\t<meta name=\"twitter:data1\" content=\"Edici\u00f3n Web\" \/>\n\t<meta name=\"twitter:label2\" content=\"Tiempo de lectura\" \/>\n\t<meta name=\"twitter:data2\" content=\"1 minuto\" \/>\n<script type=\"application\/ld+json\" class=\"yoast-schema-graph\">{\"@context\":\"https:\\\/\\\/schema.org\",\"@graph\":[{\"@type\":\"Article\",\"@id\":\"https:\\\/\\\/canal7slp.tv\\\/2022\\\/por-cuestiones-de-salud-se-formaliza-la-prision-domiciliaria-para-el-bronco\\\/#article\",\"isPartOf\":{\"@id\":\"https:\\\/\\\/canal7slp.tv\\\/2022\\\/por-cuestiones-de-salud-se-formaliza-la-prision-domiciliaria-para-el-bronco\\\/\"},\"author\":{\"name\":\"Edici\u00f3n Web\",\"@id\":\"https:\\\/\\\/canal7slp.tv\\\/2022\\\/#\\\/schema\\\/person\\\/429704152a21f5f856ce29aa69a238da\"},\"headline\":\"Por cuestiones de salud, se formaliza la prisi\u00f3n domiciliaria para \u201cEl Bronco\u201d\",\"datePublished\":\"2022-06-12T19:06:51+00:00\",\"mainEntityOfPage\":{\"@id\":\"https:\\\/\\\/canal7slp.tv\\\/2022\\\/por-cuestiones-de-salud-se-formaliza-la-prision-domiciliaria-para-el-bronco\\\/\"},\"wordCount\":184,\"publisher\":{\"@id\":\"https:\\\/\\\/canal7slp.tv\\\/2022\\\/#organization\"},\"image\":{\"@id\":\"https:\\\/\\\/canal7slp.tv\\\/2022\\\/por-cuestiones-de-salud-se-formaliza-la-prision-domiciliaria-para-el-bronco\\\/#primaryimage\"},\"thumbnailUrl\":\"https:\\\/\\\/canal7slp.tv\\\/2022\\\/wp-content\\\/uploads\\\/2022\\\/06\\\/04-1.png\",\"articleSection\":[\"NACIONALES\"],\"inLanguage\":\"es\"},{\"@type\":\"WebPage\",\"@id\":\"https:\\\/\\\/canal7slp.tv\\\/2022\\\/por-cuestiones-de-salud-se-formaliza-la-prision-domiciliaria-para-el-bronco\\\/\",\"url\":\"https:\\\/\\\/canal7slp.tv\\\/2022\\\/por-cuestiones-de-salud-se-formaliza-la-prision-domiciliaria-para-el-bronco\\\/\",\"name\":\"Por cuestiones de salud, se formaliza la prisi\u00f3n domiciliaria para \u201cEl Bronco\u201d - Canal 7 SLP - 2022\",\"isPartOf\":{\"@id\":\"https:\\\/\\\/canal7slp.tv\\\/2022\\\/#website\"},\"primaryImageOfPage\":{\"@id\":\"https:\\\/\\\/canal7slp.tv\\\/2022\\\/por-cuestiones-de-salud-se-formaliza-la-prision-domiciliaria-para-el-bronco\\\/#primaryimage\"},\"image\":{\"@id\":\"https:\\\/\\\/canal7slp.tv\\\/2022\\\/por-cuestiones-de-salud-se-formaliza-la-prision-domiciliaria-para-el-bronco\\\/#primaryimage\"},\"thumbnailUrl\":\"https:\\\/\\\/canal7slp.tv\\\/2022\\\/wp-content\\\/uploads\\\/2022\\\/06\\\/04-1.png\",\"datePublished\":\"2022-06-12T19:06:51+00:00\",\"breadcrumb\":{\"@id\":\"https:\\\/\\\/canal7slp.tv\\\/2022\\\/por-cuestiones-de-salud-se-formaliza-la-prision-domiciliaria-para-el-bronco\\\/#breadcrumb\"},\"inLanguage\":\"es\",\"potentialAction\":[{\"@type\":\"ReadAction\",\"target\":[\"https:\\\/\\\/canal7slp.tv\\\/2022\\\/por-cuestiones-de-salud-se-formaliza-la-prision-domiciliaria-para-el-bronco\\\/\"]}]},{\"@type\":\"ImageObject\",\"inLanguage\":\"es\",\"@id\":\"https:\\\/\\\/canal7slp.tv\\\/2022\\\/por-cuestiones-de-salud-se-formaliza-la-prision-domiciliaria-para-el-bronco\\\/#primaryimage\",\"url\":\"https:\\\/\\\/canal7slp.tv\\\/2022\\\/wp-content\\\/uploads\\\/2022\\\/06\\\/04-1.png\",\"contentUrl\":\"https:\\\/\\\/canal7slp.tv\\\/2022\\\/wp-content\\\/uploads\\\/2022\\\/06\\\/04-1.png\",\"width\":1024,\"height\":683},{\"@type\":\"BreadcrumbList\",\"@id\":\"https:\\\/\\\/canal7slp.tv\\\/2022\\\/por-cuestiones-de-salud-se-formaliza-la-prision-domiciliaria-para-el-bronco\\\/#breadcrumb\",\"itemListElement\":[{\"@type\":\"ListItem\",\"position\":1,\"name\":\"Portada\",\"item\":\"https:\\\/\\\/canal7slp.tv\\\/2022\\\/\"},{\"@type\":\"ListItem\",\"position\":2,\"name\":\"Por cuestiones de salud, se formaliza la prisi\u00f3n domiciliaria para \u201cEl Bronco\u201d\"}]},{\"@type\":\"WebSite\",\"@id\":\"https:\\\/\\\/canal7slp.tv\\\/2022\\\/#website\",\"url\":\"https:\\\/\\\/canal7slp.tv\\\/2022\\\/\",\"name\":\"N7 - Noticieros Canal 7\",\"description\":\"Somos Televisi\u00f3n\",\"publisher\":{\"@id\":\"https:\\\/\\\/canal7slp.tv\\\/2022\\\/#organization\"},\"potentialAction\":[{\"@type\":\"SearchAction\",\"target\":{\"@type\":\"EntryPoint\",\"urlTemplate\":\"https:\\\/\\\/canal7slp.tv\\\/2022\\\/?s={search_term_string}\"},\"query-input\":{\"@type\":\"PropertyValueSpecification\",\"valueRequired\":true,\"valueName\":\"search_term_string\"}}],\"inLanguage\":\"es\"},{\"@type\":\"Organization\",\"@id\":\"https:\\\/\\\/canal7slp.tv\\\/2022\\\/#organization\",\"name\":\"Noticieros Canal 7\",\"url\":\"https:\\\/\\\/canal7slp.tv\\\/2022\\\/\",\"logo\":{\"@type\":\"ImageObject\",\"inLanguage\":\"es\",\"@id\":\"https:\\\/\\\/canal7slp.tv\\\/2022\\\/#\\\/schema\\\/logo\\\/image\\\/\",\"url\":\"https:\\\/\\\/canal7slp.tv\\\/2022\\\/wp-content\\\/uploads\\\/2021\\\/01\\\/logo-noticieros@2x.png\",\"contentUrl\":\"https:\\\/\\\/canal7slp.tv\\\/2022\\\/wp-content\\\/uploads\\\/2021\\\/01\\\/logo-noticieros@2x.png\",\"width\":1017,\"height\":268,\"caption\":\"Noticieros Canal 7\"},\"image\":{\"@id\":\"https:\\\/\\\/canal7slp.tv\\\/2022\\\/#\\\/schema\\\/logo\\\/image\\\/\"},\"sameAs\":[\"https:\\\/\\\/www.facebook.com\\\/noticieroscanalsiete\",\"https:\\\/\\\/x.com\\\/NOTICIEROS7\",\"https:\\\/\\\/www.instagram.com\\\/canal7_slp\",\"https:\\\/\\\/www.youtube.com\\\/channel\\\/UCliiYs-gP3JfJeqdPrNdd5A\"]},{\"@type\":\"Person\",\"@id\":\"https:\\\/\\\/canal7slp.tv\\\/2022\\\/#\\\/schema\\\/person\\\/429704152a21f5f856ce29aa69a238da\",\"name\":\"Edici\u00f3n Web\",\"image\":{\"@type\":\"ImageObject\",\"inLanguage\":\"es\",\"@id\":\"https:\\\/\\\/secure.gravatar.com\\\/avatar\\\/eee448fc3f7164808013b816ba91ac7e43bbe82a70bebac296f8bc6f0addaa1a?s=96&d=mm&r=g\",\"url\":\"https:\\\/\\\/secure.gravatar.com\\\/avatar\\\/eee448fc3f7164808013b816ba91ac7e43bbe82a70bebac296f8bc6f0addaa1a?s=96&d=mm&r=g\",\"contentUrl\":\"https:\\\/\\\/secure.gravatar.com\\\/avatar\\\/eee448fc3f7164808013b816ba91ac7e43bbe82a70bebac296f8bc6f0addaa1a?s=96&d=mm&r=g\",\"caption\":\"Edici\u00f3n Web\"},\"url\":\"https:\\\/\\\/canal7slp.tv\\\/2022\\\/author\\\/edicionweb\\\/\"}]}<\/script>\n<!-- \/ Yoast SEO plugin. -->","yoast_head_json":{"title":"Por cuestiones de salud, se formaliza la prisi\u00f3n domiciliaria para \u201cEl Bronco\u201d - Canal 7 SLP - 2022","robots":{"index":"index","follow":"follow","max-snippet":"max-snippet:-1","max-image-preview":"max-image-preview:large","max-video-preview":"max-video-preview:-1"},"canonical":"https:\/\/canal7slp.tv\/2022\/por-cuestiones-de-salud-se-formaliza-la-prision-domiciliaria-para-el-bronco\/","og_locale":"es_ES","og_type":"article","og_title":"Por cuestiones de salud, se formaliza la prisi\u00f3n domiciliaria para \u201cEl Bronco\u201d - Canal 7 SLP - 2022","og_description":"Nuevo Le\u00f3n.- Debido a su estado de salud, la jueza de control B\u00e1rbara Melissa G\u00f3mez le concedi\u00f3 a Jaime Rodr\u00edguez Calder\u00f3n, alias \u201cEl Bronco\u201d, modificar la medida cautelar de prisi\u00f3n preventiva a fin de que el exgobernador de Nuevo Le\u00f3n contin\u00fae con su proceso en arraigo domiciliario. Cabe se\u00f1alar que recientemente un juez le concedi\u00f3 a Rodr\u00edguez Calder\u00f3n la modificaci\u00f3n de la medida cautelar de prisi\u00f3n preventiva por el delito de presunto abuso de poder en la requisa a la Ecov\u00eda. La medida de Melissa G\u00f3mez fue aprobada durante la tarde del 11 de julio, tras una audiencia virtual en [&hellip;]","og_url":"https:\/\/canal7slp.tv\/2022\/por-cuestiones-de-salud-se-formaliza-la-prision-domiciliaria-para-el-bronco\/","og_site_name":"Canal 7 SLP - 2022","article_publisher":"https:\/\/www.facebook.com\/noticieroscanalsiete","article_published_time":"2022-06-12T19:06:51+00:00","og_image":[{"width":1024,"height":683,"url":"https:\/\/canal7slp.tv\/2022\/wp-content\/uploads\/2022\/06\/04-1.png","type":"image\/png"}],"author":"Edici\u00f3n Web","twitter_card":"summary_large_image","twitter_creator":"@NOTICIEROS7","twitter_site":"@NOTICIEROS7","twitter_misc":{"Escrito por":"Edici\u00f3n Web","Tiempo de lectura":"1 minuto"},"schema":{"@context":"https:\/\/schema.org","@graph":[{"@type":"Article","@id":"https:\/\/canal7slp.tv\/2022\/por-cuestiones-de-salud-se-formaliza-la-prision-domiciliaria-para-el-bronco\/#article","isPartOf":{"@id":"https:\/\/canal7slp.tv\/2022\/por-cuestiones-de-salud-se-formaliza-la-prision-domiciliaria-para-el-bronco\/"},"author":{"name":"Edici\u00f3n Web","@id":"https:\/\/canal7slp.tv\/2022\/#\/schema\/person\/429704152a21f5f856ce29aa69a238da"},"headline":"Por cuestiones de salud, se formaliza la prisi\u00f3n domiciliaria para \u201cEl Bronco\u201d","datePublished":"2022-06-12T19:06:51+00:00","mainEntityOfPage":{"@id":"https:\/\/canal7slp.tv\/2022\/por-cuestiones-de-salud-se-formaliza-la-prision-domiciliaria-para-el-bronco\/"},"wordCount":184,"publisher":{"@id":"https:\/\/canal7slp.tv\/2022\/#organization"},"image":{"@id":"https:\/\/canal7slp.tv\/2022\/por-cuestiones-de-salud-se-formaliza-la-prision-domiciliaria-para-el-bronco\/#primaryimage"},"thumbnailUrl":"https:\/\/canal7slp.tv\/2022\/wp-content\/uploads\/2022\/06\/04-1.png","articleSection":["NACIONALES"],"inLanguage":"es"},{"@type":"WebPage","@id":"https:\/\/canal7slp.tv\/2022\/por-cuestiones-de-salud-se-formaliza-la-prision-domiciliaria-para-el-bronco\/","url":"https:\/\/canal7slp.tv\/2022\/por-cuestiones-de-salud-se-formaliza-la-prision-domiciliaria-para-el-bronco\/","name":"Por cuestiones de salud, se formaliza la prisi\u00f3n domiciliaria para \u201cEl Bronco\u201d - Canal 7 SLP - 2022","isPartOf":{"@id":"https:\/\/canal7slp.tv\/2022\/#website"},"primaryImageOfPage":{"@id":"https:\/\/canal7slp.tv\/2022\/por-cuestiones-de-salud-se-formaliza-la-prision-domiciliaria-para-el-bronco\/#primaryimage"},"image":{"@id":"https:\/\/canal7slp.tv\/2022\/por-cuestiones-de-salud-se-formaliza-la-prision-domiciliaria-para-el-bronco\/#primaryimage"},"thumbnailUrl":"https:\/\/canal7slp.tv\/2022\/wp-content\/uploads\/2022\/06\/04-1.png","datePublished":"2022-06-12T19:06:51+00:00","breadcrumb":{"@id":"https:\/\/canal7slp.tv\/2022\/por-cuestiones-de-salud-se-formaliza-la-prision-domiciliaria-para-el-bronco\/#breadcrumb"},"inLanguage":"es","potentialAction":[{"@type":"ReadAction","target":["https:\/\/canal7slp.tv\/2022\/por-cuestiones-de-salud-se-formaliza-la-prision-domiciliaria-para-el-bronco\/"]}]},{"@type":"ImageObject","inLanguage":"es","@id":"https:\/\/canal7slp.tv\/2022\/por-cuestiones-de-salud-se-formaliza-la-prision-domiciliaria-para-el-bronco\/#primaryimage","url":"https:\/\/canal7slp.tv\/2022\/wp-content\/uploads\/2022\/06\/04-1.png","contentUrl":"https:\/\/canal7slp.tv\/2022\/wp-content\/uploads\/2022\/06\/04-1.png","width":1024,"height":683},{"@type":"BreadcrumbList","@id":"https:\/\/canal7slp.tv\/2022\/por-cuestiones-de-salud-se-formaliza-la-prision-domiciliaria-para-el-bronco\/#breadcrumb","itemListElement":[{"@type":"ListItem","position":1,"name":"Portada","item":"https:\/\/canal7slp.tv\/2022\/"},{"@type":"ListItem","position":2,"name":"Por cuestiones de salud, se formaliza la prisi\u00f3n domiciliaria para \u201cEl Bronco\u201d"}]},{"@type":"WebSite","@id":"https:\/\/canal7slp.tv\/2022\/#website","url":"https:\/\/canal7slp.tv\/2022\/","name":"N7 - Noticieros Canal 7","description":"Somos Televisi\u00f3n","publisher":{"@id":"https:\/\/canal7slp.tv\/2022\/#organization"},"potentialAction":[{"@type":"SearchAction","target":{"@type":"EntryPoint","urlTemplate":"https:\/\/canal7slp.tv\/2022\/?s={search_term_string}"},"query-input":{"@type":"PropertyValueSpecification","valueRequired":true,"valueName":"search_term_string"}}],"inLanguage":"es"},{"@type":"Organization","@id":"https:\/\/canal7slp.tv\/2022\/#organization","name":"Noticieros Canal 7","url":"https:\/\/canal7slp.tv\/2022\/","logo":{"@type":"ImageObject","inLanguage":"es","@id":"https:\/\/canal7slp.tv\/2022\/#\/schema\/logo\/image\/","url":"https:\/\/canal7slp.tv\/2022\/wp-content\/uploads\/2021\/01\/logo-noticieros@2x.png","contentUrl":"https:\/\/canal7slp.tv\/2022\/wp-content\/uploads\/2021\/01\/logo-noticieros@2x.png","width":1017,"height":268,"caption":"Noticieros Canal 7"},"image":{"@id":"https:\/\/canal7slp.tv\/2022\/#\/schema\/logo\/image\/"},"sameAs":["https:\/\/www.facebook.com\/noticieroscanalsiete","https:\/\/x.com\/NOTICIEROS7","https:\/\/www.instagram.com\/canal7_slp","https:\/\/www.youtube.com\/channel\/UCliiYs-gP3JfJeqdPrNdd5A"]},{"@type":"Person","@id":"https:\/\/canal7slp.tv\/2022\/#\/schema\/person\/429704152a21f5f856ce29aa69a238da","name":"Edici\u00f3n Web","image":{"@type":"ImageObject","inLanguage":"es","@id":"https:\/\/secure.gravatar.com\/avatar\/eee448fc3f7164808013b816ba91ac7e43bbe82a70bebac296f8bc6f0addaa1a?s=96&d=mm&r=g","url":"https:\/\/secure.gravatar.com\/avatar\/eee448fc3f7164808013b816ba91ac7e43bbe82a70bebac296f8bc6f0addaa1a?s=96&d=mm&r=g","contentUrl":"https:\/\/secure.gravatar.com\/avatar\/eee448fc3f7164808013b816ba91ac7e43bbe82a70bebac296f8bc6f0addaa1a?s=96&d=mm&r=g","caption":"Edici\u00f3n Web"},"url":"https:\/\/canal7slp.tv\/2022\/author\/edicionweb\/"}]}},"amp_enabled":true,"_links":{"self":[{"href":"https:\/\/canal7slp.tv\/2022\/wp-json\/wp\/v2\/posts\/63332","targetHints":{"allow":["GET"]}}],"collection":[{"href":"https:\/\/canal7slp.tv\/2022\/wp-json\/wp\/v2\/posts"}],"about":[{"href":"https:\/\/canal7slp.tv\/2022\/wp-json\/wp\/v2\/types\/post"}],"author":[{"embeddable":true,"href":"https:\/\/canal7slp.tv\/2022\/wp-json\/wp\/v2\/users\/2"}],"replies":[{"embeddable":true,"href":"https:\/\/canal7slp.tv\/2022\/wp-json\/wp\/v2\/comments?post=63332"}],"version-history":[{"count":2,"href":"https:\/\/canal7slp.tv\/2022\/wp-json\/wp\/v2\/posts\/63332\/revisions"}],"predecessor-version":[{"id":63352,"href":"https:\/\/canal7slp.tv\/2022\/wp-json\/wp\/v2\/posts\/63332\/revisions\/63352"}],"wp:featuredmedia":[{"embeddable":true,"href":"https:\/\/canal7slp.tv\/2022\/wp-json\/wp\/v2\/media\/63345"}],"wp:attachment":[{"href":"https:\/\/canal7slp.tv\/2022\/wp-json\/wp\/v2\/media?parent=63332"}],"wp:term":[{"taxonomy":"category","embeddable":true,"href":"https:\/\/canal7slp.tv\/2022\/wp-json\/wp\/v2\/categories?post=63332"},{"taxonomy":"post_tag","embeddable":true,"href":"https:\/\/canal7slp.tv\/2022\/wp-json\/wp\/v2\/tags?post=63332"}],"curies":[{"name":"wp","href":"https:\/\/api.w.org\/{rel}","templated":true}]}}