{"id":63302,"date":"2022-06-12T06:36:47","date_gmt":"2022-06-12T12:36:47","guid":{"rendered":"https:\/\/canal7slp.tv\/2022\/?p=63302"},"modified":"2022-06-12T06:36:47","modified_gmt":"2022-06-12T12:36:47","slug":"convertir-a-villa-de-pozos-en-municipio-es-proyecto-politico-de-ricardo-gallardo-cardona-afirma-coordinador-estatal-de-movimiento-ciudadano","status":"publish","type":"post","link":"https:\/\/canal7slp.tv\/2022\/convertir-a-villa-de-pozos-en-municipio-es-proyecto-politico-de-ricardo-gallardo-cardona-afirma-coordinador-estatal-de-movimiento-ciudadano\/","title":{"rendered":"Convertir a Villa de Pozos en municipio es proyecto pol\u00edtico de Ricardo Gallardo Cardona, afirma Coordinador Estatal de Movimiento Ciudadano."},"content":{"rendered":"<p style=\"text-align: justify;\">SLP.- Para el dirigente estatal del partido Movimiento Ciudadano Eugenio Govea Arcos la iniciativa o planteamiento de municipalizar a la delegaci\u00f3n de Pozos, tiene un trasfondo como parte de un proyecto pol\u00edtico del gobernador Ricardo Gallardo Cardona.<\/p>\n<p style=\"text-align: justify;\">Afirm\u00f3 que el evento masivo que encabez\u00f3 en d\u00edas pasados en donde convoc\u00f3 para festejar el primer a\u00f1o de su triunfo electoral pero tambi\u00e9n para afiliarse al Partido Verde, es una prueba de ello al afirmar que a Gallardo Cardona le importa m\u00e1s este tipo de eventos y tambi\u00e9n contratar a cantantes gruperos, que la inseguridad que prevalece en el estado.<\/p>\n<p style=\"text-align: justify;\">Eugenio Govea afirm\u00f3 que a diferencia de los dem\u00e1s partidos el Partido Movimiento Ciudadano si representa una real oposici\u00f3n al decir tambi\u00e9n que se ha logrado posicionar entre la ciudadan\u00eda.<\/p>\n<p style=\"text-align: justify;\">Al retomar el tema de la municipalizaci\u00f3n de la delegaci\u00f3n de Villa de Pozos, el dirigente estatal del partido naranja asegur\u00f3 que los dos diputados que representan a Movimiento Ciudadano en el congreso local, votar\u00e1n en contra de esta iniciativa del titular del ejecutivo estatal.<\/p>\n<p style=\"text-align: justify;\">Por: Claudio Ibarra<\/p>\n","protected":false},"excerpt":{"rendered":"<p>SLP.- Para el dirigente estatal del partido Movimiento Ciudadano Eugenio Govea Arcos la iniciativa o planteamiento de municipalizar a la delegaci\u00f3n de Pozos, tiene un trasfondo como parte de un proyecto pol\u00edtico del gobernador Ricardo Gallardo Cardona. Afirm\u00f3 que el evento masivo que encabez\u00f3 en d\u00edas pasados en donde convoc\u00f3 para festejar el primer a\u00f1o de su triunfo electoral pero tambi\u00e9n para afiliarse al Partido Verde, es una prueba de ello al afirmar que a Gallardo Cardona le importa m\u00e1s este tipo de eventos y tambi\u00e9n contratar a cantantes gruperos, que la inseguridad que prevalece en el estado. Eugenio Govea [&hellip;]<\/p>\n","protected":false},"author":2,"featured_media":63318,"comment_status":"closed","ping_status":"closed","sticky":false,"template":"","format":"video","meta":{"footnotes":""},"categories":[5,45],"tags":[],"class_list":["post-63302","post","type-post","status-publish","format-video","has-post-thumbnail","hentry","category-destacadas","category-localesyregionales","post_format-post-format-video","post--single"],"yoast_head":"<!-- This site is optimized with the Yoast SEO plugin v27.4 - https:\/\/yoast.com\/product\/yoast-seo-wordpress\/ -->\n<title>Convertir a Villa de Pozos en municipio es proyecto pol\u00edtico de Ricardo Gallardo Cardona, afirma Coordinador Estatal de Movimiento Ciudadano. - Canal 7 SLP - 2022<\/title>\n<meta name=\"robots\" content=\"index, follow, max-snippet:-1, max-image-preview:large, max-video-preview:-1\" \/>\n<link rel=\"canonical\" href=\"https:\/\/canal7slp.tv\/2022\/convertir-a-villa-de-pozos-en-municipio-es-proyecto-politico-de-ricardo-gallardo-cardona-afirma-coordinador-estatal-de-movimiento-ciudadano\/\" \/>\n<meta property=\"og:locale\" content=\"es_ES\" \/>\n<meta property=\"og:type\" content=\"article\" \/>\n<meta property=\"og:title\" content=\"Convertir a Villa de Pozos en municipio es proyecto pol\u00edtico de Ricardo Gallardo Cardona, afirma Coordinador Estatal de Movimiento Ciudadano. - Canal 7 SLP - 2022\" \/>\n<meta property=\"og:description\" content=\"SLP.- Para el dirigente estatal del partido Movimiento Ciudadano Eugenio Govea Arcos la iniciativa o planteamiento de municipalizar a la delegaci\u00f3n de Pozos, tiene un trasfondo como parte de un proyecto pol\u00edtico del gobernador Ricardo Gallardo Cardona. Afirm\u00f3 que el evento masivo que encabez\u00f3 en d\u00edas pasados en donde convoc\u00f3 para festejar el primer a\u00f1o de su triunfo electoral pero tambi\u00e9n para afiliarse al Partido Verde, es una prueba de ello al afirmar que a Gallardo Cardona le importa m\u00e1s este tipo de eventos y tambi\u00e9n contratar a cantantes gruperos, que la inseguridad que prevalece en el estado. Eugenio Govea [&hellip;]\" \/>\n<meta property=\"og:url\" content=\"https:\/\/canal7slp.tv\/2022\/convertir-a-villa-de-pozos-en-municipio-es-proyecto-politico-de-ricardo-gallardo-cardona-afirma-coordinador-estatal-de-movimiento-ciudadano\/\" \/>\n<meta property=\"og:site_name\" content=\"Canal 7 SLP - 2022\" \/>\n<meta property=\"article:publisher\" content=\"https:\/\/www.facebook.com\/noticieroscanalsiete\" \/>\n<meta property=\"article:published_time\" content=\"2022-06-12T12:36:47+00:00\" \/>\n<meta property=\"og:image\" content=\"https:\/\/canal7slp.tv\/2022\/wp-content\/uploads\/2022\/06\/Claudio02Botin.jpg\" \/>\n\t<meta property=\"og:image:width\" content=\"888\" \/>\n\t<meta property=\"og:image:height\" content=\"500\" \/>\n\t<meta property=\"og:image:type\" content=\"image\/jpeg\" \/>\n<meta name=\"author\" content=\"Edici\u00f3n Web\" \/>\n<meta name=\"twitter:card\" content=\"summary_large_image\" \/>\n<meta name=\"twitter:creator\" content=\"@NOTICIEROS7\" \/>\n<meta name=\"twitter:site\" content=\"@NOTICIEROS7\" \/>\n<meta name=\"twitter:label1\" content=\"Escrito por\" \/>\n\t<meta name=\"twitter:data1\" content=\"Edici\u00f3n Web\" \/>\n\t<meta name=\"twitter:label2\" content=\"Tiempo de lectura\" \/>\n\t<meta name=\"twitter:data2\" content=\"1 minuto\" \/>\n<script type=\"application\/ld+json\" class=\"yoast-schema-graph\">{\"@context\":\"https:\\\/\\\/schema.org\",\"@graph\":[{\"@type\":\"Article\",\"@id\":\"https:\\\/\\\/canal7slp.tv\\\/2022\\\/convertir-a-villa-de-pozos-en-municipio-es-proyecto-politico-de-ricardo-gallardo-cardona-afirma-coordinador-estatal-de-movimiento-ciudadano\\\/#article\",\"isPartOf\":{\"@id\":\"https:\\\/\\\/canal7slp.tv\\\/2022\\\/convertir-a-villa-de-pozos-en-municipio-es-proyecto-politico-de-ricardo-gallardo-cardona-afirma-coordinador-estatal-de-movimiento-ciudadano\\\/\"},\"author\":{\"name\":\"Edici\u00f3n Web\",\"@id\":\"https:\\\/\\\/canal7slp.tv\\\/2022\\\/#\\\/schema\\\/person\\\/429704152a21f5f856ce29aa69a238da\"},\"headline\":\"Convertir a Villa de Pozos en municipio es proyecto pol\u00edtico de Ricardo Gallardo Cardona, afirma Coordinador Estatal de Movimiento Ciudadano.\",\"datePublished\":\"2022-06-12T12:36:47+00:00\",\"mainEntityOfPage\":{\"@id\":\"https:\\\/\\\/canal7slp.tv\\\/2022\\\/convertir-a-villa-de-pozos-en-municipio-es-proyecto-politico-de-ricardo-gallardo-cardona-afirma-coordinador-estatal-de-movimiento-ciudadano\\\/\"},\"wordCount\":212,\"publisher\":{\"@id\":\"https:\\\/\\\/canal7slp.tv\\\/2022\\\/#organization\"},\"image\":{\"@id\":\"https:\\\/\\\/canal7slp.tv\\\/2022\\\/convertir-a-villa-de-pozos-en-municipio-es-proyecto-politico-de-ricardo-gallardo-cardona-afirma-coordinador-estatal-de-movimiento-ciudadano\\\/#primaryimage\"},\"thumbnailUrl\":\"https:\\\/\\\/canal7slp.tv\\\/2022\\\/wp-content\\\/uploads\\\/2022\\\/06\\\/Claudio02Botin.jpg\",\"articleSection\":[\"DESTACADAS\",\"LOCALES Y REGIONALES\"],\"inLanguage\":\"es\"},{\"@type\":\"WebPage\",\"@id\":\"https:\\\/\\\/canal7slp.tv\\\/2022\\\/convertir-a-villa-de-pozos-en-municipio-es-proyecto-politico-de-ricardo-gallardo-cardona-afirma-coordinador-estatal-de-movimiento-ciudadano\\\/\",\"url\":\"https:\\\/\\\/canal7slp.tv\\\/2022\\\/convertir-a-villa-de-pozos-en-municipio-es-proyecto-politico-de-ricardo-gallardo-cardona-afirma-coordinador-estatal-de-movimiento-ciudadano\\\/\",\"name\":\"Convertir a Villa de Pozos en municipio es proyecto pol\u00edtico de Ricardo Gallardo Cardona, afirma Coordinador Estatal de Movimiento Ciudadano. - Canal 7 SLP - 2022\",\"isPartOf\":{\"@id\":\"https:\\\/\\\/canal7slp.tv\\\/2022\\\/#website\"},\"primaryImageOfPage\":{\"@id\":\"https:\\\/\\\/canal7slp.tv\\\/2022\\\/convertir-a-villa-de-pozos-en-municipio-es-proyecto-politico-de-ricardo-gallardo-cardona-afirma-coordinador-estatal-de-movimiento-ciudadano\\\/#primaryimage\"},\"image\":{\"@id\":\"https:\\\/\\\/canal7slp.tv\\\/2022\\\/convertir-a-villa-de-pozos-en-municipio-es-proyecto-politico-de-ricardo-gallardo-cardona-afirma-coordinador-estatal-de-movimiento-ciudadano\\\/#primaryimage\"},\"thumbnailUrl\":\"https:\\\/\\\/canal7slp.tv\\\/2022\\\/wp-content\\\/uploads\\\/2022\\\/06\\\/Claudio02Botin.jpg\",\"datePublished\":\"2022-06-12T12:36:47+00:00\",\"breadcrumb\":{\"@id\":\"https:\\\/\\\/canal7slp.tv\\\/2022\\\/convertir-a-villa-de-pozos-en-municipio-es-proyecto-politico-de-ricardo-gallardo-cardona-afirma-coordinador-estatal-de-movimiento-ciudadano\\\/#breadcrumb\"},\"inLanguage\":\"es\",\"potentialAction\":[{\"@type\":\"ReadAction\",\"target\":[\"https:\\\/\\\/canal7slp.tv\\\/2022\\\/convertir-a-villa-de-pozos-en-municipio-es-proyecto-politico-de-ricardo-gallardo-cardona-afirma-coordinador-estatal-de-movimiento-ciudadano\\\/\"]}]},{\"@type\":\"ImageObject\",\"inLanguage\":\"es\",\"@id\":\"https:\\\/\\\/canal7slp.tv\\\/2022\\\/convertir-a-villa-de-pozos-en-municipio-es-proyecto-politico-de-ricardo-gallardo-cardona-afirma-coordinador-estatal-de-movimiento-ciudadano\\\/#primaryimage\",\"url\":\"https:\\\/\\\/canal7slp.tv\\\/2022\\\/wp-content\\\/uploads\\\/2022\\\/06\\\/Claudio02Botin.jpg\",\"contentUrl\":\"https:\\\/\\\/canal7slp.tv\\\/2022\\\/wp-content\\\/uploads\\\/2022\\\/06\\\/Claudio02Botin.jpg\",\"width\":888,\"height\":500},{\"@type\":\"BreadcrumbList\",\"@id\":\"https:\\\/\\\/canal7slp.tv\\\/2022\\\/convertir-a-villa-de-pozos-en-municipio-es-proyecto-politico-de-ricardo-gallardo-cardona-afirma-coordinador-estatal-de-movimiento-ciudadano\\\/#breadcrumb\",\"itemListElement\":[{\"@type\":\"ListItem\",\"position\":1,\"name\":\"Portada\",\"item\":\"https:\\\/\\\/canal7slp.tv\\\/2022\\\/\"},{\"@type\":\"ListItem\",\"position\":2,\"name\":\"Convertir a Villa de Pozos en municipio es proyecto pol\u00edtico de Ricardo Gallardo Cardona, afirma Coordinador Estatal de Movimiento Ciudadano.\"}]},{\"@type\":\"WebSite\",\"@id\":\"https:\\\/\\\/canal7slp.tv\\\/2022\\\/#website\",\"url\":\"https:\\\/\\\/canal7slp.tv\\\/2022\\\/\",\"name\":\"N7 - Noticieros Canal 7\",\"description\":\"Somos Televisi\u00f3n\",\"publisher\":{\"@id\":\"https:\\\/\\\/canal7slp.tv\\\/2022\\\/#organization\"},\"potentialAction\":[{\"@type\":\"SearchAction\",\"target\":{\"@type\":\"EntryPoint\",\"urlTemplate\":\"https:\\\/\\\/canal7slp.tv\\\/2022\\\/?s={search_term_string}\"},\"query-input\":{\"@type\":\"PropertyValueSpecification\",\"valueRequired\":true,\"valueName\":\"search_term_string\"}}],\"inLanguage\":\"es\"},{\"@type\":\"Organization\",\"@id\":\"https:\\\/\\\/canal7slp.tv\\\/2022\\\/#organization\",\"name\":\"Noticieros Canal 7\",\"url\":\"https:\\\/\\\/canal7slp.tv\\\/2022\\\/\",\"logo\":{\"@type\":\"ImageObject\",\"inLanguage\":\"es\",\"@id\":\"https:\\\/\\\/canal7slp.tv\\\/2022\\\/#\\\/schema\\\/logo\\\/image\\\/\",\"url\":\"https:\\\/\\\/canal7slp.tv\\\/2022\\\/wp-content\\\/uploads\\\/2021\\\/01\\\/logo-noticieros@2x.png\",\"contentUrl\":\"https:\\\/\\\/canal7slp.tv\\\/2022\\\/wp-content\\\/uploads\\\/2021\\\/01\\\/logo-noticieros@2x.png\",\"width\":1017,\"height\":268,\"caption\":\"Noticieros Canal 7\"},\"image\":{\"@id\":\"https:\\\/\\\/canal7slp.tv\\\/2022\\\/#\\\/schema\\\/logo\\\/image\\\/\"},\"sameAs\":[\"https:\\\/\\\/www.facebook.com\\\/noticieroscanalsiete\",\"https:\\\/\\\/x.com\\\/NOTICIEROS7\",\"https:\\\/\\\/www.instagram.com\\\/canal7_slp\",\"https:\\\/\\\/www.youtube.com\\\/channel\\\/UCliiYs-gP3JfJeqdPrNdd5A\"]},{\"@type\":\"Person\",\"@id\":\"https:\\\/\\\/canal7slp.tv\\\/2022\\\/#\\\/schema\\\/person\\\/429704152a21f5f856ce29aa69a238da\",\"name\":\"Edici\u00f3n Web\",\"image\":{\"@type\":\"ImageObject\",\"inLanguage\":\"es\",\"@id\":\"https:\\\/\\\/secure.gravatar.com\\\/avatar\\\/eee448fc3f7164808013b816ba91ac7e43bbe82a70bebac296f8bc6f0addaa1a?s=96&d=mm&r=g\",\"url\":\"https:\\\/\\\/secure.gravatar.com\\\/avatar\\\/eee448fc3f7164808013b816ba91ac7e43bbe82a70bebac296f8bc6f0addaa1a?s=96&d=mm&r=g\",\"contentUrl\":\"https:\\\/\\\/secure.gravatar.com\\\/avatar\\\/eee448fc3f7164808013b816ba91ac7e43bbe82a70bebac296f8bc6f0addaa1a?s=96&d=mm&r=g\",\"caption\":\"Edici\u00f3n Web\"},\"url\":\"https:\\\/\\\/canal7slp.tv\\\/2022\\\/author\\\/edicionweb\\\/\"}]}<\/script>\n<!-- \/ Yoast SEO plugin. -->","yoast_head_json":{"title":"Convertir a Villa de Pozos en municipio es proyecto pol\u00edtico de Ricardo Gallardo Cardona, afirma Coordinador Estatal de Movimiento Ciudadano. - Canal 7 SLP - 2022","robots":{"index":"index","follow":"follow","max-snippet":"max-snippet:-1","max-image-preview":"max-image-preview:large","max-video-preview":"max-video-preview:-1"},"canonical":"https:\/\/canal7slp.tv\/2022\/convertir-a-villa-de-pozos-en-municipio-es-proyecto-politico-de-ricardo-gallardo-cardona-afirma-coordinador-estatal-de-movimiento-ciudadano\/","og_locale":"es_ES","og_type":"article","og_title":"Convertir a Villa de Pozos en municipio es proyecto pol\u00edtico de Ricardo Gallardo Cardona, afirma Coordinador Estatal de Movimiento Ciudadano. - Canal 7 SLP - 2022","og_description":"SLP.- Para el dirigente estatal del partido Movimiento Ciudadano Eugenio Govea Arcos la iniciativa o planteamiento de municipalizar a la delegaci\u00f3n de Pozos, tiene un trasfondo como parte de un proyecto pol\u00edtico del gobernador Ricardo Gallardo Cardona. Afirm\u00f3 que el evento masivo que encabez\u00f3 en d\u00edas pasados en donde convoc\u00f3 para festejar el primer a\u00f1o de su triunfo electoral pero tambi\u00e9n para afiliarse al Partido Verde, es una prueba de ello al afirmar que a Gallardo Cardona le importa m\u00e1s este tipo de eventos y tambi\u00e9n contratar a cantantes gruperos, que la inseguridad que prevalece en el estado. Eugenio Govea [&hellip;]","og_url":"https:\/\/canal7slp.tv\/2022\/convertir-a-villa-de-pozos-en-municipio-es-proyecto-politico-de-ricardo-gallardo-cardona-afirma-coordinador-estatal-de-movimiento-ciudadano\/","og_site_name":"Canal 7 SLP - 2022","article_publisher":"https:\/\/www.facebook.com\/noticieroscanalsiete","article_published_time":"2022-06-12T12:36:47+00:00","og_image":[{"width":888,"height":500,"url":"https:\/\/canal7slp.tv\/2022\/wp-content\/uploads\/2022\/06\/Claudio02Botin.jpg","type":"image\/jpeg"}],"author":"Edici\u00f3n Web","twitter_card":"summary_large_image","twitter_creator":"@NOTICIEROS7","twitter_site":"@NOTICIEROS7","twitter_misc":{"Escrito por":"Edici\u00f3n Web","Tiempo de lectura":"1 minuto"},"schema":{"@context":"https:\/\/schema.org","@graph":[{"@type":"Article","@id":"https:\/\/canal7slp.tv\/2022\/convertir-a-villa-de-pozos-en-municipio-es-proyecto-politico-de-ricardo-gallardo-cardona-afirma-coordinador-estatal-de-movimiento-ciudadano\/#article","isPartOf":{"@id":"https:\/\/canal7slp.tv\/2022\/convertir-a-villa-de-pozos-en-municipio-es-proyecto-politico-de-ricardo-gallardo-cardona-afirma-coordinador-estatal-de-movimiento-ciudadano\/"},"author":{"name":"Edici\u00f3n Web","@id":"https:\/\/canal7slp.tv\/2022\/#\/schema\/person\/429704152a21f5f856ce29aa69a238da"},"headline":"Convertir a Villa de Pozos en municipio es proyecto pol\u00edtico de Ricardo Gallardo Cardona, afirma Coordinador Estatal de Movimiento Ciudadano.","datePublished":"2022-06-12T12:36:47+00:00","mainEntityOfPage":{"@id":"https:\/\/canal7slp.tv\/2022\/convertir-a-villa-de-pozos-en-municipio-es-proyecto-politico-de-ricardo-gallardo-cardona-afirma-coordinador-estatal-de-movimiento-ciudadano\/"},"wordCount":212,"publisher":{"@id":"https:\/\/canal7slp.tv\/2022\/#organization"},"image":{"@id":"https:\/\/canal7slp.tv\/2022\/convertir-a-villa-de-pozos-en-municipio-es-proyecto-politico-de-ricardo-gallardo-cardona-afirma-coordinador-estatal-de-movimiento-ciudadano\/#primaryimage"},"thumbnailUrl":"https:\/\/canal7slp.tv\/2022\/wp-content\/uploads\/2022\/06\/Claudio02Botin.jpg","articleSection":["DESTACADAS","LOCALES Y REGIONALES"],"inLanguage":"es"},{"@type":"WebPage","@id":"https:\/\/canal7slp.tv\/2022\/convertir-a-villa-de-pozos-en-municipio-es-proyecto-politico-de-ricardo-gallardo-cardona-afirma-coordinador-estatal-de-movimiento-ciudadano\/","url":"https:\/\/canal7slp.tv\/2022\/convertir-a-villa-de-pozos-en-municipio-es-proyecto-politico-de-ricardo-gallardo-cardona-afirma-coordinador-estatal-de-movimiento-ciudadano\/","name":"Convertir a Villa de Pozos en municipio es proyecto pol\u00edtico de Ricardo Gallardo Cardona, afirma Coordinador Estatal de Movimiento Ciudadano. - Canal 7 SLP - 2022","isPartOf":{"@id":"https:\/\/canal7slp.tv\/2022\/#website"},"primaryImageOfPage":{"@id":"https:\/\/canal7slp.tv\/2022\/convertir-a-villa-de-pozos-en-municipio-es-proyecto-politico-de-ricardo-gallardo-cardona-afirma-coordinador-estatal-de-movimiento-ciudadano\/#primaryimage"},"image":{"@id":"https:\/\/canal7slp.tv\/2022\/convertir-a-villa-de-pozos-en-municipio-es-proyecto-politico-de-ricardo-gallardo-cardona-afirma-coordinador-estatal-de-movimiento-ciudadano\/#primaryimage"},"thumbnailUrl":"https:\/\/canal7slp.tv\/2022\/wp-content\/uploads\/2022\/06\/Claudio02Botin.jpg","datePublished":"2022-06-12T12:36:47+00:00","breadcrumb":{"@id":"https:\/\/canal7slp.tv\/2022\/convertir-a-villa-de-pozos-en-municipio-es-proyecto-politico-de-ricardo-gallardo-cardona-afirma-coordinador-estatal-de-movimiento-ciudadano\/#breadcrumb"},"inLanguage":"es","potentialAction":[{"@type":"ReadAction","target":["https:\/\/canal7slp.tv\/2022\/convertir-a-villa-de-pozos-en-municipio-es-proyecto-politico-de-ricardo-gallardo-cardona-afirma-coordinador-estatal-de-movimiento-ciudadano\/"]}]},{"@type":"ImageObject","inLanguage":"es","@id":"https:\/\/canal7slp.tv\/2022\/convertir-a-villa-de-pozos-en-municipio-es-proyecto-politico-de-ricardo-gallardo-cardona-afirma-coordinador-estatal-de-movimiento-ciudadano\/#primaryimage","url":"https:\/\/canal7slp.tv\/2022\/wp-content\/uploads\/2022\/06\/Claudio02Botin.jpg","contentUrl":"https:\/\/canal7slp.tv\/2022\/wp-content\/uploads\/2022\/06\/Claudio02Botin.jpg","width":888,"height":500},{"@type":"BreadcrumbList","@id":"https:\/\/canal7slp.tv\/2022\/convertir-a-villa-de-pozos-en-municipio-es-proyecto-politico-de-ricardo-gallardo-cardona-afirma-coordinador-estatal-de-movimiento-ciudadano\/#breadcrumb","itemListElement":[{"@type":"ListItem","position":1,"name":"Portada","item":"https:\/\/canal7slp.tv\/2022\/"},{"@type":"ListItem","position":2,"name":"Convertir a Villa de Pozos en municipio es proyecto pol\u00edtico de Ricardo Gallardo Cardona, afirma Coordinador Estatal de Movimiento Ciudadano."}]},{"@type":"WebSite","@id":"https:\/\/canal7slp.tv\/2022\/#website","url":"https:\/\/canal7slp.tv\/2022\/","name":"N7 - Noticieros Canal 7","description":"Somos Televisi\u00f3n","publisher":{"@id":"https:\/\/canal7slp.tv\/2022\/#organization"},"potentialAction":[{"@type":"SearchAction","target":{"@type":"EntryPoint","urlTemplate":"https:\/\/canal7slp.tv\/2022\/?s={search_term_string}"},"query-input":{"@type":"PropertyValueSpecification","valueRequired":true,"valueName":"search_term_string"}}],"inLanguage":"es"},{"@type":"Organization","@id":"https:\/\/canal7slp.tv\/2022\/#organization","name":"Noticieros Canal 7","url":"https:\/\/canal7slp.tv\/2022\/","logo":{"@type":"ImageObject","inLanguage":"es","@id":"https:\/\/canal7slp.tv\/2022\/#\/schema\/logo\/image\/","url":"https:\/\/canal7slp.tv\/2022\/wp-content\/uploads\/2021\/01\/logo-noticieros@2x.png","contentUrl":"https:\/\/canal7slp.tv\/2022\/wp-content\/uploads\/2021\/01\/logo-noticieros@2x.png","width":1017,"height":268,"caption":"Noticieros Canal 7"},"image":{"@id":"https:\/\/canal7slp.tv\/2022\/#\/schema\/logo\/image\/"},"sameAs":["https:\/\/www.facebook.com\/noticieroscanalsiete","https:\/\/x.com\/NOTICIEROS7","https:\/\/www.instagram.com\/canal7_slp","https:\/\/www.youtube.com\/channel\/UCliiYs-gP3JfJeqdPrNdd5A"]},{"@type":"Person","@id":"https:\/\/canal7slp.tv\/2022\/#\/schema\/person\/429704152a21f5f856ce29aa69a238da","name":"Edici\u00f3n Web","image":{"@type":"ImageObject","inLanguage":"es","@id":"https:\/\/secure.gravatar.com\/avatar\/eee448fc3f7164808013b816ba91ac7e43bbe82a70bebac296f8bc6f0addaa1a?s=96&d=mm&r=g","url":"https:\/\/secure.gravatar.com\/avatar\/eee448fc3f7164808013b816ba91ac7e43bbe82a70bebac296f8bc6f0addaa1a?s=96&d=mm&r=g","contentUrl":"https:\/\/secure.gravatar.com\/avatar\/eee448fc3f7164808013b816ba91ac7e43bbe82a70bebac296f8bc6f0addaa1a?s=96&d=mm&r=g","caption":"Edici\u00f3n Web"},"url":"https:\/\/canal7slp.tv\/2022\/author\/edicionweb\/"}]}},"amp_enabled":true,"_links":{"self":[{"href":"https:\/\/canal7slp.tv\/2022\/wp-json\/wp\/v2\/posts\/63302","targetHints":{"allow":["GET"]}}],"collection":[{"href":"https:\/\/canal7slp.tv\/2022\/wp-json\/wp\/v2\/posts"}],"about":[{"href":"https:\/\/canal7slp.tv\/2022\/wp-json\/wp\/v2\/types\/post"}],"author":[{"embeddable":true,"href":"https:\/\/canal7slp.tv\/2022\/wp-json\/wp\/v2\/users\/2"}],"replies":[{"embeddable":true,"href":"https:\/\/canal7slp.tv\/2022\/wp-json\/wp\/v2\/comments?post=63302"}],"version-history":[{"count":2,"href":"https:\/\/canal7slp.tv\/2022\/wp-json\/wp\/v2\/posts\/63302\/revisions"}],"predecessor-version":[{"id":63319,"href":"https:\/\/canal7slp.tv\/2022\/wp-json\/wp\/v2\/posts\/63302\/revisions\/63319"}],"wp:featuredmedia":[{"embeddable":true,"href":"https:\/\/canal7slp.tv\/2022\/wp-json\/wp\/v2\/media\/63318"}],"wp:attachment":[{"href":"https:\/\/canal7slp.tv\/2022\/wp-json\/wp\/v2\/media?parent=63302"}],"wp:term":[{"taxonomy":"category","embeddable":true,"href":"https:\/\/canal7slp.tv\/2022\/wp-json\/wp\/v2\/categories?post=63302"},{"taxonomy":"post_tag","embeddable":true,"href":"https:\/\/canal7slp.tv\/2022\/wp-json\/wp\/v2\/tags?post=63302"}],"curies":[{"name":"wp","href":"https:\/\/api.w.org\/{rel}","templated":true}]}}