{"id":63298,"date":"2022-06-12T06:33:10","date_gmt":"2022-06-12T12:33:10","guid":{"rendered":"https:\/\/canal7slp.tv\/2022\/?p=63298"},"modified":"2022-06-12T06:38:04","modified_gmt":"2022-06-12T12:38:04","slug":"hospitales-basicos-comunitarios-registran-deficit-de-mas-de-30-medicos-especialistas-en-la-entidad","status":"publish","type":"post","link":"https:\/\/canal7slp.tv\/2022\/hospitales-basicos-comunitarios-registran-deficit-de-mas-de-30-medicos-especialistas-en-la-entidad\/","title":{"rendered":"Hospitales B\u00e1sicos Comunitarios registran d\u00e9ficit de m\u00e1s de 30 m\u00e9dicos especialistas en la entidad."},"content":{"rendered":"<p style=\"text-align: justify;\">SLP.- El secretario de salud en el Gobierno del Estado de San Luis Potos\u00ed, Daniel Acosta D\u00edaz de Le\u00f3n, revel\u00f3 que en los Hospitales B\u00e1sicos Comunitarios existe un d\u00e9ficit de m\u00e1s de 30 especialistas m\u00e9dicos, siendo la Zona Huasteca la m\u00e1s afectada por esta situaci\u00f3n.<\/p>\n<p style=\"text-align: justify;\">\u00abAhorita el n\u00famero no te lo pudiera decir pero al menos unos ocho b\u00e1sicos en los comunitarios, multipl\u00edcalo por cuatro, de los ocho b\u00e1sicos comunitarios, cuando menos son 32&#8230; En el estado no tenemos neurocirujanos para el sector salud, cirujanos pl\u00e1sticos no tenemos, solo tenemos uno en Ciudad Valles;.. Los lugares ah\u00ed est\u00e1n, es cirug\u00eda pl\u00e1stica, neurocirug\u00eda y cirug\u00eda vascular donde estamos batallando\u00bb, detall\u00f3.<\/p>\n<p style=\"text-align: justify;\">El funcionario revel\u00f3 que se realiz\u00f3 una convocatoria a nivel federal para ser parte del sector salud, sin embargo, la respuesta no fue la que se esperaba; es por ello que se mantiene un contacto directo con otras instituciones para fortalecer la plantilla m\u00e9dica.<\/p>\n<p style=\"text-align: justify;\">\u00abNos abrieron la convocatoria y la respuesta fue muy pobre, hemos estado en contacto con el Estado de Hidalgo, sobretodo con las universidades, que son donde egresan los especialistas, Zacatecas, Hidalgo y Guanajuato\u00bb, dijo.<\/p>\n<p style=\"text-align: justify;\">En ese sentido, agreg\u00f3 que, al menos en lo que concierne al Hospital Central, se tiene un promedio de 250 residentes en formaci\u00f3n, cifra que consider\u00f3 peque\u00f1a para la demanda que existe al interior del Estado.<\/p>\n<p style=\"text-align: justify;\">\u00abTenemos cerca de 250 residentes en formaci\u00f3n, que van de primero, segundo, tercer y cuarto a\u00f1o, entonces, est\u00e1n en formaci\u00f3n pero al final muchos de ellos se van a hacer su especialidad y muchos no son originarios de San Luis Potos\u00ed, son muy pocos y no alcanzan a cubrir toda la necesidad, casi a todos la ciudad los absorbe\u00bb, termin\u00f3.<\/p>\n<p style=\"text-align: justify;\">Por: Jos\u00e9 Luis V\u00e1zquez<\/p>\n","protected":false},"excerpt":{"rendered":"<p>SLP.- El secretario de salud en el Gobierno del Estado de San Luis Potos\u00ed, Daniel Acosta D\u00edaz de Le\u00f3n, revel\u00f3 que en los Hospitales B\u00e1sicos Comunitarios existe un d\u00e9ficit de m\u00e1s de 30 especialistas m\u00e9dicos, siendo la Zona Huasteca la m\u00e1s afectada por esta situaci\u00f3n. \u00abAhorita el n\u00famero no te lo pudiera decir pero al menos unos ocho b\u00e1sicos en los comunitarios, multipl\u00edcalo por cuatro, de los ocho b\u00e1sicos comunitarios, cuando menos son 32&#8230; En el estado no tenemos neurocirujanos para el sector salud, cirujanos pl\u00e1sticos no tenemos, solo tenemos uno en Ciudad Valles;.. Los lugares ah\u00ed est\u00e1n, es cirug\u00eda [&hellip;]<\/p>\n","protected":false},"author":2,"featured_media":63313,"comment_status":"closed","ping_status":"closed","sticky":false,"template":"","format":"video","meta":{"footnotes":""},"categories":[5,510,45],"tags":[],"class_list":["post-63298","post","type-post","status-publish","format-video","has-post-thumbnail","hentry","category-destacadas","category-gobedoslp","category-localesyregionales","post_format-post-format-video","post--single"],"yoast_head":"<!-- This site is optimized with the Yoast SEO plugin v27.4 - https:\/\/yoast.com\/product\/yoast-seo-wordpress\/ -->\n<title>Hospitales B\u00e1sicos Comunitarios registran d\u00e9ficit de m\u00e1s de 30 m\u00e9dicos especialistas en la entidad. - Canal 7 SLP - 2022<\/title>\n<meta name=\"robots\" content=\"index, follow, max-snippet:-1, max-image-preview:large, max-video-preview:-1\" \/>\n<link rel=\"canonical\" href=\"https:\/\/canal7slp.tv\/2022\/hospitales-basicos-comunitarios-registran-deficit-de-mas-de-30-medicos-especialistas-en-la-entidad\/\" \/>\n<meta property=\"og:locale\" content=\"es_ES\" \/>\n<meta property=\"og:type\" content=\"article\" \/>\n<meta property=\"og:title\" content=\"Hospitales B\u00e1sicos Comunitarios registran d\u00e9ficit de m\u00e1s de 30 m\u00e9dicos especialistas en la entidad. - Canal 7 SLP - 2022\" \/>\n<meta property=\"og:description\" content=\"SLP.- El secretario de salud en el Gobierno del Estado de San Luis Potos\u00ed, Daniel Acosta D\u00edaz de Le\u00f3n, revel\u00f3 que en los Hospitales B\u00e1sicos Comunitarios existe un d\u00e9ficit de m\u00e1s de 30 especialistas m\u00e9dicos, siendo la Zona Huasteca la m\u00e1s afectada por esta situaci\u00f3n. \u00abAhorita el n\u00famero no te lo pudiera decir pero al menos unos ocho b\u00e1sicos en los comunitarios, multipl\u00edcalo por cuatro, de los ocho b\u00e1sicos comunitarios, cuando menos son 32&#8230; En el estado no tenemos neurocirujanos para el sector salud, cirujanos pl\u00e1sticos no tenemos, solo tenemos uno en Ciudad Valles;.. Los lugares ah\u00ed est\u00e1n, es cirug\u00eda [&hellip;]\" \/>\n<meta property=\"og:url\" content=\"https:\/\/canal7slp.tv\/2022\/hospitales-basicos-comunitarios-registran-deficit-de-mas-de-30-medicos-especialistas-en-la-entidad\/\" \/>\n<meta property=\"og:site_name\" content=\"Canal 7 SLP - 2022\" \/>\n<meta property=\"article:publisher\" content=\"https:\/\/www.facebook.com\/noticieroscanalsiete\" \/>\n<meta property=\"article:published_time\" content=\"2022-06-12T12:33:10+00:00\" \/>\n<meta property=\"article:modified_time\" content=\"2022-06-12T12:38:04+00:00\" \/>\n<meta property=\"og:image\" content=\"https:\/\/canal7slp.tv\/2022\/wp-content\/uploads\/2022\/06\/Vazquez02DeficitMedicos.jpg\" \/>\n\t<meta property=\"og:image:width\" content=\"888\" \/>\n\t<meta property=\"og:image:height\" content=\"500\" \/>\n\t<meta property=\"og:image:type\" content=\"image\/jpeg\" \/>\n<meta name=\"author\" content=\"Edici\u00f3n Web\" \/>\n<meta name=\"twitter:card\" content=\"summary_large_image\" \/>\n<meta name=\"twitter:creator\" content=\"@NOTICIEROS7\" \/>\n<meta name=\"twitter:site\" content=\"@NOTICIEROS7\" \/>\n<meta name=\"twitter:label1\" content=\"Escrito por\" \/>\n\t<meta name=\"twitter:data1\" content=\"Edici\u00f3n Web\" \/>\n\t<meta name=\"twitter:label2\" content=\"Tiempo de lectura\" \/>\n\t<meta name=\"twitter:data2\" content=\"2 minutos\" \/>\n<script type=\"application\/ld+json\" class=\"yoast-schema-graph\">{\"@context\":\"https:\\\/\\\/schema.org\",\"@graph\":[{\"@type\":\"Article\",\"@id\":\"https:\\\/\\\/canal7slp.tv\\\/2022\\\/hospitales-basicos-comunitarios-registran-deficit-de-mas-de-30-medicos-especialistas-en-la-entidad\\\/#article\",\"isPartOf\":{\"@id\":\"https:\\\/\\\/canal7slp.tv\\\/2022\\\/hospitales-basicos-comunitarios-registran-deficit-de-mas-de-30-medicos-especialistas-en-la-entidad\\\/\"},\"author\":{\"name\":\"Edici\u00f3n Web\",\"@id\":\"https:\\\/\\\/canal7slp.tv\\\/2022\\\/#\\\/schema\\\/person\\\/429704152a21f5f856ce29aa69a238da\"},\"headline\":\"Hospitales B\u00e1sicos Comunitarios registran d\u00e9ficit de m\u00e1s de 30 m\u00e9dicos especialistas en la entidad.\",\"datePublished\":\"2022-06-12T12:33:10+00:00\",\"dateModified\":\"2022-06-12T12:38:04+00:00\",\"mainEntityOfPage\":{\"@id\":\"https:\\\/\\\/canal7slp.tv\\\/2022\\\/hospitales-basicos-comunitarios-registran-deficit-de-mas-de-30-medicos-especialistas-en-la-entidad\\\/\"},\"wordCount\":327,\"publisher\":{\"@id\":\"https:\\\/\\\/canal7slp.tv\\\/2022\\\/#organization\"},\"image\":{\"@id\":\"https:\\\/\\\/canal7slp.tv\\\/2022\\\/hospitales-basicos-comunitarios-registran-deficit-de-mas-de-30-medicos-especialistas-en-la-entidad\\\/#primaryimage\"},\"thumbnailUrl\":\"https:\\\/\\\/canal7slp.tv\\\/2022\\\/wp-content\\\/uploads\\\/2022\\\/06\\\/Vazquez02DeficitMedicos.jpg\",\"articleSection\":[\"DESTACADAS\",\"GOBEDOSLP\",\"LOCALES Y REGIONALES\"],\"inLanguage\":\"es\"},{\"@type\":\"WebPage\",\"@id\":\"https:\\\/\\\/canal7slp.tv\\\/2022\\\/hospitales-basicos-comunitarios-registran-deficit-de-mas-de-30-medicos-especialistas-en-la-entidad\\\/\",\"url\":\"https:\\\/\\\/canal7slp.tv\\\/2022\\\/hospitales-basicos-comunitarios-registran-deficit-de-mas-de-30-medicos-especialistas-en-la-entidad\\\/\",\"name\":\"Hospitales B\u00e1sicos Comunitarios registran d\u00e9ficit de m\u00e1s de 30 m\u00e9dicos especialistas en la entidad. - Canal 7 SLP - 2022\",\"isPartOf\":{\"@id\":\"https:\\\/\\\/canal7slp.tv\\\/2022\\\/#website\"},\"primaryImageOfPage\":{\"@id\":\"https:\\\/\\\/canal7slp.tv\\\/2022\\\/hospitales-basicos-comunitarios-registran-deficit-de-mas-de-30-medicos-especialistas-en-la-entidad\\\/#primaryimage\"},\"image\":{\"@id\":\"https:\\\/\\\/canal7slp.tv\\\/2022\\\/hospitales-basicos-comunitarios-registran-deficit-de-mas-de-30-medicos-especialistas-en-la-entidad\\\/#primaryimage\"},\"thumbnailUrl\":\"https:\\\/\\\/canal7slp.tv\\\/2022\\\/wp-content\\\/uploads\\\/2022\\\/06\\\/Vazquez02DeficitMedicos.jpg\",\"datePublished\":\"2022-06-12T12:33:10+00:00\",\"dateModified\":\"2022-06-12T12:38:04+00:00\",\"breadcrumb\":{\"@id\":\"https:\\\/\\\/canal7slp.tv\\\/2022\\\/hospitales-basicos-comunitarios-registran-deficit-de-mas-de-30-medicos-especialistas-en-la-entidad\\\/#breadcrumb\"},\"inLanguage\":\"es\",\"potentialAction\":[{\"@type\":\"ReadAction\",\"target\":[\"https:\\\/\\\/canal7slp.tv\\\/2022\\\/hospitales-basicos-comunitarios-registran-deficit-de-mas-de-30-medicos-especialistas-en-la-entidad\\\/\"]}]},{\"@type\":\"ImageObject\",\"inLanguage\":\"es\",\"@id\":\"https:\\\/\\\/canal7slp.tv\\\/2022\\\/hospitales-basicos-comunitarios-registran-deficit-de-mas-de-30-medicos-especialistas-en-la-entidad\\\/#primaryimage\",\"url\":\"https:\\\/\\\/canal7slp.tv\\\/2022\\\/wp-content\\\/uploads\\\/2022\\\/06\\\/Vazquez02DeficitMedicos.jpg\",\"contentUrl\":\"https:\\\/\\\/canal7slp.tv\\\/2022\\\/wp-content\\\/uploads\\\/2022\\\/06\\\/Vazquez02DeficitMedicos.jpg\",\"width\":888,\"height\":500},{\"@type\":\"BreadcrumbList\",\"@id\":\"https:\\\/\\\/canal7slp.tv\\\/2022\\\/hospitales-basicos-comunitarios-registran-deficit-de-mas-de-30-medicos-especialistas-en-la-entidad\\\/#breadcrumb\",\"itemListElement\":[{\"@type\":\"ListItem\",\"position\":1,\"name\":\"Portada\",\"item\":\"https:\\\/\\\/canal7slp.tv\\\/2022\\\/\"},{\"@type\":\"ListItem\",\"position\":2,\"name\":\"Hospitales B\u00e1sicos Comunitarios registran d\u00e9ficit de m\u00e1s de 30 m\u00e9dicos especialistas en la entidad.\"}]},{\"@type\":\"WebSite\",\"@id\":\"https:\\\/\\\/canal7slp.tv\\\/2022\\\/#website\",\"url\":\"https:\\\/\\\/canal7slp.tv\\\/2022\\\/\",\"name\":\"N7 - Noticieros Canal 7\",\"description\":\"Somos Televisi\u00f3n\",\"publisher\":{\"@id\":\"https:\\\/\\\/canal7slp.tv\\\/2022\\\/#organization\"},\"potentialAction\":[{\"@type\":\"SearchAction\",\"target\":{\"@type\":\"EntryPoint\",\"urlTemplate\":\"https:\\\/\\\/canal7slp.tv\\\/2022\\\/?s={search_term_string}\"},\"query-input\":{\"@type\":\"PropertyValueSpecification\",\"valueRequired\":true,\"valueName\":\"search_term_string\"}}],\"inLanguage\":\"es\"},{\"@type\":\"Organization\",\"@id\":\"https:\\\/\\\/canal7slp.tv\\\/2022\\\/#organization\",\"name\":\"Noticieros Canal 7\",\"url\":\"https:\\\/\\\/canal7slp.tv\\\/2022\\\/\",\"logo\":{\"@type\":\"ImageObject\",\"inLanguage\":\"es\",\"@id\":\"https:\\\/\\\/canal7slp.tv\\\/2022\\\/#\\\/schema\\\/logo\\\/image\\\/\",\"url\":\"https:\\\/\\\/canal7slp.tv\\\/2022\\\/wp-content\\\/uploads\\\/2021\\\/01\\\/logo-noticieros@2x.png\",\"contentUrl\":\"https:\\\/\\\/canal7slp.tv\\\/2022\\\/wp-content\\\/uploads\\\/2021\\\/01\\\/logo-noticieros@2x.png\",\"width\":1017,\"height\":268,\"caption\":\"Noticieros Canal 7\"},\"image\":{\"@id\":\"https:\\\/\\\/canal7slp.tv\\\/2022\\\/#\\\/schema\\\/logo\\\/image\\\/\"},\"sameAs\":[\"https:\\\/\\\/www.facebook.com\\\/noticieroscanalsiete\",\"https:\\\/\\\/x.com\\\/NOTICIEROS7\",\"https:\\\/\\\/www.instagram.com\\\/canal7_slp\",\"https:\\\/\\\/www.youtube.com\\\/channel\\\/UCliiYs-gP3JfJeqdPrNdd5A\"]},{\"@type\":\"Person\",\"@id\":\"https:\\\/\\\/canal7slp.tv\\\/2022\\\/#\\\/schema\\\/person\\\/429704152a21f5f856ce29aa69a238da\",\"name\":\"Edici\u00f3n Web\",\"image\":{\"@type\":\"ImageObject\",\"inLanguage\":\"es\",\"@id\":\"https:\\\/\\\/secure.gravatar.com\\\/avatar\\\/eee448fc3f7164808013b816ba91ac7e43bbe82a70bebac296f8bc6f0addaa1a?s=96&d=mm&r=g\",\"url\":\"https:\\\/\\\/secure.gravatar.com\\\/avatar\\\/eee448fc3f7164808013b816ba91ac7e43bbe82a70bebac296f8bc6f0addaa1a?s=96&d=mm&r=g\",\"contentUrl\":\"https:\\\/\\\/secure.gravatar.com\\\/avatar\\\/eee448fc3f7164808013b816ba91ac7e43bbe82a70bebac296f8bc6f0addaa1a?s=96&d=mm&r=g\",\"caption\":\"Edici\u00f3n Web\"},\"url\":\"https:\\\/\\\/canal7slp.tv\\\/2022\\\/author\\\/edicionweb\\\/\"}]}<\/script>\n<!-- \/ Yoast SEO plugin. -->","yoast_head_json":{"title":"Hospitales B\u00e1sicos Comunitarios registran d\u00e9ficit de m\u00e1s de 30 m\u00e9dicos especialistas en la entidad. - Canal 7 SLP - 2022","robots":{"index":"index","follow":"follow","max-snippet":"max-snippet:-1","max-image-preview":"max-image-preview:large","max-video-preview":"max-video-preview:-1"},"canonical":"https:\/\/canal7slp.tv\/2022\/hospitales-basicos-comunitarios-registran-deficit-de-mas-de-30-medicos-especialistas-en-la-entidad\/","og_locale":"es_ES","og_type":"article","og_title":"Hospitales B\u00e1sicos Comunitarios registran d\u00e9ficit de m\u00e1s de 30 m\u00e9dicos especialistas en la entidad. - Canal 7 SLP - 2022","og_description":"SLP.- El secretario de salud en el Gobierno del Estado de San Luis Potos\u00ed, Daniel Acosta D\u00edaz de Le\u00f3n, revel\u00f3 que en los Hospitales B\u00e1sicos Comunitarios existe un d\u00e9ficit de m\u00e1s de 30 especialistas m\u00e9dicos, siendo la Zona Huasteca la m\u00e1s afectada por esta situaci\u00f3n. \u00abAhorita el n\u00famero no te lo pudiera decir pero al menos unos ocho b\u00e1sicos en los comunitarios, multipl\u00edcalo por cuatro, de los ocho b\u00e1sicos comunitarios, cuando menos son 32&#8230; En el estado no tenemos neurocirujanos para el sector salud, cirujanos pl\u00e1sticos no tenemos, solo tenemos uno en Ciudad Valles;.. Los lugares ah\u00ed est\u00e1n, es cirug\u00eda [&hellip;]","og_url":"https:\/\/canal7slp.tv\/2022\/hospitales-basicos-comunitarios-registran-deficit-de-mas-de-30-medicos-especialistas-en-la-entidad\/","og_site_name":"Canal 7 SLP - 2022","article_publisher":"https:\/\/www.facebook.com\/noticieroscanalsiete","article_published_time":"2022-06-12T12:33:10+00:00","article_modified_time":"2022-06-12T12:38:04+00:00","og_image":[{"width":888,"height":500,"url":"https:\/\/canal7slp.tv\/2022\/wp-content\/uploads\/2022\/06\/Vazquez02DeficitMedicos.jpg","type":"image\/jpeg"}],"author":"Edici\u00f3n Web","twitter_card":"summary_large_image","twitter_creator":"@NOTICIEROS7","twitter_site":"@NOTICIEROS7","twitter_misc":{"Escrito por":"Edici\u00f3n Web","Tiempo de lectura":"2 minutos"},"schema":{"@context":"https:\/\/schema.org","@graph":[{"@type":"Article","@id":"https:\/\/canal7slp.tv\/2022\/hospitales-basicos-comunitarios-registran-deficit-de-mas-de-30-medicos-especialistas-en-la-entidad\/#article","isPartOf":{"@id":"https:\/\/canal7slp.tv\/2022\/hospitales-basicos-comunitarios-registran-deficit-de-mas-de-30-medicos-especialistas-en-la-entidad\/"},"author":{"name":"Edici\u00f3n Web","@id":"https:\/\/canal7slp.tv\/2022\/#\/schema\/person\/429704152a21f5f856ce29aa69a238da"},"headline":"Hospitales B\u00e1sicos Comunitarios registran d\u00e9ficit de m\u00e1s de 30 m\u00e9dicos especialistas en la entidad.","datePublished":"2022-06-12T12:33:10+00:00","dateModified":"2022-06-12T12:38:04+00:00","mainEntityOfPage":{"@id":"https:\/\/canal7slp.tv\/2022\/hospitales-basicos-comunitarios-registran-deficit-de-mas-de-30-medicos-especialistas-en-la-entidad\/"},"wordCount":327,"publisher":{"@id":"https:\/\/canal7slp.tv\/2022\/#organization"},"image":{"@id":"https:\/\/canal7slp.tv\/2022\/hospitales-basicos-comunitarios-registran-deficit-de-mas-de-30-medicos-especialistas-en-la-entidad\/#primaryimage"},"thumbnailUrl":"https:\/\/canal7slp.tv\/2022\/wp-content\/uploads\/2022\/06\/Vazquez02DeficitMedicos.jpg","articleSection":["DESTACADAS","GOBEDOSLP","LOCALES Y REGIONALES"],"inLanguage":"es"},{"@type":"WebPage","@id":"https:\/\/canal7slp.tv\/2022\/hospitales-basicos-comunitarios-registran-deficit-de-mas-de-30-medicos-especialistas-en-la-entidad\/","url":"https:\/\/canal7slp.tv\/2022\/hospitales-basicos-comunitarios-registran-deficit-de-mas-de-30-medicos-especialistas-en-la-entidad\/","name":"Hospitales B\u00e1sicos Comunitarios registran d\u00e9ficit de m\u00e1s de 30 m\u00e9dicos especialistas en la entidad. - Canal 7 SLP - 2022","isPartOf":{"@id":"https:\/\/canal7slp.tv\/2022\/#website"},"primaryImageOfPage":{"@id":"https:\/\/canal7slp.tv\/2022\/hospitales-basicos-comunitarios-registran-deficit-de-mas-de-30-medicos-especialistas-en-la-entidad\/#primaryimage"},"image":{"@id":"https:\/\/canal7slp.tv\/2022\/hospitales-basicos-comunitarios-registran-deficit-de-mas-de-30-medicos-especialistas-en-la-entidad\/#primaryimage"},"thumbnailUrl":"https:\/\/canal7slp.tv\/2022\/wp-content\/uploads\/2022\/06\/Vazquez02DeficitMedicos.jpg","datePublished":"2022-06-12T12:33:10+00:00","dateModified":"2022-06-12T12:38:04+00:00","breadcrumb":{"@id":"https:\/\/canal7slp.tv\/2022\/hospitales-basicos-comunitarios-registran-deficit-de-mas-de-30-medicos-especialistas-en-la-entidad\/#breadcrumb"},"inLanguage":"es","potentialAction":[{"@type":"ReadAction","target":["https:\/\/canal7slp.tv\/2022\/hospitales-basicos-comunitarios-registran-deficit-de-mas-de-30-medicos-especialistas-en-la-entidad\/"]}]},{"@type":"ImageObject","inLanguage":"es","@id":"https:\/\/canal7slp.tv\/2022\/hospitales-basicos-comunitarios-registran-deficit-de-mas-de-30-medicos-especialistas-en-la-entidad\/#primaryimage","url":"https:\/\/canal7slp.tv\/2022\/wp-content\/uploads\/2022\/06\/Vazquez02DeficitMedicos.jpg","contentUrl":"https:\/\/canal7slp.tv\/2022\/wp-content\/uploads\/2022\/06\/Vazquez02DeficitMedicos.jpg","width":888,"height":500},{"@type":"BreadcrumbList","@id":"https:\/\/canal7slp.tv\/2022\/hospitales-basicos-comunitarios-registran-deficit-de-mas-de-30-medicos-especialistas-en-la-entidad\/#breadcrumb","itemListElement":[{"@type":"ListItem","position":1,"name":"Portada","item":"https:\/\/canal7slp.tv\/2022\/"},{"@type":"ListItem","position":2,"name":"Hospitales B\u00e1sicos Comunitarios registran d\u00e9ficit de m\u00e1s de 30 m\u00e9dicos especialistas en la entidad."}]},{"@type":"WebSite","@id":"https:\/\/canal7slp.tv\/2022\/#website","url":"https:\/\/canal7slp.tv\/2022\/","name":"N7 - Noticieros Canal 7","description":"Somos Televisi\u00f3n","publisher":{"@id":"https:\/\/canal7slp.tv\/2022\/#organization"},"potentialAction":[{"@type":"SearchAction","target":{"@type":"EntryPoint","urlTemplate":"https:\/\/canal7slp.tv\/2022\/?s={search_term_string}"},"query-input":{"@type":"PropertyValueSpecification","valueRequired":true,"valueName":"search_term_string"}}],"inLanguage":"es"},{"@type":"Organization","@id":"https:\/\/canal7slp.tv\/2022\/#organization","name":"Noticieros Canal 7","url":"https:\/\/canal7slp.tv\/2022\/","logo":{"@type":"ImageObject","inLanguage":"es","@id":"https:\/\/canal7slp.tv\/2022\/#\/schema\/logo\/image\/","url":"https:\/\/canal7slp.tv\/2022\/wp-content\/uploads\/2021\/01\/logo-noticieros@2x.png","contentUrl":"https:\/\/canal7slp.tv\/2022\/wp-content\/uploads\/2021\/01\/logo-noticieros@2x.png","width":1017,"height":268,"caption":"Noticieros Canal 7"},"image":{"@id":"https:\/\/canal7slp.tv\/2022\/#\/schema\/logo\/image\/"},"sameAs":["https:\/\/www.facebook.com\/noticieroscanalsiete","https:\/\/x.com\/NOTICIEROS7","https:\/\/www.instagram.com\/canal7_slp","https:\/\/www.youtube.com\/channel\/UCliiYs-gP3JfJeqdPrNdd5A"]},{"@type":"Person","@id":"https:\/\/canal7slp.tv\/2022\/#\/schema\/person\/429704152a21f5f856ce29aa69a238da","name":"Edici\u00f3n Web","image":{"@type":"ImageObject","inLanguage":"es","@id":"https:\/\/secure.gravatar.com\/avatar\/eee448fc3f7164808013b816ba91ac7e43bbe82a70bebac296f8bc6f0addaa1a?s=96&d=mm&r=g","url":"https:\/\/secure.gravatar.com\/avatar\/eee448fc3f7164808013b816ba91ac7e43bbe82a70bebac296f8bc6f0addaa1a?s=96&d=mm&r=g","contentUrl":"https:\/\/secure.gravatar.com\/avatar\/eee448fc3f7164808013b816ba91ac7e43bbe82a70bebac296f8bc6f0addaa1a?s=96&d=mm&r=g","caption":"Edici\u00f3n Web"},"url":"https:\/\/canal7slp.tv\/2022\/author\/edicionweb\/"}]}},"amp_enabled":true,"_links":{"self":[{"href":"https:\/\/canal7slp.tv\/2022\/wp-json\/wp\/v2\/posts\/63298","targetHints":{"allow":["GET"]}}],"collection":[{"href":"https:\/\/canal7slp.tv\/2022\/wp-json\/wp\/v2\/posts"}],"about":[{"href":"https:\/\/canal7slp.tv\/2022\/wp-json\/wp\/v2\/types\/post"}],"author":[{"embeddable":true,"href":"https:\/\/canal7slp.tv\/2022\/wp-json\/wp\/v2\/users\/2"}],"replies":[{"embeddable":true,"href":"https:\/\/canal7slp.tv\/2022\/wp-json\/wp\/v2\/comments?post=63298"}],"version-history":[{"count":3,"href":"https:\/\/canal7slp.tv\/2022\/wp-json\/wp\/v2\/posts\/63298\/revisions"}],"predecessor-version":[{"id":63315,"href":"https:\/\/canal7slp.tv\/2022\/wp-json\/wp\/v2\/posts\/63298\/revisions\/63315"}],"wp:featuredmedia":[{"embeddable":true,"href":"https:\/\/canal7slp.tv\/2022\/wp-json\/wp\/v2\/media\/63313"}],"wp:attachment":[{"href":"https:\/\/canal7slp.tv\/2022\/wp-json\/wp\/v2\/media?parent=63298"}],"wp:term":[{"taxonomy":"category","embeddable":true,"href":"https:\/\/canal7slp.tv\/2022\/wp-json\/wp\/v2\/categories?post=63298"},{"taxonomy":"post_tag","embeddable":true,"href":"https:\/\/canal7slp.tv\/2022\/wp-json\/wp\/v2\/tags?post=63298"}],"curies":[{"name":"wp","href":"https:\/\/api.w.org\/{rel}","templated":true}]}}