{"id":63274,"date":"2022-06-11T12:46:55","date_gmt":"2022-06-11T18:46:55","guid":{"rendered":"https:\/\/canal7slp.tv\/2022\/?p=63274"},"modified":"2022-06-11T12:46:55","modified_gmt":"2022-06-11T18:46:55","slug":"en-jalisco-autoridades-detectan-dos-sospechosos-de-viruela-del-mono","status":"publish","type":"post","link":"https:\/\/canal7slp.tv\/2022\/en-jalisco-autoridades-detectan-dos-sospechosos-de-viruela-del-mono\/","title":{"rendered":"En Jalisco, autoridades detectan dos sospechosos de Viruela del Mono"},"content":{"rendered":"<p style=\"text-align: justify;\">Guadalajara.- La Secretar\u00eda de Salud Jalisco, inform\u00f3 que se contemplan dos casos sospechosos de la viruela del mono en la entidad.<\/p>\n<p style=\"text-align: justify;\">Detall\u00f3 que uno de estos casos pudo haberse relacionado con el hombre de Dallas, quien ya fue confirmado a la enfermedad.<\/p>\n<p style=\"text-align: justify;\">Se tratar\u00eda de un hombre de 40 a\u00f1os originario de Toronto, Canad\u00e1, el cual vive en Puerto Vallarta.<\/p>\n<p style=\"text-align: justify;\">\u201cInici\u00f3 con sintomatolog\u00eda el 7 de junio con p\u00e1pulas y prurito que comenzaron en cabeza posterior a t\u00f3rax y extremidades inferiores. Se indic\u00f3 aislamiento por 21 d\u00edas y se realiz\u00f3 toma de muestras. Pendiente resultado del Instituto de Diagn\u00f3stico y Referencia Epidemiol\u00f3gicos (InDRE)\u201d, se\u00f1al\u00f3 la dependencia.<\/p>\n<p style=\"text-align: justify;\">Aunado a este, una mujer de 23 a\u00f1os -la cual reside en Zapopan- ser\u00eda el segundo presunto caso.<\/p>\n<p style=\"text-align: justify;\">La Secretar\u00eda detall\u00f3 que la sospechosa estuvo en contacto con personas extranjera y present\u00f3 sintomatolog\u00eda el 31 de mayo, con p\u00e1pulas que iniciaron en la cabeza, despu\u00e9s en el t\u00f3rax, abdomen y extremidades.<\/p>\n<p style=\"text-align: justify;\">A su vez, present\u00f3 fiebre, dolor muscular y articular.<\/p>\n<p style=\"text-align: justify;\">Debido a esto, se le exhort\u00f3 a estar en aislamiento por 21 d\u00edas y a realizarse toma de muestras, las cuales est\u00e1n pendientes de resultados por el InDRE.<\/p>\n","protected":false},"excerpt":{"rendered":"<p>Guadalajara.- La Secretar\u00eda de Salud Jalisco, inform\u00f3 que se contemplan dos casos sospechosos de la viruela del mono en la entidad. Detall\u00f3 que uno de estos casos pudo haberse relacionado con el hombre de Dallas, quien ya fue confirmado a la enfermedad. Se tratar\u00eda de un hombre de 40 a\u00f1os originario de Toronto, Canad\u00e1, el cual vive en Puerto Vallarta. \u201cInici\u00f3 con sintomatolog\u00eda el 7 de junio con p\u00e1pulas y prurito que comenzaron en cabeza posterior a t\u00f3rax y extremidades inferiores. Se indic\u00f3 aislamiento por 21 d\u00edas y se realiz\u00f3 toma de muestras. Pendiente resultado del Instituto de Diagn\u00f3stico y [&hellip;]<\/p>\n","protected":false},"author":2,"featured_media":63286,"comment_status":"closed","ping_status":"closed","sticky":false,"template":"","format":"standard","meta":{"footnotes":""},"categories":[46],"tags":[],"class_list":["post-63274","post","type-post","status-publish","format-standard","has-post-thumbnail","hentry","category-nacional","post--single"],"yoast_head":"<!-- This site is optimized with the Yoast SEO plugin v27.4 - https:\/\/yoast.com\/product\/yoast-seo-wordpress\/ -->\n<title>En Jalisco, autoridades detectan dos sospechosos de Viruela del Mono - Canal 7 SLP - 2022<\/title>\n<meta name=\"robots\" content=\"index, follow, max-snippet:-1, max-image-preview:large, max-video-preview:-1\" \/>\n<link rel=\"canonical\" href=\"https:\/\/canal7slp.tv\/2022\/en-jalisco-autoridades-detectan-dos-sospechosos-de-viruela-del-mono\/\" \/>\n<meta property=\"og:locale\" content=\"es_ES\" \/>\n<meta property=\"og:type\" content=\"article\" \/>\n<meta property=\"og:title\" content=\"En Jalisco, autoridades detectan dos sospechosos de Viruela del Mono - Canal 7 SLP - 2022\" \/>\n<meta property=\"og:description\" content=\"Guadalajara.- La Secretar\u00eda de Salud Jalisco, inform\u00f3 que se contemplan dos casos sospechosos de la viruela del mono en la entidad. Detall\u00f3 que uno de estos casos pudo haberse relacionado con el hombre de Dallas, quien ya fue confirmado a la enfermedad. Se tratar\u00eda de un hombre de 40 a\u00f1os originario de Toronto, Canad\u00e1, el cual vive en Puerto Vallarta. \u201cInici\u00f3 con sintomatolog\u00eda el 7 de junio con p\u00e1pulas y prurito que comenzaron en cabeza posterior a t\u00f3rax y extremidades inferiores. Se indic\u00f3 aislamiento por 21 d\u00edas y se realiz\u00f3 toma de muestras. Pendiente resultado del Instituto de Diagn\u00f3stico y [&hellip;]\" \/>\n<meta property=\"og:url\" content=\"https:\/\/canal7slp.tv\/2022\/en-jalisco-autoridades-detectan-dos-sospechosos-de-viruela-del-mono\/\" \/>\n<meta property=\"og:site_name\" content=\"Canal 7 SLP - 2022\" \/>\n<meta property=\"article:publisher\" content=\"https:\/\/www.facebook.com\/noticieroscanalsiete\" \/>\n<meta property=\"article:published_time\" content=\"2022-06-11T18:46:55+00:00\" \/>\n<meta property=\"og:image\" content=\"https:\/\/canal7slp.tv\/2022\/wp-content\/uploads\/2022\/06\/04-7.jpg\" \/>\n\t<meta property=\"og:image:width\" content=\"976\" \/>\n\t<meta property=\"og:image:height\" content=\"549\" \/>\n\t<meta property=\"og:image:type\" content=\"image\/jpeg\" \/>\n<meta name=\"author\" content=\"Edici\u00f3n Web\" \/>\n<meta name=\"twitter:card\" content=\"summary_large_image\" \/>\n<meta name=\"twitter:creator\" content=\"@NOTICIEROS7\" \/>\n<meta name=\"twitter:site\" content=\"@NOTICIEROS7\" \/>\n<meta name=\"twitter:label1\" content=\"Escrito por\" \/>\n\t<meta name=\"twitter:data1\" content=\"Edici\u00f3n Web\" \/>\n\t<meta name=\"twitter:label2\" content=\"Tiempo de lectura\" \/>\n\t<meta name=\"twitter:data2\" content=\"1 minuto\" \/>\n<script type=\"application\/ld+json\" class=\"yoast-schema-graph\">{\"@context\":\"https:\\\/\\\/schema.org\",\"@graph\":[{\"@type\":\"Article\",\"@id\":\"https:\\\/\\\/canal7slp.tv\\\/2022\\\/en-jalisco-autoridades-detectan-dos-sospechosos-de-viruela-del-mono\\\/#article\",\"isPartOf\":{\"@id\":\"https:\\\/\\\/canal7slp.tv\\\/2022\\\/en-jalisco-autoridades-detectan-dos-sospechosos-de-viruela-del-mono\\\/\"},\"author\":{\"name\":\"Edici\u00f3n Web\",\"@id\":\"https:\\\/\\\/canal7slp.tv\\\/2022\\\/#\\\/schema\\\/person\\\/429704152a21f5f856ce29aa69a238da\"},\"headline\":\"En Jalisco, autoridades detectan dos sospechosos de Viruela del Mono\",\"datePublished\":\"2022-06-11T18:46:55+00:00\",\"mainEntityOfPage\":{\"@id\":\"https:\\\/\\\/canal7slp.tv\\\/2022\\\/en-jalisco-autoridades-detectan-dos-sospechosos-de-viruela-del-mono\\\/\"},\"wordCount\":218,\"publisher\":{\"@id\":\"https:\\\/\\\/canal7slp.tv\\\/2022\\\/#organization\"},\"image\":{\"@id\":\"https:\\\/\\\/canal7slp.tv\\\/2022\\\/en-jalisco-autoridades-detectan-dos-sospechosos-de-viruela-del-mono\\\/#primaryimage\"},\"thumbnailUrl\":\"https:\\\/\\\/canal7slp.tv\\\/2022\\\/wp-content\\\/uploads\\\/2022\\\/06\\\/04-7.jpg\",\"articleSection\":[\"NACIONALES\"],\"inLanguage\":\"es\"},{\"@type\":\"WebPage\",\"@id\":\"https:\\\/\\\/canal7slp.tv\\\/2022\\\/en-jalisco-autoridades-detectan-dos-sospechosos-de-viruela-del-mono\\\/\",\"url\":\"https:\\\/\\\/canal7slp.tv\\\/2022\\\/en-jalisco-autoridades-detectan-dos-sospechosos-de-viruela-del-mono\\\/\",\"name\":\"En Jalisco, autoridades detectan dos sospechosos de Viruela del Mono - Canal 7 SLP - 2022\",\"isPartOf\":{\"@id\":\"https:\\\/\\\/canal7slp.tv\\\/2022\\\/#website\"},\"primaryImageOfPage\":{\"@id\":\"https:\\\/\\\/canal7slp.tv\\\/2022\\\/en-jalisco-autoridades-detectan-dos-sospechosos-de-viruela-del-mono\\\/#primaryimage\"},\"image\":{\"@id\":\"https:\\\/\\\/canal7slp.tv\\\/2022\\\/en-jalisco-autoridades-detectan-dos-sospechosos-de-viruela-del-mono\\\/#primaryimage\"},\"thumbnailUrl\":\"https:\\\/\\\/canal7slp.tv\\\/2022\\\/wp-content\\\/uploads\\\/2022\\\/06\\\/04-7.jpg\",\"datePublished\":\"2022-06-11T18:46:55+00:00\",\"breadcrumb\":{\"@id\":\"https:\\\/\\\/canal7slp.tv\\\/2022\\\/en-jalisco-autoridades-detectan-dos-sospechosos-de-viruela-del-mono\\\/#breadcrumb\"},\"inLanguage\":\"es\",\"potentialAction\":[{\"@type\":\"ReadAction\",\"target\":[\"https:\\\/\\\/canal7slp.tv\\\/2022\\\/en-jalisco-autoridades-detectan-dos-sospechosos-de-viruela-del-mono\\\/\"]}]},{\"@type\":\"ImageObject\",\"inLanguage\":\"es\",\"@id\":\"https:\\\/\\\/canal7slp.tv\\\/2022\\\/en-jalisco-autoridades-detectan-dos-sospechosos-de-viruela-del-mono\\\/#primaryimage\",\"url\":\"https:\\\/\\\/canal7slp.tv\\\/2022\\\/wp-content\\\/uploads\\\/2022\\\/06\\\/04-7.jpg\",\"contentUrl\":\"https:\\\/\\\/canal7slp.tv\\\/2022\\\/wp-content\\\/uploads\\\/2022\\\/06\\\/04-7.jpg\",\"width\":976,\"height\":549},{\"@type\":\"BreadcrumbList\",\"@id\":\"https:\\\/\\\/canal7slp.tv\\\/2022\\\/en-jalisco-autoridades-detectan-dos-sospechosos-de-viruela-del-mono\\\/#breadcrumb\",\"itemListElement\":[{\"@type\":\"ListItem\",\"position\":1,\"name\":\"Portada\",\"item\":\"https:\\\/\\\/canal7slp.tv\\\/2022\\\/\"},{\"@type\":\"ListItem\",\"position\":2,\"name\":\"En Jalisco, autoridades detectan dos sospechosos de Viruela del Mono\"}]},{\"@type\":\"WebSite\",\"@id\":\"https:\\\/\\\/canal7slp.tv\\\/2022\\\/#website\",\"url\":\"https:\\\/\\\/canal7slp.tv\\\/2022\\\/\",\"name\":\"N7 - Noticieros Canal 7\",\"description\":\"Somos Televisi\u00f3n\",\"publisher\":{\"@id\":\"https:\\\/\\\/canal7slp.tv\\\/2022\\\/#organization\"},\"potentialAction\":[{\"@type\":\"SearchAction\",\"target\":{\"@type\":\"EntryPoint\",\"urlTemplate\":\"https:\\\/\\\/canal7slp.tv\\\/2022\\\/?s={search_term_string}\"},\"query-input\":{\"@type\":\"PropertyValueSpecification\",\"valueRequired\":true,\"valueName\":\"search_term_string\"}}],\"inLanguage\":\"es\"},{\"@type\":\"Organization\",\"@id\":\"https:\\\/\\\/canal7slp.tv\\\/2022\\\/#organization\",\"name\":\"Noticieros Canal 7\",\"url\":\"https:\\\/\\\/canal7slp.tv\\\/2022\\\/\",\"logo\":{\"@type\":\"ImageObject\",\"inLanguage\":\"es\",\"@id\":\"https:\\\/\\\/canal7slp.tv\\\/2022\\\/#\\\/schema\\\/logo\\\/image\\\/\",\"url\":\"https:\\\/\\\/canal7slp.tv\\\/2022\\\/wp-content\\\/uploads\\\/2021\\\/01\\\/logo-noticieros@2x.png\",\"contentUrl\":\"https:\\\/\\\/canal7slp.tv\\\/2022\\\/wp-content\\\/uploads\\\/2021\\\/01\\\/logo-noticieros@2x.png\",\"width\":1017,\"height\":268,\"caption\":\"Noticieros Canal 7\"},\"image\":{\"@id\":\"https:\\\/\\\/canal7slp.tv\\\/2022\\\/#\\\/schema\\\/logo\\\/image\\\/\"},\"sameAs\":[\"https:\\\/\\\/www.facebook.com\\\/noticieroscanalsiete\",\"https:\\\/\\\/x.com\\\/NOTICIEROS7\",\"https:\\\/\\\/www.instagram.com\\\/canal7_slp\",\"https:\\\/\\\/www.youtube.com\\\/channel\\\/UCliiYs-gP3JfJeqdPrNdd5A\"]},{\"@type\":\"Person\",\"@id\":\"https:\\\/\\\/canal7slp.tv\\\/2022\\\/#\\\/schema\\\/person\\\/429704152a21f5f856ce29aa69a238da\",\"name\":\"Edici\u00f3n Web\",\"image\":{\"@type\":\"ImageObject\",\"inLanguage\":\"es\",\"@id\":\"https:\\\/\\\/secure.gravatar.com\\\/avatar\\\/eee448fc3f7164808013b816ba91ac7e43bbe82a70bebac296f8bc6f0addaa1a?s=96&d=mm&r=g\",\"url\":\"https:\\\/\\\/secure.gravatar.com\\\/avatar\\\/eee448fc3f7164808013b816ba91ac7e43bbe82a70bebac296f8bc6f0addaa1a?s=96&d=mm&r=g\",\"contentUrl\":\"https:\\\/\\\/secure.gravatar.com\\\/avatar\\\/eee448fc3f7164808013b816ba91ac7e43bbe82a70bebac296f8bc6f0addaa1a?s=96&d=mm&r=g\",\"caption\":\"Edici\u00f3n Web\"},\"url\":\"https:\\\/\\\/canal7slp.tv\\\/2022\\\/author\\\/edicionweb\\\/\"}]}<\/script>\n<!-- \/ Yoast SEO plugin. -->","yoast_head_json":{"title":"En Jalisco, autoridades detectan dos sospechosos de Viruela del Mono - Canal 7 SLP - 2022","robots":{"index":"index","follow":"follow","max-snippet":"max-snippet:-1","max-image-preview":"max-image-preview:large","max-video-preview":"max-video-preview:-1"},"canonical":"https:\/\/canal7slp.tv\/2022\/en-jalisco-autoridades-detectan-dos-sospechosos-de-viruela-del-mono\/","og_locale":"es_ES","og_type":"article","og_title":"En Jalisco, autoridades detectan dos sospechosos de Viruela del Mono - Canal 7 SLP - 2022","og_description":"Guadalajara.- La Secretar\u00eda de Salud Jalisco, inform\u00f3 que se contemplan dos casos sospechosos de la viruela del mono en la entidad. Detall\u00f3 que uno de estos casos pudo haberse relacionado con el hombre de Dallas, quien ya fue confirmado a la enfermedad. Se tratar\u00eda de un hombre de 40 a\u00f1os originario de Toronto, Canad\u00e1, el cual vive en Puerto Vallarta. \u201cInici\u00f3 con sintomatolog\u00eda el 7 de junio con p\u00e1pulas y prurito que comenzaron en cabeza posterior a t\u00f3rax y extremidades inferiores. Se indic\u00f3 aislamiento por 21 d\u00edas y se realiz\u00f3 toma de muestras. Pendiente resultado del Instituto de Diagn\u00f3stico y [&hellip;]","og_url":"https:\/\/canal7slp.tv\/2022\/en-jalisco-autoridades-detectan-dos-sospechosos-de-viruela-del-mono\/","og_site_name":"Canal 7 SLP - 2022","article_publisher":"https:\/\/www.facebook.com\/noticieroscanalsiete","article_published_time":"2022-06-11T18:46:55+00:00","og_image":[{"width":976,"height":549,"url":"https:\/\/canal7slp.tv\/2022\/wp-content\/uploads\/2022\/06\/04-7.jpg","type":"image\/jpeg"}],"author":"Edici\u00f3n Web","twitter_card":"summary_large_image","twitter_creator":"@NOTICIEROS7","twitter_site":"@NOTICIEROS7","twitter_misc":{"Escrito por":"Edici\u00f3n Web","Tiempo de lectura":"1 minuto"},"schema":{"@context":"https:\/\/schema.org","@graph":[{"@type":"Article","@id":"https:\/\/canal7slp.tv\/2022\/en-jalisco-autoridades-detectan-dos-sospechosos-de-viruela-del-mono\/#article","isPartOf":{"@id":"https:\/\/canal7slp.tv\/2022\/en-jalisco-autoridades-detectan-dos-sospechosos-de-viruela-del-mono\/"},"author":{"name":"Edici\u00f3n Web","@id":"https:\/\/canal7slp.tv\/2022\/#\/schema\/person\/429704152a21f5f856ce29aa69a238da"},"headline":"En Jalisco, autoridades detectan dos sospechosos de Viruela del Mono","datePublished":"2022-06-11T18:46:55+00:00","mainEntityOfPage":{"@id":"https:\/\/canal7slp.tv\/2022\/en-jalisco-autoridades-detectan-dos-sospechosos-de-viruela-del-mono\/"},"wordCount":218,"publisher":{"@id":"https:\/\/canal7slp.tv\/2022\/#organization"},"image":{"@id":"https:\/\/canal7slp.tv\/2022\/en-jalisco-autoridades-detectan-dos-sospechosos-de-viruela-del-mono\/#primaryimage"},"thumbnailUrl":"https:\/\/canal7slp.tv\/2022\/wp-content\/uploads\/2022\/06\/04-7.jpg","articleSection":["NACIONALES"],"inLanguage":"es"},{"@type":"WebPage","@id":"https:\/\/canal7slp.tv\/2022\/en-jalisco-autoridades-detectan-dos-sospechosos-de-viruela-del-mono\/","url":"https:\/\/canal7slp.tv\/2022\/en-jalisco-autoridades-detectan-dos-sospechosos-de-viruela-del-mono\/","name":"En Jalisco, autoridades detectan dos sospechosos de Viruela del Mono - Canal 7 SLP - 2022","isPartOf":{"@id":"https:\/\/canal7slp.tv\/2022\/#website"},"primaryImageOfPage":{"@id":"https:\/\/canal7slp.tv\/2022\/en-jalisco-autoridades-detectan-dos-sospechosos-de-viruela-del-mono\/#primaryimage"},"image":{"@id":"https:\/\/canal7slp.tv\/2022\/en-jalisco-autoridades-detectan-dos-sospechosos-de-viruela-del-mono\/#primaryimage"},"thumbnailUrl":"https:\/\/canal7slp.tv\/2022\/wp-content\/uploads\/2022\/06\/04-7.jpg","datePublished":"2022-06-11T18:46:55+00:00","breadcrumb":{"@id":"https:\/\/canal7slp.tv\/2022\/en-jalisco-autoridades-detectan-dos-sospechosos-de-viruela-del-mono\/#breadcrumb"},"inLanguage":"es","potentialAction":[{"@type":"ReadAction","target":["https:\/\/canal7slp.tv\/2022\/en-jalisco-autoridades-detectan-dos-sospechosos-de-viruela-del-mono\/"]}]},{"@type":"ImageObject","inLanguage":"es","@id":"https:\/\/canal7slp.tv\/2022\/en-jalisco-autoridades-detectan-dos-sospechosos-de-viruela-del-mono\/#primaryimage","url":"https:\/\/canal7slp.tv\/2022\/wp-content\/uploads\/2022\/06\/04-7.jpg","contentUrl":"https:\/\/canal7slp.tv\/2022\/wp-content\/uploads\/2022\/06\/04-7.jpg","width":976,"height":549},{"@type":"BreadcrumbList","@id":"https:\/\/canal7slp.tv\/2022\/en-jalisco-autoridades-detectan-dos-sospechosos-de-viruela-del-mono\/#breadcrumb","itemListElement":[{"@type":"ListItem","position":1,"name":"Portada","item":"https:\/\/canal7slp.tv\/2022\/"},{"@type":"ListItem","position":2,"name":"En Jalisco, autoridades detectan dos sospechosos de Viruela del Mono"}]},{"@type":"WebSite","@id":"https:\/\/canal7slp.tv\/2022\/#website","url":"https:\/\/canal7slp.tv\/2022\/","name":"N7 - Noticieros Canal 7","description":"Somos Televisi\u00f3n","publisher":{"@id":"https:\/\/canal7slp.tv\/2022\/#organization"},"potentialAction":[{"@type":"SearchAction","target":{"@type":"EntryPoint","urlTemplate":"https:\/\/canal7slp.tv\/2022\/?s={search_term_string}"},"query-input":{"@type":"PropertyValueSpecification","valueRequired":true,"valueName":"search_term_string"}}],"inLanguage":"es"},{"@type":"Organization","@id":"https:\/\/canal7slp.tv\/2022\/#organization","name":"Noticieros Canal 7","url":"https:\/\/canal7slp.tv\/2022\/","logo":{"@type":"ImageObject","inLanguage":"es","@id":"https:\/\/canal7slp.tv\/2022\/#\/schema\/logo\/image\/","url":"https:\/\/canal7slp.tv\/2022\/wp-content\/uploads\/2021\/01\/logo-noticieros@2x.png","contentUrl":"https:\/\/canal7slp.tv\/2022\/wp-content\/uploads\/2021\/01\/logo-noticieros@2x.png","width":1017,"height":268,"caption":"Noticieros Canal 7"},"image":{"@id":"https:\/\/canal7slp.tv\/2022\/#\/schema\/logo\/image\/"},"sameAs":["https:\/\/www.facebook.com\/noticieroscanalsiete","https:\/\/x.com\/NOTICIEROS7","https:\/\/www.instagram.com\/canal7_slp","https:\/\/www.youtube.com\/channel\/UCliiYs-gP3JfJeqdPrNdd5A"]},{"@type":"Person","@id":"https:\/\/canal7slp.tv\/2022\/#\/schema\/person\/429704152a21f5f856ce29aa69a238da","name":"Edici\u00f3n Web","image":{"@type":"ImageObject","inLanguage":"es","@id":"https:\/\/secure.gravatar.com\/avatar\/eee448fc3f7164808013b816ba91ac7e43bbe82a70bebac296f8bc6f0addaa1a?s=96&d=mm&r=g","url":"https:\/\/secure.gravatar.com\/avatar\/eee448fc3f7164808013b816ba91ac7e43bbe82a70bebac296f8bc6f0addaa1a?s=96&d=mm&r=g","contentUrl":"https:\/\/secure.gravatar.com\/avatar\/eee448fc3f7164808013b816ba91ac7e43bbe82a70bebac296f8bc6f0addaa1a?s=96&d=mm&r=g","caption":"Edici\u00f3n Web"},"url":"https:\/\/canal7slp.tv\/2022\/author\/edicionweb\/"}]}},"amp_enabled":true,"_links":{"self":[{"href":"https:\/\/canal7slp.tv\/2022\/wp-json\/wp\/v2\/posts\/63274","targetHints":{"allow":["GET"]}}],"collection":[{"href":"https:\/\/canal7slp.tv\/2022\/wp-json\/wp\/v2\/posts"}],"about":[{"href":"https:\/\/canal7slp.tv\/2022\/wp-json\/wp\/v2\/types\/post"}],"author":[{"embeddable":true,"href":"https:\/\/canal7slp.tv\/2022\/wp-json\/wp\/v2\/users\/2"}],"replies":[{"embeddable":true,"href":"https:\/\/canal7slp.tv\/2022\/wp-json\/wp\/v2\/comments?post=63274"}],"version-history":[{"count":2,"href":"https:\/\/canal7slp.tv\/2022\/wp-json\/wp\/v2\/posts\/63274\/revisions"}],"predecessor-version":[{"id":63293,"href":"https:\/\/canal7slp.tv\/2022\/wp-json\/wp\/v2\/posts\/63274\/revisions\/63293"}],"wp:featuredmedia":[{"embeddable":true,"href":"https:\/\/canal7slp.tv\/2022\/wp-json\/wp\/v2\/media\/63286"}],"wp:attachment":[{"href":"https:\/\/canal7slp.tv\/2022\/wp-json\/wp\/v2\/media?parent=63274"}],"wp:term":[{"taxonomy":"category","embeddable":true,"href":"https:\/\/canal7slp.tv\/2022\/wp-json\/wp\/v2\/categories?post=63274"},{"taxonomy":"post_tag","embeddable":true,"href":"https:\/\/canal7slp.tv\/2022\/wp-json\/wp\/v2\/tags?post=63274"}],"curies":[{"name":"wp","href":"https:\/\/api.w.org\/{rel}","templated":true}]}}