{"id":63272,"date":"2022-06-11T12:46:59","date_gmt":"2022-06-11T18:46:59","guid":{"rendered":"https:\/\/canal7slp.tv\/2022\/?p=63272"},"modified":"2022-06-11T12:46:59","modified_gmt":"2022-06-11T18:46:59","slug":"pt-propone-que-servicio-militar-no-sea-obligatorio","status":"publish","type":"post","link":"https:\/\/canal7slp.tv\/2022\/pt-propone-que-servicio-militar-no-sea-obligatorio\/","title":{"rendered":"PT propone que Servicio Militar no sea obligatorio"},"content":{"rendered":"<p style=\"text-align: justify;\">M\u00e9xico.- La bancada del Partido del Trabajo (PT) en la C\u00e1mara de Diputados, propuso que el Servicio Militar Nacional ya no sea obligatorio.<\/p>\n<p style=\"text-align: justify;\">Benjam\u00edn Robles, vicecoordinador del PT, puntualiz\u00f3 que las adaptaciones sugeridas a trav\u00e9s de cambios a la Constituci\u00f3n deben establecer que el Servicio Militar se lleve a cabo por convicci\u00f3n.<\/p>\n<p style=\"text-align: justify;\">Con dicha iniciativa se pretenden realizar cambios a los art\u00edculos 5 y 31 constitucionales, a fin de suprimir que \u201cen cuanto a los servicios p\u00fablicos, s\u00f3lo podr\u00e1n ser obligatorios el de las armas y los jurados\u201d.<\/p>\n<p style=\"text-align: justify;\">No obstante, se mantendr\u00eda la obligatoriedad de alistarse y servir en los cuerpos de reserva, para asegurar la defensa del territorio, el honor, los derechos e intereses de la patria.<\/p>\n<p style=\"text-align: justify;\">Asimismo, se prev\u00e9 establecer la derogaci\u00f3n de la Carta Magna lo concerniente a la \u201cimpartici\u00f3n de educaci\u00f3n militar en las escuelas\u201d.<\/p>\n","protected":false},"excerpt":{"rendered":"<p>M\u00e9xico.- La bancada del Partido del Trabajo (PT) en la C\u00e1mara de Diputados, propuso que el Servicio Militar Nacional ya no sea obligatorio. Benjam\u00edn Robles, vicecoordinador del PT, puntualiz\u00f3 que las adaptaciones sugeridas a trav\u00e9s de cambios a la Constituci\u00f3n deben establecer que el Servicio Militar se lleve a cabo por convicci\u00f3n. Con dicha iniciativa se pretenden realizar cambios a los art\u00edculos 5 y 31 constitucionales, a fin de suprimir que \u201cen cuanto a los servicios p\u00fablicos, s\u00f3lo podr\u00e1n ser obligatorios el de las armas y los jurados\u201d. No obstante, se mantendr\u00eda la obligatoriedad de alistarse y servir en los [&hellip;]<\/p>\n","protected":false},"author":2,"featured_media":63284,"comment_status":"closed","ping_status":"closed","sticky":false,"template":"","format":"standard","meta":{"footnotes":""},"categories":[46],"tags":[],"class_list":["post-63272","post","type-post","status-publish","format-standard","has-post-thumbnail","hentry","category-nacional","post--single"],"yoast_head":"<!-- This site is optimized with the Yoast SEO plugin v27.4 - https:\/\/yoast.com\/product\/yoast-seo-wordpress\/ -->\n<title>PT propone que Servicio Militar no sea obligatorio - Canal 7 SLP - 2022<\/title>\n<meta name=\"robots\" content=\"index, follow, max-snippet:-1, max-image-preview:large, max-video-preview:-1\" \/>\n<link rel=\"canonical\" href=\"https:\/\/canal7slp.tv\/2022\/pt-propone-que-servicio-militar-no-sea-obligatorio\/\" \/>\n<meta property=\"og:locale\" content=\"es_ES\" \/>\n<meta property=\"og:type\" content=\"article\" \/>\n<meta property=\"og:title\" content=\"PT propone que Servicio Militar no sea obligatorio - Canal 7 SLP - 2022\" \/>\n<meta property=\"og:description\" content=\"M\u00e9xico.- La bancada del Partido del Trabajo (PT) en la C\u00e1mara de Diputados, propuso que el Servicio Militar Nacional ya no sea obligatorio. Benjam\u00edn Robles, vicecoordinador del PT, puntualiz\u00f3 que las adaptaciones sugeridas a trav\u00e9s de cambios a la Constituci\u00f3n deben establecer que el Servicio Militar se lleve a cabo por convicci\u00f3n. Con dicha iniciativa se pretenden realizar cambios a los art\u00edculos 5 y 31 constitucionales, a fin de suprimir que \u201cen cuanto a los servicios p\u00fablicos, s\u00f3lo podr\u00e1n ser obligatorios el de las armas y los jurados\u201d. No obstante, se mantendr\u00eda la obligatoriedad de alistarse y servir en los [&hellip;]\" \/>\n<meta property=\"og:url\" content=\"https:\/\/canal7slp.tv\/2022\/pt-propone-que-servicio-militar-no-sea-obligatorio\/\" \/>\n<meta property=\"og:site_name\" content=\"Canal 7 SLP - 2022\" \/>\n<meta property=\"article:publisher\" content=\"https:\/\/www.facebook.com\/noticieroscanalsiete\" \/>\n<meta property=\"article:published_time\" content=\"2022-06-11T18:46:59+00:00\" \/>\n<meta property=\"og:image\" content=\"https:\/\/canal7slp.tv\/2022\/wp-content\/uploads\/2022\/06\/02-8.jpg\" \/>\n\t<meta property=\"og:image:width\" content=\"1200\" \/>\n\t<meta property=\"og:image:height\" content=\"747\" \/>\n\t<meta property=\"og:image:type\" content=\"image\/jpeg\" \/>\n<meta name=\"author\" content=\"Edici\u00f3n Web\" \/>\n<meta name=\"twitter:card\" content=\"summary_large_image\" \/>\n<meta name=\"twitter:creator\" content=\"@NOTICIEROS7\" \/>\n<meta name=\"twitter:site\" content=\"@NOTICIEROS7\" \/>\n<meta name=\"twitter:label1\" content=\"Escrito por\" \/>\n\t<meta name=\"twitter:data1\" content=\"Edici\u00f3n Web\" \/>\n\t<meta name=\"twitter:label2\" content=\"Tiempo de lectura\" \/>\n\t<meta name=\"twitter:data2\" content=\"1 minuto\" \/>\n<script type=\"application\/ld+json\" class=\"yoast-schema-graph\">{\"@context\":\"https:\\\/\\\/schema.org\",\"@graph\":[{\"@type\":\"Article\",\"@id\":\"https:\\\/\\\/canal7slp.tv\\\/2022\\\/pt-propone-que-servicio-militar-no-sea-obligatorio\\\/#article\",\"isPartOf\":{\"@id\":\"https:\\\/\\\/canal7slp.tv\\\/2022\\\/pt-propone-que-servicio-militar-no-sea-obligatorio\\\/\"},\"author\":{\"name\":\"Edici\u00f3n Web\",\"@id\":\"https:\\\/\\\/canal7slp.tv\\\/2022\\\/#\\\/schema\\\/person\\\/429704152a21f5f856ce29aa69a238da\"},\"headline\":\"PT propone que Servicio Militar no sea obligatorio\",\"datePublished\":\"2022-06-11T18:46:59+00:00\",\"mainEntityOfPage\":{\"@id\":\"https:\\\/\\\/canal7slp.tv\\\/2022\\\/pt-propone-que-servicio-militar-no-sea-obligatorio\\\/\"},\"wordCount\":160,\"publisher\":{\"@id\":\"https:\\\/\\\/canal7slp.tv\\\/2022\\\/#organization\"},\"image\":{\"@id\":\"https:\\\/\\\/canal7slp.tv\\\/2022\\\/pt-propone-que-servicio-militar-no-sea-obligatorio\\\/#primaryimage\"},\"thumbnailUrl\":\"https:\\\/\\\/canal7slp.tv\\\/2022\\\/wp-content\\\/uploads\\\/2022\\\/06\\\/02-8.jpg\",\"articleSection\":[\"NACIONALES\"],\"inLanguage\":\"es\"},{\"@type\":\"WebPage\",\"@id\":\"https:\\\/\\\/canal7slp.tv\\\/2022\\\/pt-propone-que-servicio-militar-no-sea-obligatorio\\\/\",\"url\":\"https:\\\/\\\/canal7slp.tv\\\/2022\\\/pt-propone-que-servicio-militar-no-sea-obligatorio\\\/\",\"name\":\"PT propone que Servicio Militar no sea obligatorio - Canal 7 SLP - 2022\",\"isPartOf\":{\"@id\":\"https:\\\/\\\/canal7slp.tv\\\/2022\\\/#website\"},\"primaryImageOfPage\":{\"@id\":\"https:\\\/\\\/canal7slp.tv\\\/2022\\\/pt-propone-que-servicio-militar-no-sea-obligatorio\\\/#primaryimage\"},\"image\":{\"@id\":\"https:\\\/\\\/canal7slp.tv\\\/2022\\\/pt-propone-que-servicio-militar-no-sea-obligatorio\\\/#primaryimage\"},\"thumbnailUrl\":\"https:\\\/\\\/canal7slp.tv\\\/2022\\\/wp-content\\\/uploads\\\/2022\\\/06\\\/02-8.jpg\",\"datePublished\":\"2022-06-11T18:46:59+00:00\",\"breadcrumb\":{\"@id\":\"https:\\\/\\\/canal7slp.tv\\\/2022\\\/pt-propone-que-servicio-militar-no-sea-obligatorio\\\/#breadcrumb\"},\"inLanguage\":\"es\",\"potentialAction\":[{\"@type\":\"ReadAction\",\"target\":[\"https:\\\/\\\/canal7slp.tv\\\/2022\\\/pt-propone-que-servicio-militar-no-sea-obligatorio\\\/\"]}]},{\"@type\":\"ImageObject\",\"inLanguage\":\"es\",\"@id\":\"https:\\\/\\\/canal7slp.tv\\\/2022\\\/pt-propone-que-servicio-militar-no-sea-obligatorio\\\/#primaryimage\",\"url\":\"https:\\\/\\\/canal7slp.tv\\\/2022\\\/wp-content\\\/uploads\\\/2022\\\/06\\\/02-8.jpg\",\"contentUrl\":\"https:\\\/\\\/canal7slp.tv\\\/2022\\\/wp-content\\\/uploads\\\/2022\\\/06\\\/02-8.jpg\",\"width\":1200,\"height\":747},{\"@type\":\"BreadcrumbList\",\"@id\":\"https:\\\/\\\/canal7slp.tv\\\/2022\\\/pt-propone-que-servicio-militar-no-sea-obligatorio\\\/#breadcrumb\",\"itemListElement\":[{\"@type\":\"ListItem\",\"position\":1,\"name\":\"Portada\",\"item\":\"https:\\\/\\\/canal7slp.tv\\\/2022\\\/\"},{\"@type\":\"ListItem\",\"position\":2,\"name\":\"PT propone que Servicio Militar no sea obligatorio\"}]},{\"@type\":\"WebSite\",\"@id\":\"https:\\\/\\\/canal7slp.tv\\\/2022\\\/#website\",\"url\":\"https:\\\/\\\/canal7slp.tv\\\/2022\\\/\",\"name\":\"N7 - Noticieros Canal 7\",\"description\":\"Somos Televisi\u00f3n\",\"publisher\":{\"@id\":\"https:\\\/\\\/canal7slp.tv\\\/2022\\\/#organization\"},\"potentialAction\":[{\"@type\":\"SearchAction\",\"target\":{\"@type\":\"EntryPoint\",\"urlTemplate\":\"https:\\\/\\\/canal7slp.tv\\\/2022\\\/?s={search_term_string}\"},\"query-input\":{\"@type\":\"PropertyValueSpecification\",\"valueRequired\":true,\"valueName\":\"search_term_string\"}}],\"inLanguage\":\"es\"},{\"@type\":\"Organization\",\"@id\":\"https:\\\/\\\/canal7slp.tv\\\/2022\\\/#organization\",\"name\":\"Noticieros Canal 7\",\"url\":\"https:\\\/\\\/canal7slp.tv\\\/2022\\\/\",\"logo\":{\"@type\":\"ImageObject\",\"inLanguage\":\"es\",\"@id\":\"https:\\\/\\\/canal7slp.tv\\\/2022\\\/#\\\/schema\\\/logo\\\/image\\\/\",\"url\":\"https:\\\/\\\/canal7slp.tv\\\/2022\\\/wp-content\\\/uploads\\\/2021\\\/01\\\/logo-noticieros@2x.png\",\"contentUrl\":\"https:\\\/\\\/canal7slp.tv\\\/2022\\\/wp-content\\\/uploads\\\/2021\\\/01\\\/logo-noticieros@2x.png\",\"width\":1017,\"height\":268,\"caption\":\"Noticieros Canal 7\"},\"image\":{\"@id\":\"https:\\\/\\\/canal7slp.tv\\\/2022\\\/#\\\/schema\\\/logo\\\/image\\\/\"},\"sameAs\":[\"https:\\\/\\\/www.facebook.com\\\/noticieroscanalsiete\",\"https:\\\/\\\/x.com\\\/NOTICIEROS7\",\"https:\\\/\\\/www.instagram.com\\\/canal7_slp\",\"https:\\\/\\\/www.youtube.com\\\/channel\\\/UCliiYs-gP3JfJeqdPrNdd5A\"]},{\"@type\":\"Person\",\"@id\":\"https:\\\/\\\/canal7slp.tv\\\/2022\\\/#\\\/schema\\\/person\\\/429704152a21f5f856ce29aa69a238da\",\"name\":\"Edici\u00f3n Web\",\"image\":{\"@type\":\"ImageObject\",\"inLanguage\":\"es\",\"@id\":\"https:\\\/\\\/secure.gravatar.com\\\/avatar\\\/eee448fc3f7164808013b816ba91ac7e43bbe82a70bebac296f8bc6f0addaa1a?s=96&d=mm&r=g\",\"url\":\"https:\\\/\\\/secure.gravatar.com\\\/avatar\\\/eee448fc3f7164808013b816ba91ac7e43bbe82a70bebac296f8bc6f0addaa1a?s=96&d=mm&r=g\",\"contentUrl\":\"https:\\\/\\\/secure.gravatar.com\\\/avatar\\\/eee448fc3f7164808013b816ba91ac7e43bbe82a70bebac296f8bc6f0addaa1a?s=96&d=mm&r=g\",\"caption\":\"Edici\u00f3n Web\"},\"url\":\"https:\\\/\\\/canal7slp.tv\\\/2022\\\/author\\\/edicionweb\\\/\"}]}<\/script>\n<!-- \/ Yoast SEO plugin. -->","yoast_head_json":{"title":"PT propone que Servicio Militar no sea obligatorio - Canal 7 SLP - 2022","robots":{"index":"index","follow":"follow","max-snippet":"max-snippet:-1","max-image-preview":"max-image-preview:large","max-video-preview":"max-video-preview:-1"},"canonical":"https:\/\/canal7slp.tv\/2022\/pt-propone-que-servicio-militar-no-sea-obligatorio\/","og_locale":"es_ES","og_type":"article","og_title":"PT propone que Servicio Militar no sea obligatorio - Canal 7 SLP - 2022","og_description":"M\u00e9xico.- La bancada del Partido del Trabajo (PT) en la C\u00e1mara de Diputados, propuso que el Servicio Militar Nacional ya no sea obligatorio. Benjam\u00edn Robles, vicecoordinador del PT, puntualiz\u00f3 que las adaptaciones sugeridas a trav\u00e9s de cambios a la Constituci\u00f3n deben establecer que el Servicio Militar se lleve a cabo por convicci\u00f3n. Con dicha iniciativa se pretenden realizar cambios a los art\u00edculos 5 y 31 constitucionales, a fin de suprimir que \u201cen cuanto a los servicios p\u00fablicos, s\u00f3lo podr\u00e1n ser obligatorios el de las armas y los jurados\u201d. No obstante, se mantendr\u00eda la obligatoriedad de alistarse y servir en los [&hellip;]","og_url":"https:\/\/canal7slp.tv\/2022\/pt-propone-que-servicio-militar-no-sea-obligatorio\/","og_site_name":"Canal 7 SLP - 2022","article_publisher":"https:\/\/www.facebook.com\/noticieroscanalsiete","article_published_time":"2022-06-11T18:46:59+00:00","og_image":[{"width":1200,"height":747,"url":"https:\/\/canal7slp.tv\/2022\/wp-content\/uploads\/2022\/06\/02-8.jpg","type":"image\/jpeg"}],"author":"Edici\u00f3n Web","twitter_card":"summary_large_image","twitter_creator":"@NOTICIEROS7","twitter_site":"@NOTICIEROS7","twitter_misc":{"Escrito por":"Edici\u00f3n Web","Tiempo de lectura":"1 minuto"},"schema":{"@context":"https:\/\/schema.org","@graph":[{"@type":"Article","@id":"https:\/\/canal7slp.tv\/2022\/pt-propone-que-servicio-militar-no-sea-obligatorio\/#article","isPartOf":{"@id":"https:\/\/canal7slp.tv\/2022\/pt-propone-que-servicio-militar-no-sea-obligatorio\/"},"author":{"name":"Edici\u00f3n Web","@id":"https:\/\/canal7slp.tv\/2022\/#\/schema\/person\/429704152a21f5f856ce29aa69a238da"},"headline":"PT propone que Servicio Militar no sea obligatorio","datePublished":"2022-06-11T18:46:59+00:00","mainEntityOfPage":{"@id":"https:\/\/canal7slp.tv\/2022\/pt-propone-que-servicio-militar-no-sea-obligatorio\/"},"wordCount":160,"publisher":{"@id":"https:\/\/canal7slp.tv\/2022\/#organization"},"image":{"@id":"https:\/\/canal7slp.tv\/2022\/pt-propone-que-servicio-militar-no-sea-obligatorio\/#primaryimage"},"thumbnailUrl":"https:\/\/canal7slp.tv\/2022\/wp-content\/uploads\/2022\/06\/02-8.jpg","articleSection":["NACIONALES"],"inLanguage":"es"},{"@type":"WebPage","@id":"https:\/\/canal7slp.tv\/2022\/pt-propone-que-servicio-militar-no-sea-obligatorio\/","url":"https:\/\/canal7slp.tv\/2022\/pt-propone-que-servicio-militar-no-sea-obligatorio\/","name":"PT propone que Servicio Militar no sea obligatorio - Canal 7 SLP - 2022","isPartOf":{"@id":"https:\/\/canal7slp.tv\/2022\/#website"},"primaryImageOfPage":{"@id":"https:\/\/canal7slp.tv\/2022\/pt-propone-que-servicio-militar-no-sea-obligatorio\/#primaryimage"},"image":{"@id":"https:\/\/canal7slp.tv\/2022\/pt-propone-que-servicio-militar-no-sea-obligatorio\/#primaryimage"},"thumbnailUrl":"https:\/\/canal7slp.tv\/2022\/wp-content\/uploads\/2022\/06\/02-8.jpg","datePublished":"2022-06-11T18:46:59+00:00","breadcrumb":{"@id":"https:\/\/canal7slp.tv\/2022\/pt-propone-que-servicio-militar-no-sea-obligatorio\/#breadcrumb"},"inLanguage":"es","potentialAction":[{"@type":"ReadAction","target":["https:\/\/canal7slp.tv\/2022\/pt-propone-que-servicio-militar-no-sea-obligatorio\/"]}]},{"@type":"ImageObject","inLanguage":"es","@id":"https:\/\/canal7slp.tv\/2022\/pt-propone-que-servicio-militar-no-sea-obligatorio\/#primaryimage","url":"https:\/\/canal7slp.tv\/2022\/wp-content\/uploads\/2022\/06\/02-8.jpg","contentUrl":"https:\/\/canal7slp.tv\/2022\/wp-content\/uploads\/2022\/06\/02-8.jpg","width":1200,"height":747},{"@type":"BreadcrumbList","@id":"https:\/\/canal7slp.tv\/2022\/pt-propone-que-servicio-militar-no-sea-obligatorio\/#breadcrumb","itemListElement":[{"@type":"ListItem","position":1,"name":"Portada","item":"https:\/\/canal7slp.tv\/2022\/"},{"@type":"ListItem","position":2,"name":"PT propone que Servicio Militar no sea obligatorio"}]},{"@type":"WebSite","@id":"https:\/\/canal7slp.tv\/2022\/#website","url":"https:\/\/canal7slp.tv\/2022\/","name":"N7 - Noticieros Canal 7","description":"Somos Televisi\u00f3n","publisher":{"@id":"https:\/\/canal7slp.tv\/2022\/#organization"},"potentialAction":[{"@type":"SearchAction","target":{"@type":"EntryPoint","urlTemplate":"https:\/\/canal7slp.tv\/2022\/?s={search_term_string}"},"query-input":{"@type":"PropertyValueSpecification","valueRequired":true,"valueName":"search_term_string"}}],"inLanguage":"es"},{"@type":"Organization","@id":"https:\/\/canal7slp.tv\/2022\/#organization","name":"Noticieros Canal 7","url":"https:\/\/canal7slp.tv\/2022\/","logo":{"@type":"ImageObject","inLanguage":"es","@id":"https:\/\/canal7slp.tv\/2022\/#\/schema\/logo\/image\/","url":"https:\/\/canal7slp.tv\/2022\/wp-content\/uploads\/2021\/01\/logo-noticieros@2x.png","contentUrl":"https:\/\/canal7slp.tv\/2022\/wp-content\/uploads\/2021\/01\/logo-noticieros@2x.png","width":1017,"height":268,"caption":"Noticieros Canal 7"},"image":{"@id":"https:\/\/canal7slp.tv\/2022\/#\/schema\/logo\/image\/"},"sameAs":["https:\/\/www.facebook.com\/noticieroscanalsiete","https:\/\/x.com\/NOTICIEROS7","https:\/\/www.instagram.com\/canal7_slp","https:\/\/www.youtube.com\/channel\/UCliiYs-gP3JfJeqdPrNdd5A"]},{"@type":"Person","@id":"https:\/\/canal7slp.tv\/2022\/#\/schema\/person\/429704152a21f5f856ce29aa69a238da","name":"Edici\u00f3n Web","image":{"@type":"ImageObject","inLanguage":"es","@id":"https:\/\/secure.gravatar.com\/avatar\/eee448fc3f7164808013b816ba91ac7e43bbe82a70bebac296f8bc6f0addaa1a?s=96&d=mm&r=g","url":"https:\/\/secure.gravatar.com\/avatar\/eee448fc3f7164808013b816ba91ac7e43bbe82a70bebac296f8bc6f0addaa1a?s=96&d=mm&r=g","contentUrl":"https:\/\/secure.gravatar.com\/avatar\/eee448fc3f7164808013b816ba91ac7e43bbe82a70bebac296f8bc6f0addaa1a?s=96&d=mm&r=g","caption":"Edici\u00f3n Web"},"url":"https:\/\/canal7slp.tv\/2022\/author\/edicionweb\/"}]}},"amp_enabled":true,"_links":{"self":[{"href":"https:\/\/canal7slp.tv\/2022\/wp-json\/wp\/v2\/posts\/63272","targetHints":{"allow":["GET"]}}],"collection":[{"href":"https:\/\/canal7slp.tv\/2022\/wp-json\/wp\/v2\/posts"}],"about":[{"href":"https:\/\/canal7slp.tv\/2022\/wp-json\/wp\/v2\/types\/post"}],"author":[{"embeddable":true,"href":"https:\/\/canal7slp.tv\/2022\/wp-json\/wp\/v2\/users\/2"}],"replies":[{"embeddable":true,"href":"https:\/\/canal7slp.tv\/2022\/wp-json\/wp\/v2\/comments?post=63272"}],"version-history":[{"count":2,"href":"https:\/\/canal7slp.tv\/2022\/wp-json\/wp\/v2\/posts\/63272\/revisions"}],"predecessor-version":[{"id":63292,"href":"https:\/\/canal7slp.tv\/2022\/wp-json\/wp\/v2\/posts\/63272\/revisions\/63292"}],"wp:featuredmedia":[{"embeddable":true,"href":"https:\/\/canal7slp.tv\/2022\/wp-json\/wp\/v2\/media\/63284"}],"wp:attachment":[{"href":"https:\/\/canal7slp.tv\/2022\/wp-json\/wp\/v2\/media?parent=63272"}],"wp:term":[{"taxonomy":"category","embeddable":true,"href":"https:\/\/canal7slp.tv\/2022\/wp-json\/wp\/v2\/categories?post=63272"},{"taxonomy":"post_tag","embeddable":true,"href":"https:\/\/canal7slp.tv\/2022\/wp-json\/wp\/v2\/tags?post=63272"}],"curies":[{"name":"wp","href":"https:\/\/api.w.org\/{rel}","templated":true}]}}