{"id":63265,"date":"2022-06-11T03:31:48","date_gmt":"2022-06-11T09:31:48","guid":{"rendered":"https:\/\/canal7slp.tv\/2022\/?p=63265"},"modified":"2022-06-11T03:31:48","modified_gmt":"2022-06-11T09:31:48","slug":"moratoria-constitucional-viva-la-republica","status":"publish","type":"post","link":"https:\/\/canal7slp.tv\/2022\/moratoria-constitucional-viva-la-republica\/","title":{"rendered":"Moratoria Constitucional, \u00a1viva la Rep\u00fablica!"},"content":{"rendered":"<p style=\"text-align: justify;\">No es par\u00e1lisis legislativa, es garantizar certidumbre constitucional desde el Congreso de la Uni\u00f3n.<\/p>\n<p style=\"text-align: justify;\">Y es que mientras Morena no se cansa de menospreciar la inversi\u00f3n, provocar el cierre de fuentes de empleo, debilitar los pilares de la democracia, empobrecer a la sociedad y aplicar decisiones que carecen de rumbo y objetivos, desde el Poder Legislativo la Alianza \u201cVa por M\u00e9xico\u201d refrendamos nuestro compromiso con el Estado Constitucional Democr\u00e1tico y decimos no a todo proyecto de modificaci\u00f3n que pretenda trastocar los derechos humanos y las libertades de las que debe gozar invariablemente el pueblo de M\u00e9xico.<\/p>\n<p style=\"text-align: justify;\">Ese es el mandato que las urnas nos dio a PAN-PRI-PRD el 6 de junio de 2021 al votar a favor de la oposici\u00f3n y arrebatar a Morena la mayor\u00eda calificada con que contaba en la C\u00e1mara de Diputados federal.<\/p>\n<p style=\"text-align: justify;\">Constitucionalistas de la talla de don Sergio Garc\u00eda Ram\u00edrez, Diego Valad\u00e9s y Jos\u00e9 Ram\u00f3n Coss\u00edo D\u00edaz han alertado del peligro que la Naci\u00f3n enfrenta debido a disparates gubernamentales que se han traducido en iniciativas presidenciales nada visionar\u00edas y s\u00ed muy impregnadas de autoritarismo y centralismo.<\/p>\n<p style=\"text-align: justify;\">Por tales razones, la Alianza Legislativa \u201cVa por M\u00e9xico\u201d ha declarado una moratoria constitucional que consiste en demostrar la cohesi\u00f3n de este bloque opositor en contra de las pretensiones de Morena por desaparecer al Instituto Nacional Electoral (INE) y al sistema de partidos que ha dotado de competencia y alternancia a las responsabilidades p\u00fablicas, as\u00ed como en contra de convertir a la Guardia Nacional en un ap\u00e9ndice del Ej\u00e9rcito Mexicano y con ello, deso\u00edr todas las recomendaciones de derechos humanos que piden todo lo contrario.<\/p>\n<p style=\"text-align: justify;\">Lo anterior ha pretendido ser tergiversado e interpretado como una renuencia de la Alianza Legislativa a proponer y trabajar, siendo exactamente todo lo contrario.<\/p>\n<p style=\"text-align: justify;\">El Poder Legislativo Federal no es un empleado del poder, sino un poder, por lo que ya no debe ser una oficial\u00eda de partes que solo atienda los proyectos presidenciales y los apruebe sin discusi\u00f3n ni cambios, tal y como Morena lo ha hecho desde 2018.<\/p>\n<p style=\"text-align: justify;\">Hoy desde Palacio Nacional nos acusan de no proponer y de solo bloquear, cuando los datos fidedignos indican otra cosa: es la oposici\u00f3n la que mayor productividad legislativa presenta, con proyectos de vanguardia, innovadores y eficaces para solucionar los problemas de la Naci\u00f3n, pero Morena no ha escuchado, visto ni le\u00eddo nada, se niega rotundamente a aprobar cualquier cosa que no tenga tufo presidencial. Y como prueba ah\u00ed est\u00e1n todos los diarios de debate de la 64 y 65 Legislaturas.<\/p>\n<p style=\"text-align: justify;\">La Moratoria Constitucional busca evitar que en un arranque de histeria se pretenda reformar la Rep\u00fablica Federal Laica y Democr\u00e1tica que hoy somos y que tanto trabajo nos ha costado construir, por un Estado unitario con religi\u00f3n oficial, centralista y dictatorial como pretenden algunos.<\/p>\n<p style=\"text-align: justify;\">Esa es la raz\u00f3n de la moratoria: evitar que Morena siga demoliendo el r\u00e9gimen democr\u00e1tico de M\u00e9xico. \u00c9se es nuestro compromiso y no nos dejaremos dividir.<\/p>\n<p style=\"text-align: right;\"><em>Alejandro Moreno<\/em>, Presidente Nacional del PRI<\/p>\n","protected":false},"excerpt":{"rendered":"<p>No es par\u00e1lisis legislativa, es garantizar certidumbre constitucional desde el Congreso de la Uni\u00f3n. Y es que mientras Morena no se cansa de menospreciar la inversi\u00f3n, provocar el cierre de fuentes de empleo, debilitar los pilares de la democracia, empobrecer a la sociedad y aplicar decisiones que carecen de rumbo y objetivos, desde el Poder Legislativo la Alianza \u201cVa por M\u00e9xico\u201d refrendamos nuestro compromiso con el Estado Constitucional Democr\u00e1tico y decimos no a todo proyecto de modificaci\u00f3n que pretenda trastocar los derechos humanos y las libertades de las que debe gozar invariablemente el pueblo de M\u00e9xico. Ese es el mandato [&hellip;]<\/p>\n","protected":false},"author":2,"featured_media":0,"comment_status":"closed","ping_status":"closed","sticky":false,"template":"","format":"standard","meta":{"footnotes":""},"categories":[46],"tags":[],"class_list":["post-63265","post","type-post","status-publish","format-standard","hentry","category-nacional","post--single"],"yoast_head":"<!-- This site is optimized with the Yoast SEO plugin v27.4 - https:\/\/yoast.com\/product\/yoast-seo-wordpress\/ -->\n<title>Moratoria Constitucional, \u00a1viva la Rep\u00fablica! - Canal 7 SLP - 2022<\/title>\n<meta name=\"robots\" content=\"index, follow, max-snippet:-1, max-image-preview:large, max-video-preview:-1\" \/>\n<link rel=\"canonical\" href=\"https:\/\/canal7slp.tv\/2022\/moratoria-constitucional-viva-la-republica\/\" \/>\n<meta property=\"og:locale\" content=\"es_ES\" \/>\n<meta property=\"og:type\" content=\"article\" \/>\n<meta property=\"og:title\" content=\"Moratoria Constitucional, \u00a1viva la Rep\u00fablica! - Canal 7 SLP - 2022\" \/>\n<meta property=\"og:description\" content=\"No es par\u00e1lisis legislativa, es garantizar certidumbre constitucional desde el Congreso de la Uni\u00f3n. Y es que mientras Morena no se cansa de menospreciar la inversi\u00f3n, provocar el cierre de fuentes de empleo, debilitar los pilares de la democracia, empobrecer a la sociedad y aplicar decisiones que carecen de rumbo y objetivos, desde el Poder Legislativo la Alianza \u201cVa por M\u00e9xico\u201d refrendamos nuestro compromiso con el Estado Constitucional Democr\u00e1tico y decimos no a todo proyecto de modificaci\u00f3n que pretenda trastocar los derechos humanos y las libertades de las que debe gozar invariablemente el pueblo de M\u00e9xico. Ese es el mandato [&hellip;]\" \/>\n<meta property=\"og:url\" content=\"https:\/\/canal7slp.tv\/2022\/moratoria-constitucional-viva-la-republica\/\" \/>\n<meta property=\"og:site_name\" content=\"Canal 7 SLP - 2022\" \/>\n<meta property=\"article:publisher\" content=\"https:\/\/www.facebook.com\/noticieroscanalsiete\" \/>\n<meta property=\"article:published_time\" content=\"2022-06-11T09:31:48+00:00\" \/>\n<meta property=\"og:image\" content=\"https:\/\/canal7slp.tv\/2022\/wp-content\/uploads\/2021\/02\/Alito.jpg\" \/>\n\t<meta property=\"og:image:width\" content=\"656\" \/>\n\t<meta property=\"og:image:height\" content=\"500\" \/>\n\t<meta property=\"og:image:type\" content=\"image\/jpeg\" \/>\n<meta name=\"author\" content=\"Edici\u00f3n Web\" \/>\n<meta name=\"twitter:card\" content=\"summary_large_image\" \/>\n<meta name=\"twitter:creator\" content=\"@NOTICIEROS7\" \/>\n<meta name=\"twitter:site\" content=\"@NOTICIEROS7\" \/>\n<meta name=\"twitter:label1\" content=\"Escrito por\" \/>\n\t<meta name=\"twitter:data1\" content=\"Edici\u00f3n Web\" \/>\n\t<meta name=\"twitter:label2\" content=\"Tiempo de lectura\" \/>\n\t<meta name=\"twitter:data2\" content=\"3 minutos\" \/>\n<script type=\"application\/ld+json\" class=\"yoast-schema-graph\">{\"@context\":\"https:\\\/\\\/schema.org\",\"@graph\":[{\"@type\":\"Article\",\"@id\":\"https:\\\/\\\/canal7slp.tv\\\/2022\\\/moratoria-constitucional-viva-la-republica\\\/#article\",\"isPartOf\":{\"@id\":\"https:\\\/\\\/canal7slp.tv\\\/2022\\\/moratoria-constitucional-viva-la-republica\\\/\"},\"author\":{\"name\":\"Edici\u00f3n Web\",\"@id\":\"https:\\\/\\\/canal7slp.tv\\\/2022\\\/#\\\/schema\\\/person\\\/429704152a21f5f856ce29aa69a238da\"},\"headline\":\"Moratoria Constitucional, \u00a1viva la Rep\u00fablica!\",\"datePublished\":\"2022-06-11T09:31:48+00:00\",\"mainEntityOfPage\":{\"@id\":\"https:\\\/\\\/canal7slp.tv\\\/2022\\\/moratoria-constitucional-viva-la-republica\\\/\"},\"wordCount\":530,\"publisher\":{\"@id\":\"https:\\\/\\\/canal7slp.tv\\\/2022\\\/#organization\"},\"articleSection\":[\"NACIONALES\"],\"inLanguage\":\"es\"},{\"@type\":\"WebPage\",\"@id\":\"https:\\\/\\\/canal7slp.tv\\\/2022\\\/moratoria-constitucional-viva-la-republica\\\/\",\"url\":\"https:\\\/\\\/canal7slp.tv\\\/2022\\\/moratoria-constitucional-viva-la-republica\\\/\",\"name\":\"Moratoria Constitucional, \u00a1viva la Rep\u00fablica! - Canal 7 SLP - 2022\",\"isPartOf\":{\"@id\":\"https:\\\/\\\/canal7slp.tv\\\/2022\\\/#website\"},\"datePublished\":\"2022-06-11T09:31:48+00:00\",\"breadcrumb\":{\"@id\":\"https:\\\/\\\/canal7slp.tv\\\/2022\\\/moratoria-constitucional-viva-la-republica\\\/#breadcrumb\"},\"inLanguage\":\"es\",\"potentialAction\":[{\"@type\":\"ReadAction\",\"target\":[\"https:\\\/\\\/canal7slp.tv\\\/2022\\\/moratoria-constitucional-viva-la-republica\\\/\"]}]},{\"@type\":\"BreadcrumbList\",\"@id\":\"https:\\\/\\\/canal7slp.tv\\\/2022\\\/moratoria-constitucional-viva-la-republica\\\/#breadcrumb\",\"itemListElement\":[{\"@type\":\"ListItem\",\"position\":1,\"name\":\"Portada\",\"item\":\"https:\\\/\\\/canal7slp.tv\\\/2022\\\/\"},{\"@type\":\"ListItem\",\"position\":2,\"name\":\"Moratoria Constitucional, \u00a1viva la Rep\u00fablica!\"}]},{\"@type\":\"WebSite\",\"@id\":\"https:\\\/\\\/canal7slp.tv\\\/2022\\\/#website\",\"url\":\"https:\\\/\\\/canal7slp.tv\\\/2022\\\/\",\"name\":\"N7 - Noticieros Canal 7\",\"description\":\"Somos Televisi\u00f3n\",\"publisher\":{\"@id\":\"https:\\\/\\\/canal7slp.tv\\\/2022\\\/#organization\"},\"potentialAction\":[{\"@type\":\"SearchAction\",\"target\":{\"@type\":\"EntryPoint\",\"urlTemplate\":\"https:\\\/\\\/canal7slp.tv\\\/2022\\\/?s={search_term_string}\"},\"query-input\":{\"@type\":\"PropertyValueSpecification\",\"valueRequired\":true,\"valueName\":\"search_term_string\"}}],\"inLanguage\":\"es\"},{\"@type\":\"Organization\",\"@id\":\"https:\\\/\\\/canal7slp.tv\\\/2022\\\/#organization\",\"name\":\"Noticieros Canal 7\",\"url\":\"https:\\\/\\\/canal7slp.tv\\\/2022\\\/\",\"logo\":{\"@type\":\"ImageObject\",\"inLanguage\":\"es\",\"@id\":\"https:\\\/\\\/canal7slp.tv\\\/2022\\\/#\\\/schema\\\/logo\\\/image\\\/\",\"url\":\"https:\\\/\\\/canal7slp.tv\\\/2022\\\/wp-content\\\/uploads\\\/2021\\\/01\\\/logo-noticieros@2x.png\",\"contentUrl\":\"https:\\\/\\\/canal7slp.tv\\\/2022\\\/wp-content\\\/uploads\\\/2021\\\/01\\\/logo-noticieros@2x.png\",\"width\":1017,\"height\":268,\"caption\":\"Noticieros Canal 7\"},\"image\":{\"@id\":\"https:\\\/\\\/canal7slp.tv\\\/2022\\\/#\\\/schema\\\/logo\\\/image\\\/\"},\"sameAs\":[\"https:\\\/\\\/www.facebook.com\\\/noticieroscanalsiete\",\"https:\\\/\\\/x.com\\\/NOTICIEROS7\",\"https:\\\/\\\/www.instagram.com\\\/canal7_slp\",\"https:\\\/\\\/www.youtube.com\\\/channel\\\/UCliiYs-gP3JfJeqdPrNdd5A\"]},{\"@type\":\"Person\",\"@id\":\"https:\\\/\\\/canal7slp.tv\\\/2022\\\/#\\\/schema\\\/person\\\/429704152a21f5f856ce29aa69a238da\",\"name\":\"Edici\u00f3n Web\",\"image\":{\"@type\":\"ImageObject\",\"inLanguage\":\"es\",\"@id\":\"https:\\\/\\\/secure.gravatar.com\\\/avatar\\\/eee448fc3f7164808013b816ba91ac7e43bbe82a70bebac296f8bc6f0addaa1a?s=96&d=mm&r=g\",\"url\":\"https:\\\/\\\/secure.gravatar.com\\\/avatar\\\/eee448fc3f7164808013b816ba91ac7e43bbe82a70bebac296f8bc6f0addaa1a?s=96&d=mm&r=g\",\"contentUrl\":\"https:\\\/\\\/secure.gravatar.com\\\/avatar\\\/eee448fc3f7164808013b816ba91ac7e43bbe82a70bebac296f8bc6f0addaa1a?s=96&d=mm&r=g\",\"caption\":\"Edici\u00f3n Web\"},\"url\":\"https:\\\/\\\/canal7slp.tv\\\/2022\\\/author\\\/edicionweb\\\/\"}]}<\/script>\n<!-- \/ Yoast SEO plugin. -->","yoast_head_json":{"title":"Moratoria Constitucional, \u00a1viva la Rep\u00fablica! - Canal 7 SLP - 2022","robots":{"index":"index","follow":"follow","max-snippet":"max-snippet:-1","max-image-preview":"max-image-preview:large","max-video-preview":"max-video-preview:-1"},"canonical":"https:\/\/canal7slp.tv\/2022\/moratoria-constitucional-viva-la-republica\/","og_locale":"es_ES","og_type":"article","og_title":"Moratoria Constitucional, \u00a1viva la Rep\u00fablica! - Canal 7 SLP - 2022","og_description":"No es par\u00e1lisis legislativa, es garantizar certidumbre constitucional desde el Congreso de la Uni\u00f3n. Y es que mientras Morena no se cansa de menospreciar la inversi\u00f3n, provocar el cierre de fuentes de empleo, debilitar los pilares de la democracia, empobrecer a la sociedad y aplicar decisiones que carecen de rumbo y objetivos, desde el Poder Legislativo la Alianza \u201cVa por M\u00e9xico\u201d refrendamos nuestro compromiso con el Estado Constitucional Democr\u00e1tico y decimos no a todo proyecto de modificaci\u00f3n que pretenda trastocar los derechos humanos y las libertades de las que debe gozar invariablemente el pueblo de M\u00e9xico. Ese es el mandato [&hellip;]","og_url":"https:\/\/canal7slp.tv\/2022\/moratoria-constitucional-viva-la-republica\/","og_site_name":"Canal 7 SLP - 2022","article_publisher":"https:\/\/www.facebook.com\/noticieroscanalsiete","article_published_time":"2022-06-11T09:31:48+00:00","og_image":[{"width":656,"height":500,"url":"https:\/\/canal7slp.tv\/2022\/wp-content\/uploads\/2021\/02\/Alito.jpg","type":"image\/jpeg"}],"author":"Edici\u00f3n Web","twitter_card":"summary_large_image","twitter_creator":"@NOTICIEROS7","twitter_site":"@NOTICIEROS7","twitter_misc":{"Escrito por":"Edici\u00f3n Web","Tiempo de lectura":"3 minutos"},"schema":{"@context":"https:\/\/schema.org","@graph":[{"@type":"Article","@id":"https:\/\/canal7slp.tv\/2022\/moratoria-constitucional-viva-la-republica\/#article","isPartOf":{"@id":"https:\/\/canal7slp.tv\/2022\/moratoria-constitucional-viva-la-republica\/"},"author":{"name":"Edici\u00f3n Web","@id":"https:\/\/canal7slp.tv\/2022\/#\/schema\/person\/429704152a21f5f856ce29aa69a238da"},"headline":"Moratoria Constitucional, \u00a1viva la Rep\u00fablica!","datePublished":"2022-06-11T09:31:48+00:00","mainEntityOfPage":{"@id":"https:\/\/canal7slp.tv\/2022\/moratoria-constitucional-viva-la-republica\/"},"wordCount":530,"publisher":{"@id":"https:\/\/canal7slp.tv\/2022\/#organization"},"articleSection":["NACIONALES"],"inLanguage":"es"},{"@type":"WebPage","@id":"https:\/\/canal7slp.tv\/2022\/moratoria-constitucional-viva-la-republica\/","url":"https:\/\/canal7slp.tv\/2022\/moratoria-constitucional-viva-la-republica\/","name":"Moratoria Constitucional, \u00a1viva la Rep\u00fablica! - Canal 7 SLP - 2022","isPartOf":{"@id":"https:\/\/canal7slp.tv\/2022\/#website"},"datePublished":"2022-06-11T09:31:48+00:00","breadcrumb":{"@id":"https:\/\/canal7slp.tv\/2022\/moratoria-constitucional-viva-la-republica\/#breadcrumb"},"inLanguage":"es","potentialAction":[{"@type":"ReadAction","target":["https:\/\/canal7slp.tv\/2022\/moratoria-constitucional-viva-la-republica\/"]}]},{"@type":"BreadcrumbList","@id":"https:\/\/canal7slp.tv\/2022\/moratoria-constitucional-viva-la-republica\/#breadcrumb","itemListElement":[{"@type":"ListItem","position":1,"name":"Portada","item":"https:\/\/canal7slp.tv\/2022\/"},{"@type":"ListItem","position":2,"name":"Moratoria Constitucional, \u00a1viva la Rep\u00fablica!"}]},{"@type":"WebSite","@id":"https:\/\/canal7slp.tv\/2022\/#website","url":"https:\/\/canal7slp.tv\/2022\/","name":"N7 - Noticieros Canal 7","description":"Somos Televisi\u00f3n","publisher":{"@id":"https:\/\/canal7slp.tv\/2022\/#organization"},"potentialAction":[{"@type":"SearchAction","target":{"@type":"EntryPoint","urlTemplate":"https:\/\/canal7slp.tv\/2022\/?s={search_term_string}"},"query-input":{"@type":"PropertyValueSpecification","valueRequired":true,"valueName":"search_term_string"}}],"inLanguage":"es"},{"@type":"Organization","@id":"https:\/\/canal7slp.tv\/2022\/#organization","name":"Noticieros Canal 7","url":"https:\/\/canal7slp.tv\/2022\/","logo":{"@type":"ImageObject","inLanguage":"es","@id":"https:\/\/canal7slp.tv\/2022\/#\/schema\/logo\/image\/","url":"https:\/\/canal7slp.tv\/2022\/wp-content\/uploads\/2021\/01\/logo-noticieros@2x.png","contentUrl":"https:\/\/canal7slp.tv\/2022\/wp-content\/uploads\/2021\/01\/logo-noticieros@2x.png","width":1017,"height":268,"caption":"Noticieros Canal 7"},"image":{"@id":"https:\/\/canal7slp.tv\/2022\/#\/schema\/logo\/image\/"},"sameAs":["https:\/\/www.facebook.com\/noticieroscanalsiete","https:\/\/x.com\/NOTICIEROS7","https:\/\/www.instagram.com\/canal7_slp","https:\/\/www.youtube.com\/channel\/UCliiYs-gP3JfJeqdPrNdd5A"]},{"@type":"Person","@id":"https:\/\/canal7slp.tv\/2022\/#\/schema\/person\/429704152a21f5f856ce29aa69a238da","name":"Edici\u00f3n Web","image":{"@type":"ImageObject","inLanguage":"es","@id":"https:\/\/secure.gravatar.com\/avatar\/eee448fc3f7164808013b816ba91ac7e43bbe82a70bebac296f8bc6f0addaa1a?s=96&d=mm&r=g","url":"https:\/\/secure.gravatar.com\/avatar\/eee448fc3f7164808013b816ba91ac7e43bbe82a70bebac296f8bc6f0addaa1a?s=96&d=mm&r=g","contentUrl":"https:\/\/secure.gravatar.com\/avatar\/eee448fc3f7164808013b816ba91ac7e43bbe82a70bebac296f8bc6f0addaa1a?s=96&d=mm&r=g","caption":"Edici\u00f3n Web"},"url":"https:\/\/canal7slp.tv\/2022\/author\/edicionweb\/"}]}},"amp_enabled":true,"_links":{"self":[{"href":"https:\/\/canal7slp.tv\/2022\/wp-json\/wp\/v2\/posts\/63265","targetHints":{"allow":["GET"]}}],"collection":[{"href":"https:\/\/canal7slp.tv\/2022\/wp-json\/wp\/v2\/posts"}],"about":[{"href":"https:\/\/canal7slp.tv\/2022\/wp-json\/wp\/v2\/types\/post"}],"author":[{"embeddable":true,"href":"https:\/\/canal7slp.tv\/2022\/wp-json\/wp\/v2\/users\/2"}],"replies":[{"embeddable":true,"href":"https:\/\/canal7slp.tv\/2022\/wp-json\/wp\/v2\/comments?post=63265"}],"version-history":[{"count":2,"href":"https:\/\/canal7slp.tv\/2022\/wp-json\/wp\/v2\/posts\/63265\/revisions"}],"predecessor-version":[{"id":63267,"href":"https:\/\/canal7slp.tv\/2022\/wp-json\/wp\/v2\/posts\/63265\/revisions\/63267"}],"wp:attachment":[{"href":"https:\/\/canal7slp.tv\/2022\/wp-json\/wp\/v2\/media?parent=63265"}],"wp:term":[{"taxonomy":"category","embeddable":true,"href":"https:\/\/canal7slp.tv\/2022\/wp-json\/wp\/v2\/categories?post=63265"},{"taxonomy":"post_tag","embeddable":true,"href":"https:\/\/canal7slp.tv\/2022\/wp-json\/wp\/v2\/tags?post=63265"}],"curies":[{"name":"wp","href":"https:\/\/api.w.org\/{rel}","templated":true}]}}