{"id":63229,"date":"2022-06-10T16:13:43","date_gmt":"2022-06-10T22:13:43","guid":{"rendered":"https:\/\/canal7slp.tv\/2022\/?p=63229"},"modified":"2022-06-10T16:13:43","modified_gmt":"2022-06-10T22:13:43","slug":"por-clausura-trabajadores-de-antro-protestaron-fuera-de-la-unidad-administrativa-municipal-uam","status":"publish","type":"post","link":"https:\/\/canal7slp.tv\/2022\/por-clausura-trabajadores-de-antro-protestaron-fuera-de-la-unidad-administrativa-municipal-uam\/","title":{"rendered":"Por clausura, trabajadores de antro protestaron fuera de la Unidad Administrativa Municipal (UAM)."},"content":{"rendered":"<p style=\"text-align: justify;\">SLP.- Trabajadores de antros con enfoque en la comunidad L\u00e9sbico, Gay, Bisexual, Transexual, Transg\u00e9nero, Travesti e Intersexual (LGBTTTI) se manifestaron al exterior de la Unidad Administrativa Municipal (UAM) al argumentar que han sido sujetos de clausura.<\/p>\n<p style=\"text-align: justify;\">El representante de los inconformes, Salvador M\u00e1rquez Ochoa insisti\u00f3 que los cierres son injustificados y el personal requiere su empleo.<\/p>\n<p style=\"text-align: justify;\">Reiter\u00f3 que no se est\u00e1 al tanto de lo que sustentar\u00eda las clausuras de cuatro lugares.<\/p>\n<p style=\"text-align: justify;\">En el caso de ri\u00f1as, rechaz\u00f3 que se originaran dentro de los centros nocturnos.<\/p>\n<p style=\"text-align: justify;\">Los quejosos ser\u00edan recibidos por integrantes del Cuerpo Edilicio para revisar la situaci\u00f3n -concluy\u00f3-.<\/p>\n<p style=\"text-align: justify;\">Por: Paulina Rodr\u00edguez<\/p>\n","protected":false},"excerpt":{"rendered":"<p>SLP.- Trabajadores de antros con enfoque en la comunidad L\u00e9sbico, Gay, Bisexual, Transexual, Transg\u00e9nero, Travesti e Intersexual (LGBTTTI) se manifestaron al exterior de la Unidad Administrativa Municipal (UAM) al argumentar que han sido sujetos de clausura. El representante de los inconformes, Salvador M\u00e1rquez Ochoa insisti\u00f3 que los cierres son injustificados y el personal requiere su empleo. Reiter\u00f3 que no se est\u00e1 al tanto de lo que sustentar\u00eda las clausuras de cuatro lugares. En el caso de ri\u00f1as, rechaz\u00f3 que se originaran dentro de los centros nocturnos. Los quejosos ser\u00edan recibidos por integrantes del Cuerpo Edilicio para revisar la situaci\u00f3n -concluy\u00f3-. [&hellip;]<\/p>\n","protected":false},"author":2,"featured_media":63232,"comment_status":"closed","ping_status":"closed","sticky":false,"template":"","format":"video","meta":{"footnotes":""},"categories":[66,5,45],"tags":[],"class_list":["post-63229","post","type-post","status-publish","format-video","has-post-thumbnail","hentry","category-ayoslp","category-destacadas","category-localesyregionales","post_format-post-format-video","post--single"],"yoast_head":"<!-- This site is optimized with the Yoast SEO plugin v27.4 - https:\/\/yoast.com\/product\/yoast-seo-wordpress\/ -->\n<title>Por clausura, trabajadores de antro protestaron fuera de la Unidad Administrativa Municipal (UAM). - Canal 7 SLP - 2022<\/title>\n<meta name=\"robots\" content=\"index, follow, max-snippet:-1, max-image-preview:large, max-video-preview:-1\" \/>\n<link rel=\"canonical\" href=\"https:\/\/canal7slp.tv\/2022\/por-clausura-trabajadores-de-antro-protestaron-fuera-de-la-unidad-administrativa-municipal-uam\/\" \/>\n<meta property=\"og:locale\" content=\"es_ES\" \/>\n<meta property=\"og:type\" content=\"article\" \/>\n<meta property=\"og:title\" content=\"Por clausura, trabajadores de antro protestaron fuera de la Unidad Administrativa Municipal (UAM). - Canal 7 SLP - 2022\" \/>\n<meta property=\"og:description\" content=\"SLP.- Trabajadores de antros con enfoque en la comunidad L\u00e9sbico, Gay, Bisexual, Transexual, Transg\u00e9nero, Travesti e Intersexual (LGBTTTI) se manifestaron al exterior de la Unidad Administrativa Municipal (UAM) al argumentar que han sido sujetos de clausura. El representante de los inconformes, Salvador M\u00e1rquez Ochoa insisti\u00f3 que los cierres son injustificados y el personal requiere su empleo. Reiter\u00f3 que no se est\u00e1 al tanto de lo que sustentar\u00eda las clausuras de cuatro lugares. En el caso de ri\u00f1as, rechaz\u00f3 que se originaran dentro de los centros nocturnos. Los quejosos ser\u00edan recibidos por integrantes del Cuerpo Edilicio para revisar la situaci\u00f3n -concluy\u00f3-. [&hellip;]\" \/>\n<meta property=\"og:url\" content=\"https:\/\/canal7slp.tv\/2022\/por-clausura-trabajadores-de-antro-protestaron-fuera-de-la-unidad-administrativa-municipal-uam\/\" \/>\n<meta property=\"og:site_name\" content=\"Canal 7 SLP - 2022\" \/>\n<meta property=\"article:publisher\" content=\"https:\/\/www.facebook.com\/noticieroscanalsiete\" \/>\n<meta property=\"article:published_time\" content=\"2022-06-10T22:13:43+00:00\" \/>\n<meta property=\"og:image\" content=\"https:\/\/canal7slp.tv\/2022\/wp-content\/uploads\/2022\/06\/Pau01AntroLGBT.jpg\" \/>\n\t<meta property=\"og:image:width\" content=\"888\" \/>\n\t<meta property=\"og:image:height\" content=\"500\" \/>\n\t<meta property=\"og:image:type\" content=\"image\/jpeg\" \/>\n<meta name=\"author\" content=\"Edici\u00f3n Web\" \/>\n<meta name=\"twitter:card\" content=\"summary_large_image\" \/>\n<meta name=\"twitter:creator\" content=\"@NOTICIEROS7\" \/>\n<meta name=\"twitter:site\" content=\"@NOTICIEROS7\" \/>\n<meta name=\"twitter:label1\" content=\"Escrito por\" \/>\n\t<meta name=\"twitter:data1\" content=\"Edici\u00f3n Web\" \/>\n\t<meta name=\"twitter:label2\" content=\"Tiempo de lectura\" \/>\n\t<meta name=\"twitter:data2\" content=\"1 minuto\" \/>\n<script type=\"application\/ld+json\" class=\"yoast-schema-graph\">{\"@context\":\"https:\\\/\\\/schema.org\",\"@graph\":[{\"@type\":\"Article\",\"@id\":\"https:\\\/\\\/canal7slp.tv\\\/2022\\\/por-clausura-trabajadores-de-antro-protestaron-fuera-de-la-unidad-administrativa-municipal-uam\\\/#article\",\"isPartOf\":{\"@id\":\"https:\\\/\\\/canal7slp.tv\\\/2022\\\/por-clausura-trabajadores-de-antro-protestaron-fuera-de-la-unidad-administrativa-municipal-uam\\\/\"},\"author\":{\"name\":\"Edici\u00f3n Web\",\"@id\":\"https:\\\/\\\/canal7slp.tv\\\/2022\\\/#\\\/schema\\\/person\\\/429704152a21f5f856ce29aa69a238da\"},\"headline\":\"Por clausura, trabajadores de antro protestaron fuera de la Unidad Administrativa Municipal (UAM).\",\"datePublished\":\"2022-06-10T22:13:43+00:00\",\"mainEntityOfPage\":{\"@id\":\"https:\\\/\\\/canal7slp.tv\\\/2022\\\/por-clausura-trabajadores-de-antro-protestaron-fuera-de-la-unidad-administrativa-municipal-uam\\\/\"},\"wordCount\":126,\"publisher\":{\"@id\":\"https:\\\/\\\/canal7slp.tv\\\/2022\\\/#organization\"},\"image\":{\"@id\":\"https:\\\/\\\/canal7slp.tv\\\/2022\\\/por-clausura-trabajadores-de-antro-protestaron-fuera-de-la-unidad-administrativa-municipal-uam\\\/#primaryimage\"},\"thumbnailUrl\":\"https:\\\/\\\/canal7slp.tv\\\/2022\\\/wp-content\\\/uploads\\\/2022\\\/06\\\/Pau01AntroLGBT.jpg\",\"articleSection\":[\"AYOSLP\",\"DESTACADAS\",\"LOCALES Y REGIONALES\"],\"inLanguage\":\"es\"},{\"@type\":\"WebPage\",\"@id\":\"https:\\\/\\\/canal7slp.tv\\\/2022\\\/por-clausura-trabajadores-de-antro-protestaron-fuera-de-la-unidad-administrativa-municipal-uam\\\/\",\"url\":\"https:\\\/\\\/canal7slp.tv\\\/2022\\\/por-clausura-trabajadores-de-antro-protestaron-fuera-de-la-unidad-administrativa-municipal-uam\\\/\",\"name\":\"Por clausura, trabajadores de antro protestaron fuera de la Unidad Administrativa Municipal (UAM). - Canal 7 SLP - 2022\",\"isPartOf\":{\"@id\":\"https:\\\/\\\/canal7slp.tv\\\/2022\\\/#website\"},\"primaryImageOfPage\":{\"@id\":\"https:\\\/\\\/canal7slp.tv\\\/2022\\\/por-clausura-trabajadores-de-antro-protestaron-fuera-de-la-unidad-administrativa-municipal-uam\\\/#primaryimage\"},\"image\":{\"@id\":\"https:\\\/\\\/canal7slp.tv\\\/2022\\\/por-clausura-trabajadores-de-antro-protestaron-fuera-de-la-unidad-administrativa-municipal-uam\\\/#primaryimage\"},\"thumbnailUrl\":\"https:\\\/\\\/canal7slp.tv\\\/2022\\\/wp-content\\\/uploads\\\/2022\\\/06\\\/Pau01AntroLGBT.jpg\",\"datePublished\":\"2022-06-10T22:13:43+00:00\",\"breadcrumb\":{\"@id\":\"https:\\\/\\\/canal7slp.tv\\\/2022\\\/por-clausura-trabajadores-de-antro-protestaron-fuera-de-la-unidad-administrativa-municipal-uam\\\/#breadcrumb\"},\"inLanguage\":\"es\",\"potentialAction\":[{\"@type\":\"ReadAction\",\"target\":[\"https:\\\/\\\/canal7slp.tv\\\/2022\\\/por-clausura-trabajadores-de-antro-protestaron-fuera-de-la-unidad-administrativa-municipal-uam\\\/\"]}]},{\"@type\":\"ImageObject\",\"inLanguage\":\"es\",\"@id\":\"https:\\\/\\\/canal7slp.tv\\\/2022\\\/por-clausura-trabajadores-de-antro-protestaron-fuera-de-la-unidad-administrativa-municipal-uam\\\/#primaryimage\",\"url\":\"https:\\\/\\\/canal7slp.tv\\\/2022\\\/wp-content\\\/uploads\\\/2022\\\/06\\\/Pau01AntroLGBT.jpg\",\"contentUrl\":\"https:\\\/\\\/canal7slp.tv\\\/2022\\\/wp-content\\\/uploads\\\/2022\\\/06\\\/Pau01AntroLGBT.jpg\",\"width\":888,\"height\":500},{\"@type\":\"BreadcrumbList\",\"@id\":\"https:\\\/\\\/canal7slp.tv\\\/2022\\\/por-clausura-trabajadores-de-antro-protestaron-fuera-de-la-unidad-administrativa-municipal-uam\\\/#breadcrumb\",\"itemListElement\":[{\"@type\":\"ListItem\",\"position\":1,\"name\":\"Portada\",\"item\":\"https:\\\/\\\/canal7slp.tv\\\/2022\\\/\"},{\"@type\":\"ListItem\",\"position\":2,\"name\":\"Por clausura, trabajadores de antro protestaron fuera de la Unidad Administrativa Municipal (UAM).\"}]},{\"@type\":\"WebSite\",\"@id\":\"https:\\\/\\\/canal7slp.tv\\\/2022\\\/#website\",\"url\":\"https:\\\/\\\/canal7slp.tv\\\/2022\\\/\",\"name\":\"N7 - Noticieros Canal 7\",\"description\":\"Somos Televisi\u00f3n\",\"publisher\":{\"@id\":\"https:\\\/\\\/canal7slp.tv\\\/2022\\\/#organization\"},\"potentialAction\":[{\"@type\":\"SearchAction\",\"target\":{\"@type\":\"EntryPoint\",\"urlTemplate\":\"https:\\\/\\\/canal7slp.tv\\\/2022\\\/?s={search_term_string}\"},\"query-input\":{\"@type\":\"PropertyValueSpecification\",\"valueRequired\":true,\"valueName\":\"search_term_string\"}}],\"inLanguage\":\"es\"},{\"@type\":\"Organization\",\"@id\":\"https:\\\/\\\/canal7slp.tv\\\/2022\\\/#organization\",\"name\":\"Noticieros Canal 7\",\"url\":\"https:\\\/\\\/canal7slp.tv\\\/2022\\\/\",\"logo\":{\"@type\":\"ImageObject\",\"inLanguage\":\"es\",\"@id\":\"https:\\\/\\\/canal7slp.tv\\\/2022\\\/#\\\/schema\\\/logo\\\/image\\\/\",\"url\":\"https:\\\/\\\/canal7slp.tv\\\/2022\\\/wp-content\\\/uploads\\\/2021\\\/01\\\/logo-noticieros@2x.png\",\"contentUrl\":\"https:\\\/\\\/canal7slp.tv\\\/2022\\\/wp-content\\\/uploads\\\/2021\\\/01\\\/logo-noticieros@2x.png\",\"width\":1017,\"height\":268,\"caption\":\"Noticieros Canal 7\"},\"image\":{\"@id\":\"https:\\\/\\\/canal7slp.tv\\\/2022\\\/#\\\/schema\\\/logo\\\/image\\\/\"},\"sameAs\":[\"https:\\\/\\\/www.facebook.com\\\/noticieroscanalsiete\",\"https:\\\/\\\/x.com\\\/NOTICIEROS7\",\"https:\\\/\\\/www.instagram.com\\\/canal7_slp\",\"https:\\\/\\\/www.youtube.com\\\/channel\\\/UCliiYs-gP3JfJeqdPrNdd5A\"]},{\"@type\":\"Person\",\"@id\":\"https:\\\/\\\/canal7slp.tv\\\/2022\\\/#\\\/schema\\\/person\\\/429704152a21f5f856ce29aa69a238da\",\"name\":\"Edici\u00f3n Web\",\"image\":{\"@type\":\"ImageObject\",\"inLanguage\":\"es\",\"@id\":\"https:\\\/\\\/secure.gravatar.com\\\/avatar\\\/eee448fc3f7164808013b816ba91ac7e43bbe82a70bebac296f8bc6f0addaa1a?s=96&d=mm&r=g\",\"url\":\"https:\\\/\\\/secure.gravatar.com\\\/avatar\\\/eee448fc3f7164808013b816ba91ac7e43bbe82a70bebac296f8bc6f0addaa1a?s=96&d=mm&r=g\",\"contentUrl\":\"https:\\\/\\\/secure.gravatar.com\\\/avatar\\\/eee448fc3f7164808013b816ba91ac7e43bbe82a70bebac296f8bc6f0addaa1a?s=96&d=mm&r=g\",\"caption\":\"Edici\u00f3n Web\"},\"url\":\"https:\\\/\\\/canal7slp.tv\\\/2022\\\/author\\\/edicionweb\\\/\"}]}<\/script>\n<!-- \/ Yoast SEO plugin. -->","yoast_head_json":{"title":"Por clausura, trabajadores de antro protestaron fuera de la Unidad Administrativa Municipal (UAM). - Canal 7 SLP - 2022","robots":{"index":"index","follow":"follow","max-snippet":"max-snippet:-1","max-image-preview":"max-image-preview:large","max-video-preview":"max-video-preview:-1"},"canonical":"https:\/\/canal7slp.tv\/2022\/por-clausura-trabajadores-de-antro-protestaron-fuera-de-la-unidad-administrativa-municipal-uam\/","og_locale":"es_ES","og_type":"article","og_title":"Por clausura, trabajadores de antro protestaron fuera de la Unidad Administrativa Municipal (UAM). - Canal 7 SLP - 2022","og_description":"SLP.- Trabajadores de antros con enfoque en la comunidad L\u00e9sbico, Gay, Bisexual, Transexual, Transg\u00e9nero, Travesti e Intersexual (LGBTTTI) se manifestaron al exterior de la Unidad Administrativa Municipal (UAM) al argumentar que han sido sujetos de clausura. El representante de los inconformes, Salvador M\u00e1rquez Ochoa insisti\u00f3 que los cierres son injustificados y el personal requiere su empleo. Reiter\u00f3 que no se est\u00e1 al tanto de lo que sustentar\u00eda las clausuras de cuatro lugares. En el caso de ri\u00f1as, rechaz\u00f3 que se originaran dentro de los centros nocturnos. Los quejosos ser\u00edan recibidos por integrantes del Cuerpo Edilicio para revisar la situaci\u00f3n -concluy\u00f3-. [&hellip;]","og_url":"https:\/\/canal7slp.tv\/2022\/por-clausura-trabajadores-de-antro-protestaron-fuera-de-la-unidad-administrativa-municipal-uam\/","og_site_name":"Canal 7 SLP - 2022","article_publisher":"https:\/\/www.facebook.com\/noticieroscanalsiete","article_published_time":"2022-06-10T22:13:43+00:00","og_image":[{"width":888,"height":500,"url":"https:\/\/canal7slp.tv\/2022\/wp-content\/uploads\/2022\/06\/Pau01AntroLGBT.jpg","type":"image\/jpeg"}],"author":"Edici\u00f3n Web","twitter_card":"summary_large_image","twitter_creator":"@NOTICIEROS7","twitter_site":"@NOTICIEROS7","twitter_misc":{"Escrito por":"Edici\u00f3n Web","Tiempo de lectura":"1 minuto"},"schema":{"@context":"https:\/\/schema.org","@graph":[{"@type":"Article","@id":"https:\/\/canal7slp.tv\/2022\/por-clausura-trabajadores-de-antro-protestaron-fuera-de-la-unidad-administrativa-municipal-uam\/#article","isPartOf":{"@id":"https:\/\/canal7slp.tv\/2022\/por-clausura-trabajadores-de-antro-protestaron-fuera-de-la-unidad-administrativa-municipal-uam\/"},"author":{"name":"Edici\u00f3n Web","@id":"https:\/\/canal7slp.tv\/2022\/#\/schema\/person\/429704152a21f5f856ce29aa69a238da"},"headline":"Por clausura, trabajadores de antro protestaron fuera de la Unidad Administrativa Municipal (UAM).","datePublished":"2022-06-10T22:13:43+00:00","mainEntityOfPage":{"@id":"https:\/\/canal7slp.tv\/2022\/por-clausura-trabajadores-de-antro-protestaron-fuera-de-la-unidad-administrativa-municipal-uam\/"},"wordCount":126,"publisher":{"@id":"https:\/\/canal7slp.tv\/2022\/#organization"},"image":{"@id":"https:\/\/canal7slp.tv\/2022\/por-clausura-trabajadores-de-antro-protestaron-fuera-de-la-unidad-administrativa-municipal-uam\/#primaryimage"},"thumbnailUrl":"https:\/\/canal7slp.tv\/2022\/wp-content\/uploads\/2022\/06\/Pau01AntroLGBT.jpg","articleSection":["AYOSLP","DESTACADAS","LOCALES Y REGIONALES"],"inLanguage":"es"},{"@type":"WebPage","@id":"https:\/\/canal7slp.tv\/2022\/por-clausura-trabajadores-de-antro-protestaron-fuera-de-la-unidad-administrativa-municipal-uam\/","url":"https:\/\/canal7slp.tv\/2022\/por-clausura-trabajadores-de-antro-protestaron-fuera-de-la-unidad-administrativa-municipal-uam\/","name":"Por clausura, trabajadores de antro protestaron fuera de la Unidad Administrativa Municipal (UAM). - Canal 7 SLP - 2022","isPartOf":{"@id":"https:\/\/canal7slp.tv\/2022\/#website"},"primaryImageOfPage":{"@id":"https:\/\/canal7slp.tv\/2022\/por-clausura-trabajadores-de-antro-protestaron-fuera-de-la-unidad-administrativa-municipal-uam\/#primaryimage"},"image":{"@id":"https:\/\/canal7slp.tv\/2022\/por-clausura-trabajadores-de-antro-protestaron-fuera-de-la-unidad-administrativa-municipal-uam\/#primaryimage"},"thumbnailUrl":"https:\/\/canal7slp.tv\/2022\/wp-content\/uploads\/2022\/06\/Pau01AntroLGBT.jpg","datePublished":"2022-06-10T22:13:43+00:00","breadcrumb":{"@id":"https:\/\/canal7slp.tv\/2022\/por-clausura-trabajadores-de-antro-protestaron-fuera-de-la-unidad-administrativa-municipal-uam\/#breadcrumb"},"inLanguage":"es","potentialAction":[{"@type":"ReadAction","target":["https:\/\/canal7slp.tv\/2022\/por-clausura-trabajadores-de-antro-protestaron-fuera-de-la-unidad-administrativa-municipal-uam\/"]}]},{"@type":"ImageObject","inLanguage":"es","@id":"https:\/\/canal7slp.tv\/2022\/por-clausura-trabajadores-de-antro-protestaron-fuera-de-la-unidad-administrativa-municipal-uam\/#primaryimage","url":"https:\/\/canal7slp.tv\/2022\/wp-content\/uploads\/2022\/06\/Pau01AntroLGBT.jpg","contentUrl":"https:\/\/canal7slp.tv\/2022\/wp-content\/uploads\/2022\/06\/Pau01AntroLGBT.jpg","width":888,"height":500},{"@type":"BreadcrumbList","@id":"https:\/\/canal7slp.tv\/2022\/por-clausura-trabajadores-de-antro-protestaron-fuera-de-la-unidad-administrativa-municipal-uam\/#breadcrumb","itemListElement":[{"@type":"ListItem","position":1,"name":"Portada","item":"https:\/\/canal7slp.tv\/2022\/"},{"@type":"ListItem","position":2,"name":"Por clausura, trabajadores de antro protestaron fuera de la Unidad Administrativa Municipal (UAM)."}]},{"@type":"WebSite","@id":"https:\/\/canal7slp.tv\/2022\/#website","url":"https:\/\/canal7slp.tv\/2022\/","name":"N7 - Noticieros Canal 7","description":"Somos Televisi\u00f3n","publisher":{"@id":"https:\/\/canal7slp.tv\/2022\/#organization"},"potentialAction":[{"@type":"SearchAction","target":{"@type":"EntryPoint","urlTemplate":"https:\/\/canal7slp.tv\/2022\/?s={search_term_string}"},"query-input":{"@type":"PropertyValueSpecification","valueRequired":true,"valueName":"search_term_string"}}],"inLanguage":"es"},{"@type":"Organization","@id":"https:\/\/canal7slp.tv\/2022\/#organization","name":"Noticieros Canal 7","url":"https:\/\/canal7slp.tv\/2022\/","logo":{"@type":"ImageObject","inLanguage":"es","@id":"https:\/\/canal7slp.tv\/2022\/#\/schema\/logo\/image\/","url":"https:\/\/canal7slp.tv\/2022\/wp-content\/uploads\/2021\/01\/logo-noticieros@2x.png","contentUrl":"https:\/\/canal7slp.tv\/2022\/wp-content\/uploads\/2021\/01\/logo-noticieros@2x.png","width":1017,"height":268,"caption":"Noticieros Canal 7"},"image":{"@id":"https:\/\/canal7slp.tv\/2022\/#\/schema\/logo\/image\/"},"sameAs":["https:\/\/www.facebook.com\/noticieroscanalsiete","https:\/\/x.com\/NOTICIEROS7","https:\/\/www.instagram.com\/canal7_slp","https:\/\/www.youtube.com\/channel\/UCliiYs-gP3JfJeqdPrNdd5A"]},{"@type":"Person","@id":"https:\/\/canal7slp.tv\/2022\/#\/schema\/person\/429704152a21f5f856ce29aa69a238da","name":"Edici\u00f3n Web","image":{"@type":"ImageObject","inLanguage":"es","@id":"https:\/\/secure.gravatar.com\/avatar\/eee448fc3f7164808013b816ba91ac7e43bbe82a70bebac296f8bc6f0addaa1a?s=96&d=mm&r=g","url":"https:\/\/secure.gravatar.com\/avatar\/eee448fc3f7164808013b816ba91ac7e43bbe82a70bebac296f8bc6f0addaa1a?s=96&d=mm&r=g","contentUrl":"https:\/\/secure.gravatar.com\/avatar\/eee448fc3f7164808013b816ba91ac7e43bbe82a70bebac296f8bc6f0addaa1a?s=96&d=mm&r=g","caption":"Edici\u00f3n Web"},"url":"https:\/\/canal7slp.tv\/2022\/author\/edicionweb\/"}]}},"amp_enabled":true,"_links":{"self":[{"href":"https:\/\/canal7slp.tv\/2022\/wp-json\/wp\/v2\/posts\/63229","targetHints":{"allow":["GET"]}}],"collection":[{"href":"https:\/\/canal7slp.tv\/2022\/wp-json\/wp\/v2\/posts"}],"about":[{"href":"https:\/\/canal7slp.tv\/2022\/wp-json\/wp\/v2\/types\/post"}],"author":[{"embeddable":true,"href":"https:\/\/canal7slp.tv\/2022\/wp-json\/wp\/v2\/users\/2"}],"replies":[{"embeddable":true,"href":"https:\/\/canal7slp.tv\/2022\/wp-json\/wp\/v2\/comments?post=63229"}],"version-history":[{"count":1,"href":"https:\/\/canal7slp.tv\/2022\/wp-json\/wp\/v2\/posts\/63229\/revisions"}],"predecessor-version":[{"id":63233,"href":"https:\/\/canal7slp.tv\/2022\/wp-json\/wp\/v2\/posts\/63229\/revisions\/63233"}],"wp:featuredmedia":[{"embeddable":true,"href":"https:\/\/canal7slp.tv\/2022\/wp-json\/wp\/v2\/media\/63232"}],"wp:attachment":[{"href":"https:\/\/canal7slp.tv\/2022\/wp-json\/wp\/v2\/media?parent=63229"}],"wp:term":[{"taxonomy":"category","embeddable":true,"href":"https:\/\/canal7slp.tv\/2022\/wp-json\/wp\/v2\/categories?post=63229"},{"taxonomy":"post_tag","embeddable":true,"href":"https:\/\/canal7slp.tv\/2022\/wp-json\/wp\/v2\/tags?post=63229"}],"curies":[{"name":"wp","href":"https:\/\/api.w.org\/{rel}","templated":true}]}}