{"id":63210,"date":"2022-06-10T16:01:11","date_gmt":"2022-06-10T22:01:11","guid":{"rendered":"https:\/\/canal7slp.tv\/2022\/?p=63210"},"modified":"2022-06-10T16:01:11","modified_gmt":"2022-06-10T22:01:11","slug":"siguiente-semana-comienza-aplicacion-de-refuerzo-contra-covid-19-en-mayores-de-18-anos","status":"publish","type":"post","link":"https:\/\/canal7slp.tv\/2022\/siguiente-semana-comienza-aplicacion-de-refuerzo-contra-covid-19-en-mayores-de-18-anos\/","title":{"rendered":"Siguiente semana comienza aplicaci\u00f3n de refuerzo contra COVID-19 en mayores de 18 a\u00f1os."},"content":{"rendered":"<ul>\n<li>Corresponde al biol\u00f3gico Sinovac.<\/li>\n<\/ul>\n<p style=\"text-align: justify;\">SLP.- La delegada del Instituto Mexicano del Seguro Social (IMSS) en San Luis Potos\u00ed, Mar\u00eda del Rosario Rojano, anunci\u00f3 que este pr\u00f3ximo martes 14 de junio se iniciar\u00e1 con la aplicaci\u00f3n de vacunas de refuerzo contra el virus de la covid-19 para personas embarazadas y mayores de 18 a\u00f1os.<\/p>\n<p style=\"text-align: justify;\">Seg\u00fan se refiere, el bi\u00f3logo que se aplicar\u00e1 ser\u00e1 el de Sinovac, y la mencionada jornada de vacunaci\u00f3n estar\u00e1 disponible hasta d\u00eda el viernes 17 de junio en las inmediaciones del Hospital Regional Militar de San Luis Potos\u00ed, donde los interesados deber\u00e1n presentar su hoja de registro ante el portal del Gobierno Federal y CURP actualizada.<\/p>\n<p style=\"text-align: justify;\">\u00abInsistimos que por favor tambi\u00e9n vayan las embarazadas que no se han aplicado dosis o que ya les haga falta un refuerzo, es muy importante para todo el sector salud que la poblaci\u00f3n potosina est\u00e9 vacunada porque de esta manera podremos continuar dando buenas noticias de que est\u00e1 bajando el nivel de contagio\u00bb, dijo.<\/p>\n<p style=\"text-align: justify;\">En ese sentido, se destac\u00f3 la importancia de seguir con las medidas de protecci\u00f3n contra esta enfermedad, sobretodo con la llegada de la temporada de oto\u00f1o e invierno donde otras enfermedades respiratorias tienen un repunte.<\/p>\n<p style=\"text-align: justify;\">\u00abDe alguna u otra manera tenemos ahorita circulando en todo el pa\u00eds las sub variantes de \u00f3micron y debemos de estar protegidos porque en la siguiente temporada empieza el oto\u00f1o y empiezan a aparecer los casos de influenza m\u00e1s vale estar prevenidos y protegidos para que podamos afrontar la temporada de oto\u00f1o e invierno\u00bb, finaliz\u00f3.<\/p>\n<p style=\"text-align: justify;\">Por: Jos\u00e9 Luis V\u00e1zquez<\/p>\n","protected":false},"excerpt":{"rendered":"<p>Corresponde al biol\u00f3gico Sinovac. SLP.- La delegada del Instituto Mexicano del Seguro Social (IMSS) en San Luis Potos\u00ed, Mar\u00eda del Rosario Rojano, anunci\u00f3 que este pr\u00f3ximo martes 14 de junio se iniciar\u00e1 con la aplicaci\u00f3n de vacunas de refuerzo contra el virus de la covid-19 para personas embarazadas y mayores de 18 a\u00f1os. Seg\u00fan se refiere, el bi\u00f3logo que se aplicar\u00e1 ser\u00e1 el de Sinovac, y la mencionada jornada de vacunaci\u00f3n estar\u00e1 disponible hasta d\u00eda el viernes 17 de junio en las inmediaciones del Hospital Regional Militar de San Luis Potos\u00ed, donde los interesados deber\u00e1n presentar su hoja de registro [&hellip;]<\/p>\n","protected":false},"author":2,"featured_media":63227,"comment_status":"closed","ping_status":"closed","sticky":false,"template":"","format":"video","meta":{"footnotes":""},"categories":[4,5,45],"tags":[],"class_list":["post-63210","post","type-post","status-publish","format-video","has-post-thumbnail","hentry","category-covid-19","category-destacadas","category-localesyregionales","post_format-post-format-video","post--single"],"yoast_head":"<!-- This site is optimized with the Yoast SEO plugin v27.4 - https:\/\/yoast.com\/product\/yoast-seo-wordpress\/ -->\n<title>Siguiente semana comienza aplicaci\u00f3n de refuerzo contra COVID-19 en mayores de 18 a\u00f1os. - Canal 7 SLP - 2022<\/title>\n<meta name=\"robots\" content=\"index, follow, max-snippet:-1, max-image-preview:large, max-video-preview:-1\" \/>\n<link rel=\"canonical\" href=\"https:\/\/canal7slp.tv\/2022\/siguiente-semana-comienza-aplicacion-de-refuerzo-contra-covid-19-en-mayores-de-18-anos\/\" \/>\n<meta property=\"og:locale\" content=\"es_ES\" \/>\n<meta property=\"og:type\" content=\"article\" \/>\n<meta property=\"og:title\" content=\"Siguiente semana comienza aplicaci\u00f3n de refuerzo contra COVID-19 en mayores de 18 a\u00f1os. - Canal 7 SLP - 2022\" \/>\n<meta property=\"og:description\" content=\"Corresponde al biol\u00f3gico Sinovac. SLP.- La delegada del Instituto Mexicano del Seguro Social (IMSS) en San Luis Potos\u00ed, Mar\u00eda del Rosario Rojano, anunci\u00f3 que este pr\u00f3ximo martes 14 de junio se iniciar\u00e1 con la aplicaci\u00f3n de vacunas de refuerzo contra el virus de la covid-19 para personas embarazadas y mayores de 18 a\u00f1os. Seg\u00fan se refiere, el bi\u00f3logo que se aplicar\u00e1 ser\u00e1 el de Sinovac, y la mencionada jornada de vacunaci\u00f3n estar\u00e1 disponible hasta d\u00eda el viernes 17 de junio en las inmediaciones del Hospital Regional Militar de San Luis Potos\u00ed, donde los interesados deber\u00e1n presentar su hoja de registro [&hellip;]\" \/>\n<meta property=\"og:url\" content=\"https:\/\/canal7slp.tv\/2022\/siguiente-semana-comienza-aplicacion-de-refuerzo-contra-covid-19-en-mayores-de-18-anos\/\" \/>\n<meta property=\"og:site_name\" content=\"Canal 7 SLP - 2022\" \/>\n<meta property=\"article:publisher\" content=\"https:\/\/www.facebook.com\/noticieroscanalsiete\" \/>\n<meta property=\"article:published_time\" content=\"2022-06-10T22:01:11+00:00\" \/>\n<meta property=\"og:image\" content=\"https:\/\/canal7slp.tv\/2022\/wp-content\/uploads\/2022\/06\/Vazquez04RefuerzoCovid.jpg\" \/>\n\t<meta property=\"og:image:width\" content=\"888\" \/>\n\t<meta property=\"og:image:height\" content=\"500\" \/>\n\t<meta property=\"og:image:type\" content=\"image\/jpeg\" \/>\n<meta name=\"author\" content=\"Edici\u00f3n Web\" \/>\n<meta name=\"twitter:card\" content=\"summary_large_image\" \/>\n<meta name=\"twitter:creator\" content=\"@NOTICIEROS7\" \/>\n<meta name=\"twitter:site\" content=\"@NOTICIEROS7\" \/>\n<meta name=\"twitter:label1\" content=\"Escrito por\" \/>\n\t<meta name=\"twitter:data1\" content=\"Edici\u00f3n Web\" \/>\n\t<meta name=\"twitter:label2\" content=\"Tiempo de lectura\" \/>\n\t<meta name=\"twitter:data2\" content=\"2 minutos\" \/>\n<script type=\"application\/ld+json\" class=\"yoast-schema-graph\">{\"@context\":\"https:\\\/\\\/schema.org\",\"@graph\":[{\"@type\":\"Article\",\"@id\":\"https:\\\/\\\/canal7slp.tv\\\/2022\\\/siguiente-semana-comienza-aplicacion-de-refuerzo-contra-covid-19-en-mayores-de-18-anos\\\/#article\",\"isPartOf\":{\"@id\":\"https:\\\/\\\/canal7slp.tv\\\/2022\\\/siguiente-semana-comienza-aplicacion-de-refuerzo-contra-covid-19-en-mayores-de-18-anos\\\/\"},\"author\":{\"name\":\"Edici\u00f3n Web\",\"@id\":\"https:\\\/\\\/canal7slp.tv\\\/2022\\\/#\\\/schema\\\/person\\\/429704152a21f5f856ce29aa69a238da\"},\"headline\":\"Siguiente semana comienza aplicaci\u00f3n de refuerzo contra COVID-19 en mayores de 18 a\u00f1os.\",\"datePublished\":\"2022-06-10T22:01:11+00:00\",\"mainEntityOfPage\":{\"@id\":\"https:\\\/\\\/canal7slp.tv\\\/2022\\\/siguiente-semana-comienza-aplicacion-de-refuerzo-contra-covid-19-en-mayores-de-18-anos\\\/\"},\"wordCount\":288,\"publisher\":{\"@id\":\"https:\\\/\\\/canal7slp.tv\\\/2022\\\/#organization\"},\"image\":{\"@id\":\"https:\\\/\\\/canal7slp.tv\\\/2022\\\/siguiente-semana-comienza-aplicacion-de-refuerzo-contra-covid-19-en-mayores-de-18-anos\\\/#primaryimage\"},\"thumbnailUrl\":\"https:\\\/\\\/canal7slp.tv\\\/2022\\\/wp-content\\\/uploads\\\/2022\\\/06\\\/Vazquez04RefuerzoCovid.jpg\",\"articleSection\":[\"COVID-19\",\"DESTACADAS\",\"LOCALES Y REGIONALES\"],\"inLanguage\":\"es\"},{\"@type\":\"WebPage\",\"@id\":\"https:\\\/\\\/canal7slp.tv\\\/2022\\\/siguiente-semana-comienza-aplicacion-de-refuerzo-contra-covid-19-en-mayores-de-18-anos\\\/\",\"url\":\"https:\\\/\\\/canal7slp.tv\\\/2022\\\/siguiente-semana-comienza-aplicacion-de-refuerzo-contra-covid-19-en-mayores-de-18-anos\\\/\",\"name\":\"Siguiente semana comienza aplicaci\u00f3n de refuerzo contra COVID-19 en mayores de 18 a\u00f1os. - Canal 7 SLP - 2022\",\"isPartOf\":{\"@id\":\"https:\\\/\\\/canal7slp.tv\\\/2022\\\/#website\"},\"primaryImageOfPage\":{\"@id\":\"https:\\\/\\\/canal7slp.tv\\\/2022\\\/siguiente-semana-comienza-aplicacion-de-refuerzo-contra-covid-19-en-mayores-de-18-anos\\\/#primaryimage\"},\"image\":{\"@id\":\"https:\\\/\\\/canal7slp.tv\\\/2022\\\/siguiente-semana-comienza-aplicacion-de-refuerzo-contra-covid-19-en-mayores-de-18-anos\\\/#primaryimage\"},\"thumbnailUrl\":\"https:\\\/\\\/canal7slp.tv\\\/2022\\\/wp-content\\\/uploads\\\/2022\\\/06\\\/Vazquez04RefuerzoCovid.jpg\",\"datePublished\":\"2022-06-10T22:01:11+00:00\",\"breadcrumb\":{\"@id\":\"https:\\\/\\\/canal7slp.tv\\\/2022\\\/siguiente-semana-comienza-aplicacion-de-refuerzo-contra-covid-19-en-mayores-de-18-anos\\\/#breadcrumb\"},\"inLanguage\":\"es\",\"potentialAction\":[{\"@type\":\"ReadAction\",\"target\":[\"https:\\\/\\\/canal7slp.tv\\\/2022\\\/siguiente-semana-comienza-aplicacion-de-refuerzo-contra-covid-19-en-mayores-de-18-anos\\\/\"]}]},{\"@type\":\"ImageObject\",\"inLanguage\":\"es\",\"@id\":\"https:\\\/\\\/canal7slp.tv\\\/2022\\\/siguiente-semana-comienza-aplicacion-de-refuerzo-contra-covid-19-en-mayores-de-18-anos\\\/#primaryimage\",\"url\":\"https:\\\/\\\/canal7slp.tv\\\/2022\\\/wp-content\\\/uploads\\\/2022\\\/06\\\/Vazquez04RefuerzoCovid.jpg\",\"contentUrl\":\"https:\\\/\\\/canal7slp.tv\\\/2022\\\/wp-content\\\/uploads\\\/2022\\\/06\\\/Vazquez04RefuerzoCovid.jpg\",\"width\":888,\"height\":500},{\"@type\":\"BreadcrumbList\",\"@id\":\"https:\\\/\\\/canal7slp.tv\\\/2022\\\/siguiente-semana-comienza-aplicacion-de-refuerzo-contra-covid-19-en-mayores-de-18-anos\\\/#breadcrumb\",\"itemListElement\":[{\"@type\":\"ListItem\",\"position\":1,\"name\":\"Portada\",\"item\":\"https:\\\/\\\/canal7slp.tv\\\/2022\\\/\"},{\"@type\":\"ListItem\",\"position\":2,\"name\":\"Siguiente semana comienza aplicaci\u00f3n de refuerzo contra COVID-19 en mayores de 18 a\u00f1os.\"}]},{\"@type\":\"WebSite\",\"@id\":\"https:\\\/\\\/canal7slp.tv\\\/2022\\\/#website\",\"url\":\"https:\\\/\\\/canal7slp.tv\\\/2022\\\/\",\"name\":\"N7 - Noticieros Canal 7\",\"description\":\"Somos Televisi\u00f3n\",\"publisher\":{\"@id\":\"https:\\\/\\\/canal7slp.tv\\\/2022\\\/#organization\"},\"potentialAction\":[{\"@type\":\"SearchAction\",\"target\":{\"@type\":\"EntryPoint\",\"urlTemplate\":\"https:\\\/\\\/canal7slp.tv\\\/2022\\\/?s={search_term_string}\"},\"query-input\":{\"@type\":\"PropertyValueSpecification\",\"valueRequired\":true,\"valueName\":\"search_term_string\"}}],\"inLanguage\":\"es\"},{\"@type\":\"Organization\",\"@id\":\"https:\\\/\\\/canal7slp.tv\\\/2022\\\/#organization\",\"name\":\"Noticieros Canal 7\",\"url\":\"https:\\\/\\\/canal7slp.tv\\\/2022\\\/\",\"logo\":{\"@type\":\"ImageObject\",\"inLanguage\":\"es\",\"@id\":\"https:\\\/\\\/canal7slp.tv\\\/2022\\\/#\\\/schema\\\/logo\\\/image\\\/\",\"url\":\"https:\\\/\\\/canal7slp.tv\\\/2022\\\/wp-content\\\/uploads\\\/2021\\\/01\\\/logo-noticieros@2x.png\",\"contentUrl\":\"https:\\\/\\\/canal7slp.tv\\\/2022\\\/wp-content\\\/uploads\\\/2021\\\/01\\\/logo-noticieros@2x.png\",\"width\":1017,\"height\":268,\"caption\":\"Noticieros Canal 7\"},\"image\":{\"@id\":\"https:\\\/\\\/canal7slp.tv\\\/2022\\\/#\\\/schema\\\/logo\\\/image\\\/\"},\"sameAs\":[\"https:\\\/\\\/www.facebook.com\\\/noticieroscanalsiete\",\"https:\\\/\\\/x.com\\\/NOTICIEROS7\",\"https:\\\/\\\/www.instagram.com\\\/canal7_slp\",\"https:\\\/\\\/www.youtube.com\\\/channel\\\/UCliiYs-gP3JfJeqdPrNdd5A\"]},{\"@type\":\"Person\",\"@id\":\"https:\\\/\\\/canal7slp.tv\\\/2022\\\/#\\\/schema\\\/person\\\/429704152a21f5f856ce29aa69a238da\",\"name\":\"Edici\u00f3n Web\",\"image\":{\"@type\":\"ImageObject\",\"inLanguage\":\"es\",\"@id\":\"https:\\\/\\\/secure.gravatar.com\\\/avatar\\\/eee448fc3f7164808013b816ba91ac7e43bbe82a70bebac296f8bc6f0addaa1a?s=96&d=mm&r=g\",\"url\":\"https:\\\/\\\/secure.gravatar.com\\\/avatar\\\/eee448fc3f7164808013b816ba91ac7e43bbe82a70bebac296f8bc6f0addaa1a?s=96&d=mm&r=g\",\"contentUrl\":\"https:\\\/\\\/secure.gravatar.com\\\/avatar\\\/eee448fc3f7164808013b816ba91ac7e43bbe82a70bebac296f8bc6f0addaa1a?s=96&d=mm&r=g\",\"caption\":\"Edici\u00f3n Web\"},\"url\":\"https:\\\/\\\/canal7slp.tv\\\/2022\\\/author\\\/edicionweb\\\/\"}]}<\/script>\n<!-- \/ Yoast SEO plugin. -->","yoast_head_json":{"title":"Siguiente semana comienza aplicaci\u00f3n de refuerzo contra COVID-19 en mayores de 18 a\u00f1os. - Canal 7 SLP - 2022","robots":{"index":"index","follow":"follow","max-snippet":"max-snippet:-1","max-image-preview":"max-image-preview:large","max-video-preview":"max-video-preview:-1"},"canonical":"https:\/\/canal7slp.tv\/2022\/siguiente-semana-comienza-aplicacion-de-refuerzo-contra-covid-19-en-mayores-de-18-anos\/","og_locale":"es_ES","og_type":"article","og_title":"Siguiente semana comienza aplicaci\u00f3n de refuerzo contra COVID-19 en mayores de 18 a\u00f1os. - Canal 7 SLP - 2022","og_description":"Corresponde al biol\u00f3gico Sinovac. SLP.- La delegada del Instituto Mexicano del Seguro Social (IMSS) en San Luis Potos\u00ed, Mar\u00eda del Rosario Rojano, anunci\u00f3 que este pr\u00f3ximo martes 14 de junio se iniciar\u00e1 con la aplicaci\u00f3n de vacunas de refuerzo contra el virus de la covid-19 para personas embarazadas y mayores de 18 a\u00f1os. Seg\u00fan se refiere, el bi\u00f3logo que se aplicar\u00e1 ser\u00e1 el de Sinovac, y la mencionada jornada de vacunaci\u00f3n estar\u00e1 disponible hasta d\u00eda el viernes 17 de junio en las inmediaciones del Hospital Regional Militar de San Luis Potos\u00ed, donde los interesados deber\u00e1n presentar su hoja de registro [&hellip;]","og_url":"https:\/\/canal7slp.tv\/2022\/siguiente-semana-comienza-aplicacion-de-refuerzo-contra-covid-19-en-mayores-de-18-anos\/","og_site_name":"Canal 7 SLP - 2022","article_publisher":"https:\/\/www.facebook.com\/noticieroscanalsiete","article_published_time":"2022-06-10T22:01:11+00:00","og_image":[{"width":888,"height":500,"url":"https:\/\/canal7slp.tv\/2022\/wp-content\/uploads\/2022\/06\/Vazquez04RefuerzoCovid.jpg","type":"image\/jpeg"}],"author":"Edici\u00f3n Web","twitter_card":"summary_large_image","twitter_creator":"@NOTICIEROS7","twitter_site":"@NOTICIEROS7","twitter_misc":{"Escrito por":"Edici\u00f3n Web","Tiempo de lectura":"2 minutos"},"schema":{"@context":"https:\/\/schema.org","@graph":[{"@type":"Article","@id":"https:\/\/canal7slp.tv\/2022\/siguiente-semana-comienza-aplicacion-de-refuerzo-contra-covid-19-en-mayores-de-18-anos\/#article","isPartOf":{"@id":"https:\/\/canal7slp.tv\/2022\/siguiente-semana-comienza-aplicacion-de-refuerzo-contra-covid-19-en-mayores-de-18-anos\/"},"author":{"name":"Edici\u00f3n Web","@id":"https:\/\/canal7slp.tv\/2022\/#\/schema\/person\/429704152a21f5f856ce29aa69a238da"},"headline":"Siguiente semana comienza aplicaci\u00f3n de refuerzo contra COVID-19 en mayores de 18 a\u00f1os.","datePublished":"2022-06-10T22:01:11+00:00","mainEntityOfPage":{"@id":"https:\/\/canal7slp.tv\/2022\/siguiente-semana-comienza-aplicacion-de-refuerzo-contra-covid-19-en-mayores-de-18-anos\/"},"wordCount":288,"publisher":{"@id":"https:\/\/canal7slp.tv\/2022\/#organization"},"image":{"@id":"https:\/\/canal7slp.tv\/2022\/siguiente-semana-comienza-aplicacion-de-refuerzo-contra-covid-19-en-mayores-de-18-anos\/#primaryimage"},"thumbnailUrl":"https:\/\/canal7slp.tv\/2022\/wp-content\/uploads\/2022\/06\/Vazquez04RefuerzoCovid.jpg","articleSection":["COVID-19","DESTACADAS","LOCALES Y REGIONALES"],"inLanguage":"es"},{"@type":"WebPage","@id":"https:\/\/canal7slp.tv\/2022\/siguiente-semana-comienza-aplicacion-de-refuerzo-contra-covid-19-en-mayores-de-18-anos\/","url":"https:\/\/canal7slp.tv\/2022\/siguiente-semana-comienza-aplicacion-de-refuerzo-contra-covid-19-en-mayores-de-18-anos\/","name":"Siguiente semana comienza aplicaci\u00f3n de refuerzo contra COVID-19 en mayores de 18 a\u00f1os. - Canal 7 SLP - 2022","isPartOf":{"@id":"https:\/\/canal7slp.tv\/2022\/#website"},"primaryImageOfPage":{"@id":"https:\/\/canal7slp.tv\/2022\/siguiente-semana-comienza-aplicacion-de-refuerzo-contra-covid-19-en-mayores-de-18-anos\/#primaryimage"},"image":{"@id":"https:\/\/canal7slp.tv\/2022\/siguiente-semana-comienza-aplicacion-de-refuerzo-contra-covid-19-en-mayores-de-18-anos\/#primaryimage"},"thumbnailUrl":"https:\/\/canal7slp.tv\/2022\/wp-content\/uploads\/2022\/06\/Vazquez04RefuerzoCovid.jpg","datePublished":"2022-06-10T22:01:11+00:00","breadcrumb":{"@id":"https:\/\/canal7slp.tv\/2022\/siguiente-semana-comienza-aplicacion-de-refuerzo-contra-covid-19-en-mayores-de-18-anos\/#breadcrumb"},"inLanguage":"es","potentialAction":[{"@type":"ReadAction","target":["https:\/\/canal7slp.tv\/2022\/siguiente-semana-comienza-aplicacion-de-refuerzo-contra-covid-19-en-mayores-de-18-anos\/"]}]},{"@type":"ImageObject","inLanguage":"es","@id":"https:\/\/canal7slp.tv\/2022\/siguiente-semana-comienza-aplicacion-de-refuerzo-contra-covid-19-en-mayores-de-18-anos\/#primaryimage","url":"https:\/\/canal7slp.tv\/2022\/wp-content\/uploads\/2022\/06\/Vazquez04RefuerzoCovid.jpg","contentUrl":"https:\/\/canal7slp.tv\/2022\/wp-content\/uploads\/2022\/06\/Vazquez04RefuerzoCovid.jpg","width":888,"height":500},{"@type":"BreadcrumbList","@id":"https:\/\/canal7slp.tv\/2022\/siguiente-semana-comienza-aplicacion-de-refuerzo-contra-covid-19-en-mayores-de-18-anos\/#breadcrumb","itemListElement":[{"@type":"ListItem","position":1,"name":"Portada","item":"https:\/\/canal7slp.tv\/2022\/"},{"@type":"ListItem","position":2,"name":"Siguiente semana comienza aplicaci\u00f3n de refuerzo contra COVID-19 en mayores de 18 a\u00f1os."}]},{"@type":"WebSite","@id":"https:\/\/canal7slp.tv\/2022\/#website","url":"https:\/\/canal7slp.tv\/2022\/","name":"N7 - Noticieros Canal 7","description":"Somos Televisi\u00f3n","publisher":{"@id":"https:\/\/canal7slp.tv\/2022\/#organization"},"potentialAction":[{"@type":"SearchAction","target":{"@type":"EntryPoint","urlTemplate":"https:\/\/canal7slp.tv\/2022\/?s={search_term_string}"},"query-input":{"@type":"PropertyValueSpecification","valueRequired":true,"valueName":"search_term_string"}}],"inLanguage":"es"},{"@type":"Organization","@id":"https:\/\/canal7slp.tv\/2022\/#organization","name":"Noticieros Canal 7","url":"https:\/\/canal7slp.tv\/2022\/","logo":{"@type":"ImageObject","inLanguage":"es","@id":"https:\/\/canal7slp.tv\/2022\/#\/schema\/logo\/image\/","url":"https:\/\/canal7slp.tv\/2022\/wp-content\/uploads\/2021\/01\/logo-noticieros@2x.png","contentUrl":"https:\/\/canal7slp.tv\/2022\/wp-content\/uploads\/2021\/01\/logo-noticieros@2x.png","width":1017,"height":268,"caption":"Noticieros Canal 7"},"image":{"@id":"https:\/\/canal7slp.tv\/2022\/#\/schema\/logo\/image\/"},"sameAs":["https:\/\/www.facebook.com\/noticieroscanalsiete","https:\/\/x.com\/NOTICIEROS7","https:\/\/www.instagram.com\/canal7_slp","https:\/\/www.youtube.com\/channel\/UCliiYs-gP3JfJeqdPrNdd5A"]},{"@type":"Person","@id":"https:\/\/canal7slp.tv\/2022\/#\/schema\/person\/429704152a21f5f856ce29aa69a238da","name":"Edici\u00f3n Web","image":{"@type":"ImageObject","inLanguage":"es","@id":"https:\/\/secure.gravatar.com\/avatar\/eee448fc3f7164808013b816ba91ac7e43bbe82a70bebac296f8bc6f0addaa1a?s=96&d=mm&r=g","url":"https:\/\/secure.gravatar.com\/avatar\/eee448fc3f7164808013b816ba91ac7e43bbe82a70bebac296f8bc6f0addaa1a?s=96&d=mm&r=g","contentUrl":"https:\/\/secure.gravatar.com\/avatar\/eee448fc3f7164808013b816ba91ac7e43bbe82a70bebac296f8bc6f0addaa1a?s=96&d=mm&r=g","caption":"Edici\u00f3n Web"},"url":"https:\/\/canal7slp.tv\/2022\/author\/edicionweb\/"}]}},"amp_enabled":true,"_links":{"self":[{"href":"https:\/\/canal7slp.tv\/2022\/wp-json\/wp\/v2\/posts\/63210","targetHints":{"allow":["GET"]}}],"collection":[{"href":"https:\/\/canal7slp.tv\/2022\/wp-json\/wp\/v2\/posts"}],"about":[{"href":"https:\/\/canal7slp.tv\/2022\/wp-json\/wp\/v2\/types\/post"}],"author":[{"embeddable":true,"href":"https:\/\/canal7slp.tv\/2022\/wp-json\/wp\/v2\/users\/2"}],"replies":[{"embeddable":true,"href":"https:\/\/canal7slp.tv\/2022\/wp-json\/wp\/v2\/comments?post=63210"}],"version-history":[{"count":4,"href":"https:\/\/canal7slp.tv\/2022\/wp-json\/wp\/v2\/posts\/63210\/revisions"}],"predecessor-version":[{"id":66377,"href":"https:\/\/canal7slp.tv\/2022\/wp-json\/wp\/v2\/posts\/63210\/revisions\/66377"}],"wp:featuredmedia":[{"embeddable":true,"href":"https:\/\/canal7slp.tv\/2022\/wp-json\/wp\/v2\/media\/63227"}],"wp:attachment":[{"href":"https:\/\/canal7slp.tv\/2022\/wp-json\/wp\/v2\/media?parent=63210"}],"wp:term":[{"taxonomy":"category","embeddable":true,"href":"https:\/\/canal7slp.tv\/2022\/wp-json\/wp\/v2\/categories?post=63210"},{"taxonomy":"post_tag","embeddable":true,"href":"https:\/\/canal7slp.tv\/2022\/wp-json\/wp\/v2\/tags?post=63210"}],"curies":[{"name":"wp","href":"https:\/\/api.w.org\/{rel}","templated":true}]}}