{"id":63206,"date":"2022-06-10T15:44:47","date_gmt":"2022-06-10T21:44:47","guid":{"rendered":"https:\/\/canal7slp.tv\/2022\/?p=63206"},"modified":"2022-06-10T15:44:47","modified_gmt":"2022-06-10T21:44:47","slug":"aumentan-65-por-ciento-casos-positivos-a-covid-19","status":"publish","type":"post","link":"https:\/\/canal7slp.tv\/2022\/aumentan-65-por-ciento-casos-positivos-a-covid-19\/","title":{"rendered":"Aumentan 65 por ciento casos positivos a COVID-19."},"content":{"rendered":"<ul>\n<li>A la par escalan hospitalizaciones.<\/li>\n<\/ul>\n<p style=\"text-align: justify;\">SLP.- En rueda de prensa, el titular de los servicios de salud en el estado, Daniel Acosta D\u00edaz de Le\u00f3n, inform\u00f3 que San Luis Potos\u00ed registra un aumento de casos por el virus de la covid-19 en un 65% si se compara con las cifras que se presentaron en la \u00faltima semana.<\/p>\n<p style=\"text-align: justify;\">\u00abSi bien siguen siendo pocos, la tendencia es hacia el aumento y afortunadamente podemos decir que no se ha incrementado el n\u00famero de defunciones. La ciudad capital y Soledad de Graciano S\u00e1nchez siguen siendo los municipios con mayor n\u00famero de casos, sin embargo, es importante resaltar que en la zona Huasteca desde la jurisdicci\u00f3n sanitaria de Ciudad Valles hasta Tamazunchale y Tancanhuitz hab\u00edan estado libres de casos y ahora empieza incrementarse el n\u00famero en esa zona del estado\u00bb, detall\u00f3.<\/p>\n<p style=\"text-align: justify;\">Tambi\u00e9n indic\u00f3 que se empieza a presenta un ligero incremento en el n\u00famero de hospitalizaciones, pero ninguno de los pacientes ha requerido ser intubado o la asistencia ventiladores mec\u00e1nicos.<\/p>\n<p style=\"text-align: justify;\">\u00abA nivel mundial y estatal en las \u00faltimas tres semanas se ha venido presentando un incremento de casos que de acuerdo a lo que reporta la direcci\u00f3n general de epidemiolog\u00eda de nuestra secretar\u00eda de salud al d\u00eda de ayer el aumento es de un 203% y para San Luis reportamos un aumento del 65% de los casos respecto al promedio diario de la \u00faltima semana\u00bb, reiter\u00f3.<\/p>\n<p style=\"text-align: justify;\">Aunado a ello, el funcionario adelant\u00f3 que de ser necesario, se instalar\u00e1n nuevamente los m\u00f3dulos sanitarios para la aplicaci\u00f3n gratuita de pruebas covid.<\/p>\n<p style=\"text-align: justify;\">\u00abEstamos invitando a la poblaci\u00f3n que requiera de las pruebas diagn\u00f3sticas que acuda los centros de salud y en los pr\u00f3ximos d\u00edas de ser necesario implementaremos los centros de toma de muestra para que no nos sorprenda este nuevo brote de la enfermedad\u00bb, dijo.<\/p>\n<p style=\"text-align: justify;\">Acosta D\u00edaz de Le\u00f3n recomend\u00f3 a la poblaci\u00f3n seguir con las medidas de seguridad en salud, como el uso de cubrebocas, para evitar un contagio no solo por coronavirus, sino tambi\u00e9n por otras enfermedades que ya circulan en el pa\u00eds.<\/p>\n<p style=\"text-align: justify;\">\u00abEntender que hay otras enfermedades emergentes como lo es la hepatitis aguda inespec\u00edfica, que no tenemos todav\u00eda una causa bien definida; y la presencia en los medios ya con dos casos detectados de la viruela s\u00edmica que son dos enfermedades que est\u00e1n increment\u00e1ndose en el mundo y tambi\u00e9n en nuestro pa\u00eds\u00bb, termin\u00f3.<\/p>\n<p style=\"text-align: justify;\">Por: Jos\u00e9 Luis V\u00e1zquez<\/p>\n","protected":false},"excerpt":{"rendered":"<p>A la par escalan hospitalizaciones. SLP.- En rueda de prensa, el titular de los servicios de salud en el estado, Daniel Acosta D\u00edaz de Le\u00f3n, inform\u00f3 que San Luis Potos\u00ed registra un aumento de casos por el virus de la covid-19 en un 65% si se compara con las cifras que se presentaron en la \u00faltima semana. \u00abSi bien siguen siendo pocos, la tendencia es hacia el aumento y afortunadamente podemos decir que no se ha incrementado el n\u00famero de defunciones. La ciudad capital y Soledad de Graciano S\u00e1nchez siguen siendo los municipios con mayor n\u00famero de casos, sin embargo, [&hellip;]<\/p>\n","protected":false},"author":2,"featured_media":63221,"comment_status":"closed","ping_status":"closed","sticky":false,"template":"","format":"video","meta":{"footnotes":""},"categories":[4,5,45],"tags":[],"class_list":["post-63206","post","type-post","status-publish","format-video","has-post-thumbnail","hentry","category-covid-19","category-destacadas","category-localesyregionales","post_format-post-format-video","post--single"],"yoast_head":"<!-- This site is optimized with the Yoast SEO plugin v27.4 - https:\/\/yoast.com\/product\/yoast-seo-wordpress\/ -->\n<title>Aumentan 65 por ciento casos positivos a COVID-19. - Canal 7 SLP - 2022<\/title>\n<meta name=\"robots\" content=\"index, follow, max-snippet:-1, max-image-preview:large, max-video-preview:-1\" \/>\n<link rel=\"canonical\" href=\"https:\/\/canal7slp.tv\/2022\/aumentan-65-por-ciento-casos-positivos-a-covid-19\/\" \/>\n<meta property=\"og:locale\" content=\"es_ES\" \/>\n<meta property=\"og:type\" content=\"article\" \/>\n<meta property=\"og:title\" content=\"Aumentan 65 por ciento casos positivos a COVID-19. - Canal 7 SLP - 2022\" \/>\n<meta property=\"og:description\" content=\"A la par escalan hospitalizaciones. SLP.- En rueda de prensa, el titular de los servicios de salud en el estado, Daniel Acosta D\u00edaz de Le\u00f3n, inform\u00f3 que San Luis Potos\u00ed registra un aumento de casos por el virus de la covid-19 en un 65% si se compara con las cifras que se presentaron en la \u00faltima semana. \u00abSi bien siguen siendo pocos, la tendencia es hacia el aumento y afortunadamente podemos decir que no se ha incrementado el n\u00famero de defunciones. La ciudad capital y Soledad de Graciano S\u00e1nchez siguen siendo los municipios con mayor n\u00famero de casos, sin embargo, [&hellip;]\" \/>\n<meta property=\"og:url\" content=\"https:\/\/canal7slp.tv\/2022\/aumentan-65-por-ciento-casos-positivos-a-covid-19\/\" \/>\n<meta property=\"og:site_name\" content=\"Canal 7 SLP - 2022\" \/>\n<meta property=\"article:publisher\" content=\"https:\/\/www.facebook.com\/noticieroscanalsiete\" \/>\n<meta property=\"article:published_time\" content=\"2022-06-10T21:44:47+00:00\" \/>\n<meta property=\"og:image\" content=\"https:\/\/canal7slp.tv\/2022\/wp-content\/uploads\/2022\/06\/Vazquez01AumentoCovid.jpg\" \/>\n\t<meta property=\"og:image:width\" content=\"888\" \/>\n\t<meta property=\"og:image:height\" content=\"500\" \/>\n\t<meta property=\"og:image:type\" content=\"image\/jpeg\" \/>\n<meta name=\"author\" content=\"Edici\u00f3n Web\" \/>\n<meta name=\"twitter:card\" content=\"summary_large_image\" \/>\n<meta name=\"twitter:creator\" content=\"@NOTICIEROS7\" \/>\n<meta name=\"twitter:site\" content=\"@NOTICIEROS7\" \/>\n<meta name=\"twitter:label1\" content=\"Escrito por\" \/>\n\t<meta name=\"twitter:data1\" content=\"Edici\u00f3n Web\" \/>\n\t<meta name=\"twitter:label2\" content=\"Tiempo de lectura\" \/>\n\t<meta name=\"twitter:data2\" content=\"2 minutos\" \/>\n<script type=\"application\/ld+json\" class=\"yoast-schema-graph\">{\"@context\":\"https:\\\/\\\/schema.org\",\"@graph\":[{\"@type\":\"Article\",\"@id\":\"https:\\\/\\\/canal7slp.tv\\\/2022\\\/aumentan-65-por-ciento-casos-positivos-a-covid-19\\\/#article\",\"isPartOf\":{\"@id\":\"https:\\\/\\\/canal7slp.tv\\\/2022\\\/aumentan-65-por-ciento-casos-positivos-a-covid-19\\\/\"},\"author\":{\"name\":\"Edici\u00f3n Web\",\"@id\":\"https:\\\/\\\/canal7slp.tv\\\/2022\\\/#\\\/schema\\\/person\\\/429704152a21f5f856ce29aa69a238da\"},\"headline\":\"Aumentan 65 por ciento casos positivos a COVID-19.\",\"datePublished\":\"2022-06-10T21:44:47+00:00\",\"mainEntityOfPage\":{\"@id\":\"https:\\\/\\\/canal7slp.tv\\\/2022\\\/aumentan-65-por-ciento-casos-positivos-a-covid-19\\\/\"},\"wordCount\":434,\"publisher\":{\"@id\":\"https:\\\/\\\/canal7slp.tv\\\/2022\\\/#organization\"},\"image\":{\"@id\":\"https:\\\/\\\/canal7slp.tv\\\/2022\\\/aumentan-65-por-ciento-casos-positivos-a-covid-19\\\/#primaryimage\"},\"thumbnailUrl\":\"https:\\\/\\\/canal7slp.tv\\\/2022\\\/wp-content\\\/uploads\\\/2022\\\/06\\\/Vazquez01AumentoCovid.jpg\",\"articleSection\":[\"COVID-19\",\"DESTACADAS\",\"LOCALES Y REGIONALES\"],\"inLanguage\":\"es\"},{\"@type\":\"WebPage\",\"@id\":\"https:\\\/\\\/canal7slp.tv\\\/2022\\\/aumentan-65-por-ciento-casos-positivos-a-covid-19\\\/\",\"url\":\"https:\\\/\\\/canal7slp.tv\\\/2022\\\/aumentan-65-por-ciento-casos-positivos-a-covid-19\\\/\",\"name\":\"Aumentan 65 por ciento casos positivos a COVID-19. - Canal 7 SLP - 2022\",\"isPartOf\":{\"@id\":\"https:\\\/\\\/canal7slp.tv\\\/2022\\\/#website\"},\"primaryImageOfPage\":{\"@id\":\"https:\\\/\\\/canal7slp.tv\\\/2022\\\/aumentan-65-por-ciento-casos-positivos-a-covid-19\\\/#primaryimage\"},\"image\":{\"@id\":\"https:\\\/\\\/canal7slp.tv\\\/2022\\\/aumentan-65-por-ciento-casos-positivos-a-covid-19\\\/#primaryimage\"},\"thumbnailUrl\":\"https:\\\/\\\/canal7slp.tv\\\/2022\\\/wp-content\\\/uploads\\\/2022\\\/06\\\/Vazquez01AumentoCovid.jpg\",\"datePublished\":\"2022-06-10T21:44:47+00:00\",\"breadcrumb\":{\"@id\":\"https:\\\/\\\/canal7slp.tv\\\/2022\\\/aumentan-65-por-ciento-casos-positivos-a-covid-19\\\/#breadcrumb\"},\"inLanguage\":\"es\",\"potentialAction\":[{\"@type\":\"ReadAction\",\"target\":[\"https:\\\/\\\/canal7slp.tv\\\/2022\\\/aumentan-65-por-ciento-casos-positivos-a-covid-19\\\/\"]}]},{\"@type\":\"ImageObject\",\"inLanguage\":\"es\",\"@id\":\"https:\\\/\\\/canal7slp.tv\\\/2022\\\/aumentan-65-por-ciento-casos-positivos-a-covid-19\\\/#primaryimage\",\"url\":\"https:\\\/\\\/canal7slp.tv\\\/2022\\\/wp-content\\\/uploads\\\/2022\\\/06\\\/Vazquez01AumentoCovid.jpg\",\"contentUrl\":\"https:\\\/\\\/canal7slp.tv\\\/2022\\\/wp-content\\\/uploads\\\/2022\\\/06\\\/Vazquez01AumentoCovid.jpg\",\"width\":888,\"height\":500},{\"@type\":\"BreadcrumbList\",\"@id\":\"https:\\\/\\\/canal7slp.tv\\\/2022\\\/aumentan-65-por-ciento-casos-positivos-a-covid-19\\\/#breadcrumb\",\"itemListElement\":[{\"@type\":\"ListItem\",\"position\":1,\"name\":\"Portada\",\"item\":\"https:\\\/\\\/canal7slp.tv\\\/2022\\\/\"},{\"@type\":\"ListItem\",\"position\":2,\"name\":\"Aumentan 65 por ciento casos positivos a COVID-19.\"}]},{\"@type\":\"WebSite\",\"@id\":\"https:\\\/\\\/canal7slp.tv\\\/2022\\\/#website\",\"url\":\"https:\\\/\\\/canal7slp.tv\\\/2022\\\/\",\"name\":\"N7 - Noticieros Canal 7\",\"description\":\"Somos Televisi\u00f3n\",\"publisher\":{\"@id\":\"https:\\\/\\\/canal7slp.tv\\\/2022\\\/#organization\"},\"potentialAction\":[{\"@type\":\"SearchAction\",\"target\":{\"@type\":\"EntryPoint\",\"urlTemplate\":\"https:\\\/\\\/canal7slp.tv\\\/2022\\\/?s={search_term_string}\"},\"query-input\":{\"@type\":\"PropertyValueSpecification\",\"valueRequired\":true,\"valueName\":\"search_term_string\"}}],\"inLanguage\":\"es\"},{\"@type\":\"Organization\",\"@id\":\"https:\\\/\\\/canal7slp.tv\\\/2022\\\/#organization\",\"name\":\"Noticieros Canal 7\",\"url\":\"https:\\\/\\\/canal7slp.tv\\\/2022\\\/\",\"logo\":{\"@type\":\"ImageObject\",\"inLanguage\":\"es\",\"@id\":\"https:\\\/\\\/canal7slp.tv\\\/2022\\\/#\\\/schema\\\/logo\\\/image\\\/\",\"url\":\"https:\\\/\\\/canal7slp.tv\\\/2022\\\/wp-content\\\/uploads\\\/2021\\\/01\\\/logo-noticieros@2x.png\",\"contentUrl\":\"https:\\\/\\\/canal7slp.tv\\\/2022\\\/wp-content\\\/uploads\\\/2021\\\/01\\\/logo-noticieros@2x.png\",\"width\":1017,\"height\":268,\"caption\":\"Noticieros Canal 7\"},\"image\":{\"@id\":\"https:\\\/\\\/canal7slp.tv\\\/2022\\\/#\\\/schema\\\/logo\\\/image\\\/\"},\"sameAs\":[\"https:\\\/\\\/www.facebook.com\\\/noticieroscanalsiete\",\"https:\\\/\\\/x.com\\\/NOTICIEROS7\",\"https:\\\/\\\/www.instagram.com\\\/canal7_slp\",\"https:\\\/\\\/www.youtube.com\\\/channel\\\/UCliiYs-gP3JfJeqdPrNdd5A\"]},{\"@type\":\"Person\",\"@id\":\"https:\\\/\\\/canal7slp.tv\\\/2022\\\/#\\\/schema\\\/person\\\/429704152a21f5f856ce29aa69a238da\",\"name\":\"Edici\u00f3n Web\",\"image\":{\"@type\":\"ImageObject\",\"inLanguage\":\"es\",\"@id\":\"https:\\\/\\\/secure.gravatar.com\\\/avatar\\\/eee448fc3f7164808013b816ba91ac7e43bbe82a70bebac296f8bc6f0addaa1a?s=96&d=mm&r=g\",\"url\":\"https:\\\/\\\/secure.gravatar.com\\\/avatar\\\/eee448fc3f7164808013b816ba91ac7e43bbe82a70bebac296f8bc6f0addaa1a?s=96&d=mm&r=g\",\"contentUrl\":\"https:\\\/\\\/secure.gravatar.com\\\/avatar\\\/eee448fc3f7164808013b816ba91ac7e43bbe82a70bebac296f8bc6f0addaa1a?s=96&d=mm&r=g\",\"caption\":\"Edici\u00f3n Web\"},\"url\":\"https:\\\/\\\/canal7slp.tv\\\/2022\\\/author\\\/edicionweb\\\/\"}]}<\/script>\n<!-- \/ Yoast SEO plugin. -->","yoast_head_json":{"title":"Aumentan 65 por ciento casos positivos a COVID-19. - Canal 7 SLP - 2022","robots":{"index":"index","follow":"follow","max-snippet":"max-snippet:-1","max-image-preview":"max-image-preview:large","max-video-preview":"max-video-preview:-1"},"canonical":"https:\/\/canal7slp.tv\/2022\/aumentan-65-por-ciento-casos-positivos-a-covid-19\/","og_locale":"es_ES","og_type":"article","og_title":"Aumentan 65 por ciento casos positivos a COVID-19. - Canal 7 SLP - 2022","og_description":"A la par escalan hospitalizaciones. SLP.- En rueda de prensa, el titular de los servicios de salud en el estado, Daniel Acosta D\u00edaz de Le\u00f3n, inform\u00f3 que San Luis Potos\u00ed registra un aumento de casos por el virus de la covid-19 en un 65% si se compara con las cifras que se presentaron en la \u00faltima semana. \u00abSi bien siguen siendo pocos, la tendencia es hacia el aumento y afortunadamente podemos decir que no se ha incrementado el n\u00famero de defunciones. La ciudad capital y Soledad de Graciano S\u00e1nchez siguen siendo los municipios con mayor n\u00famero de casos, sin embargo, [&hellip;]","og_url":"https:\/\/canal7slp.tv\/2022\/aumentan-65-por-ciento-casos-positivos-a-covid-19\/","og_site_name":"Canal 7 SLP - 2022","article_publisher":"https:\/\/www.facebook.com\/noticieroscanalsiete","article_published_time":"2022-06-10T21:44:47+00:00","og_image":[{"width":888,"height":500,"url":"https:\/\/canal7slp.tv\/2022\/wp-content\/uploads\/2022\/06\/Vazquez01AumentoCovid.jpg","type":"image\/jpeg"}],"author":"Edici\u00f3n Web","twitter_card":"summary_large_image","twitter_creator":"@NOTICIEROS7","twitter_site":"@NOTICIEROS7","twitter_misc":{"Escrito por":"Edici\u00f3n Web","Tiempo de lectura":"2 minutos"},"schema":{"@context":"https:\/\/schema.org","@graph":[{"@type":"Article","@id":"https:\/\/canal7slp.tv\/2022\/aumentan-65-por-ciento-casos-positivos-a-covid-19\/#article","isPartOf":{"@id":"https:\/\/canal7slp.tv\/2022\/aumentan-65-por-ciento-casos-positivos-a-covid-19\/"},"author":{"name":"Edici\u00f3n Web","@id":"https:\/\/canal7slp.tv\/2022\/#\/schema\/person\/429704152a21f5f856ce29aa69a238da"},"headline":"Aumentan 65 por ciento casos positivos a COVID-19.","datePublished":"2022-06-10T21:44:47+00:00","mainEntityOfPage":{"@id":"https:\/\/canal7slp.tv\/2022\/aumentan-65-por-ciento-casos-positivos-a-covid-19\/"},"wordCount":434,"publisher":{"@id":"https:\/\/canal7slp.tv\/2022\/#organization"},"image":{"@id":"https:\/\/canal7slp.tv\/2022\/aumentan-65-por-ciento-casos-positivos-a-covid-19\/#primaryimage"},"thumbnailUrl":"https:\/\/canal7slp.tv\/2022\/wp-content\/uploads\/2022\/06\/Vazquez01AumentoCovid.jpg","articleSection":["COVID-19","DESTACADAS","LOCALES Y REGIONALES"],"inLanguage":"es"},{"@type":"WebPage","@id":"https:\/\/canal7slp.tv\/2022\/aumentan-65-por-ciento-casos-positivos-a-covid-19\/","url":"https:\/\/canal7slp.tv\/2022\/aumentan-65-por-ciento-casos-positivos-a-covid-19\/","name":"Aumentan 65 por ciento casos positivos a COVID-19. - Canal 7 SLP - 2022","isPartOf":{"@id":"https:\/\/canal7slp.tv\/2022\/#website"},"primaryImageOfPage":{"@id":"https:\/\/canal7slp.tv\/2022\/aumentan-65-por-ciento-casos-positivos-a-covid-19\/#primaryimage"},"image":{"@id":"https:\/\/canal7slp.tv\/2022\/aumentan-65-por-ciento-casos-positivos-a-covid-19\/#primaryimage"},"thumbnailUrl":"https:\/\/canal7slp.tv\/2022\/wp-content\/uploads\/2022\/06\/Vazquez01AumentoCovid.jpg","datePublished":"2022-06-10T21:44:47+00:00","breadcrumb":{"@id":"https:\/\/canal7slp.tv\/2022\/aumentan-65-por-ciento-casos-positivos-a-covid-19\/#breadcrumb"},"inLanguage":"es","potentialAction":[{"@type":"ReadAction","target":["https:\/\/canal7slp.tv\/2022\/aumentan-65-por-ciento-casos-positivos-a-covid-19\/"]}]},{"@type":"ImageObject","inLanguage":"es","@id":"https:\/\/canal7slp.tv\/2022\/aumentan-65-por-ciento-casos-positivos-a-covid-19\/#primaryimage","url":"https:\/\/canal7slp.tv\/2022\/wp-content\/uploads\/2022\/06\/Vazquez01AumentoCovid.jpg","contentUrl":"https:\/\/canal7slp.tv\/2022\/wp-content\/uploads\/2022\/06\/Vazquez01AumentoCovid.jpg","width":888,"height":500},{"@type":"BreadcrumbList","@id":"https:\/\/canal7slp.tv\/2022\/aumentan-65-por-ciento-casos-positivos-a-covid-19\/#breadcrumb","itemListElement":[{"@type":"ListItem","position":1,"name":"Portada","item":"https:\/\/canal7slp.tv\/2022\/"},{"@type":"ListItem","position":2,"name":"Aumentan 65 por ciento casos positivos a COVID-19."}]},{"@type":"WebSite","@id":"https:\/\/canal7slp.tv\/2022\/#website","url":"https:\/\/canal7slp.tv\/2022\/","name":"N7 - Noticieros Canal 7","description":"Somos Televisi\u00f3n","publisher":{"@id":"https:\/\/canal7slp.tv\/2022\/#organization"},"potentialAction":[{"@type":"SearchAction","target":{"@type":"EntryPoint","urlTemplate":"https:\/\/canal7slp.tv\/2022\/?s={search_term_string}"},"query-input":{"@type":"PropertyValueSpecification","valueRequired":true,"valueName":"search_term_string"}}],"inLanguage":"es"},{"@type":"Organization","@id":"https:\/\/canal7slp.tv\/2022\/#organization","name":"Noticieros Canal 7","url":"https:\/\/canal7slp.tv\/2022\/","logo":{"@type":"ImageObject","inLanguage":"es","@id":"https:\/\/canal7slp.tv\/2022\/#\/schema\/logo\/image\/","url":"https:\/\/canal7slp.tv\/2022\/wp-content\/uploads\/2021\/01\/logo-noticieros@2x.png","contentUrl":"https:\/\/canal7slp.tv\/2022\/wp-content\/uploads\/2021\/01\/logo-noticieros@2x.png","width":1017,"height":268,"caption":"Noticieros Canal 7"},"image":{"@id":"https:\/\/canal7slp.tv\/2022\/#\/schema\/logo\/image\/"},"sameAs":["https:\/\/www.facebook.com\/noticieroscanalsiete","https:\/\/x.com\/NOTICIEROS7","https:\/\/www.instagram.com\/canal7_slp","https:\/\/www.youtube.com\/channel\/UCliiYs-gP3JfJeqdPrNdd5A"]},{"@type":"Person","@id":"https:\/\/canal7slp.tv\/2022\/#\/schema\/person\/429704152a21f5f856ce29aa69a238da","name":"Edici\u00f3n Web","image":{"@type":"ImageObject","inLanguage":"es","@id":"https:\/\/secure.gravatar.com\/avatar\/eee448fc3f7164808013b816ba91ac7e43bbe82a70bebac296f8bc6f0addaa1a?s=96&d=mm&r=g","url":"https:\/\/secure.gravatar.com\/avatar\/eee448fc3f7164808013b816ba91ac7e43bbe82a70bebac296f8bc6f0addaa1a?s=96&d=mm&r=g","contentUrl":"https:\/\/secure.gravatar.com\/avatar\/eee448fc3f7164808013b816ba91ac7e43bbe82a70bebac296f8bc6f0addaa1a?s=96&d=mm&r=g","caption":"Edici\u00f3n Web"},"url":"https:\/\/canal7slp.tv\/2022\/author\/edicionweb\/"}]}},"amp_enabled":true,"_links":{"self":[{"href":"https:\/\/canal7slp.tv\/2022\/wp-json\/wp\/v2\/posts\/63206","targetHints":{"allow":["GET"]}}],"collection":[{"href":"https:\/\/canal7slp.tv\/2022\/wp-json\/wp\/v2\/posts"}],"about":[{"href":"https:\/\/canal7slp.tv\/2022\/wp-json\/wp\/v2\/types\/post"}],"author":[{"embeddable":true,"href":"https:\/\/canal7slp.tv\/2022\/wp-json\/wp\/v2\/users\/2"}],"replies":[{"embeddable":true,"href":"https:\/\/canal7slp.tv\/2022\/wp-json\/wp\/v2\/comments?post=63206"}],"version-history":[{"count":3,"href":"https:\/\/canal7slp.tv\/2022\/wp-json\/wp\/v2\/posts\/63206\/revisions"}],"predecessor-version":[{"id":63222,"href":"https:\/\/canal7slp.tv\/2022\/wp-json\/wp\/v2\/posts\/63206\/revisions\/63222"}],"wp:featuredmedia":[{"embeddable":true,"href":"https:\/\/canal7slp.tv\/2022\/wp-json\/wp\/v2\/media\/63221"}],"wp:attachment":[{"href":"https:\/\/canal7slp.tv\/2022\/wp-json\/wp\/v2\/media?parent=63206"}],"wp:term":[{"taxonomy":"category","embeddable":true,"href":"https:\/\/canal7slp.tv\/2022\/wp-json\/wp\/v2\/categories?post=63206"},{"taxonomy":"post_tag","embeddable":true,"href":"https:\/\/canal7slp.tv\/2022\/wp-json\/wp\/v2\/tags?post=63206"}],"curies":[{"name":"wp","href":"https:\/\/api.w.org\/{rel}","templated":true}]}}