{"id":63170,"date":"2022-06-10T14:34:49","date_gmt":"2022-06-10T20:34:49","guid":{"rendered":"https:\/\/canal7slp.tv\/2022\/?p=63170"},"modified":"2022-06-10T14:34:49","modified_gmt":"2022-06-10T20:34:49","slug":"federacion-anuncia-compra-de-empresa-de-telecomunicaciones","status":"publish","type":"post","link":"https:\/\/canal7slp.tv\/2022\/federacion-anuncia-compra-de-empresa-de-telecomunicaciones\/","title":{"rendered":"Federaci\u00f3n anuncia compra de empresa de telecomunicaciones"},"content":{"rendered":"<p style=\"text-align: justify;\">M\u00e9xico.- El presidente Andr\u00e9s Manuel L\u00f3pez Obrador, dio a conocer que el 9 de junio se firm\u00f3 un acuerdo a fin de adquirir la mayor parte de las acciones de Alt\u00e1n, empresa de telecomunicaciones encargadas del proyecto de Red Compartida, la cual se encontraba en quiebra.<\/p>\n<p style=\"text-align: justify;\">Durante \u201cLa Ma\u00f1anera\u201d, el mandatario puntualiz\u00f3 que la Secretar\u00eda de Hacienda dar\u00e1 a conocer los detalles de la operaci\u00f3n.<\/p>\n<p style=\"text-align: justify;\">\u201cEstaba en un problema financiero la empresa Alt\u00e1n que se les dio una concesi\u00f3n el sexenio pasado y tiene la red de fibra \u00f3ptica que tiene para dar servicios de Internet, incluso tiene red que utilizan empresas particulares, estaba en quiebra, les entregaron cr\u00e9ditos de Nacional Financiera el sexenio pasado y tomamos la decisi\u00f3n de aportar un recurso y ya esa empresa que va a permitirnos que haya Internet en todos los pueblos ya es de la naci\u00f3n\u201d, declar\u00f3.<\/p>\n","protected":false},"excerpt":{"rendered":"<p>M\u00e9xico.- El presidente Andr\u00e9s Manuel L\u00f3pez Obrador, dio a conocer que el 9 de junio se firm\u00f3 un acuerdo a fin de adquirir la mayor parte de las acciones de Alt\u00e1n, empresa de telecomunicaciones encargadas del proyecto de Red Compartida, la cual se encontraba en quiebra. Durante \u201cLa Ma\u00f1anera\u201d, el mandatario puntualiz\u00f3 que la Secretar\u00eda de Hacienda dar\u00e1 a conocer los detalles de la operaci\u00f3n. \u201cEstaba en un problema financiero la empresa Alt\u00e1n que se les dio una concesi\u00f3n el sexenio pasado y tiene la red de fibra \u00f3ptica que tiene para dar servicios de Internet, incluso tiene red que [&hellip;]<\/p>\n","protected":false},"author":2,"featured_media":63184,"comment_status":"closed","ping_status":"closed","sticky":false,"template":"","format":"standard","meta":{"footnotes":""},"categories":[40,46],"tags":[],"class_list":["post-63170","post","type-post","status-publish","format-standard","has-post-thumbnail","hentry","category-economia","category-nacional","post--single"],"yoast_head":"<!-- This site is optimized with the Yoast SEO plugin v27.5 - https:\/\/yoast.com\/product\/yoast-seo-wordpress\/ -->\n<title>Federaci\u00f3n anuncia compra de empresa de telecomunicaciones - Canal 7 SLP - 2022<\/title>\n<meta name=\"robots\" content=\"index, follow, max-snippet:-1, max-image-preview:large, max-video-preview:-1\" \/>\n<link rel=\"canonical\" href=\"https:\/\/canal7slp.tv\/2022\/federacion-anuncia-compra-de-empresa-de-telecomunicaciones\/\" \/>\n<meta property=\"og:locale\" content=\"es_ES\" \/>\n<meta property=\"og:type\" content=\"article\" \/>\n<meta property=\"og:title\" content=\"Federaci\u00f3n anuncia compra de empresa de telecomunicaciones - Canal 7 SLP - 2022\" \/>\n<meta property=\"og:description\" content=\"M\u00e9xico.- El presidente Andr\u00e9s Manuel L\u00f3pez Obrador, dio a conocer que el 9 de junio se firm\u00f3 un acuerdo a fin de adquirir la mayor parte de las acciones de Alt\u00e1n, empresa de telecomunicaciones encargadas del proyecto de Red Compartida, la cual se encontraba en quiebra. Durante \u201cLa Ma\u00f1anera\u201d, el mandatario puntualiz\u00f3 que la Secretar\u00eda de Hacienda dar\u00e1 a conocer los detalles de la operaci\u00f3n. \u201cEstaba en un problema financiero la empresa Alt\u00e1n que se les dio una concesi\u00f3n el sexenio pasado y tiene la red de fibra \u00f3ptica que tiene para dar servicios de Internet, incluso tiene red que [&hellip;]\" \/>\n<meta property=\"og:url\" content=\"https:\/\/canal7slp.tv\/2022\/federacion-anuncia-compra-de-empresa-de-telecomunicaciones\/\" \/>\n<meta property=\"og:site_name\" content=\"Canal 7 SLP - 2022\" \/>\n<meta property=\"article:publisher\" content=\"https:\/\/www.facebook.com\/noticieroscanalsiete\" \/>\n<meta property=\"article:published_time\" content=\"2022-06-10T20:34:49+00:00\" \/>\n<meta property=\"og:image\" content=\"https:\/\/canal7slp.tv\/2022\/wp-content\/uploads\/2022\/06\/04.png\" \/>\n\t<meta property=\"og:image:width\" content=\"500\" \/>\n\t<meta property=\"og:image:height\" content=\"350\" \/>\n\t<meta property=\"og:image:type\" content=\"image\/png\" \/>\n<meta name=\"author\" content=\"Edici\u00f3n Web\" \/>\n<meta name=\"twitter:card\" content=\"summary_large_image\" \/>\n<meta name=\"twitter:creator\" content=\"@NOTICIEROS7\" \/>\n<meta name=\"twitter:site\" content=\"@NOTICIEROS7\" \/>\n<meta name=\"twitter:label1\" content=\"Escrito por\" \/>\n\t<meta name=\"twitter:data1\" content=\"Edici\u00f3n Web\" \/>\n\t<meta name=\"twitter:label2\" content=\"Tiempo de lectura\" \/>\n\t<meta name=\"twitter:data2\" content=\"1 minuto\" \/>\n<script type=\"application\/ld+json\" class=\"yoast-schema-graph\">{\"@context\":\"https:\\\/\\\/schema.org\",\"@graph\":[{\"@type\":\"Article\",\"@id\":\"https:\\\/\\\/canal7slp.tv\\\/2022\\\/federacion-anuncia-compra-de-empresa-de-telecomunicaciones\\\/#article\",\"isPartOf\":{\"@id\":\"https:\\\/\\\/canal7slp.tv\\\/2022\\\/federacion-anuncia-compra-de-empresa-de-telecomunicaciones\\\/\"},\"author\":{\"name\":\"Edici\u00f3n Web\",\"@id\":\"https:\\\/\\\/canal7slp.tv\\\/2022\\\/#\\\/schema\\\/person\\\/429704152a21f5f856ce29aa69a238da\"},\"headline\":\"Federaci\u00f3n anuncia compra de empresa de telecomunicaciones\",\"datePublished\":\"2022-06-10T20:34:49+00:00\",\"mainEntityOfPage\":{\"@id\":\"https:\\\/\\\/canal7slp.tv\\\/2022\\\/federacion-anuncia-compra-de-empresa-de-telecomunicaciones\\\/\"},\"wordCount\":164,\"publisher\":{\"@id\":\"https:\\\/\\\/canal7slp.tv\\\/2022\\\/#organization\"},\"image\":{\"@id\":\"https:\\\/\\\/canal7slp.tv\\\/2022\\\/federacion-anuncia-compra-de-empresa-de-telecomunicaciones\\\/#primaryimage\"},\"thumbnailUrl\":\"https:\\\/\\\/canal7slp.tv\\\/2022\\\/wp-content\\\/uploads\\\/2022\\\/06\\\/04.png\",\"articleSection\":[\"ECONOM\u00cdA\",\"NACIONALES\"],\"inLanguage\":\"es\"},{\"@type\":\"WebPage\",\"@id\":\"https:\\\/\\\/canal7slp.tv\\\/2022\\\/federacion-anuncia-compra-de-empresa-de-telecomunicaciones\\\/\",\"url\":\"https:\\\/\\\/canal7slp.tv\\\/2022\\\/federacion-anuncia-compra-de-empresa-de-telecomunicaciones\\\/\",\"name\":\"Federaci\u00f3n anuncia compra de empresa de telecomunicaciones - Canal 7 SLP - 2022\",\"isPartOf\":{\"@id\":\"https:\\\/\\\/canal7slp.tv\\\/2022\\\/#website\"},\"primaryImageOfPage\":{\"@id\":\"https:\\\/\\\/canal7slp.tv\\\/2022\\\/federacion-anuncia-compra-de-empresa-de-telecomunicaciones\\\/#primaryimage\"},\"image\":{\"@id\":\"https:\\\/\\\/canal7slp.tv\\\/2022\\\/federacion-anuncia-compra-de-empresa-de-telecomunicaciones\\\/#primaryimage\"},\"thumbnailUrl\":\"https:\\\/\\\/canal7slp.tv\\\/2022\\\/wp-content\\\/uploads\\\/2022\\\/06\\\/04.png\",\"datePublished\":\"2022-06-10T20:34:49+00:00\",\"breadcrumb\":{\"@id\":\"https:\\\/\\\/canal7slp.tv\\\/2022\\\/federacion-anuncia-compra-de-empresa-de-telecomunicaciones\\\/#breadcrumb\"},\"inLanguage\":\"es\",\"potentialAction\":[{\"@type\":\"ReadAction\",\"target\":[\"https:\\\/\\\/canal7slp.tv\\\/2022\\\/federacion-anuncia-compra-de-empresa-de-telecomunicaciones\\\/\"]}]},{\"@type\":\"ImageObject\",\"inLanguage\":\"es\",\"@id\":\"https:\\\/\\\/canal7slp.tv\\\/2022\\\/federacion-anuncia-compra-de-empresa-de-telecomunicaciones\\\/#primaryimage\",\"url\":\"https:\\\/\\\/canal7slp.tv\\\/2022\\\/wp-content\\\/uploads\\\/2022\\\/06\\\/04.png\",\"contentUrl\":\"https:\\\/\\\/canal7slp.tv\\\/2022\\\/wp-content\\\/uploads\\\/2022\\\/06\\\/04.png\",\"width\":500,\"height\":350},{\"@type\":\"BreadcrumbList\",\"@id\":\"https:\\\/\\\/canal7slp.tv\\\/2022\\\/federacion-anuncia-compra-de-empresa-de-telecomunicaciones\\\/#breadcrumb\",\"itemListElement\":[{\"@type\":\"ListItem\",\"position\":1,\"name\":\"Portada\",\"item\":\"https:\\\/\\\/canal7slp.tv\\\/2022\\\/\"},{\"@type\":\"ListItem\",\"position\":2,\"name\":\"Federaci\u00f3n anuncia compra de empresa de telecomunicaciones\"}]},{\"@type\":\"WebSite\",\"@id\":\"https:\\\/\\\/canal7slp.tv\\\/2022\\\/#website\",\"url\":\"https:\\\/\\\/canal7slp.tv\\\/2022\\\/\",\"name\":\"N7 - Noticieros Canal 7\",\"description\":\"Somos Televisi\u00f3n\",\"publisher\":{\"@id\":\"https:\\\/\\\/canal7slp.tv\\\/2022\\\/#organization\"},\"potentialAction\":[{\"@type\":\"SearchAction\",\"target\":{\"@type\":\"EntryPoint\",\"urlTemplate\":\"https:\\\/\\\/canal7slp.tv\\\/2022\\\/?s={search_term_string}\"},\"query-input\":{\"@type\":\"PropertyValueSpecification\",\"valueRequired\":true,\"valueName\":\"search_term_string\"}}],\"inLanguage\":\"es\"},{\"@type\":\"Organization\",\"@id\":\"https:\\\/\\\/canal7slp.tv\\\/2022\\\/#organization\",\"name\":\"Noticieros Canal 7\",\"url\":\"https:\\\/\\\/canal7slp.tv\\\/2022\\\/\",\"logo\":{\"@type\":\"ImageObject\",\"inLanguage\":\"es\",\"@id\":\"https:\\\/\\\/canal7slp.tv\\\/2022\\\/#\\\/schema\\\/logo\\\/image\\\/\",\"url\":\"https:\\\/\\\/canal7slp.tv\\\/2022\\\/wp-content\\\/uploads\\\/2021\\\/01\\\/logo-noticieros@2x.png\",\"contentUrl\":\"https:\\\/\\\/canal7slp.tv\\\/2022\\\/wp-content\\\/uploads\\\/2021\\\/01\\\/logo-noticieros@2x.png\",\"width\":1017,\"height\":268,\"caption\":\"Noticieros Canal 7\"},\"image\":{\"@id\":\"https:\\\/\\\/canal7slp.tv\\\/2022\\\/#\\\/schema\\\/logo\\\/image\\\/\"},\"sameAs\":[\"https:\\\/\\\/www.facebook.com\\\/noticieroscanalsiete\",\"https:\\\/\\\/x.com\\\/NOTICIEROS7\",\"https:\\\/\\\/www.instagram.com\\\/canal7_slp\",\"https:\\\/\\\/www.youtube.com\\\/channel\\\/UCliiYs-gP3JfJeqdPrNdd5A\"]},{\"@type\":\"Person\",\"@id\":\"https:\\\/\\\/canal7slp.tv\\\/2022\\\/#\\\/schema\\\/person\\\/429704152a21f5f856ce29aa69a238da\",\"name\":\"Edici\u00f3n Web\",\"image\":{\"@type\":\"ImageObject\",\"inLanguage\":\"es\",\"@id\":\"https:\\\/\\\/secure.gravatar.com\\\/avatar\\\/eee448fc3f7164808013b816ba91ac7e43bbe82a70bebac296f8bc6f0addaa1a?s=96&d=mm&r=g\",\"url\":\"https:\\\/\\\/secure.gravatar.com\\\/avatar\\\/eee448fc3f7164808013b816ba91ac7e43bbe82a70bebac296f8bc6f0addaa1a?s=96&d=mm&r=g\",\"contentUrl\":\"https:\\\/\\\/secure.gravatar.com\\\/avatar\\\/eee448fc3f7164808013b816ba91ac7e43bbe82a70bebac296f8bc6f0addaa1a?s=96&d=mm&r=g\",\"caption\":\"Edici\u00f3n Web\"},\"url\":\"https:\\\/\\\/canal7slp.tv\\\/2022\\\/author\\\/edicionweb\\\/\"}]}<\/script>\n<!-- \/ Yoast SEO plugin. -->","yoast_head_json":{"title":"Federaci\u00f3n anuncia compra de empresa de telecomunicaciones - Canal 7 SLP - 2022","robots":{"index":"index","follow":"follow","max-snippet":"max-snippet:-1","max-image-preview":"max-image-preview:large","max-video-preview":"max-video-preview:-1"},"canonical":"https:\/\/canal7slp.tv\/2022\/federacion-anuncia-compra-de-empresa-de-telecomunicaciones\/","og_locale":"es_ES","og_type":"article","og_title":"Federaci\u00f3n anuncia compra de empresa de telecomunicaciones - Canal 7 SLP - 2022","og_description":"M\u00e9xico.- El presidente Andr\u00e9s Manuel L\u00f3pez Obrador, dio a conocer que el 9 de junio se firm\u00f3 un acuerdo a fin de adquirir la mayor parte de las acciones de Alt\u00e1n, empresa de telecomunicaciones encargadas del proyecto de Red Compartida, la cual se encontraba en quiebra. Durante \u201cLa Ma\u00f1anera\u201d, el mandatario puntualiz\u00f3 que la Secretar\u00eda de Hacienda dar\u00e1 a conocer los detalles de la operaci\u00f3n. \u201cEstaba en un problema financiero la empresa Alt\u00e1n que se les dio una concesi\u00f3n el sexenio pasado y tiene la red de fibra \u00f3ptica que tiene para dar servicios de Internet, incluso tiene red que [&hellip;]","og_url":"https:\/\/canal7slp.tv\/2022\/federacion-anuncia-compra-de-empresa-de-telecomunicaciones\/","og_site_name":"Canal 7 SLP - 2022","article_publisher":"https:\/\/www.facebook.com\/noticieroscanalsiete","article_published_time":"2022-06-10T20:34:49+00:00","og_image":[{"width":500,"height":350,"url":"https:\/\/canal7slp.tv\/2022\/wp-content\/uploads\/2022\/06\/04.png","type":"image\/png"}],"author":"Edici\u00f3n Web","twitter_card":"summary_large_image","twitter_creator":"@NOTICIEROS7","twitter_site":"@NOTICIEROS7","twitter_misc":{"Escrito por":"Edici\u00f3n Web","Tiempo de lectura":"1 minuto"},"schema":{"@context":"https:\/\/schema.org","@graph":[{"@type":"Article","@id":"https:\/\/canal7slp.tv\/2022\/federacion-anuncia-compra-de-empresa-de-telecomunicaciones\/#article","isPartOf":{"@id":"https:\/\/canal7slp.tv\/2022\/federacion-anuncia-compra-de-empresa-de-telecomunicaciones\/"},"author":{"name":"Edici\u00f3n Web","@id":"https:\/\/canal7slp.tv\/2022\/#\/schema\/person\/429704152a21f5f856ce29aa69a238da"},"headline":"Federaci\u00f3n anuncia compra de empresa de telecomunicaciones","datePublished":"2022-06-10T20:34:49+00:00","mainEntityOfPage":{"@id":"https:\/\/canal7slp.tv\/2022\/federacion-anuncia-compra-de-empresa-de-telecomunicaciones\/"},"wordCount":164,"publisher":{"@id":"https:\/\/canal7slp.tv\/2022\/#organization"},"image":{"@id":"https:\/\/canal7slp.tv\/2022\/federacion-anuncia-compra-de-empresa-de-telecomunicaciones\/#primaryimage"},"thumbnailUrl":"https:\/\/canal7slp.tv\/2022\/wp-content\/uploads\/2022\/06\/04.png","articleSection":["ECONOM\u00cdA","NACIONALES"],"inLanguage":"es"},{"@type":"WebPage","@id":"https:\/\/canal7slp.tv\/2022\/federacion-anuncia-compra-de-empresa-de-telecomunicaciones\/","url":"https:\/\/canal7slp.tv\/2022\/federacion-anuncia-compra-de-empresa-de-telecomunicaciones\/","name":"Federaci\u00f3n anuncia compra de empresa de telecomunicaciones - Canal 7 SLP - 2022","isPartOf":{"@id":"https:\/\/canal7slp.tv\/2022\/#website"},"primaryImageOfPage":{"@id":"https:\/\/canal7slp.tv\/2022\/federacion-anuncia-compra-de-empresa-de-telecomunicaciones\/#primaryimage"},"image":{"@id":"https:\/\/canal7slp.tv\/2022\/federacion-anuncia-compra-de-empresa-de-telecomunicaciones\/#primaryimage"},"thumbnailUrl":"https:\/\/canal7slp.tv\/2022\/wp-content\/uploads\/2022\/06\/04.png","datePublished":"2022-06-10T20:34:49+00:00","breadcrumb":{"@id":"https:\/\/canal7slp.tv\/2022\/federacion-anuncia-compra-de-empresa-de-telecomunicaciones\/#breadcrumb"},"inLanguage":"es","potentialAction":[{"@type":"ReadAction","target":["https:\/\/canal7slp.tv\/2022\/federacion-anuncia-compra-de-empresa-de-telecomunicaciones\/"]}]},{"@type":"ImageObject","inLanguage":"es","@id":"https:\/\/canal7slp.tv\/2022\/federacion-anuncia-compra-de-empresa-de-telecomunicaciones\/#primaryimage","url":"https:\/\/canal7slp.tv\/2022\/wp-content\/uploads\/2022\/06\/04.png","contentUrl":"https:\/\/canal7slp.tv\/2022\/wp-content\/uploads\/2022\/06\/04.png","width":500,"height":350},{"@type":"BreadcrumbList","@id":"https:\/\/canal7slp.tv\/2022\/federacion-anuncia-compra-de-empresa-de-telecomunicaciones\/#breadcrumb","itemListElement":[{"@type":"ListItem","position":1,"name":"Portada","item":"https:\/\/canal7slp.tv\/2022\/"},{"@type":"ListItem","position":2,"name":"Federaci\u00f3n anuncia compra de empresa de telecomunicaciones"}]},{"@type":"WebSite","@id":"https:\/\/canal7slp.tv\/2022\/#website","url":"https:\/\/canal7slp.tv\/2022\/","name":"N7 - Noticieros Canal 7","description":"Somos Televisi\u00f3n","publisher":{"@id":"https:\/\/canal7slp.tv\/2022\/#organization"},"potentialAction":[{"@type":"SearchAction","target":{"@type":"EntryPoint","urlTemplate":"https:\/\/canal7slp.tv\/2022\/?s={search_term_string}"},"query-input":{"@type":"PropertyValueSpecification","valueRequired":true,"valueName":"search_term_string"}}],"inLanguage":"es"},{"@type":"Organization","@id":"https:\/\/canal7slp.tv\/2022\/#organization","name":"Noticieros Canal 7","url":"https:\/\/canal7slp.tv\/2022\/","logo":{"@type":"ImageObject","inLanguage":"es","@id":"https:\/\/canal7slp.tv\/2022\/#\/schema\/logo\/image\/","url":"https:\/\/canal7slp.tv\/2022\/wp-content\/uploads\/2021\/01\/logo-noticieros@2x.png","contentUrl":"https:\/\/canal7slp.tv\/2022\/wp-content\/uploads\/2021\/01\/logo-noticieros@2x.png","width":1017,"height":268,"caption":"Noticieros Canal 7"},"image":{"@id":"https:\/\/canal7slp.tv\/2022\/#\/schema\/logo\/image\/"},"sameAs":["https:\/\/www.facebook.com\/noticieroscanalsiete","https:\/\/x.com\/NOTICIEROS7","https:\/\/www.instagram.com\/canal7_slp","https:\/\/www.youtube.com\/channel\/UCliiYs-gP3JfJeqdPrNdd5A"]},{"@type":"Person","@id":"https:\/\/canal7slp.tv\/2022\/#\/schema\/person\/429704152a21f5f856ce29aa69a238da","name":"Edici\u00f3n Web","image":{"@type":"ImageObject","inLanguage":"es","@id":"https:\/\/secure.gravatar.com\/avatar\/eee448fc3f7164808013b816ba91ac7e43bbe82a70bebac296f8bc6f0addaa1a?s=96&d=mm&r=g","url":"https:\/\/secure.gravatar.com\/avatar\/eee448fc3f7164808013b816ba91ac7e43bbe82a70bebac296f8bc6f0addaa1a?s=96&d=mm&r=g","contentUrl":"https:\/\/secure.gravatar.com\/avatar\/eee448fc3f7164808013b816ba91ac7e43bbe82a70bebac296f8bc6f0addaa1a?s=96&d=mm&r=g","caption":"Edici\u00f3n Web"},"url":"https:\/\/canal7slp.tv\/2022\/author\/edicionweb\/"}]}},"amp_enabled":true,"_links":{"self":[{"href":"https:\/\/canal7slp.tv\/2022\/wp-json\/wp\/v2\/posts\/63170","targetHints":{"allow":["GET"]}}],"collection":[{"href":"https:\/\/canal7slp.tv\/2022\/wp-json\/wp\/v2\/posts"}],"about":[{"href":"https:\/\/canal7slp.tv\/2022\/wp-json\/wp\/v2\/types\/post"}],"author":[{"embeddable":true,"href":"https:\/\/canal7slp.tv\/2022\/wp-json\/wp\/v2\/users\/2"}],"replies":[{"embeddable":true,"href":"https:\/\/canal7slp.tv\/2022\/wp-json\/wp\/v2\/comments?post=63170"}],"version-history":[{"count":2,"href":"https:\/\/canal7slp.tv\/2022\/wp-json\/wp\/v2\/posts\/63170\/revisions"}],"predecessor-version":[{"id":63193,"href":"https:\/\/canal7slp.tv\/2022\/wp-json\/wp\/v2\/posts\/63170\/revisions\/63193"}],"wp:featuredmedia":[{"embeddable":true,"href":"https:\/\/canal7slp.tv\/2022\/wp-json\/wp\/v2\/media\/63184"}],"wp:attachment":[{"href":"https:\/\/canal7slp.tv\/2022\/wp-json\/wp\/v2\/media?parent=63170"}],"wp:term":[{"taxonomy":"category","embeddable":true,"href":"https:\/\/canal7slp.tv\/2022\/wp-json\/wp\/v2\/categories?post=63170"},{"taxonomy":"post_tag","embeddable":true,"href":"https:\/\/canal7slp.tv\/2022\/wp-json\/wp\/v2\/tags?post=63170"}],"curies":[{"name":"wp","href":"https:\/\/api.w.org\/{rel}","templated":true}]}}