{"id":63169,"date":"2022-06-10T14:37:08","date_gmt":"2022-06-10T20:37:08","guid":{"rendered":"https:\/\/canal7slp.tv\/2022\/?p=63169"},"modified":"2022-06-10T14:37:08","modified_gmt":"2022-06-10T20:37:08","slug":"28-mil-viviendas-afectadas-por-agatha-senala-gobernador-de-oaxaca","status":"publish","type":"post","link":"https:\/\/canal7slp.tv\/2022\/28-mil-viviendas-afectadas-por-agatha-senala-gobernador-de-oaxaca\/","title":{"rendered":"28 mil viviendas afectadas por \u201cAgatha\u201d, se\u00f1ala gobernador de Oaxaca"},"content":{"rendered":"<p style=\"text-align: justify;\">Oaxaca de Ju\u00e1rez.- Alejandro Murat Hinojosa, gobernador de Oaxaca, inform\u00f3 que preliminarmente hay 28 mil viviendas afectadas por el paso del hurac\u00e1n \u201cAgatha\u201d.<\/p>\n<p style=\"text-align: justify;\">\u201cA reserva de que Bienestar realiza el censo casa por casa, de manera preliminar se habla de 28 mil viviendas afectadas desde inundaciones hasta p\u00e9rdidas parciales y totales\u201d, declar\u00f3.<\/p>\n<p style=\"text-align: justify;\">Agreg\u00f3 que tambi\u00e9n hay 141 escuelas que resultaron con afectaciones.<\/p>\n<p style=\"text-align: justify;\">Asimismo, el mandatario agradeci\u00f3 a la Comisi\u00f3n Federal de Electricidad (CFE) por haber reestablecido el servicio el\u00e9ctrico al 100%.<\/p>\n<p style=\"text-align: justify;\">El general Luis Cresencio Sandoval, titular de la Secretar\u00eda de la Defensa (SEDENA), detall\u00f3 que \u201cAgatha\u201d dej\u00f3 un saldo de 25 mil 134 familias damnificadas, 9 personas fallecidas y 5 m\u00e1s que siguen en calidad de desaparecidas.<\/p>\n","protected":false},"excerpt":{"rendered":"<p>Oaxaca de Ju\u00e1rez.- Alejandro Murat Hinojosa, gobernador de Oaxaca, inform\u00f3 que preliminarmente hay 28 mil viviendas afectadas por el paso del hurac\u00e1n \u201cAgatha\u201d. \u201cA reserva de que Bienestar realiza el censo casa por casa, de manera preliminar se habla de 28 mil viviendas afectadas desde inundaciones hasta p\u00e9rdidas parciales y totales\u201d, declar\u00f3. Agreg\u00f3 que tambi\u00e9n hay 141 escuelas que resultaron con afectaciones. Asimismo, el mandatario agradeci\u00f3 a la Comisi\u00f3n Federal de Electricidad (CFE) por haber reestablecido el servicio el\u00e9ctrico al 100%. El general Luis Cresencio Sandoval, titular de la Secretar\u00eda de la Defensa (SEDENA), detall\u00f3 que \u201cAgatha\u201d dej\u00f3 un saldo [&hellip;]<\/p>\n","protected":false},"author":2,"featured_media":63186,"comment_status":"closed","ping_status":"closed","sticky":false,"template":"","format":"standard","meta":{"footnotes":""},"categories":[46],"tags":[],"class_list":["post-63169","post","type-post","status-publish","format-standard","has-post-thumbnail","hentry","category-nacional","post--single"],"yoast_head":"<!-- This site is optimized with the Yoast SEO plugin v27.5 - https:\/\/yoast.com\/product\/yoast-seo-wordpress\/ -->\n<title>28 mil viviendas afectadas por \u201cAgatha\u201d, se\u00f1ala gobernador de Oaxaca - Canal 7 SLP - 2022<\/title>\n<meta name=\"robots\" content=\"index, follow, max-snippet:-1, max-image-preview:large, max-video-preview:-1\" \/>\n<link rel=\"canonical\" href=\"https:\/\/canal7slp.tv\/2022\/28-mil-viviendas-afectadas-por-agatha-senala-gobernador-de-oaxaca\/\" \/>\n<meta property=\"og:locale\" content=\"es_ES\" \/>\n<meta property=\"og:type\" content=\"article\" \/>\n<meta property=\"og:title\" content=\"28 mil viviendas afectadas por \u201cAgatha\u201d, se\u00f1ala gobernador de Oaxaca - Canal 7 SLP - 2022\" \/>\n<meta property=\"og:description\" content=\"Oaxaca de Ju\u00e1rez.- Alejandro Murat Hinojosa, gobernador de Oaxaca, inform\u00f3 que preliminarmente hay 28 mil viviendas afectadas por el paso del hurac\u00e1n \u201cAgatha\u201d. \u201cA reserva de que Bienestar realiza el censo casa por casa, de manera preliminar se habla de 28 mil viviendas afectadas desde inundaciones hasta p\u00e9rdidas parciales y totales\u201d, declar\u00f3. Agreg\u00f3 que tambi\u00e9n hay 141 escuelas que resultaron con afectaciones. Asimismo, el mandatario agradeci\u00f3 a la Comisi\u00f3n Federal de Electricidad (CFE) por haber reestablecido el servicio el\u00e9ctrico al 100%. El general Luis Cresencio Sandoval, titular de la Secretar\u00eda de la Defensa (SEDENA), detall\u00f3 que \u201cAgatha\u201d dej\u00f3 un saldo [&hellip;]\" \/>\n<meta property=\"og:url\" content=\"https:\/\/canal7slp.tv\/2022\/28-mil-viviendas-afectadas-por-agatha-senala-gobernador-de-oaxaca\/\" \/>\n<meta property=\"og:site_name\" content=\"Canal 7 SLP - 2022\" \/>\n<meta property=\"article:publisher\" content=\"https:\/\/www.facebook.com\/noticieroscanalsiete\" \/>\n<meta property=\"article:published_time\" content=\"2022-06-10T20:37:08+00:00\" \/>\n<meta property=\"og:image\" content=\"https:\/\/canal7slp.tv\/2022\/wp-content\/uploads\/2022\/06\/05-8.jpg\" \/>\n\t<meta property=\"og:image:width\" content=\"1200\" \/>\n\t<meta property=\"og:image:height\" content=\"750\" \/>\n\t<meta property=\"og:image:type\" content=\"image\/jpeg\" \/>\n<meta name=\"author\" content=\"Edici\u00f3n Web\" \/>\n<meta name=\"twitter:card\" content=\"summary_large_image\" \/>\n<meta name=\"twitter:creator\" content=\"@NOTICIEROS7\" \/>\n<meta name=\"twitter:site\" content=\"@NOTICIEROS7\" \/>\n<meta name=\"twitter:label1\" content=\"Escrito por\" \/>\n\t<meta name=\"twitter:data1\" content=\"Edici\u00f3n Web\" \/>\n\t<meta name=\"twitter:label2\" content=\"Tiempo de lectura\" \/>\n\t<meta name=\"twitter:data2\" content=\"1 minuto\" \/>\n<script type=\"application\/ld+json\" class=\"yoast-schema-graph\">{\"@context\":\"https:\\\/\\\/schema.org\",\"@graph\":[{\"@type\":\"Article\",\"@id\":\"https:\\\/\\\/canal7slp.tv\\\/2022\\\/28-mil-viviendas-afectadas-por-agatha-senala-gobernador-de-oaxaca\\\/#article\",\"isPartOf\":{\"@id\":\"https:\\\/\\\/canal7slp.tv\\\/2022\\\/28-mil-viviendas-afectadas-por-agatha-senala-gobernador-de-oaxaca\\\/\"},\"author\":{\"name\":\"Edici\u00f3n Web\",\"@id\":\"https:\\\/\\\/canal7slp.tv\\\/2022\\\/#\\\/schema\\\/person\\\/429704152a21f5f856ce29aa69a238da\"},\"headline\":\"28 mil viviendas afectadas por \u201cAgatha\u201d, se\u00f1ala gobernador de Oaxaca\",\"datePublished\":\"2022-06-10T20:37:08+00:00\",\"mainEntityOfPage\":{\"@id\":\"https:\\\/\\\/canal7slp.tv\\\/2022\\\/28-mil-viviendas-afectadas-por-agatha-senala-gobernador-de-oaxaca\\\/\"},\"wordCount\":129,\"publisher\":{\"@id\":\"https:\\\/\\\/canal7slp.tv\\\/2022\\\/#organization\"},\"image\":{\"@id\":\"https:\\\/\\\/canal7slp.tv\\\/2022\\\/28-mil-viviendas-afectadas-por-agatha-senala-gobernador-de-oaxaca\\\/#primaryimage\"},\"thumbnailUrl\":\"https:\\\/\\\/canal7slp.tv\\\/2022\\\/wp-content\\\/uploads\\\/2022\\\/06\\\/05-8.jpg\",\"articleSection\":[\"NACIONALES\"],\"inLanguage\":\"es\"},{\"@type\":\"WebPage\",\"@id\":\"https:\\\/\\\/canal7slp.tv\\\/2022\\\/28-mil-viviendas-afectadas-por-agatha-senala-gobernador-de-oaxaca\\\/\",\"url\":\"https:\\\/\\\/canal7slp.tv\\\/2022\\\/28-mil-viviendas-afectadas-por-agatha-senala-gobernador-de-oaxaca\\\/\",\"name\":\"28 mil viviendas afectadas por \u201cAgatha\u201d, se\u00f1ala gobernador de Oaxaca - Canal 7 SLP - 2022\",\"isPartOf\":{\"@id\":\"https:\\\/\\\/canal7slp.tv\\\/2022\\\/#website\"},\"primaryImageOfPage\":{\"@id\":\"https:\\\/\\\/canal7slp.tv\\\/2022\\\/28-mil-viviendas-afectadas-por-agatha-senala-gobernador-de-oaxaca\\\/#primaryimage\"},\"image\":{\"@id\":\"https:\\\/\\\/canal7slp.tv\\\/2022\\\/28-mil-viviendas-afectadas-por-agatha-senala-gobernador-de-oaxaca\\\/#primaryimage\"},\"thumbnailUrl\":\"https:\\\/\\\/canal7slp.tv\\\/2022\\\/wp-content\\\/uploads\\\/2022\\\/06\\\/05-8.jpg\",\"datePublished\":\"2022-06-10T20:37:08+00:00\",\"breadcrumb\":{\"@id\":\"https:\\\/\\\/canal7slp.tv\\\/2022\\\/28-mil-viviendas-afectadas-por-agatha-senala-gobernador-de-oaxaca\\\/#breadcrumb\"},\"inLanguage\":\"es\",\"potentialAction\":[{\"@type\":\"ReadAction\",\"target\":[\"https:\\\/\\\/canal7slp.tv\\\/2022\\\/28-mil-viviendas-afectadas-por-agatha-senala-gobernador-de-oaxaca\\\/\"]}]},{\"@type\":\"ImageObject\",\"inLanguage\":\"es\",\"@id\":\"https:\\\/\\\/canal7slp.tv\\\/2022\\\/28-mil-viviendas-afectadas-por-agatha-senala-gobernador-de-oaxaca\\\/#primaryimage\",\"url\":\"https:\\\/\\\/canal7slp.tv\\\/2022\\\/wp-content\\\/uploads\\\/2022\\\/06\\\/05-8.jpg\",\"contentUrl\":\"https:\\\/\\\/canal7slp.tv\\\/2022\\\/wp-content\\\/uploads\\\/2022\\\/06\\\/05-8.jpg\",\"width\":1200,\"height\":750},{\"@type\":\"BreadcrumbList\",\"@id\":\"https:\\\/\\\/canal7slp.tv\\\/2022\\\/28-mil-viviendas-afectadas-por-agatha-senala-gobernador-de-oaxaca\\\/#breadcrumb\",\"itemListElement\":[{\"@type\":\"ListItem\",\"position\":1,\"name\":\"Portada\",\"item\":\"https:\\\/\\\/canal7slp.tv\\\/2022\\\/\"},{\"@type\":\"ListItem\",\"position\":2,\"name\":\"28 mil viviendas afectadas por \u201cAgatha\u201d, se\u00f1ala gobernador de Oaxaca\"}]},{\"@type\":\"WebSite\",\"@id\":\"https:\\\/\\\/canal7slp.tv\\\/2022\\\/#website\",\"url\":\"https:\\\/\\\/canal7slp.tv\\\/2022\\\/\",\"name\":\"N7 - Noticieros Canal 7\",\"description\":\"Somos Televisi\u00f3n\",\"publisher\":{\"@id\":\"https:\\\/\\\/canal7slp.tv\\\/2022\\\/#organization\"},\"potentialAction\":[{\"@type\":\"SearchAction\",\"target\":{\"@type\":\"EntryPoint\",\"urlTemplate\":\"https:\\\/\\\/canal7slp.tv\\\/2022\\\/?s={search_term_string}\"},\"query-input\":{\"@type\":\"PropertyValueSpecification\",\"valueRequired\":true,\"valueName\":\"search_term_string\"}}],\"inLanguage\":\"es\"},{\"@type\":\"Organization\",\"@id\":\"https:\\\/\\\/canal7slp.tv\\\/2022\\\/#organization\",\"name\":\"Noticieros Canal 7\",\"url\":\"https:\\\/\\\/canal7slp.tv\\\/2022\\\/\",\"logo\":{\"@type\":\"ImageObject\",\"inLanguage\":\"es\",\"@id\":\"https:\\\/\\\/canal7slp.tv\\\/2022\\\/#\\\/schema\\\/logo\\\/image\\\/\",\"url\":\"https:\\\/\\\/canal7slp.tv\\\/2022\\\/wp-content\\\/uploads\\\/2021\\\/01\\\/logo-noticieros@2x.png\",\"contentUrl\":\"https:\\\/\\\/canal7slp.tv\\\/2022\\\/wp-content\\\/uploads\\\/2021\\\/01\\\/logo-noticieros@2x.png\",\"width\":1017,\"height\":268,\"caption\":\"Noticieros Canal 7\"},\"image\":{\"@id\":\"https:\\\/\\\/canal7slp.tv\\\/2022\\\/#\\\/schema\\\/logo\\\/image\\\/\"},\"sameAs\":[\"https:\\\/\\\/www.facebook.com\\\/noticieroscanalsiete\",\"https:\\\/\\\/x.com\\\/NOTICIEROS7\",\"https:\\\/\\\/www.instagram.com\\\/canal7_slp\",\"https:\\\/\\\/www.youtube.com\\\/channel\\\/UCliiYs-gP3JfJeqdPrNdd5A\"]},{\"@type\":\"Person\",\"@id\":\"https:\\\/\\\/canal7slp.tv\\\/2022\\\/#\\\/schema\\\/person\\\/429704152a21f5f856ce29aa69a238da\",\"name\":\"Edici\u00f3n Web\",\"image\":{\"@type\":\"ImageObject\",\"inLanguage\":\"es\",\"@id\":\"https:\\\/\\\/secure.gravatar.com\\\/avatar\\\/eee448fc3f7164808013b816ba91ac7e43bbe82a70bebac296f8bc6f0addaa1a?s=96&d=mm&r=g\",\"url\":\"https:\\\/\\\/secure.gravatar.com\\\/avatar\\\/eee448fc3f7164808013b816ba91ac7e43bbe82a70bebac296f8bc6f0addaa1a?s=96&d=mm&r=g\",\"contentUrl\":\"https:\\\/\\\/secure.gravatar.com\\\/avatar\\\/eee448fc3f7164808013b816ba91ac7e43bbe82a70bebac296f8bc6f0addaa1a?s=96&d=mm&r=g\",\"caption\":\"Edici\u00f3n Web\"},\"url\":\"https:\\\/\\\/canal7slp.tv\\\/2022\\\/author\\\/edicionweb\\\/\"}]}<\/script>\n<!-- \/ Yoast SEO plugin. -->","yoast_head_json":{"title":"28 mil viviendas afectadas por \u201cAgatha\u201d, se\u00f1ala gobernador de Oaxaca - Canal 7 SLP - 2022","robots":{"index":"index","follow":"follow","max-snippet":"max-snippet:-1","max-image-preview":"max-image-preview:large","max-video-preview":"max-video-preview:-1"},"canonical":"https:\/\/canal7slp.tv\/2022\/28-mil-viviendas-afectadas-por-agatha-senala-gobernador-de-oaxaca\/","og_locale":"es_ES","og_type":"article","og_title":"28 mil viviendas afectadas por \u201cAgatha\u201d, se\u00f1ala gobernador de Oaxaca - Canal 7 SLP - 2022","og_description":"Oaxaca de Ju\u00e1rez.- Alejandro Murat Hinojosa, gobernador de Oaxaca, inform\u00f3 que preliminarmente hay 28 mil viviendas afectadas por el paso del hurac\u00e1n \u201cAgatha\u201d. \u201cA reserva de que Bienestar realiza el censo casa por casa, de manera preliminar se habla de 28 mil viviendas afectadas desde inundaciones hasta p\u00e9rdidas parciales y totales\u201d, declar\u00f3. Agreg\u00f3 que tambi\u00e9n hay 141 escuelas que resultaron con afectaciones. Asimismo, el mandatario agradeci\u00f3 a la Comisi\u00f3n Federal de Electricidad (CFE) por haber reestablecido el servicio el\u00e9ctrico al 100%. El general Luis Cresencio Sandoval, titular de la Secretar\u00eda de la Defensa (SEDENA), detall\u00f3 que \u201cAgatha\u201d dej\u00f3 un saldo [&hellip;]","og_url":"https:\/\/canal7slp.tv\/2022\/28-mil-viviendas-afectadas-por-agatha-senala-gobernador-de-oaxaca\/","og_site_name":"Canal 7 SLP - 2022","article_publisher":"https:\/\/www.facebook.com\/noticieroscanalsiete","article_published_time":"2022-06-10T20:37:08+00:00","og_image":[{"width":1200,"height":750,"url":"https:\/\/canal7slp.tv\/2022\/wp-content\/uploads\/2022\/06\/05-8.jpg","type":"image\/jpeg"}],"author":"Edici\u00f3n Web","twitter_card":"summary_large_image","twitter_creator":"@NOTICIEROS7","twitter_site":"@NOTICIEROS7","twitter_misc":{"Escrito por":"Edici\u00f3n Web","Tiempo de lectura":"1 minuto"},"schema":{"@context":"https:\/\/schema.org","@graph":[{"@type":"Article","@id":"https:\/\/canal7slp.tv\/2022\/28-mil-viviendas-afectadas-por-agatha-senala-gobernador-de-oaxaca\/#article","isPartOf":{"@id":"https:\/\/canal7slp.tv\/2022\/28-mil-viviendas-afectadas-por-agatha-senala-gobernador-de-oaxaca\/"},"author":{"name":"Edici\u00f3n Web","@id":"https:\/\/canal7slp.tv\/2022\/#\/schema\/person\/429704152a21f5f856ce29aa69a238da"},"headline":"28 mil viviendas afectadas por \u201cAgatha\u201d, se\u00f1ala gobernador de Oaxaca","datePublished":"2022-06-10T20:37:08+00:00","mainEntityOfPage":{"@id":"https:\/\/canal7slp.tv\/2022\/28-mil-viviendas-afectadas-por-agatha-senala-gobernador-de-oaxaca\/"},"wordCount":129,"publisher":{"@id":"https:\/\/canal7slp.tv\/2022\/#organization"},"image":{"@id":"https:\/\/canal7slp.tv\/2022\/28-mil-viviendas-afectadas-por-agatha-senala-gobernador-de-oaxaca\/#primaryimage"},"thumbnailUrl":"https:\/\/canal7slp.tv\/2022\/wp-content\/uploads\/2022\/06\/05-8.jpg","articleSection":["NACIONALES"],"inLanguage":"es"},{"@type":"WebPage","@id":"https:\/\/canal7slp.tv\/2022\/28-mil-viviendas-afectadas-por-agatha-senala-gobernador-de-oaxaca\/","url":"https:\/\/canal7slp.tv\/2022\/28-mil-viviendas-afectadas-por-agatha-senala-gobernador-de-oaxaca\/","name":"28 mil viviendas afectadas por \u201cAgatha\u201d, se\u00f1ala gobernador de Oaxaca - Canal 7 SLP - 2022","isPartOf":{"@id":"https:\/\/canal7slp.tv\/2022\/#website"},"primaryImageOfPage":{"@id":"https:\/\/canal7slp.tv\/2022\/28-mil-viviendas-afectadas-por-agatha-senala-gobernador-de-oaxaca\/#primaryimage"},"image":{"@id":"https:\/\/canal7slp.tv\/2022\/28-mil-viviendas-afectadas-por-agatha-senala-gobernador-de-oaxaca\/#primaryimage"},"thumbnailUrl":"https:\/\/canal7slp.tv\/2022\/wp-content\/uploads\/2022\/06\/05-8.jpg","datePublished":"2022-06-10T20:37:08+00:00","breadcrumb":{"@id":"https:\/\/canal7slp.tv\/2022\/28-mil-viviendas-afectadas-por-agatha-senala-gobernador-de-oaxaca\/#breadcrumb"},"inLanguage":"es","potentialAction":[{"@type":"ReadAction","target":["https:\/\/canal7slp.tv\/2022\/28-mil-viviendas-afectadas-por-agatha-senala-gobernador-de-oaxaca\/"]}]},{"@type":"ImageObject","inLanguage":"es","@id":"https:\/\/canal7slp.tv\/2022\/28-mil-viviendas-afectadas-por-agatha-senala-gobernador-de-oaxaca\/#primaryimage","url":"https:\/\/canal7slp.tv\/2022\/wp-content\/uploads\/2022\/06\/05-8.jpg","contentUrl":"https:\/\/canal7slp.tv\/2022\/wp-content\/uploads\/2022\/06\/05-8.jpg","width":1200,"height":750},{"@type":"BreadcrumbList","@id":"https:\/\/canal7slp.tv\/2022\/28-mil-viviendas-afectadas-por-agatha-senala-gobernador-de-oaxaca\/#breadcrumb","itemListElement":[{"@type":"ListItem","position":1,"name":"Portada","item":"https:\/\/canal7slp.tv\/2022\/"},{"@type":"ListItem","position":2,"name":"28 mil viviendas afectadas por \u201cAgatha\u201d, se\u00f1ala gobernador de Oaxaca"}]},{"@type":"WebSite","@id":"https:\/\/canal7slp.tv\/2022\/#website","url":"https:\/\/canal7slp.tv\/2022\/","name":"N7 - Noticieros Canal 7","description":"Somos Televisi\u00f3n","publisher":{"@id":"https:\/\/canal7slp.tv\/2022\/#organization"},"potentialAction":[{"@type":"SearchAction","target":{"@type":"EntryPoint","urlTemplate":"https:\/\/canal7slp.tv\/2022\/?s={search_term_string}"},"query-input":{"@type":"PropertyValueSpecification","valueRequired":true,"valueName":"search_term_string"}}],"inLanguage":"es"},{"@type":"Organization","@id":"https:\/\/canal7slp.tv\/2022\/#organization","name":"Noticieros Canal 7","url":"https:\/\/canal7slp.tv\/2022\/","logo":{"@type":"ImageObject","inLanguage":"es","@id":"https:\/\/canal7slp.tv\/2022\/#\/schema\/logo\/image\/","url":"https:\/\/canal7slp.tv\/2022\/wp-content\/uploads\/2021\/01\/logo-noticieros@2x.png","contentUrl":"https:\/\/canal7slp.tv\/2022\/wp-content\/uploads\/2021\/01\/logo-noticieros@2x.png","width":1017,"height":268,"caption":"Noticieros Canal 7"},"image":{"@id":"https:\/\/canal7slp.tv\/2022\/#\/schema\/logo\/image\/"},"sameAs":["https:\/\/www.facebook.com\/noticieroscanalsiete","https:\/\/x.com\/NOTICIEROS7","https:\/\/www.instagram.com\/canal7_slp","https:\/\/www.youtube.com\/channel\/UCliiYs-gP3JfJeqdPrNdd5A"]},{"@type":"Person","@id":"https:\/\/canal7slp.tv\/2022\/#\/schema\/person\/429704152a21f5f856ce29aa69a238da","name":"Edici\u00f3n Web","image":{"@type":"ImageObject","inLanguage":"es","@id":"https:\/\/secure.gravatar.com\/avatar\/eee448fc3f7164808013b816ba91ac7e43bbe82a70bebac296f8bc6f0addaa1a?s=96&d=mm&r=g","url":"https:\/\/secure.gravatar.com\/avatar\/eee448fc3f7164808013b816ba91ac7e43bbe82a70bebac296f8bc6f0addaa1a?s=96&d=mm&r=g","contentUrl":"https:\/\/secure.gravatar.com\/avatar\/eee448fc3f7164808013b816ba91ac7e43bbe82a70bebac296f8bc6f0addaa1a?s=96&d=mm&r=g","caption":"Edici\u00f3n Web"},"url":"https:\/\/canal7slp.tv\/2022\/author\/edicionweb\/"}]}},"amp_enabled":true,"_links":{"self":[{"href":"https:\/\/canal7slp.tv\/2022\/wp-json\/wp\/v2\/posts\/63169","targetHints":{"allow":["GET"]}}],"collection":[{"href":"https:\/\/canal7slp.tv\/2022\/wp-json\/wp\/v2\/posts"}],"about":[{"href":"https:\/\/canal7slp.tv\/2022\/wp-json\/wp\/v2\/types\/post"}],"author":[{"embeddable":true,"href":"https:\/\/canal7slp.tv\/2022\/wp-json\/wp\/v2\/users\/2"}],"replies":[{"embeddable":true,"href":"https:\/\/canal7slp.tv\/2022\/wp-json\/wp\/v2\/comments?post=63169"}],"version-history":[{"count":3,"href":"https:\/\/canal7slp.tv\/2022\/wp-json\/wp\/v2\/posts\/63169\/revisions"}],"predecessor-version":[{"id":63218,"href":"https:\/\/canal7slp.tv\/2022\/wp-json\/wp\/v2\/posts\/63169\/revisions\/63218"}],"wp:featuredmedia":[{"embeddable":true,"href":"https:\/\/canal7slp.tv\/2022\/wp-json\/wp\/v2\/media\/63186"}],"wp:attachment":[{"href":"https:\/\/canal7slp.tv\/2022\/wp-json\/wp\/v2\/media?parent=63169"}],"wp:term":[{"taxonomy":"category","embeddable":true,"href":"https:\/\/canal7slp.tv\/2022\/wp-json\/wp\/v2\/categories?post=63169"},{"taxonomy":"post_tag","embeddable":true,"href":"https:\/\/canal7slp.tv\/2022\/wp-json\/wp\/v2\/tags?post=63169"}],"curies":[{"name":"wp","href":"https:\/\/api.w.org\/{rel}","templated":true}]}}