{"id":63166,"date":"2022-06-10T14:37:15","date_gmt":"2022-06-10T20:37:15","guid":{"rendered":"https:\/\/canal7slp.tv\/2022\/?p=63166"},"modified":"2022-06-10T14:37:15","modified_gmt":"2022-06-10T20:37:15","slug":"tras-caida-de-puente-separan-a-diversos-funcionarios-de-cuernavaca","status":"publish","type":"post","link":"https:\/\/canal7slp.tv\/2022\/tras-caida-de-puente-separan-a-diversos-funcionarios-de-cuernavaca\/","title":{"rendered":"Tras ca\u00edda de puente, separan a diversos funcionarios de Cuernavaca"},"content":{"rendered":"<p style=\"text-align: justify;\">Cuernavaca.- A fin de llevar con transparencia las investigaciones relacionadas a la ca\u00edda del colgante del Paseo Ribere\u00f1o de Cuernavaca, fueron separados de su cargo diversos funcionarios.<\/p>\n<p style=\"text-align: justify;\">Entre los perfiles que dejaron su cargo est\u00e1n:<\/p>\n<ul style=\"text-align: justify;\">\n<li>Pablo Aguilar, quien era titular de la Secretar\u00eda de Desarrollo Sustentable.<\/li>\n<li>Paola Hern\u00e1ndez Vargas, coordinadora de Protecci\u00f3n Civil, por no dar una revisi\u00f3n posterior a los trabajos de rehabilitaci\u00f3n para impedir el uso del puente.<\/li>\n<li>Raymundo Nova, director de Infraestructura, quien realiz\u00f3 f\u00edsicamente los trabajos para determinar que los tensores fueran los adecuados para el uso del mismo.<\/li>\n<li>Denia Brito Gonz\u00e1lez, Jefa del departamento de barrancas y \u00e1reas naturales protegidas, por realizar los trabajos correspondientes y no tomar a consideraci\u00f3n el material que se estuvo utilizando ni el desgaste natural de los mismos.<\/li>\n<\/ul>\n<p style=\"text-align: justify;\">Cabe se\u00f1alar que entre las personas lesionadas est\u00e1n el alcalde Uri\u00f3stegui Salgado y su esposa Luz Mar\u00eda Zagal, as\u00ed como cuatro regidores y una s\u00edndico municipal.<\/p>\n","protected":false},"excerpt":{"rendered":"<p>Cuernavaca.- A fin de llevar con transparencia las investigaciones relacionadas a la ca\u00edda del colgante del Paseo Ribere\u00f1o de Cuernavaca, fueron separados de su cargo diversos funcionarios. Entre los perfiles que dejaron su cargo est\u00e1n: Pablo Aguilar, quien era titular de la Secretar\u00eda de Desarrollo Sustentable. Paola Hern\u00e1ndez Vargas, coordinadora de Protecci\u00f3n Civil, por no dar una revisi\u00f3n posterior a los trabajos de rehabilitaci\u00f3n para impedir el uso del puente. Raymundo Nova, director de Infraestructura, quien realiz\u00f3 f\u00edsicamente los trabajos para determinar que los tensores fueran los adecuados para el uso del mismo. Denia Brito Gonz\u00e1lez, Jefa del departamento de [&hellip;]<\/p>\n","protected":false},"author":2,"featured_media":63182,"comment_status":"closed","ping_status":"closed","sticky":false,"template":"","format":"standard","meta":{"footnotes":""},"categories":[46],"tags":[],"class_list":["post-63166","post","type-post","status-publish","format-standard","has-post-thumbnail","hentry","category-nacional","post--single"],"yoast_head":"<!-- This site is optimized with the Yoast SEO plugin v27.4 - https:\/\/yoast.com\/product\/yoast-seo-wordpress\/ -->\n<title>Tras ca\u00edda de puente, separan a diversos funcionarios de Cuernavaca - Canal 7 SLP - 2022<\/title>\n<meta name=\"robots\" content=\"index, follow, max-snippet:-1, max-image-preview:large, max-video-preview:-1\" \/>\n<link rel=\"canonical\" href=\"https:\/\/canal7slp.tv\/2022\/tras-caida-de-puente-separan-a-diversos-funcionarios-de-cuernavaca\/\" \/>\n<meta property=\"og:locale\" content=\"es_ES\" \/>\n<meta property=\"og:type\" content=\"article\" \/>\n<meta property=\"og:title\" content=\"Tras ca\u00edda de puente, separan a diversos funcionarios de Cuernavaca - Canal 7 SLP - 2022\" \/>\n<meta property=\"og:description\" content=\"Cuernavaca.- A fin de llevar con transparencia las investigaciones relacionadas a la ca\u00edda del colgante del Paseo Ribere\u00f1o de Cuernavaca, fueron separados de su cargo diversos funcionarios. Entre los perfiles que dejaron su cargo est\u00e1n: Pablo Aguilar, quien era titular de la Secretar\u00eda de Desarrollo Sustentable. Paola Hern\u00e1ndez Vargas, coordinadora de Protecci\u00f3n Civil, por no dar una revisi\u00f3n posterior a los trabajos de rehabilitaci\u00f3n para impedir el uso del puente. Raymundo Nova, director de Infraestructura, quien realiz\u00f3 f\u00edsicamente los trabajos para determinar que los tensores fueran los adecuados para el uso del mismo. Denia Brito Gonz\u00e1lez, Jefa del departamento de [&hellip;]\" \/>\n<meta property=\"og:url\" content=\"https:\/\/canal7slp.tv\/2022\/tras-caida-de-puente-separan-a-diversos-funcionarios-de-cuernavaca\/\" \/>\n<meta property=\"og:site_name\" content=\"Canal 7 SLP - 2022\" \/>\n<meta property=\"article:publisher\" content=\"https:\/\/www.facebook.com\/noticieroscanalsiete\" \/>\n<meta property=\"article:published_time\" content=\"2022-06-10T20:37:15+00:00\" \/>\n<meta property=\"og:image\" content=\"https:\/\/canal7slp.tv\/2022\/wp-content\/uploads\/2022\/06\/02-7.jpg\" \/>\n\t<meta property=\"og:image:width\" content=\"960\" \/>\n\t<meta property=\"og:image:height\" content=\"540\" \/>\n\t<meta property=\"og:image:type\" content=\"image\/jpeg\" \/>\n<meta name=\"author\" content=\"Edici\u00f3n Web\" \/>\n<meta name=\"twitter:card\" content=\"summary_large_image\" \/>\n<meta name=\"twitter:creator\" content=\"@NOTICIEROS7\" \/>\n<meta name=\"twitter:site\" content=\"@NOTICIEROS7\" \/>\n<meta name=\"twitter:label1\" content=\"Escrito por\" \/>\n\t<meta name=\"twitter:data1\" content=\"Edici\u00f3n Web\" \/>\n\t<meta name=\"twitter:label2\" content=\"Tiempo de lectura\" \/>\n\t<meta name=\"twitter:data2\" content=\"1 minuto\" \/>\n<script type=\"application\/ld+json\" class=\"yoast-schema-graph\">{\"@context\":\"https:\\\/\\\/schema.org\",\"@graph\":[{\"@type\":\"Article\",\"@id\":\"https:\\\/\\\/canal7slp.tv\\\/2022\\\/tras-caida-de-puente-separan-a-diversos-funcionarios-de-cuernavaca\\\/#article\",\"isPartOf\":{\"@id\":\"https:\\\/\\\/canal7slp.tv\\\/2022\\\/tras-caida-de-puente-separan-a-diversos-funcionarios-de-cuernavaca\\\/\"},\"author\":{\"name\":\"Edici\u00f3n Web\",\"@id\":\"https:\\\/\\\/canal7slp.tv\\\/2022\\\/#\\\/schema\\\/person\\\/429704152a21f5f856ce29aa69a238da\"},\"headline\":\"Tras ca\u00edda de puente, separan a diversos funcionarios de Cuernavaca\",\"datePublished\":\"2022-06-10T20:37:15+00:00\",\"mainEntityOfPage\":{\"@id\":\"https:\\\/\\\/canal7slp.tv\\\/2022\\\/tras-caida-de-puente-separan-a-diversos-funcionarios-de-cuernavaca\\\/\"},\"wordCount\":182,\"publisher\":{\"@id\":\"https:\\\/\\\/canal7slp.tv\\\/2022\\\/#organization\"},\"image\":{\"@id\":\"https:\\\/\\\/canal7slp.tv\\\/2022\\\/tras-caida-de-puente-separan-a-diversos-funcionarios-de-cuernavaca\\\/#primaryimage\"},\"thumbnailUrl\":\"https:\\\/\\\/canal7slp.tv\\\/2022\\\/wp-content\\\/uploads\\\/2022\\\/06\\\/02-7.jpg\",\"articleSection\":[\"NACIONALES\"],\"inLanguage\":\"es\"},{\"@type\":\"WebPage\",\"@id\":\"https:\\\/\\\/canal7slp.tv\\\/2022\\\/tras-caida-de-puente-separan-a-diversos-funcionarios-de-cuernavaca\\\/\",\"url\":\"https:\\\/\\\/canal7slp.tv\\\/2022\\\/tras-caida-de-puente-separan-a-diversos-funcionarios-de-cuernavaca\\\/\",\"name\":\"Tras ca\u00edda de puente, separan a diversos funcionarios de Cuernavaca - Canal 7 SLP - 2022\",\"isPartOf\":{\"@id\":\"https:\\\/\\\/canal7slp.tv\\\/2022\\\/#website\"},\"primaryImageOfPage\":{\"@id\":\"https:\\\/\\\/canal7slp.tv\\\/2022\\\/tras-caida-de-puente-separan-a-diversos-funcionarios-de-cuernavaca\\\/#primaryimage\"},\"image\":{\"@id\":\"https:\\\/\\\/canal7slp.tv\\\/2022\\\/tras-caida-de-puente-separan-a-diversos-funcionarios-de-cuernavaca\\\/#primaryimage\"},\"thumbnailUrl\":\"https:\\\/\\\/canal7slp.tv\\\/2022\\\/wp-content\\\/uploads\\\/2022\\\/06\\\/02-7.jpg\",\"datePublished\":\"2022-06-10T20:37:15+00:00\",\"breadcrumb\":{\"@id\":\"https:\\\/\\\/canal7slp.tv\\\/2022\\\/tras-caida-de-puente-separan-a-diversos-funcionarios-de-cuernavaca\\\/#breadcrumb\"},\"inLanguage\":\"es\",\"potentialAction\":[{\"@type\":\"ReadAction\",\"target\":[\"https:\\\/\\\/canal7slp.tv\\\/2022\\\/tras-caida-de-puente-separan-a-diversos-funcionarios-de-cuernavaca\\\/\"]}]},{\"@type\":\"ImageObject\",\"inLanguage\":\"es\",\"@id\":\"https:\\\/\\\/canal7slp.tv\\\/2022\\\/tras-caida-de-puente-separan-a-diversos-funcionarios-de-cuernavaca\\\/#primaryimage\",\"url\":\"https:\\\/\\\/canal7slp.tv\\\/2022\\\/wp-content\\\/uploads\\\/2022\\\/06\\\/02-7.jpg\",\"contentUrl\":\"https:\\\/\\\/canal7slp.tv\\\/2022\\\/wp-content\\\/uploads\\\/2022\\\/06\\\/02-7.jpg\",\"width\":960,\"height\":540},{\"@type\":\"BreadcrumbList\",\"@id\":\"https:\\\/\\\/canal7slp.tv\\\/2022\\\/tras-caida-de-puente-separan-a-diversos-funcionarios-de-cuernavaca\\\/#breadcrumb\",\"itemListElement\":[{\"@type\":\"ListItem\",\"position\":1,\"name\":\"Portada\",\"item\":\"https:\\\/\\\/canal7slp.tv\\\/2022\\\/\"},{\"@type\":\"ListItem\",\"position\":2,\"name\":\"Tras ca\u00edda de puente, separan a diversos funcionarios de Cuernavaca\"}]},{\"@type\":\"WebSite\",\"@id\":\"https:\\\/\\\/canal7slp.tv\\\/2022\\\/#website\",\"url\":\"https:\\\/\\\/canal7slp.tv\\\/2022\\\/\",\"name\":\"N7 - Noticieros Canal 7\",\"description\":\"Somos Televisi\u00f3n\",\"publisher\":{\"@id\":\"https:\\\/\\\/canal7slp.tv\\\/2022\\\/#organization\"},\"potentialAction\":[{\"@type\":\"SearchAction\",\"target\":{\"@type\":\"EntryPoint\",\"urlTemplate\":\"https:\\\/\\\/canal7slp.tv\\\/2022\\\/?s={search_term_string}\"},\"query-input\":{\"@type\":\"PropertyValueSpecification\",\"valueRequired\":true,\"valueName\":\"search_term_string\"}}],\"inLanguage\":\"es\"},{\"@type\":\"Organization\",\"@id\":\"https:\\\/\\\/canal7slp.tv\\\/2022\\\/#organization\",\"name\":\"Noticieros Canal 7\",\"url\":\"https:\\\/\\\/canal7slp.tv\\\/2022\\\/\",\"logo\":{\"@type\":\"ImageObject\",\"inLanguage\":\"es\",\"@id\":\"https:\\\/\\\/canal7slp.tv\\\/2022\\\/#\\\/schema\\\/logo\\\/image\\\/\",\"url\":\"https:\\\/\\\/canal7slp.tv\\\/2022\\\/wp-content\\\/uploads\\\/2021\\\/01\\\/logo-noticieros@2x.png\",\"contentUrl\":\"https:\\\/\\\/canal7slp.tv\\\/2022\\\/wp-content\\\/uploads\\\/2021\\\/01\\\/logo-noticieros@2x.png\",\"width\":1017,\"height\":268,\"caption\":\"Noticieros Canal 7\"},\"image\":{\"@id\":\"https:\\\/\\\/canal7slp.tv\\\/2022\\\/#\\\/schema\\\/logo\\\/image\\\/\"},\"sameAs\":[\"https:\\\/\\\/www.facebook.com\\\/noticieroscanalsiete\",\"https:\\\/\\\/x.com\\\/NOTICIEROS7\",\"https:\\\/\\\/www.instagram.com\\\/canal7_slp\",\"https:\\\/\\\/www.youtube.com\\\/channel\\\/UCliiYs-gP3JfJeqdPrNdd5A\"]},{\"@type\":\"Person\",\"@id\":\"https:\\\/\\\/canal7slp.tv\\\/2022\\\/#\\\/schema\\\/person\\\/429704152a21f5f856ce29aa69a238da\",\"name\":\"Edici\u00f3n Web\",\"image\":{\"@type\":\"ImageObject\",\"inLanguage\":\"es\",\"@id\":\"https:\\\/\\\/secure.gravatar.com\\\/avatar\\\/eee448fc3f7164808013b816ba91ac7e43bbe82a70bebac296f8bc6f0addaa1a?s=96&d=mm&r=g\",\"url\":\"https:\\\/\\\/secure.gravatar.com\\\/avatar\\\/eee448fc3f7164808013b816ba91ac7e43bbe82a70bebac296f8bc6f0addaa1a?s=96&d=mm&r=g\",\"contentUrl\":\"https:\\\/\\\/secure.gravatar.com\\\/avatar\\\/eee448fc3f7164808013b816ba91ac7e43bbe82a70bebac296f8bc6f0addaa1a?s=96&d=mm&r=g\",\"caption\":\"Edici\u00f3n Web\"},\"url\":\"https:\\\/\\\/canal7slp.tv\\\/2022\\\/author\\\/edicionweb\\\/\"}]}<\/script>\n<!-- \/ Yoast SEO plugin. -->","yoast_head_json":{"title":"Tras ca\u00edda de puente, separan a diversos funcionarios de Cuernavaca - Canal 7 SLP - 2022","robots":{"index":"index","follow":"follow","max-snippet":"max-snippet:-1","max-image-preview":"max-image-preview:large","max-video-preview":"max-video-preview:-1"},"canonical":"https:\/\/canal7slp.tv\/2022\/tras-caida-de-puente-separan-a-diversos-funcionarios-de-cuernavaca\/","og_locale":"es_ES","og_type":"article","og_title":"Tras ca\u00edda de puente, separan a diversos funcionarios de Cuernavaca - Canal 7 SLP - 2022","og_description":"Cuernavaca.- A fin de llevar con transparencia las investigaciones relacionadas a la ca\u00edda del colgante del Paseo Ribere\u00f1o de Cuernavaca, fueron separados de su cargo diversos funcionarios. Entre los perfiles que dejaron su cargo est\u00e1n: Pablo Aguilar, quien era titular de la Secretar\u00eda de Desarrollo Sustentable. Paola Hern\u00e1ndez Vargas, coordinadora de Protecci\u00f3n Civil, por no dar una revisi\u00f3n posterior a los trabajos de rehabilitaci\u00f3n para impedir el uso del puente. Raymundo Nova, director de Infraestructura, quien realiz\u00f3 f\u00edsicamente los trabajos para determinar que los tensores fueran los adecuados para el uso del mismo. Denia Brito Gonz\u00e1lez, Jefa del departamento de [&hellip;]","og_url":"https:\/\/canal7slp.tv\/2022\/tras-caida-de-puente-separan-a-diversos-funcionarios-de-cuernavaca\/","og_site_name":"Canal 7 SLP - 2022","article_publisher":"https:\/\/www.facebook.com\/noticieroscanalsiete","article_published_time":"2022-06-10T20:37:15+00:00","og_image":[{"width":960,"height":540,"url":"https:\/\/canal7slp.tv\/2022\/wp-content\/uploads\/2022\/06\/02-7.jpg","type":"image\/jpeg"}],"author":"Edici\u00f3n Web","twitter_card":"summary_large_image","twitter_creator":"@NOTICIEROS7","twitter_site":"@NOTICIEROS7","twitter_misc":{"Escrito por":"Edici\u00f3n Web","Tiempo de lectura":"1 minuto"},"schema":{"@context":"https:\/\/schema.org","@graph":[{"@type":"Article","@id":"https:\/\/canal7slp.tv\/2022\/tras-caida-de-puente-separan-a-diversos-funcionarios-de-cuernavaca\/#article","isPartOf":{"@id":"https:\/\/canal7slp.tv\/2022\/tras-caida-de-puente-separan-a-diversos-funcionarios-de-cuernavaca\/"},"author":{"name":"Edici\u00f3n Web","@id":"https:\/\/canal7slp.tv\/2022\/#\/schema\/person\/429704152a21f5f856ce29aa69a238da"},"headline":"Tras ca\u00edda de puente, separan a diversos funcionarios de Cuernavaca","datePublished":"2022-06-10T20:37:15+00:00","mainEntityOfPage":{"@id":"https:\/\/canal7slp.tv\/2022\/tras-caida-de-puente-separan-a-diversos-funcionarios-de-cuernavaca\/"},"wordCount":182,"publisher":{"@id":"https:\/\/canal7slp.tv\/2022\/#organization"},"image":{"@id":"https:\/\/canal7slp.tv\/2022\/tras-caida-de-puente-separan-a-diversos-funcionarios-de-cuernavaca\/#primaryimage"},"thumbnailUrl":"https:\/\/canal7slp.tv\/2022\/wp-content\/uploads\/2022\/06\/02-7.jpg","articleSection":["NACIONALES"],"inLanguage":"es"},{"@type":"WebPage","@id":"https:\/\/canal7slp.tv\/2022\/tras-caida-de-puente-separan-a-diversos-funcionarios-de-cuernavaca\/","url":"https:\/\/canal7slp.tv\/2022\/tras-caida-de-puente-separan-a-diversos-funcionarios-de-cuernavaca\/","name":"Tras ca\u00edda de puente, separan a diversos funcionarios de Cuernavaca - Canal 7 SLP - 2022","isPartOf":{"@id":"https:\/\/canal7slp.tv\/2022\/#website"},"primaryImageOfPage":{"@id":"https:\/\/canal7slp.tv\/2022\/tras-caida-de-puente-separan-a-diversos-funcionarios-de-cuernavaca\/#primaryimage"},"image":{"@id":"https:\/\/canal7slp.tv\/2022\/tras-caida-de-puente-separan-a-diversos-funcionarios-de-cuernavaca\/#primaryimage"},"thumbnailUrl":"https:\/\/canal7slp.tv\/2022\/wp-content\/uploads\/2022\/06\/02-7.jpg","datePublished":"2022-06-10T20:37:15+00:00","breadcrumb":{"@id":"https:\/\/canal7slp.tv\/2022\/tras-caida-de-puente-separan-a-diversos-funcionarios-de-cuernavaca\/#breadcrumb"},"inLanguage":"es","potentialAction":[{"@type":"ReadAction","target":["https:\/\/canal7slp.tv\/2022\/tras-caida-de-puente-separan-a-diversos-funcionarios-de-cuernavaca\/"]}]},{"@type":"ImageObject","inLanguage":"es","@id":"https:\/\/canal7slp.tv\/2022\/tras-caida-de-puente-separan-a-diversos-funcionarios-de-cuernavaca\/#primaryimage","url":"https:\/\/canal7slp.tv\/2022\/wp-content\/uploads\/2022\/06\/02-7.jpg","contentUrl":"https:\/\/canal7slp.tv\/2022\/wp-content\/uploads\/2022\/06\/02-7.jpg","width":960,"height":540},{"@type":"BreadcrumbList","@id":"https:\/\/canal7slp.tv\/2022\/tras-caida-de-puente-separan-a-diversos-funcionarios-de-cuernavaca\/#breadcrumb","itemListElement":[{"@type":"ListItem","position":1,"name":"Portada","item":"https:\/\/canal7slp.tv\/2022\/"},{"@type":"ListItem","position":2,"name":"Tras ca\u00edda de puente, separan a diversos funcionarios de Cuernavaca"}]},{"@type":"WebSite","@id":"https:\/\/canal7slp.tv\/2022\/#website","url":"https:\/\/canal7slp.tv\/2022\/","name":"N7 - Noticieros Canal 7","description":"Somos Televisi\u00f3n","publisher":{"@id":"https:\/\/canal7slp.tv\/2022\/#organization"},"potentialAction":[{"@type":"SearchAction","target":{"@type":"EntryPoint","urlTemplate":"https:\/\/canal7slp.tv\/2022\/?s={search_term_string}"},"query-input":{"@type":"PropertyValueSpecification","valueRequired":true,"valueName":"search_term_string"}}],"inLanguage":"es"},{"@type":"Organization","@id":"https:\/\/canal7slp.tv\/2022\/#organization","name":"Noticieros Canal 7","url":"https:\/\/canal7slp.tv\/2022\/","logo":{"@type":"ImageObject","inLanguage":"es","@id":"https:\/\/canal7slp.tv\/2022\/#\/schema\/logo\/image\/","url":"https:\/\/canal7slp.tv\/2022\/wp-content\/uploads\/2021\/01\/logo-noticieros@2x.png","contentUrl":"https:\/\/canal7slp.tv\/2022\/wp-content\/uploads\/2021\/01\/logo-noticieros@2x.png","width":1017,"height":268,"caption":"Noticieros Canal 7"},"image":{"@id":"https:\/\/canal7slp.tv\/2022\/#\/schema\/logo\/image\/"},"sameAs":["https:\/\/www.facebook.com\/noticieroscanalsiete","https:\/\/x.com\/NOTICIEROS7","https:\/\/www.instagram.com\/canal7_slp","https:\/\/www.youtube.com\/channel\/UCliiYs-gP3JfJeqdPrNdd5A"]},{"@type":"Person","@id":"https:\/\/canal7slp.tv\/2022\/#\/schema\/person\/429704152a21f5f856ce29aa69a238da","name":"Edici\u00f3n Web","image":{"@type":"ImageObject","inLanguage":"es","@id":"https:\/\/secure.gravatar.com\/avatar\/eee448fc3f7164808013b816ba91ac7e43bbe82a70bebac296f8bc6f0addaa1a?s=96&d=mm&r=g","url":"https:\/\/secure.gravatar.com\/avatar\/eee448fc3f7164808013b816ba91ac7e43bbe82a70bebac296f8bc6f0addaa1a?s=96&d=mm&r=g","contentUrl":"https:\/\/secure.gravatar.com\/avatar\/eee448fc3f7164808013b816ba91ac7e43bbe82a70bebac296f8bc6f0addaa1a?s=96&d=mm&r=g","caption":"Edici\u00f3n Web"},"url":"https:\/\/canal7slp.tv\/2022\/author\/edicionweb\/"}]}},"amp_enabled":true,"_links":{"self":[{"href":"https:\/\/canal7slp.tv\/2022\/wp-json\/wp\/v2\/posts\/63166","targetHints":{"allow":["GET"]}}],"collection":[{"href":"https:\/\/canal7slp.tv\/2022\/wp-json\/wp\/v2\/posts"}],"about":[{"href":"https:\/\/canal7slp.tv\/2022\/wp-json\/wp\/v2\/types\/post"}],"author":[{"embeddable":true,"href":"https:\/\/canal7slp.tv\/2022\/wp-json\/wp\/v2\/users\/2"}],"replies":[{"embeddable":true,"href":"https:\/\/canal7slp.tv\/2022\/wp-json\/wp\/v2\/comments?post=63166"}],"version-history":[{"count":2,"href":"https:\/\/canal7slp.tv\/2022\/wp-json\/wp\/v2\/posts\/63166\/revisions"}],"predecessor-version":[{"id":63189,"href":"https:\/\/canal7slp.tv\/2022\/wp-json\/wp\/v2\/posts\/63166\/revisions\/63189"}],"wp:featuredmedia":[{"embeddable":true,"href":"https:\/\/canal7slp.tv\/2022\/wp-json\/wp\/v2\/media\/63182"}],"wp:attachment":[{"href":"https:\/\/canal7slp.tv\/2022\/wp-json\/wp\/v2\/media?parent=63166"}],"wp:term":[{"taxonomy":"category","embeddable":true,"href":"https:\/\/canal7slp.tv\/2022\/wp-json\/wp\/v2\/categories?post=63166"},{"taxonomy":"post_tag","embeddable":true,"href":"https:\/\/canal7slp.tv\/2022\/wp-json\/wp\/v2\/tags?post=63166"}],"curies":[{"name":"wp","href":"https:\/\/api.w.org\/{rel}","templated":true}]}}