{"id":63156,"date":"2022-06-10T11:24:31","date_gmt":"2022-06-10T17:24:31","guid":{"rendered":"https:\/\/canal7slp.tv\/2022\/?p=63156"},"modified":"2022-06-10T11:24:31","modified_gmt":"2022-06-10T17:24:31","slug":"asevera-alcalde-de-matehuala-que-existe-buena-coordinacion-con-el-ejecutivo-local","status":"publish","type":"post","link":"https:\/\/canal7slp.tv\/2022\/asevera-alcalde-de-matehuala-que-existe-buena-coordinacion-con-el-ejecutivo-local\/","title":{"rendered":"Asevera alcalde de Matehuala que existe buena coordinaci\u00f3n con el Ejecutivo Local."},"content":{"rendered":"<p style=\"text-align: justify;\">Matehuala.- Tras la visita del Gobernador del Estado, Ricardo Gallardo, a la ciudad de Matehuala para inaugurar la primera cl\u00ednica rosa de la regi\u00f3n, el Presidente Municipal, Iv\u00e1n Estrada, fue abordado por los medios para conocer sus impresiones por la llegada de estos beneficios al municipio.<\/p>\n<p style=\"text-align: justify;\">\u201cNo son palabras, son hechos, a pesar de que no somos de los mismos partidos, \u00e9l ahorita est\u00e1 trabajando sin colores, tan as\u00ed que yo creo que m\u00e1s que las palabras, son los hechos que estamos viviendo en Matehuala, ya en un mes vino dos veces y vino con proyectos importantes, eso habla de la buena voluntad de hacer las cosas bien por los matehualenses\u201d, dijo.<\/p>\n<p style=\"text-align: justify;\">Estrada le dio el visto bueno al programa de salud, \u201cagradecerle al se\u00f1or Gobernador estas acciones que hace en beneficio de las mujeres, de las madres solteras, de las familias, de los ni\u00f1os, estuvimos en un recorrido y es una cl\u00ednica muy completa y no queda m\u00e1s que agradecer este tipo de apoyos y acciones\u201d.<\/p>\n<p style=\"text-align: justify;\">El edil adelant\u00f3 una gira que tendr\u00e1 la pr\u00f3xima semana para seguir buscando apoyos para el municipio, \u201cMatehuala ahorita tiene muchas carencias, ya ahorita el gobernador habl\u00f3 de la Presa La Maroma, la cual es una obra muy importante, tambi\u00e9n se habr\u00e1n dado cuenta, tenemos un bacheo permanente pero no alcanzamos a darle alcance a esta problem\u00e1tica, yo creo que con los recarpeteos que nos va a ayudar en los pr\u00f3ximos d\u00edas, ser\u00e1n de gran ayuda para las calles de Matehuala\u201d.<\/p>\n<p style=\"text-align: justify;\">Por: Jes\u00fas Valencia<\/p>\n","protected":false},"excerpt":{"rendered":"<p>Matehuala.- Tras la visita del Gobernador del Estado, Ricardo Gallardo, a la ciudad de Matehuala para inaugurar la primera cl\u00ednica rosa de la regi\u00f3n, el Presidente Municipal, Iv\u00e1n Estrada, fue abordado por los medios para conocer sus impresiones por la llegada de estos beneficios al municipio. \u201cNo son palabras, son hechos, a pesar de que no somos de los mismos partidos, \u00e9l ahorita est\u00e1 trabajando sin colores, tan as\u00ed que yo creo que m\u00e1s que las palabras, son los hechos que estamos viviendo en Matehuala, ya en un mes vino dos veces y vino con proyectos importantes, eso habla de [&hellip;]<\/p>\n","protected":false},"author":2,"featured_media":63162,"comment_status":"closed","ping_status":"closed","sticky":false,"template":"","format":"video","meta":{"footnotes":""},"categories":[5,43],"tags":[],"class_list":["post-63156","post","type-post","status-publish","format-video","has-post-thumbnail","hentry","category-destacadas","category-interior","post_format-post-format-video","post--single"],"yoast_head":"<!-- This site is optimized with the Yoast SEO plugin v27.5 - https:\/\/yoast.com\/product\/yoast-seo-wordpress\/ -->\n<title>Asevera alcalde de Matehuala que existe buena coordinaci\u00f3n con el Ejecutivo Local. - Canal 7 SLP - 2022<\/title>\n<meta name=\"robots\" content=\"index, follow, max-snippet:-1, max-image-preview:large, max-video-preview:-1\" \/>\n<link rel=\"canonical\" href=\"https:\/\/canal7slp.tv\/2022\/asevera-alcalde-de-matehuala-que-existe-buena-coordinacion-con-el-ejecutivo-local\/\" \/>\n<meta property=\"og:locale\" content=\"es_ES\" \/>\n<meta property=\"og:type\" content=\"article\" \/>\n<meta property=\"og:title\" content=\"Asevera alcalde de Matehuala que existe buena coordinaci\u00f3n con el Ejecutivo Local. - Canal 7 SLP - 2022\" \/>\n<meta property=\"og:description\" content=\"Matehuala.- Tras la visita del Gobernador del Estado, Ricardo Gallardo, a la ciudad de Matehuala para inaugurar la primera cl\u00ednica rosa de la regi\u00f3n, el Presidente Municipal, Iv\u00e1n Estrada, fue abordado por los medios para conocer sus impresiones por la llegada de estos beneficios al municipio. \u201cNo son palabras, son hechos, a pesar de que no somos de los mismos partidos, \u00e9l ahorita est\u00e1 trabajando sin colores, tan as\u00ed que yo creo que m\u00e1s que las palabras, son los hechos que estamos viviendo en Matehuala, ya en un mes vino dos veces y vino con proyectos importantes, eso habla de [&hellip;]\" \/>\n<meta property=\"og:url\" content=\"https:\/\/canal7slp.tv\/2022\/asevera-alcalde-de-matehuala-que-existe-buena-coordinacion-con-el-ejecutivo-local\/\" \/>\n<meta property=\"og:site_name\" content=\"Canal 7 SLP - 2022\" \/>\n<meta property=\"article:publisher\" content=\"https:\/\/www.facebook.com\/noticieroscanalsiete\" \/>\n<meta property=\"article:published_time\" content=\"2022-06-10T17:24:31+00:00\" \/>\n<meta property=\"og:image\" content=\"https:\/\/canal7slp.tv\/2022\/wp-content\/uploads\/2022\/06\/Valencia01Alcalde.jpg\" \/>\n\t<meta property=\"og:image:width\" content=\"909\" \/>\n\t<meta property=\"og:image:height\" content=\"500\" \/>\n\t<meta property=\"og:image:type\" content=\"image\/jpeg\" \/>\n<meta name=\"author\" content=\"Edici\u00f3n Web\" \/>\n<meta name=\"twitter:card\" content=\"summary_large_image\" \/>\n<meta name=\"twitter:creator\" content=\"@NOTICIEROS7\" \/>\n<meta name=\"twitter:site\" content=\"@NOTICIEROS7\" \/>\n<meta name=\"twitter:label1\" content=\"Escrito por\" \/>\n\t<meta name=\"twitter:data1\" content=\"Edici\u00f3n Web\" \/>\n\t<meta name=\"twitter:label2\" content=\"Tiempo de lectura\" \/>\n\t<meta name=\"twitter:data2\" content=\"2 minutos\" \/>\n<script type=\"application\/ld+json\" class=\"yoast-schema-graph\">{\"@context\":\"https:\\\/\\\/schema.org\",\"@graph\":[{\"@type\":\"Article\",\"@id\":\"https:\\\/\\\/canal7slp.tv\\\/2022\\\/asevera-alcalde-de-matehuala-que-existe-buena-coordinacion-con-el-ejecutivo-local\\\/#article\",\"isPartOf\":{\"@id\":\"https:\\\/\\\/canal7slp.tv\\\/2022\\\/asevera-alcalde-de-matehuala-que-existe-buena-coordinacion-con-el-ejecutivo-local\\\/\"},\"author\":{\"name\":\"Edici\u00f3n Web\",\"@id\":\"https:\\\/\\\/canal7slp.tv\\\/2022\\\/#\\\/schema\\\/person\\\/429704152a21f5f856ce29aa69a238da\"},\"headline\":\"Asevera alcalde de Matehuala que existe buena coordinaci\u00f3n con el Ejecutivo Local.\",\"datePublished\":\"2022-06-10T17:24:31+00:00\",\"mainEntityOfPage\":{\"@id\":\"https:\\\/\\\/canal7slp.tv\\\/2022\\\/asevera-alcalde-de-matehuala-que-existe-buena-coordinacion-con-el-ejecutivo-local\\\/\"},\"wordCount\":281,\"publisher\":{\"@id\":\"https:\\\/\\\/canal7slp.tv\\\/2022\\\/#organization\"},\"image\":{\"@id\":\"https:\\\/\\\/canal7slp.tv\\\/2022\\\/asevera-alcalde-de-matehuala-que-existe-buena-coordinacion-con-el-ejecutivo-local\\\/#primaryimage\"},\"thumbnailUrl\":\"https:\\\/\\\/canal7slp.tv\\\/2022\\\/wp-content\\\/uploads\\\/2022\\\/06\\\/Valencia01Alcalde.jpg\",\"articleSection\":[\"DESTACADAS\",\"INTERIOR DEL ESTADO\"],\"inLanguage\":\"es\"},{\"@type\":\"WebPage\",\"@id\":\"https:\\\/\\\/canal7slp.tv\\\/2022\\\/asevera-alcalde-de-matehuala-que-existe-buena-coordinacion-con-el-ejecutivo-local\\\/\",\"url\":\"https:\\\/\\\/canal7slp.tv\\\/2022\\\/asevera-alcalde-de-matehuala-que-existe-buena-coordinacion-con-el-ejecutivo-local\\\/\",\"name\":\"Asevera alcalde de Matehuala que existe buena coordinaci\u00f3n con el Ejecutivo Local. - Canal 7 SLP - 2022\",\"isPartOf\":{\"@id\":\"https:\\\/\\\/canal7slp.tv\\\/2022\\\/#website\"},\"primaryImageOfPage\":{\"@id\":\"https:\\\/\\\/canal7slp.tv\\\/2022\\\/asevera-alcalde-de-matehuala-que-existe-buena-coordinacion-con-el-ejecutivo-local\\\/#primaryimage\"},\"image\":{\"@id\":\"https:\\\/\\\/canal7slp.tv\\\/2022\\\/asevera-alcalde-de-matehuala-que-existe-buena-coordinacion-con-el-ejecutivo-local\\\/#primaryimage\"},\"thumbnailUrl\":\"https:\\\/\\\/canal7slp.tv\\\/2022\\\/wp-content\\\/uploads\\\/2022\\\/06\\\/Valencia01Alcalde.jpg\",\"datePublished\":\"2022-06-10T17:24:31+00:00\",\"breadcrumb\":{\"@id\":\"https:\\\/\\\/canal7slp.tv\\\/2022\\\/asevera-alcalde-de-matehuala-que-existe-buena-coordinacion-con-el-ejecutivo-local\\\/#breadcrumb\"},\"inLanguage\":\"es\",\"potentialAction\":[{\"@type\":\"ReadAction\",\"target\":[\"https:\\\/\\\/canal7slp.tv\\\/2022\\\/asevera-alcalde-de-matehuala-que-existe-buena-coordinacion-con-el-ejecutivo-local\\\/\"]}]},{\"@type\":\"ImageObject\",\"inLanguage\":\"es\",\"@id\":\"https:\\\/\\\/canal7slp.tv\\\/2022\\\/asevera-alcalde-de-matehuala-que-existe-buena-coordinacion-con-el-ejecutivo-local\\\/#primaryimage\",\"url\":\"https:\\\/\\\/canal7slp.tv\\\/2022\\\/wp-content\\\/uploads\\\/2022\\\/06\\\/Valencia01Alcalde.jpg\",\"contentUrl\":\"https:\\\/\\\/canal7slp.tv\\\/2022\\\/wp-content\\\/uploads\\\/2022\\\/06\\\/Valencia01Alcalde.jpg\",\"width\":909,\"height\":500},{\"@type\":\"BreadcrumbList\",\"@id\":\"https:\\\/\\\/canal7slp.tv\\\/2022\\\/asevera-alcalde-de-matehuala-que-existe-buena-coordinacion-con-el-ejecutivo-local\\\/#breadcrumb\",\"itemListElement\":[{\"@type\":\"ListItem\",\"position\":1,\"name\":\"Portada\",\"item\":\"https:\\\/\\\/canal7slp.tv\\\/2022\\\/\"},{\"@type\":\"ListItem\",\"position\":2,\"name\":\"Asevera alcalde de Matehuala que existe buena coordinaci\u00f3n con el Ejecutivo Local.\"}]},{\"@type\":\"WebSite\",\"@id\":\"https:\\\/\\\/canal7slp.tv\\\/2022\\\/#website\",\"url\":\"https:\\\/\\\/canal7slp.tv\\\/2022\\\/\",\"name\":\"N7 - Noticieros Canal 7\",\"description\":\"Somos Televisi\u00f3n\",\"publisher\":{\"@id\":\"https:\\\/\\\/canal7slp.tv\\\/2022\\\/#organization\"},\"potentialAction\":[{\"@type\":\"SearchAction\",\"target\":{\"@type\":\"EntryPoint\",\"urlTemplate\":\"https:\\\/\\\/canal7slp.tv\\\/2022\\\/?s={search_term_string}\"},\"query-input\":{\"@type\":\"PropertyValueSpecification\",\"valueRequired\":true,\"valueName\":\"search_term_string\"}}],\"inLanguage\":\"es\"},{\"@type\":\"Organization\",\"@id\":\"https:\\\/\\\/canal7slp.tv\\\/2022\\\/#organization\",\"name\":\"Noticieros Canal 7\",\"url\":\"https:\\\/\\\/canal7slp.tv\\\/2022\\\/\",\"logo\":{\"@type\":\"ImageObject\",\"inLanguage\":\"es\",\"@id\":\"https:\\\/\\\/canal7slp.tv\\\/2022\\\/#\\\/schema\\\/logo\\\/image\\\/\",\"url\":\"https:\\\/\\\/canal7slp.tv\\\/2022\\\/wp-content\\\/uploads\\\/2021\\\/01\\\/logo-noticieros@2x.png\",\"contentUrl\":\"https:\\\/\\\/canal7slp.tv\\\/2022\\\/wp-content\\\/uploads\\\/2021\\\/01\\\/logo-noticieros@2x.png\",\"width\":1017,\"height\":268,\"caption\":\"Noticieros Canal 7\"},\"image\":{\"@id\":\"https:\\\/\\\/canal7slp.tv\\\/2022\\\/#\\\/schema\\\/logo\\\/image\\\/\"},\"sameAs\":[\"https:\\\/\\\/www.facebook.com\\\/noticieroscanalsiete\",\"https:\\\/\\\/x.com\\\/NOTICIEROS7\",\"https:\\\/\\\/www.instagram.com\\\/canal7_slp\",\"https:\\\/\\\/www.youtube.com\\\/channel\\\/UCliiYs-gP3JfJeqdPrNdd5A\"]},{\"@type\":\"Person\",\"@id\":\"https:\\\/\\\/canal7slp.tv\\\/2022\\\/#\\\/schema\\\/person\\\/429704152a21f5f856ce29aa69a238da\",\"name\":\"Edici\u00f3n Web\",\"image\":{\"@type\":\"ImageObject\",\"inLanguage\":\"es\",\"@id\":\"https:\\\/\\\/secure.gravatar.com\\\/avatar\\\/eee448fc3f7164808013b816ba91ac7e43bbe82a70bebac296f8bc6f0addaa1a?s=96&d=mm&r=g\",\"url\":\"https:\\\/\\\/secure.gravatar.com\\\/avatar\\\/eee448fc3f7164808013b816ba91ac7e43bbe82a70bebac296f8bc6f0addaa1a?s=96&d=mm&r=g\",\"contentUrl\":\"https:\\\/\\\/secure.gravatar.com\\\/avatar\\\/eee448fc3f7164808013b816ba91ac7e43bbe82a70bebac296f8bc6f0addaa1a?s=96&d=mm&r=g\",\"caption\":\"Edici\u00f3n Web\"},\"url\":\"https:\\\/\\\/canal7slp.tv\\\/2022\\\/author\\\/edicionweb\\\/\"}]}<\/script>\n<!-- \/ Yoast SEO plugin. -->","yoast_head_json":{"title":"Asevera alcalde de Matehuala que existe buena coordinaci\u00f3n con el Ejecutivo Local. - Canal 7 SLP - 2022","robots":{"index":"index","follow":"follow","max-snippet":"max-snippet:-1","max-image-preview":"max-image-preview:large","max-video-preview":"max-video-preview:-1"},"canonical":"https:\/\/canal7slp.tv\/2022\/asevera-alcalde-de-matehuala-que-existe-buena-coordinacion-con-el-ejecutivo-local\/","og_locale":"es_ES","og_type":"article","og_title":"Asevera alcalde de Matehuala que existe buena coordinaci\u00f3n con el Ejecutivo Local. - Canal 7 SLP - 2022","og_description":"Matehuala.- Tras la visita del Gobernador del Estado, Ricardo Gallardo, a la ciudad de Matehuala para inaugurar la primera cl\u00ednica rosa de la regi\u00f3n, el Presidente Municipal, Iv\u00e1n Estrada, fue abordado por los medios para conocer sus impresiones por la llegada de estos beneficios al municipio. \u201cNo son palabras, son hechos, a pesar de que no somos de los mismos partidos, \u00e9l ahorita est\u00e1 trabajando sin colores, tan as\u00ed que yo creo que m\u00e1s que las palabras, son los hechos que estamos viviendo en Matehuala, ya en un mes vino dos veces y vino con proyectos importantes, eso habla de [&hellip;]","og_url":"https:\/\/canal7slp.tv\/2022\/asevera-alcalde-de-matehuala-que-existe-buena-coordinacion-con-el-ejecutivo-local\/","og_site_name":"Canal 7 SLP - 2022","article_publisher":"https:\/\/www.facebook.com\/noticieroscanalsiete","article_published_time":"2022-06-10T17:24:31+00:00","og_image":[{"width":909,"height":500,"url":"https:\/\/canal7slp.tv\/2022\/wp-content\/uploads\/2022\/06\/Valencia01Alcalde.jpg","type":"image\/jpeg"}],"author":"Edici\u00f3n Web","twitter_card":"summary_large_image","twitter_creator":"@NOTICIEROS7","twitter_site":"@NOTICIEROS7","twitter_misc":{"Escrito por":"Edici\u00f3n Web","Tiempo de lectura":"2 minutos"},"schema":{"@context":"https:\/\/schema.org","@graph":[{"@type":"Article","@id":"https:\/\/canal7slp.tv\/2022\/asevera-alcalde-de-matehuala-que-existe-buena-coordinacion-con-el-ejecutivo-local\/#article","isPartOf":{"@id":"https:\/\/canal7slp.tv\/2022\/asevera-alcalde-de-matehuala-que-existe-buena-coordinacion-con-el-ejecutivo-local\/"},"author":{"name":"Edici\u00f3n Web","@id":"https:\/\/canal7slp.tv\/2022\/#\/schema\/person\/429704152a21f5f856ce29aa69a238da"},"headline":"Asevera alcalde de Matehuala que existe buena coordinaci\u00f3n con el Ejecutivo Local.","datePublished":"2022-06-10T17:24:31+00:00","mainEntityOfPage":{"@id":"https:\/\/canal7slp.tv\/2022\/asevera-alcalde-de-matehuala-que-existe-buena-coordinacion-con-el-ejecutivo-local\/"},"wordCount":281,"publisher":{"@id":"https:\/\/canal7slp.tv\/2022\/#organization"},"image":{"@id":"https:\/\/canal7slp.tv\/2022\/asevera-alcalde-de-matehuala-que-existe-buena-coordinacion-con-el-ejecutivo-local\/#primaryimage"},"thumbnailUrl":"https:\/\/canal7slp.tv\/2022\/wp-content\/uploads\/2022\/06\/Valencia01Alcalde.jpg","articleSection":["DESTACADAS","INTERIOR DEL ESTADO"],"inLanguage":"es"},{"@type":"WebPage","@id":"https:\/\/canal7slp.tv\/2022\/asevera-alcalde-de-matehuala-que-existe-buena-coordinacion-con-el-ejecutivo-local\/","url":"https:\/\/canal7slp.tv\/2022\/asevera-alcalde-de-matehuala-que-existe-buena-coordinacion-con-el-ejecutivo-local\/","name":"Asevera alcalde de Matehuala que existe buena coordinaci\u00f3n con el Ejecutivo Local. - Canal 7 SLP - 2022","isPartOf":{"@id":"https:\/\/canal7slp.tv\/2022\/#website"},"primaryImageOfPage":{"@id":"https:\/\/canal7slp.tv\/2022\/asevera-alcalde-de-matehuala-que-existe-buena-coordinacion-con-el-ejecutivo-local\/#primaryimage"},"image":{"@id":"https:\/\/canal7slp.tv\/2022\/asevera-alcalde-de-matehuala-que-existe-buena-coordinacion-con-el-ejecutivo-local\/#primaryimage"},"thumbnailUrl":"https:\/\/canal7slp.tv\/2022\/wp-content\/uploads\/2022\/06\/Valencia01Alcalde.jpg","datePublished":"2022-06-10T17:24:31+00:00","breadcrumb":{"@id":"https:\/\/canal7slp.tv\/2022\/asevera-alcalde-de-matehuala-que-existe-buena-coordinacion-con-el-ejecutivo-local\/#breadcrumb"},"inLanguage":"es","potentialAction":[{"@type":"ReadAction","target":["https:\/\/canal7slp.tv\/2022\/asevera-alcalde-de-matehuala-que-existe-buena-coordinacion-con-el-ejecutivo-local\/"]}]},{"@type":"ImageObject","inLanguage":"es","@id":"https:\/\/canal7slp.tv\/2022\/asevera-alcalde-de-matehuala-que-existe-buena-coordinacion-con-el-ejecutivo-local\/#primaryimage","url":"https:\/\/canal7slp.tv\/2022\/wp-content\/uploads\/2022\/06\/Valencia01Alcalde.jpg","contentUrl":"https:\/\/canal7slp.tv\/2022\/wp-content\/uploads\/2022\/06\/Valencia01Alcalde.jpg","width":909,"height":500},{"@type":"BreadcrumbList","@id":"https:\/\/canal7slp.tv\/2022\/asevera-alcalde-de-matehuala-que-existe-buena-coordinacion-con-el-ejecutivo-local\/#breadcrumb","itemListElement":[{"@type":"ListItem","position":1,"name":"Portada","item":"https:\/\/canal7slp.tv\/2022\/"},{"@type":"ListItem","position":2,"name":"Asevera alcalde de Matehuala que existe buena coordinaci\u00f3n con el Ejecutivo Local."}]},{"@type":"WebSite","@id":"https:\/\/canal7slp.tv\/2022\/#website","url":"https:\/\/canal7slp.tv\/2022\/","name":"N7 - Noticieros Canal 7","description":"Somos Televisi\u00f3n","publisher":{"@id":"https:\/\/canal7slp.tv\/2022\/#organization"},"potentialAction":[{"@type":"SearchAction","target":{"@type":"EntryPoint","urlTemplate":"https:\/\/canal7slp.tv\/2022\/?s={search_term_string}"},"query-input":{"@type":"PropertyValueSpecification","valueRequired":true,"valueName":"search_term_string"}}],"inLanguage":"es"},{"@type":"Organization","@id":"https:\/\/canal7slp.tv\/2022\/#organization","name":"Noticieros Canal 7","url":"https:\/\/canal7slp.tv\/2022\/","logo":{"@type":"ImageObject","inLanguage":"es","@id":"https:\/\/canal7slp.tv\/2022\/#\/schema\/logo\/image\/","url":"https:\/\/canal7slp.tv\/2022\/wp-content\/uploads\/2021\/01\/logo-noticieros@2x.png","contentUrl":"https:\/\/canal7slp.tv\/2022\/wp-content\/uploads\/2021\/01\/logo-noticieros@2x.png","width":1017,"height":268,"caption":"Noticieros Canal 7"},"image":{"@id":"https:\/\/canal7slp.tv\/2022\/#\/schema\/logo\/image\/"},"sameAs":["https:\/\/www.facebook.com\/noticieroscanalsiete","https:\/\/x.com\/NOTICIEROS7","https:\/\/www.instagram.com\/canal7_slp","https:\/\/www.youtube.com\/channel\/UCliiYs-gP3JfJeqdPrNdd5A"]},{"@type":"Person","@id":"https:\/\/canal7slp.tv\/2022\/#\/schema\/person\/429704152a21f5f856ce29aa69a238da","name":"Edici\u00f3n Web","image":{"@type":"ImageObject","inLanguage":"es","@id":"https:\/\/secure.gravatar.com\/avatar\/eee448fc3f7164808013b816ba91ac7e43bbe82a70bebac296f8bc6f0addaa1a?s=96&d=mm&r=g","url":"https:\/\/secure.gravatar.com\/avatar\/eee448fc3f7164808013b816ba91ac7e43bbe82a70bebac296f8bc6f0addaa1a?s=96&d=mm&r=g","contentUrl":"https:\/\/secure.gravatar.com\/avatar\/eee448fc3f7164808013b816ba91ac7e43bbe82a70bebac296f8bc6f0addaa1a?s=96&d=mm&r=g","caption":"Edici\u00f3n Web"},"url":"https:\/\/canal7slp.tv\/2022\/author\/edicionweb\/"}]}},"amp_enabled":true,"_links":{"self":[{"href":"https:\/\/canal7slp.tv\/2022\/wp-json\/wp\/v2\/posts\/63156","targetHints":{"allow":["GET"]}}],"collection":[{"href":"https:\/\/canal7slp.tv\/2022\/wp-json\/wp\/v2\/posts"}],"about":[{"href":"https:\/\/canal7slp.tv\/2022\/wp-json\/wp\/v2\/types\/post"}],"author":[{"embeddable":true,"href":"https:\/\/canal7slp.tv\/2022\/wp-json\/wp\/v2\/users\/2"}],"replies":[{"embeddable":true,"href":"https:\/\/canal7slp.tv\/2022\/wp-json\/wp\/v2\/comments?post=63156"}],"version-history":[{"count":1,"href":"https:\/\/canal7slp.tv\/2022\/wp-json\/wp\/v2\/posts\/63156\/revisions"}],"predecessor-version":[{"id":63158,"href":"https:\/\/canal7slp.tv\/2022\/wp-json\/wp\/v2\/posts\/63156\/revisions\/63158"}],"wp:featuredmedia":[{"embeddable":true,"href":"https:\/\/canal7slp.tv\/2022\/wp-json\/wp\/v2\/media\/63162"}],"wp:attachment":[{"href":"https:\/\/canal7slp.tv\/2022\/wp-json\/wp\/v2\/media?parent=63156"}],"wp:term":[{"taxonomy":"category","embeddable":true,"href":"https:\/\/canal7slp.tv\/2022\/wp-json\/wp\/v2\/categories?post=63156"},{"taxonomy":"post_tag","embeddable":true,"href":"https:\/\/canal7slp.tv\/2022\/wp-json\/wp\/v2\/tags?post=63156"}],"curies":[{"name":"wp","href":"https:\/\/api.w.org\/{rel}","templated":true}]}}