{"id":63021,"date":"2022-06-09T04:53:17","date_gmt":"2022-06-09T10:53:17","guid":{"rendered":"https:\/\/canal7slp.tv\/2022\/?p=63021"},"modified":"2022-06-09T04:53:17","modified_gmt":"2022-06-09T10:53:17","slug":"interapas-se-compromete-a-presentar-proyecto-que-garantice-abastecimiento-equitativo-de-agua","status":"publish","type":"post","link":"https:\/\/canal7slp.tv\/2022\/interapas-se-compromete-a-presentar-proyecto-que-garantice-abastecimiento-equitativo-de-agua\/","title":{"rendered":"INTERAPAS se compromete a presentar proyecto que garantice abastecimiento equitativo de agua."},"content":{"rendered":"<ul>\n<li style=\"text-align: justify;\">La primera fase podr\u00eda requerir la inversi\u00f3n de m\u00e1s de mil mdp.<\/li>\n<\/ul>\n<p style=\"text-align: justify;\">SLP.- El Organismo Operador de Agua presentar\u00e1 en un mes las obras y acciones que ser\u00e1n puestas en marcha para consolidar el servicio y garantizar resultados efectivos en el abastecimiento de l\u00edquido -opciones entre las que sobresale la creaci\u00f3n de un acuaf\u00e9rico-.<\/p>\n<p style=\"text-align: justify;\">El presidente de la Junta de Gobierno, Enrique Galindo Ceballos asever\u00f3 que se trata de un compromiso para que mejoren las condiciones de los usuarios.<\/p>\n<p style=\"text-align: justify;\">Espec\u00edficamente sobre el acuaf\u00e9rico se\u00f1al\u00f3 que resolver\u00eda la falta de capacidad en infraestructura, por ejemplo para repartir el l\u00edquido de forma igualitaria de parte de El Realito o los pozos.<\/p>\n<p style=\"text-align: justify;\">Con independencia del acuaf\u00e9rico -proyecto preautorizado- Galindo Ceballos destac\u00f3 la necesidad de una planta tratadora en Cordillera de los Himalaya.<\/p>\n<p style=\"text-align: justify;\">Y sectorizar la ciudad.<\/p>\n<p style=\"text-align: justify;\">Puntualiz\u00f3 que la clave es que Interapas se encargue de la carta de navegaci\u00f3n ya que no se sabe qu\u00e9 paso debe darse para ofrecer soluci\u00f3n.<\/p>\n<p style=\"text-align: justify;\">Pero de hacerse bien, el problema ser\u00e1 resuelto por completo.<\/p>\n<p style=\"text-align: justify;\">Por: Paulina Rodr\u00edguez<\/p>\n","protected":false},"excerpt":{"rendered":"<p>La primera fase podr\u00eda requerir la inversi\u00f3n de m\u00e1s de mil mdp. SLP.- El Organismo Operador de Agua presentar\u00e1 en un mes las obras y acciones que ser\u00e1n puestas en marcha para consolidar el servicio y garantizar resultados efectivos en el abastecimiento de l\u00edquido -opciones entre las que sobresale la creaci\u00f3n de un acuaf\u00e9rico-. El presidente de la Junta de Gobierno, Enrique Galindo Ceballos asever\u00f3 que se trata de un compromiso para que mejoren las condiciones de los usuarios. Espec\u00edficamente sobre el acuaf\u00e9rico se\u00f1al\u00f3 que resolver\u00eda la falta de capacidad en infraestructura, por ejemplo para repartir el l\u00edquido de forma [&hellip;]<\/p>\n","protected":false},"author":2,"featured_media":63024,"comment_status":"closed","ping_status":"closed","sticky":false,"template":"","format":"video","meta":{"footnotes":""},"categories":[66,5,45],"tags":[],"class_list":["post-63021","post","type-post","status-publish","format-video","has-post-thumbnail","hentry","category-ayoslp","category-destacadas","category-localesyregionales","post_format-post-format-video","post--single"],"yoast_head":"<!-- This site is optimized with the Yoast SEO plugin v27.4 - https:\/\/yoast.com\/product\/yoast-seo-wordpress\/ -->\n<title>INTERAPAS se compromete a presentar proyecto que garantice abastecimiento equitativo de agua. - Canal 7 SLP - 2022<\/title>\n<meta name=\"robots\" content=\"index, follow, max-snippet:-1, max-image-preview:large, max-video-preview:-1\" \/>\n<link rel=\"canonical\" href=\"https:\/\/canal7slp.tv\/2022\/interapas-se-compromete-a-presentar-proyecto-que-garantice-abastecimiento-equitativo-de-agua\/\" \/>\n<meta property=\"og:locale\" content=\"es_ES\" \/>\n<meta property=\"og:type\" content=\"article\" \/>\n<meta property=\"og:title\" content=\"INTERAPAS se compromete a presentar proyecto que garantice abastecimiento equitativo de agua. - Canal 7 SLP - 2022\" \/>\n<meta property=\"og:description\" content=\"La primera fase podr\u00eda requerir la inversi\u00f3n de m\u00e1s de mil mdp. SLP.- El Organismo Operador de Agua presentar\u00e1 en un mes las obras y acciones que ser\u00e1n puestas en marcha para consolidar el servicio y garantizar resultados efectivos en el abastecimiento de l\u00edquido -opciones entre las que sobresale la creaci\u00f3n de un acuaf\u00e9rico-. El presidente de la Junta de Gobierno, Enrique Galindo Ceballos asever\u00f3 que se trata de un compromiso para que mejoren las condiciones de los usuarios. Espec\u00edficamente sobre el acuaf\u00e9rico se\u00f1al\u00f3 que resolver\u00eda la falta de capacidad en infraestructura, por ejemplo para repartir el l\u00edquido de forma [&hellip;]\" \/>\n<meta property=\"og:url\" content=\"https:\/\/canal7slp.tv\/2022\/interapas-se-compromete-a-presentar-proyecto-que-garantice-abastecimiento-equitativo-de-agua\/\" \/>\n<meta property=\"og:site_name\" content=\"Canal 7 SLP - 2022\" \/>\n<meta property=\"article:publisher\" content=\"https:\/\/www.facebook.com\/noticieroscanalsiete\" \/>\n<meta property=\"article:published_time\" content=\"2022-06-09T10:53:17+00:00\" \/>\n<meta property=\"og:image\" content=\"https:\/\/canal7slp.tv\/2022\/wp-content\/uploads\/2022\/06\/Pau01Acuaferico.jpg\" \/>\n\t<meta property=\"og:image:width\" content=\"888\" \/>\n\t<meta property=\"og:image:height\" content=\"500\" \/>\n\t<meta property=\"og:image:type\" content=\"image\/jpeg\" \/>\n<meta name=\"author\" content=\"Edici\u00f3n Web\" \/>\n<meta name=\"twitter:card\" content=\"summary_large_image\" \/>\n<meta name=\"twitter:creator\" content=\"@NOTICIEROS7\" \/>\n<meta name=\"twitter:site\" content=\"@NOTICIEROS7\" \/>\n<meta name=\"twitter:label1\" content=\"Escrito por\" \/>\n\t<meta name=\"twitter:data1\" content=\"Edici\u00f3n Web\" \/>\n\t<meta name=\"twitter:label2\" content=\"Tiempo de lectura\" \/>\n\t<meta name=\"twitter:data2\" content=\"1 minuto\" \/>\n<script type=\"application\/ld+json\" class=\"yoast-schema-graph\">{\"@context\":\"https:\\\/\\\/schema.org\",\"@graph\":[{\"@type\":\"Article\",\"@id\":\"https:\\\/\\\/canal7slp.tv\\\/2022\\\/interapas-se-compromete-a-presentar-proyecto-que-garantice-abastecimiento-equitativo-de-agua\\\/#article\",\"isPartOf\":{\"@id\":\"https:\\\/\\\/canal7slp.tv\\\/2022\\\/interapas-se-compromete-a-presentar-proyecto-que-garantice-abastecimiento-equitativo-de-agua\\\/\"},\"author\":{\"name\":\"Edici\u00f3n Web\",\"@id\":\"https:\\\/\\\/canal7slp.tv\\\/2022\\\/#\\\/schema\\\/person\\\/429704152a21f5f856ce29aa69a238da\"},\"headline\":\"INTERAPAS se compromete a presentar proyecto que garantice abastecimiento equitativo de agua.\",\"datePublished\":\"2022-06-09T10:53:17+00:00\",\"mainEntityOfPage\":{\"@id\":\"https:\\\/\\\/canal7slp.tv\\\/2022\\\/interapas-se-compromete-a-presentar-proyecto-que-garantice-abastecimiento-equitativo-de-agua\\\/\"},\"wordCount\":201,\"publisher\":{\"@id\":\"https:\\\/\\\/canal7slp.tv\\\/2022\\\/#organization\"},\"image\":{\"@id\":\"https:\\\/\\\/canal7slp.tv\\\/2022\\\/interapas-se-compromete-a-presentar-proyecto-que-garantice-abastecimiento-equitativo-de-agua\\\/#primaryimage\"},\"thumbnailUrl\":\"https:\\\/\\\/canal7slp.tv\\\/2022\\\/wp-content\\\/uploads\\\/2022\\\/06\\\/Pau01Acuaferico.jpg\",\"articleSection\":[\"AYOSLP\",\"DESTACADAS\",\"LOCALES Y REGIONALES\"],\"inLanguage\":\"es\"},{\"@type\":\"WebPage\",\"@id\":\"https:\\\/\\\/canal7slp.tv\\\/2022\\\/interapas-se-compromete-a-presentar-proyecto-que-garantice-abastecimiento-equitativo-de-agua\\\/\",\"url\":\"https:\\\/\\\/canal7slp.tv\\\/2022\\\/interapas-se-compromete-a-presentar-proyecto-que-garantice-abastecimiento-equitativo-de-agua\\\/\",\"name\":\"INTERAPAS se compromete a presentar proyecto que garantice abastecimiento equitativo de agua. - Canal 7 SLP - 2022\",\"isPartOf\":{\"@id\":\"https:\\\/\\\/canal7slp.tv\\\/2022\\\/#website\"},\"primaryImageOfPage\":{\"@id\":\"https:\\\/\\\/canal7slp.tv\\\/2022\\\/interapas-se-compromete-a-presentar-proyecto-que-garantice-abastecimiento-equitativo-de-agua\\\/#primaryimage\"},\"image\":{\"@id\":\"https:\\\/\\\/canal7slp.tv\\\/2022\\\/interapas-se-compromete-a-presentar-proyecto-que-garantice-abastecimiento-equitativo-de-agua\\\/#primaryimage\"},\"thumbnailUrl\":\"https:\\\/\\\/canal7slp.tv\\\/2022\\\/wp-content\\\/uploads\\\/2022\\\/06\\\/Pau01Acuaferico.jpg\",\"datePublished\":\"2022-06-09T10:53:17+00:00\",\"breadcrumb\":{\"@id\":\"https:\\\/\\\/canal7slp.tv\\\/2022\\\/interapas-se-compromete-a-presentar-proyecto-que-garantice-abastecimiento-equitativo-de-agua\\\/#breadcrumb\"},\"inLanguage\":\"es\",\"potentialAction\":[{\"@type\":\"ReadAction\",\"target\":[\"https:\\\/\\\/canal7slp.tv\\\/2022\\\/interapas-se-compromete-a-presentar-proyecto-que-garantice-abastecimiento-equitativo-de-agua\\\/\"]}]},{\"@type\":\"ImageObject\",\"inLanguage\":\"es\",\"@id\":\"https:\\\/\\\/canal7slp.tv\\\/2022\\\/interapas-se-compromete-a-presentar-proyecto-que-garantice-abastecimiento-equitativo-de-agua\\\/#primaryimage\",\"url\":\"https:\\\/\\\/canal7slp.tv\\\/2022\\\/wp-content\\\/uploads\\\/2022\\\/06\\\/Pau01Acuaferico.jpg\",\"contentUrl\":\"https:\\\/\\\/canal7slp.tv\\\/2022\\\/wp-content\\\/uploads\\\/2022\\\/06\\\/Pau01Acuaferico.jpg\",\"width\":888,\"height\":500},{\"@type\":\"BreadcrumbList\",\"@id\":\"https:\\\/\\\/canal7slp.tv\\\/2022\\\/interapas-se-compromete-a-presentar-proyecto-que-garantice-abastecimiento-equitativo-de-agua\\\/#breadcrumb\",\"itemListElement\":[{\"@type\":\"ListItem\",\"position\":1,\"name\":\"Portada\",\"item\":\"https:\\\/\\\/canal7slp.tv\\\/2022\\\/\"},{\"@type\":\"ListItem\",\"position\":2,\"name\":\"INTERAPAS se compromete a presentar proyecto que garantice abastecimiento equitativo de agua.\"}]},{\"@type\":\"WebSite\",\"@id\":\"https:\\\/\\\/canal7slp.tv\\\/2022\\\/#website\",\"url\":\"https:\\\/\\\/canal7slp.tv\\\/2022\\\/\",\"name\":\"N7 - Noticieros Canal 7\",\"description\":\"Somos Televisi\u00f3n\",\"publisher\":{\"@id\":\"https:\\\/\\\/canal7slp.tv\\\/2022\\\/#organization\"},\"potentialAction\":[{\"@type\":\"SearchAction\",\"target\":{\"@type\":\"EntryPoint\",\"urlTemplate\":\"https:\\\/\\\/canal7slp.tv\\\/2022\\\/?s={search_term_string}\"},\"query-input\":{\"@type\":\"PropertyValueSpecification\",\"valueRequired\":true,\"valueName\":\"search_term_string\"}}],\"inLanguage\":\"es\"},{\"@type\":\"Organization\",\"@id\":\"https:\\\/\\\/canal7slp.tv\\\/2022\\\/#organization\",\"name\":\"Noticieros Canal 7\",\"url\":\"https:\\\/\\\/canal7slp.tv\\\/2022\\\/\",\"logo\":{\"@type\":\"ImageObject\",\"inLanguage\":\"es\",\"@id\":\"https:\\\/\\\/canal7slp.tv\\\/2022\\\/#\\\/schema\\\/logo\\\/image\\\/\",\"url\":\"https:\\\/\\\/canal7slp.tv\\\/2022\\\/wp-content\\\/uploads\\\/2021\\\/01\\\/logo-noticieros@2x.png\",\"contentUrl\":\"https:\\\/\\\/canal7slp.tv\\\/2022\\\/wp-content\\\/uploads\\\/2021\\\/01\\\/logo-noticieros@2x.png\",\"width\":1017,\"height\":268,\"caption\":\"Noticieros Canal 7\"},\"image\":{\"@id\":\"https:\\\/\\\/canal7slp.tv\\\/2022\\\/#\\\/schema\\\/logo\\\/image\\\/\"},\"sameAs\":[\"https:\\\/\\\/www.facebook.com\\\/noticieroscanalsiete\",\"https:\\\/\\\/x.com\\\/NOTICIEROS7\",\"https:\\\/\\\/www.instagram.com\\\/canal7_slp\",\"https:\\\/\\\/www.youtube.com\\\/channel\\\/UCliiYs-gP3JfJeqdPrNdd5A\"]},{\"@type\":\"Person\",\"@id\":\"https:\\\/\\\/canal7slp.tv\\\/2022\\\/#\\\/schema\\\/person\\\/429704152a21f5f856ce29aa69a238da\",\"name\":\"Edici\u00f3n Web\",\"image\":{\"@type\":\"ImageObject\",\"inLanguage\":\"es\",\"@id\":\"https:\\\/\\\/secure.gravatar.com\\\/avatar\\\/eee448fc3f7164808013b816ba91ac7e43bbe82a70bebac296f8bc6f0addaa1a?s=96&d=mm&r=g\",\"url\":\"https:\\\/\\\/secure.gravatar.com\\\/avatar\\\/eee448fc3f7164808013b816ba91ac7e43bbe82a70bebac296f8bc6f0addaa1a?s=96&d=mm&r=g\",\"contentUrl\":\"https:\\\/\\\/secure.gravatar.com\\\/avatar\\\/eee448fc3f7164808013b816ba91ac7e43bbe82a70bebac296f8bc6f0addaa1a?s=96&d=mm&r=g\",\"caption\":\"Edici\u00f3n Web\"},\"url\":\"https:\\\/\\\/canal7slp.tv\\\/2022\\\/author\\\/edicionweb\\\/\"}]}<\/script>\n<!-- \/ Yoast SEO plugin. -->","yoast_head_json":{"title":"INTERAPAS se compromete a presentar proyecto que garantice abastecimiento equitativo de agua. - Canal 7 SLP - 2022","robots":{"index":"index","follow":"follow","max-snippet":"max-snippet:-1","max-image-preview":"max-image-preview:large","max-video-preview":"max-video-preview:-1"},"canonical":"https:\/\/canal7slp.tv\/2022\/interapas-se-compromete-a-presentar-proyecto-que-garantice-abastecimiento-equitativo-de-agua\/","og_locale":"es_ES","og_type":"article","og_title":"INTERAPAS se compromete a presentar proyecto que garantice abastecimiento equitativo de agua. - Canal 7 SLP - 2022","og_description":"La primera fase podr\u00eda requerir la inversi\u00f3n de m\u00e1s de mil mdp. SLP.- El Organismo Operador de Agua presentar\u00e1 en un mes las obras y acciones que ser\u00e1n puestas en marcha para consolidar el servicio y garantizar resultados efectivos en el abastecimiento de l\u00edquido -opciones entre las que sobresale la creaci\u00f3n de un acuaf\u00e9rico-. El presidente de la Junta de Gobierno, Enrique Galindo Ceballos asever\u00f3 que se trata de un compromiso para que mejoren las condiciones de los usuarios. Espec\u00edficamente sobre el acuaf\u00e9rico se\u00f1al\u00f3 que resolver\u00eda la falta de capacidad en infraestructura, por ejemplo para repartir el l\u00edquido de forma [&hellip;]","og_url":"https:\/\/canal7slp.tv\/2022\/interapas-se-compromete-a-presentar-proyecto-que-garantice-abastecimiento-equitativo-de-agua\/","og_site_name":"Canal 7 SLP - 2022","article_publisher":"https:\/\/www.facebook.com\/noticieroscanalsiete","article_published_time":"2022-06-09T10:53:17+00:00","og_image":[{"width":888,"height":500,"url":"https:\/\/canal7slp.tv\/2022\/wp-content\/uploads\/2022\/06\/Pau01Acuaferico.jpg","type":"image\/jpeg"}],"author":"Edici\u00f3n Web","twitter_card":"summary_large_image","twitter_creator":"@NOTICIEROS7","twitter_site":"@NOTICIEROS7","twitter_misc":{"Escrito por":"Edici\u00f3n Web","Tiempo de lectura":"1 minuto"},"schema":{"@context":"https:\/\/schema.org","@graph":[{"@type":"Article","@id":"https:\/\/canal7slp.tv\/2022\/interapas-se-compromete-a-presentar-proyecto-que-garantice-abastecimiento-equitativo-de-agua\/#article","isPartOf":{"@id":"https:\/\/canal7slp.tv\/2022\/interapas-se-compromete-a-presentar-proyecto-que-garantice-abastecimiento-equitativo-de-agua\/"},"author":{"name":"Edici\u00f3n Web","@id":"https:\/\/canal7slp.tv\/2022\/#\/schema\/person\/429704152a21f5f856ce29aa69a238da"},"headline":"INTERAPAS se compromete a presentar proyecto que garantice abastecimiento equitativo de agua.","datePublished":"2022-06-09T10:53:17+00:00","mainEntityOfPage":{"@id":"https:\/\/canal7slp.tv\/2022\/interapas-se-compromete-a-presentar-proyecto-que-garantice-abastecimiento-equitativo-de-agua\/"},"wordCount":201,"publisher":{"@id":"https:\/\/canal7slp.tv\/2022\/#organization"},"image":{"@id":"https:\/\/canal7slp.tv\/2022\/interapas-se-compromete-a-presentar-proyecto-que-garantice-abastecimiento-equitativo-de-agua\/#primaryimage"},"thumbnailUrl":"https:\/\/canal7slp.tv\/2022\/wp-content\/uploads\/2022\/06\/Pau01Acuaferico.jpg","articleSection":["AYOSLP","DESTACADAS","LOCALES Y REGIONALES"],"inLanguage":"es"},{"@type":"WebPage","@id":"https:\/\/canal7slp.tv\/2022\/interapas-se-compromete-a-presentar-proyecto-que-garantice-abastecimiento-equitativo-de-agua\/","url":"https:\/\/canal7slp.tv\/2022\/interapas-se-compromete-a-presentar-proyecto-que-garantice-abastecimiento-equitativo-de-agua\/","name":"INTERAPAS se compromete a presentar proyecto que garantice abastecimiento equitativo de agua. - Canal 7 SLP - 2022","isPartOf":{"@id":"https:\/\/canal7slp.tv\/2022\/#website"},"primaryImageOfPage":{"@id":"https:\/\/canal7slp.tv\/2022\/interapas-se-compromete-a-presentar-proyecto-que-garantice-abastecimiento-equitativo-de-agua\/#primaryimage"},"image":{"@id":"https:\/\/canal7slp.tv\/2022\/interapas-se-compromete-a-presentar-proyecto-que-garantice-abastecimiento-equitativo-de-agua\/#primaryimage"},"thumbnailUrl":"https:\/\/canal7slp.tv\/2022\/wp-content\/uploads\/2022\/06\/Pau01Acuaferico.jpg","datePublished":"2022-06-09T10:53:17+00:00","breadcrumb":{"@id":"https:\/\/canal7slp.tv\/2022\/interapas-se-compromete-a-presentar-proyecto-que-garantice-abastecimiento-equitativo-de-agua\/#breadcrumb"},"inLanguage":"es","potentialAction":[{"@type":"ReadAction","target":["https:\/\/canal7slp.tv\/2022\/interapas-se-compromete-a-presentar-proyecto-que-garantice-abastecimiento-equitativo-de-agua\/"]}]},{"@type":"ImageObject","inLanguage":"es","@id":"https:\/\/canal7slp.tv\/2022\/interapas-se-compromete-a-presentar-proyecto-que-garantice-abastecimiento-equitativo-de-agua\/#primaryimage","url":"https:\/\/canal7slp.tv\/2022\/wp-content\/uploads\/2022\/06\/Pau01Acuaferico.jpg","contentUrl":"https:\/\/canal7slp.tv\/2022\/wp-content\/uploads\/2022\/06\/Pau01Acuaferico.jpg","width":888,"height":500},{"@type":"BreadcrumbList","@id":"https:\/\/canal7slp.tv\/2022\/interapas-se-compromete-a-presentar-proyecto-que-garantice-abastecimiento-equitativo-de-agua\/#breadcrumb","itemListElement":[{"@type":"ListItem","position":1,"name":"Portada","item":"https:\/\/canal7slp.tv\/2022\/"},{"@type":"ListItem","position":2,"name":"INTERAPAS se compromete a presentar proyecto que garantice abastecimiento equitativo de agua."}]},{"@type":"WebSite","@id":"https:\/\/canal7slp.tv\/2022\/#website","url":"https:\/\/canal7slp.tv\/2022\/","name":"N7 - Noticieros Canal 7","description":"Somos Televisi\u00f3n","publisher":{"@id":"https:\/\/canal7slp.tv\/2022\/#organization"},"potentialAction":[{"@type":"SearchAction","target":{"@type":"EntryPoint","urlTemplate":"https:\/\/canal7slp.tv\/2022\/?s={search_term_string}"},"query-input":{"@type":"PropertyValueSpecification","valueRequired":true,"valueName":"search_term_string"}}],"inLanguage":"es"},{"@type":"Organization","@id":"https:\/\/canal7slp.tv\/2022\/#organization","name":"Noticieros Canal 7","url":"https:\/\/canal7slp.tv\/2022\/","logo":{"@type":"ImageObject","inLanguage":"es","@id":"https:\/\/canal7slp.tv\/2022\/#\/schema\/logo\/image\/","url":"https:\/\/canal7slp.tv\/2022\/wp-content\/uploads\/2021\/01\/logo-noticieros@2x.png","contentUrl":"https:\/\/canal7slp.tv\/2022\/wp-content\/uploads\/2021\/01\/logo-noticieros@2x.png","width":1017,"height":268,"caption":"Noticieros Canal 7"},"image":{"@id":"https:\/\/canal7slp.tv\/2022\/#\/schema\/logo\/image\/"},"sameAs":["https:\/\/www.facebook.com\/noticieroscanalsiete","https:\/\/x.com\/NOTICIEROS7","https:\/\/www.instagram.com\/canal7_slp","https:\/\/www.youtube.com\/channel\/UCliiYs-gP3JfJeqdPrNdd5A"]},{"@type":"Person","@id":"https:\/\/canal7slp.tv\/2022\/#\/schema\/person\/429704152a21f5f856ce29aa69a238da","name":"Edici\u00f3n Web","image":{"@type":"ImageObject","inLanguage":"es","@id":"https:\/\/secure.gravatar.com\/avatar\/eee448fc3f7164808013b816ba91ac7e43bbe82a70bebac296f8bc6f0addaa1a?s=96&d=mm&r=g","url":"https:\/\/secure.gravatar.com\/avatar\/eee448fc3f7164808013b816ba91ac7e43bbe82a70bebac296f8bc6f0addaa1a?s=96&d=mm&r=g","contentUrl":"https:\/\/secure.gravatar.com\/avatar\/eee448fc3f7164808013b816ba91ac7e43bbe82a70bebac296f8bc6f0addaa1a?s=96&d=mm&r=g","caption":"Edici\u00f3n Web"},"url":"https:\/\/canal7slp.tv\/2022\/author\/edicionweb\/"}]}},"amp_enabled":true,"_links":{"self":[{"href":"https:\/\/canal7slp.tv\/2022\/wp-json\/wp\/v2\/posts\/63021","targetHints":{"allow":["GET"]}}],"collection":[{"href":"https:\/\/canal7slp.tv\/2022\/wp-json\/wp\/v2\/posts"}],"about":[{"href":"https:\/\/canal7slp.tv\/2022\/wp-json\/wp\/v2\/types\/post"}],"author":[{"embeddable":true,"href":"https:\/\/canal7slp.tv\/2022\/wp-json\/wp\/v2\/users\/2"}],"replies":[{"embeddable":true,"href":"https:\/\/canal7slp.tv\/2022\/wp-json\/wp\/v2\/comments?post=63021"}],"version-history":[{"count":1,"href":"https:\/\/canal7slp.tv\/2022\/wp-json\/wp\/v2\/posts\/63021\/revisions"}],"predecessor-version":[{"id":63023,"href":"https:\/\/canal7slp.tv\/2022\/wp-json\/wp\/v2\/posts\/63021\/revisions\/63023"}],"wp:featuredmedia":[{"embeddable":true,"href":"https:\/\/canal7slp.tv\/2022\/wp-json\/wp\/v2\/media\/63024"}],"wp:attachment":[{"href":"https:\/\/canal7slp.tv\/2022\/wp-json\/wp\/v2\/media?parent=63021"}],"wp:term":[{"taxonomy":"category","embeddable":true,"href":"https:\/\/canal7slp.tv\/2022\/wp-json\/wp\/v2\/categories?post=63021"},{"taxonomy":"post_tag","embeddable":true,"href":"https:\/\/canal7slp.tv\/2022\/wp-json\/wp\/v2\/tags?post=63021"}],"curies":[{"name":"wp","href":"https:\/\/api.w.org\/{rel}","templated":true}]}}