{"id":63008,"date":"2022-06-08T18:10:50","date_gmt":"2022-06-09T00:10:50","guid":{"rendered":"https:\/\/canal7slp.tv\/2022\/?p=63008"},"modified":"2022-06-08T18:10:50","modified_gmt":"2022-06-09T00:10:50","slug":"ricardo-gallardo-reavivo-la-polemica-en-torno-a-la-falta-de-agua-en-nuevo-leon","status":"publish","type":"post","link":"https:\/\/canal7slp.tv\/2022\/ricardo-gallardo-reavivo-la-polemica-en-torno-a-la-falta-de-agua-en-nuevo-leon\/","title":{"rendered":"Ricardo Gallardo reaviv\u00f3 la pol\u00e9mica en torno a la falta de agua en Nuevo Le\u00f3n."},"content":{"rendered":"<p style=\"text-align: justify;\">Matehuala.- Tras su visita a la ciudad de Matehuala, el Gobernador del Estado, Ricardo Gallardo, volvi\u00f3 a hacer referencia a la crisis de agua que tiene Nuevo Le\u00f3n, \u201c\u00bfAqu\u00ed c\u00f3mo andan de agua?, tampoco est\u00e1 que todos los d\u00edas no tengan agua, \u00bfEstamos mejor que los de Nuevo Le\u00f3n?, ah\u00ed le cortan, porque luego se viene el Samuel enojado, luego se me enoja y nos echa al Marco Polo\u201d.<\/p>\n<p style=\"text-align: justify;\">Gallardo puso a comparaci\u00f3n los estados, \u201c\u00bfQui\u00e9nes son mejores, los de San Luis Potos\u00ed o Nuevo Le\u00f3n?, un saludo a nuestras ciudades vecinas, que Dios me los bendiga, que le echen muchas ganas, todo M\u00e9xico est\u00e1 batallando de agua, no nada m\u00e1s ellos y todos estamos poniendo ganas para sacar a cada pueblo adelante\u201d.<\/p>\n<p style=\"text-align: justify;\">M\u00e1s adelante, realiz\u00f3 una autocr\u00edtica con el estado potosino, \u201cla verdad es que en San Luis estamos sufriendo mucho por agua y mis respetos y mi solidaridad con toda la raza de Nuevo Le\u00f3n, que Dios me los bendiga y claro que cuando podamos los vamos a ayudar\u201d.<\/p>\n<p style=\"text-align: justify;\">Sin embargo, a los periodistas tambi\u00e9n les toc\u00f3, \u201ca ver la prensa ay\u00fademe por favor porque nada m\u00e1s estorban, no se crean, no se crean, no es la prensa, mira la prensa est\u00e1 bien ordenada, son los fot\u00f3grafos del Gobierno quienes estorban\u201d.<\/p>\n<p style=\"text-align: justify;\">Al final, se congratul\u00f3 con los reporteros, \u201cfelicitar a toda la prensa de Matehuala, porque ayer fue d\u00eda de la Libertad de Expresi\u00f3n, much\u00edsimas felicidades a todos ustedes que hacen su trabajo, no como los fot\u00f3grafos del gobierno\u201d.<\/p>\n<p>Por: Jes\u00fas Valencia<\/p>\n","protected":false},"excerpt":{"rendered":"<p>Matehuala.- Tras su visita a la ciudad de Matehuala, el Gobernador del Estado, Ricardo Gallardo, volvi\u00f3 a hacer referencia a la crisis de agua que tiene Nuevo Le\u00f3n, \u201c\u00bfAqu\u00ed c\u00f3mo andan de agua?, tampoco est\u00e1 que todos los d\u00edas no tengan agua, \u00bfEstamos mejor que los de Nuevo Le\u00f3n?, ah\u00ed le cortan, porque luego se viene el Samuel enojado, luego se me enoja y nos echa al Marco Polo\u201d. Gallardo puso a comparaci\u00f3n los estados, \u201c\u00bfQui\u00e9nes son mejores, los de San Luis Potos\u00ed o Nuevo Le\u00f3n?, un saludo a nuestras ciudades vecinas, que Dios me los bendiga, que le echen [&hellip;]<\/p>\n","protected":false},"author":2,"featured_media":63015,"comment_status":"closed","ping_status":"closed","sticky":false,"template":"","format":"video","meta":{"footnotes":""},"categories":[5,510,43],"tags":[],"class_list":["post-63008","post","type-post","status-publish","format-video","has-post-thumbnail","hentry","category-destacadas","category-gobedoslp","category-interior","post_format-post-format-video","post--single"],"yoast_head":"<!-- This site is optimized with the Yoast SEO plugin v27.4 - https:\/\/yoast.com\/product\/yoast-seo-wordpress\/ -->\n<title>Ricardo Gallardo reaviv\u00f3 la pol\u00e9mica en torno a la falta de agua en Nuevo Le\u00f3n. - Canal 7 SLP - 2022<\/title>\n<meta name=\"robots\" content=\"index, follow, max-snippet:-1, max-image-preview:large, max-video-preview:-1\" \/>\n<link rel=\"canonical\" href=\"https:\/\/canal7slp.tv\/2022\/ricardo-gallardo-reavivo-la-polemica-en-torno-a-la-falta-de-agua-en-nuevo-leon\/\" \/>\n<meta property=\"og:locale\" content=\"es_ES\" \/>\n<meta property=\"og:type\" content=\"article\" \/>\n<meta property=\"og:title\" content=\"Ricardo Gallardo reaviv\u00f3 la pol\u00e9mica en torno a la falta de agua en Nuevo Le\u00f3n. - Canal 7 SLP - 2022\" \/>\n<meta property=\"og:description\" content=\"Matehuala.- Tras su visita a la ciudad de Matehuala, el Gobernador del Estado, Ricardo Gallardo, volvi\u00f3 a hacer referencia a la crisis de agua que tiene Nuevo Le\u00f3n, \u201c\u00bfAqu\u00ed c\u00f3mo andan de agua?, tampoco est\u00e1 que todos los d\u00edas no tengan agua, \u00bfEstamos mejor que los de Nuevo Le\u00f3n?, ah\u00ed le cortan, porque luego se viene el Samuel enojado, luego se me enoja y nos echa al Marco Polo\u201d. Gallardo puso a comparaci\u00f3n los estados, \u201c\u00bfQui\u00e9nes son mejores, los de San Luis Potos\u00ed o Nuevo Le\u00f3n?, un saludo a nuestras ciudades vecinas, que Dios me los bendiga, que le echen [&hellip;]\" \/>\n<meta property=\"og:url\" content=\"https:\/\/canal7slp.tv\/2022\/ricardo-gallardo-reavivo-la-polemica-en-torno-a-la-falta-de-agua-en-nuevo-leon\/\" \/>\n<meta property=\"og:site_name\" content=\"Canal 7 SLP - 2022\" \/>\n<meta property=\"article:publisher\" content=\"https:\/\/www.facebook.com\/noticieroscanalsiete\" \/>\n<meta property=\"article:published_time\" content=\"2022-06-09T00:10:50+00:00\" \/>\n<meta property=\"og:image\" content=\"https:\/\/canal7slp.tv\/2022\/wp-content\/uploads\/2022\/06\/Valencia03Reavivo.jpg\" \/>\n\t<meta property=\"og:image:width\" content=\"888\" \/>\n\t<meta property=\"og:image:height\" content=\"500\" \/>\n\t<meta property=\"og:image:type\" content=\"image\/jpeg\" \/>\n<meta name=\"author\" content=\"Edici\u00f3n Web\" \/>\n<meta name=\"twitter:card\" content=\"summary_large_image\" \/>\n<meta name=\"twitter:creator\" content=\"@NOTICIEROS7\" \/>\n<meta name=\"twitter:site\" content=\"@NOTICIEROS7\" \/>\n<meta name=\"twitter:label1\" content=\"Escrito por\" \/>\n\t<meta name=\"twitter:data1\" content=\"Edici\u00f3n Web\" \/>\n\t<meta name=\"twitter:label2\" content=\"Tiempo de lectura\" \/>\n\t<meta name=\"twitter:data2\" content=\"1 minuto\" \/>\n<script type=\"application\/ld+json\" class=\"yoast-schema-graph\">{\"@context\":\"https:\\\/\\\/schema.org\",\"@graph\":[{\"@type\":\"Article\",\"@id\":\"https:\\\/\\\/canal7slp.tv\\\/2022\\\/ricardo-gallardo-reavivo-la-polemica-en-torno-a-la-falta-de-agua-en-nuevo-leon\\\/#article\",\"isPartOf\":{\"@id\":\"https:\\\/\\\/canal7slp.tv\\\/2022\\\/ricardo-gallardo-reavivo-la-polemica-en-torno-a-la-falta-de-agua-en-nuevo-leon\\\/\"},\"author\":{\"name\":\"Edici\u00f3n Web\",\"@id\":\"https:\\\/\\\/canal7slp.tv\\\/2022\\\/#\\\/schema\\\/person\\\/429704152a21f5f856ce29aa69a238da\"},\"headline\":\"Ricardo Gallardo reaviv\u00f3 la pol\u00e9mica en torno a la falta de agua en Nuevo Le\u00f3n.\",\"datePublished\":\"2022-06-09T00:10:50+00:00\",\"mainEntityOfPage\":{\"@id\":\"https:\\\/\\\/canal7slp.tv\\\/2022\\\/ricardo-gallardo-reavivo-la-polemica-en-torno-a-la-falta-de-agua-en-nuevo-leon\\\/\"},\"wordCount\":293,\"publisher\":{\"@id\":\"https:\\\/\\\/canal7slp.tv\\\/2022\\\/#organization\"},\"image\":{\"@id\":\"https:\\\/\\\/canal7slp.tv\\\/2022\\\/ricardo-gallardo-reavivo-la-polemica-en-torno-a-la-falta-de-agua-en-nuevo-leon\\\/#primaryimage\"},\"thumbnailUrl\":\"https:\\\/\\\/canal7slp.tv\\\/2022\\\/wp-content\\\/uploads\\\/2022\\\/06\\\/Valencia03Reavivo.jpg\",\"articleSection\":[\"DESTACADAS\",\"GOBEDOSLP\",\"INTERIOR DEL ESTADO\"],\"inLanguage\":\"es\"},{\"@type\":\"WebPage\",\"@id\":\"https:\\\/\\\/canal7slp.tv\\\/2022\\\/ricardo-gallardo-reavivo-la-polemica-en-torno-a-la-falta-de-agua-en-nuevo-leon\\\/\",\"url\":\"https:\\\/\\\/canal7slp.tv\\\/2022\\\/ricardo-gallardo-reavivo-la-polemica-en-torno-a-la-falta-de-agua-en-nuevo-leon\\\/\",\"name\":\"Ricardo Gallardo reaviv\u00f3 la pol\u00e9mica en torno a la falta de agua en Nuevo Le\u00f3n. - Canal 7 SLP - 2022\",\"isPartOf\":{\"@id\":\"https:\\\/\\\/canal7slp.tv\\\/2022\\\/#website\"},\"primaryImageOfPage\":{\"@id\":\"https:\\\/\\\/canal7slp.tv\\\/2022\\\/ricardo-gallardo-reavivo-la-polemica-en-torno-a-la-falta-de-agua-en-nuevo-leon\\\/#primaryimage\"},\"image\":{\"@id\":\"https:\\\/\\\/canal7slp.tv\\\/2022\\\/ricardo-gallardo-reavivo-la-polemica-en-torno-a-la-falta-de-agua-en-nuevo-leon\\\/#primaryimage\"},\"thumbnailUrl\":\"https:\\\/\\\/canal7slp.tv\\\/2022\\\/wp-content\\\/uploads\\\/2022\\\/06\\\/Valencia03Reavivo.jpg\",\"datePublished\":\"2022-06-09T00:10:50+00:00\",\"breadcrumb\":{\"@id\":\"https:\\\/\\\/canal7slp.tv\\\/2022\\\/ricardo-gallardo-reavivo-la-polemica-en-torno-a-la-falta-de-agua-en-nuevo-leon\\\/#breadcrumb\"},\"inLanguage\":\"es\",\"potentialAction\":[{\"@type\":\"ReadAction\",\"target\":[\"https:\\\/\\\/canal7slp.tv\\\/2022\\\/ricardo-gallardo-reavivo-la-polemica-en-torno-a-la-falta-de-agua-en-nuevo-leon\\\/\"]}]},{\"@type\":\"ImageObject\",\"inLanguage\":\"es\",\"@id\":\"https:\\\/\\\/canal7slp.tv\\\/2022\\\/ricardo-gallardo-reavivo-la-polemica-en-torno-a-la-falta-de-agua-en-nuevo-leon\\\/#primaryimage\",\"url\":\"https:\\\/\\\/canal7slp.tv\\\/2022\\\/wp-content\\\/uploads\\\/2022\\\/06\\\/Valencia03Reavivo.jpg\",\"contentUrl\":\"https:\\\/\\\/canal7slp.tv\\\/2022\\\/wp-content\\\/uploads\\\/2022\\\/06\\\/Valencia03Reavivo.jpg\",\"width\":888,\"height\":500},{\"@type\":\"BreadcrumbList\",\"@id\":\"https:\\\/\\\/canal7slp.tv\\\/2022\\\/ricardo-gallardo-reavivo-la-polemica-en-torno-a-la-falta-de-agua-en-nuevo-leon\\\/#breadcrumb\",\"itemListElement\":[{\"@type\":\"ListItem\",\"position\":1,\"name\":\"Portada\",\"item\":\"https:\\\/\\\/canal7slp.tv\\\/2022\\\/\"},{\"@type\":\"ListItem\",\"position\":2,\"name\":\"Ricardo Gallardo reaviv\u00f3 la pol\u00e9mica en torno a la falta de agua en Nuevo Le\u00f3n.\"}]},{\"@type\":\"WebSite\",\"@id\":\"https:\\\/\\\/canal7slp.tv\\\/2022\\\/#website\",\"url\":\"https:\\\/\\\/canal7slp.tv\\\/2022\\\/\",\"name\":\"N7 - Noticieros Canal 7\",\"description\":\"Somos Televisi\u00f3n\",\"publisher\":{\"@id\":\"https:\\\/\\\/canal7slp.tv\\\/2022\\\/#organization\"},\"potentialAction\":[{\"@type\":\"SearchAction\",\"target\":{\"@type\":\"EntryPoint\",\"urlTemplate\":\"https:\\\/\\\/canal7slp.tv\\\/2022\\\/?s={search_term_string}\"},\"query-input\":{\"@type\":\"PropertyValueSpecification\",\"valueRequired\":true,\"valueName\":\"search_term_string\"}}],\"inLanguage\":\"es\"},{\"@type\":\"Organization\",\"@id\":\"https:\\\/\\\/canal7slp.tv\\\/2022\\\/#organization\",\"name\":\"Noticieros Canal 7\",\"url\":\"https:\\\/\\\/canal7slp.tv\\\/2022\\\/\",\"logo\":{\"@type\":\"ImageObject\",\"inLanguage\":\"es\",\"@id\":\"https:\\\/\\\/canal7slp.tv\\\/2022\\\/#\\\/schema\\\/logo\\\/image\\\/\",\"url\":\"https:\\\/\\\/canal7slp.tv\\\/2022\\\/wp-content\\\/uploads\\\/2021\\\/01\\\/logo-noticieros@2x.png\",\"contentUrl\":\"https:\\\/\\\/canal7slp.tv\\\/2022\\\/wp-content\\\/uploads\\\/2021\\\/01\\\/logo-noticieros@2x.png\",\"width\":1017,\"height\":268,\"caption\":\"Noticieros Canal 7\"},\"image\":{\"@id\":\"https:\\\/\\\/canal7slp.tv\\\/2022\\\/#\\\/schema\\\/logo\\\/image\\\/\"},\"sameAs\":[\"https:\\\/\\\/www.facebook.com\\\/noticieroscanalsiete\",\"https:\\\/\\\/x.com\\\/NOTICIEROS7\",\"https:\\\/\\\/www.instagram.com\\\/canal7_slp\",\"https:\\\/\\\/www.youtube.com\\\/channel\\\/UCliiYs-gP3JfJeqdPrNdd5A\"]},{\"@type\":\"Person\",\"@id\":\"https:\\\/\\\/canal7slp.tv\\\/2022\\\/#\\\/schema\\\/person\\\/429704152a21f5f856ce29aa69a238da\",\"name\":\"Edici\u00f3n Web\",\"image\":{\"@type\":\"ImageObject\",\"inLanguage\":\"es\",\"@id\":\"https:\\\/\\\/secure.gravatar.com\\\/avatar\\\/eee448fc3f7164808013b816ba91ac7e43bbe82a70bebac296f8bc6f0addaa1a?s=96&d=mm&r=g\",\"url\":\"https:\\\/\\\/secure.gravatar.com\\\/avatar\\\/eee448fc3f7164808013b816ba91ac7e43bbe82a70bebac296f8bc6f0addaa1a?s=96&d=mm&r=g\",\"contentUrl\":\"https:\\\/\\\/secure.gravatar.com\\\/avatar\\\/eee448fc3f7164808013b816ba91ac7e43bbe82a70bebac296f8bc6f0addaa1a?s=96&d=mm&r=g\",\"caption\":\"Edici\u00f3n Web\"},\"url\":\"https:\\\/\\\/canal7slp.tv\\\/2022\\\/author\\\/edicionweb\\\/\"}]}<\/script>\n<!-- \/ Yoast SEO plugin. -->","yoast_head_json":{"title":"Ricardo Gallardo reaviv\u00f3 la pol\u00e9mica en torno a la falta de agua en Nuevo Le\u00f3n. - Canal 7 SLP - 2022","robots":{"index":"index","follow":"follow","max-snippet":"max-snippet:-1","max-image-preview":"max-image-preview:large","max-video-preview":"max-video-preview:-1"},"canonical":"https:\/\/canal7slp.tv\/2022\/ricardo-gallardo-reavivo-la-polemica-en-torno-a-la-falta-de-agua-en-nuevo-leon\/","og_locale":"es_ES","og_type":"article","og_title":"Ricardo Gallardo reaviv\u00f3 la pol\u00e9mica en torno a la falta de agua en Nuevo Le\u00f3n. - Canal 7 SLP - 2022","og_description":"Matehuala.- Tras su visita a la ciudad de Matehuala, el Gobernador del Estado, Ricardo Gallardo, volvi\u00f3 a hacer referencia a la crisis de agua que tiene Nuevo Le\u00f3n, \u201c\u00bfAqu\u00ed c\u00f3mo andan de agua?, tampoco est\u00e1 que todos los d\u00edas no tengan agua, \u00bfEstamos mejor que los de Nuevo Le\u00f3n?, ah\u00ed le cortan, porque luego se viene el Samuel enojado, luego se me enoja y nos echa al Marco Polo\u201d. Gallardo puso a comparaci\u00f3n los estados, \u201c\u00bfQui\u00e9nes son mejores, los de San Luis Potos\u00ed o Nuevo Le\u00f3n?, un saludo a nuestras ciudades vecinas, que Dios me los bendiga, que le echen [&hellip;]","og_url":"https:\/\/canal7slp.tv\/2022\/ricardo-gallardo-reavivo-la-polemica-en-torno-a-la-falta-de-agua-en-nuevo-leon\/","og_site_name":"Canal 7 SLP - 2022","article_publisher":"https:\/\/www.facebook.com\/noticieroscanalsiete","article_published_time":"2022-06-09T00:10:50+00:00","og_image":[{"width":888,"height":500,"url":"https:\/\/canal7slp.tv\/2022\/wp-content\/uploads\/2022\/06\/Valencia03Reavivo.jpg","type":"image\/jpeg"}],"author":"Edici\u00f3n Web","twitter_card":"summary_large_image","twitter_creator":"@NOTICIEROS7","twitter_site":"@NOTICIEROS7","twitter_misc":{"Escrito por":"Edici\u00f3n Web","Tiempo de lectura":"1 minuto"},"schema":{"@context":"https:\/\/schema.org","@graph":[{"@type":"Article","@id":"https:\/\/canal7slp.tv\/2022\/ricardo-gallardo-reavivo-la-polemica-en-torno-a-la-falta-de-agua-en-nuevo-leon\/#article","isPartOf":{"@id":"https:\/\/canal7slp.tv\/2022\/ricardo-gallardo-reavivo-la-polemica-en-torno-a-la-falta-de-agua-en-nuevo-leon\/"},"author":{"name":"Edici\u00f3n Web","@id":"https:\/\/canal7slp.tv\/2022\/#\/schema\/person\/429704152a21f5f856ce29aa69a238da"},"headline":"Ricardo Gallardo reaviv\u00f3 la pol\u00e9mica en torno a la falta de agua en Nuevo Le\u00f3n.","datePublished":"2022-06-09T00:10:50+00:00","mainEntityOfPage":{"@id":"https:\/\/canal7slp.tv\/2022\/ricardo-gallardo-reavivo-la-polemica-en-torno-a-la-falta-de-agua-en-nuevo-leon\/"},"wordCount":293,"publisher":{"@id":"https:\/\/canal7slp.tv\/2022\/#organization"},"image":{"@id":"https:\/\/canal7slp.tv\/2022\/ricardo-gallardo-reavivo-la-polemica-en-torno-a-la-falta-de-agua-en-nuevo-leon\/#primaryimage"},"thumbnailUrl":"https:\/\/canal7slp.tv\/2022\/wp-content\/uploads\/2022\/06\/Valencia03Reavivo.jpg","articleSection":["DESTACADAS","GOBEDOSLP","INTERIOR DEL ESTADO"],"inLanguage":"es"},{"@type":"WebPage","@id":"https:\/\/canal7slp.tv\/2022\/ricardo-gallardo-reavivo-la-polemica-en-torno-a-la-falta-de-agua-en-nuevo-leon\/","url":"https:\/\/canal7slp.tv\/2022\/ricardo-gallardo-reavivo-la-polemica-en-torno-a-la-falta-de-agua-en-nuevo-leon\/","name":"Ricardo Gallardo reaviv\u00f3 la pol\u00e9mica en torno a la falta de agua en Nuevo Le\u00f3n. - Canal 7 SLP - 2022","isPartOf":{"@id":"https:\/\/canal7slp.tv\/2022\/#website"},"primaryImageOfPage":{"@id":"https:\/\/canal7slp.tv\/2022\/ricardo-gallardo-reavivo-la-polemica-en-torno-a-la-falta-de-agua-en-nuevo-leon\/#primaryimage"},"image":{"@id":"https:\/\/canal7slp.tv\/2022\/ricardo-gallardo-reavivo-la-polemica-en-torno-a-la-falta-de-agua-en-nuevo-leon\/#primaryimage"},"thumbnailUrl":"https:\/\/canal7slp.tv\/2022\/wp-content\/uploads\/2022\/06\/Valencia03Reavivo.jpg","datePublished":"2022-06-09T00:10:50+00:00","breadcrumb":{"@id":"https:\/\/canal7slp.tv\/2022\/ricardo-gallardo-reavivo-la-polemica-en-torno-a-la-falta-de-agua-en-nuevo-leon\/#breadcrumb"},"inLanguage":"es","potentialAction":[{"@type":"ReadAction","target":["https:\/\/canal7slp.tv\/2022\/ricardo-gallardo-reavivo-la-polemica-en-torno-a-la-falta-de-agua-en-nuevo-leon\/"]}]},{"@type":"ImageObject","inLanguage":"es","@id":"https:\/\/canal7slp.tv\/2022\/ricardo-gallardo-reavivo-la-polemica-en-torno-a-la-falta-de-agua-en-nuevo-leon\/#primaryimage","url":"https:\/\/canal7slp.tv\/2022\/wp-content\/uploads\/2022\/06\/Valencia03Reavivo.jpg","contentUrl":"https:\/\/canal7slp.tv\/2022\/wp-content\/uploads\/2022\/06\/Valencia03Reavivo.jpg","width":888,"height":500},{"@type":"BreadcrumbList","@id":"https:\/\/canal7slp.tv\/2022\/ricardo-gallardo-reavivo-la-polemica-en-torno-a-la-falta-de-agua-en-nuevo-leon\/#breadcrumb","itemListElement":[{"@type":"ListItem","position":1,"name":"Portada","item":"https:\/\/canal7slp.tv\/2022\/"},{"@type":"ListItem","position":2,"name":"Ricardo Gallardo reaviv\u00f3 la pol\u00e9mica en torno a la falta de agua en Nuevo Le\u00f3n."}]},{"@type":"WebSite","@id":"https:\/\/canal7slp.tv\/2022\/#website","url":"https:\/\/canal7slp.tv\/2022\/","name":"N7 - Noticieros Canal 7","description":"Somos Televisi\u00f3n","publisher":{"@id":"https:\/\/canal7slp.tv\/2022\/#organization"},"potentialAction":[{"@type":"SearchAction","target":{"@type":"EntryPoint","urlTemplate":"https:\/\/canal7slp.tv\/2022\/?s={search_term_string}"},"query-input":{"@type":"PropertyValueSpecification","valueRequired":true,"valueName":"search_term_string"}}],"inLanguage":"es"},{"@type":"Organization","@id":"https:\/\/canal7slp.tv\/2022\/#organization","name":"Noticieros Canal 7","url":"https:\/\/canal7slp.tv\/2022\/","logo":{"@type":"ImageObject","inLanguage":"es","@id":"https:\/\/canal7slp.tv\/2022\/#\/schema\/logo\/image\/","url":"https:\/\/canal7slp.tv\/2022\/wp-content\/uploads\/2021\/01\/logo-noticieros@2x.png","contentUrl":"https:\/\/canal7slp.tv\/2022\/wp-content\/uploads\/2021\/01\/logo-noticieros@2x.png","width":1017,"height":268,"caption":"Noticieros Canal 7"},"image":{"@id":"https:\/\/canal7slp.tv\/2022\/#\/schema\/logo\/image\/"},"sameAs":["https:\/\/www.facebook.com\/noticieroscanalsiete","https:\/\/x.com\/NOTICIEROS7","https:\/\/www.instagram.com\/canal7_slp","https:\/\/www.youtube.com\/channel\/UCliiYs-gP3JfJeqdPrNdd5A"]},{"@type":"Person","@id":"https:\/\/canal7slp.tv\/2022\/#\/schema\/person\/429704152a21f5f856ce29aa69a238da","name":"Edici\u00f3n Web","image":{"@type":"ImageObject","inLanguage":"es","@id":"https:\/\/secure.gravatar.com\/avatar\/eee448fc3f7164808013b816ba91ac7e43bbe82a70bebac296f8bc6f0addaa1a?s=96&d=mm&r=g","url":"https:\/\/secure.gravatar.com\/avatar\/eee448fc3f7164808013b816ba91ac7e43bbe82a70bebac296f8bc6f0addaa1a?s=96&d=mm&r=g","contentUrl":"https:\/\/secure.gravatar.com\/avatar\/eee448fc3f7164808013b816ba91ac7e43bbe82a70bebac296f8bc6f0addaa1a?s=96&d=mm&r=g","caption":"Edici\u00f3n Web"},"url":"https:\/\/canal7slp.tv\/2022\/author\/edicionweb\/"}]}},"amp_enabled":true,"_links":{"self":[{"href":"https:\/\/canal7slp.tv\/2022\/wp-json\/wp\/v2\/posts\/63008","targetHints":{"allow":["GET"]}}],"collection":[{"href":"https:\/\/canal7slp.tv\/2022\/wp-json\/wp\/v2\/posts"}],"about":[{"href":"https:\/\/canal7slp.tv\/2022\/wp-json\/wp\/v2\/types\/post"}],"author":[{"embeddable":true,"href":"https:\/\/canal7slp.tv\/2022\/wp-json\/wp\/v2\/users\/2"}],"replies":[{"embeddable":true,"href":"https:\/\/canal7slp.tv\/2022\/wp-json\/wp\/v2\/comments?post=63008"}],"version-history":[{"count":1,"href":"https:\/\/canal7slp.tv\/2022\/wp-json\/wp\/v2\/posts\/63008\/revisions"}],"predecessor-version":[{"id":63011,"href":"https:\/\/canal7slp.tv\/2022\/wp-json\/wp\/v2\/posts\/63008\/revisions\/63011"}],"wp:featuredmedia":[{"embeddable":true,"href":"https:\/\/canal7slp.tv\/2022\/wp-json\/wp\/v2\/media\/63015"}],"wp:attachment":[{"href":"https:\/\/canal7slp.tv\/2022\/wp-json\/wp\/v2\/media?parent=63008"}],"wp:term":[{"taxonomy":"category","embeddable":true,"href":"https:\/\/canal7slp.tv\/2022\/wp-json\/wp\/v2\/categories?post=63008"},{"taxonomy":"post_tag","embeddable":true,"href":"https:\/\/canal7slp.tv\/2022\/wp-json\/wp\/v2\/tags?post=63008"}],"curies":[{"name":"wp","href":"https:\/\/api.w.org\/{rel}","templated":true}]}}