{"id":63007,"date":"2022-06-08T18:04:50","date_gmt":"2022-06-09T00:04:50","guid":{"rendered":"https:\/\/canal7slp.tv\/2022\/?p=63007"},"modified":"2022-06-08T18:04:50","modified_gmt":"2022-06-09T00:04:50","slug":"gobernador-se-pronuncio-ante-falta-de-atencion-medica-y-accesos-en-real-de-catorce","status":"publish","type":"post","link":"https:\/\/canal7slp.tv\/2022\/gobernador-se-pronuncio-ante-falta-de-atencion-medica-y-accesos-en-real-de-catorce\/","title":{"rendered":"Gobernador se pronunci\u00f3 ante falta de atenci\u00f3n m\u00e9dica y accesos en Real de Catorce."},"content":{"rendered":"<p style=\"text-align: justify;\">Matehuala.- Durante su visita al altiplano potosino, el Gobernador del Estado, Ricardo Gallardo, fue cuestionado en torno a la circulaci\u00f3n de un v\u00eddeo que fue viral en los \u00faltimos d\u00edas, donde un turista de Tamaulipas relataba el terror que hab\u00eda sufrido en el pueblo m\u00e1gico de Real de Catorce, ante la falta de atenci\u00f3n m\u00e9dica.<\/p>\n<p style=\"text-align: justify;\">\u201cVamos a revisar todo ese tipo de quejas, todo ese tipo de cosas, no nos gusta que en el nuevo gobierno pase, voy a Real de Catorce, a las comunidades m\u00e1s alejadas, la verdad contento de esta gira, porque es realmente vemos los problemas de la gente y los resolvemos, en la oficina en palacio donde estaban los pasados gobernadores no se resuelve nada, hoy en las giras y en el trabajo, he estado en los 58 municipios, en todas las comunidades y nos damos cuenta y palpamos las necesidades del pueblo y es a donde estamos llegando con las ayudas\u201d, dijo.<\/p>\n<p style=\"text-align: justify;\">Ricardo Gallardo habl\u00f3 sobre la posibilidad de crear una nueva ruta para el pueblo m\u00e1gico de Real de Catorce, \u201cestamos planteando el nuevo camino, que no ser\u00eda solamente de salida, sino, de entrada, porque queremos que no nada m\u00e1s sea cobrarles por un t\u00fanel para entrar a la ciudad, que tengan un camino libre de cuotas, de pago, para la gente que realmente quiere o tiene que entrar a Real de Catorce\u201d.<\/p>\n<p style=\"text-align: justify;\">Por: Jes\u00fas Valencia<\/p>\n","protected":false},"excerpt":{"rendered":"<p>Matehuala.- Durante su visita al altiplano potosino, el Gobernador del Estado, Ricardo Gallardo, fue cuestionado en torno a la circulaci\u00f3n de un v\u00eddeo que fue viral en los \u00faltimos d\u00edas, donde un turista de Tamaulipas relataba el terror que hab\u00eda sufrido en el pueblo m\u00e1gico de Real de Catorce, ante la falta de atenci\u00f3n m\u00e9dica. \u201cVamos a revisar todo ese tipo de quejas, todo ese tipo de cosas, no nos gusta que en el nuevo gobierno pase, voy a Real de Catorce, a las comunidades m\u00e1s alejadas, la verdad contento de esta gira, porque es realmente vemos los problemas de [&hellip;]<\/p>\n","protected":false},"author":2,"featured_media":63013,"comment_status":"closed","ping_status":"closed","sticky":false,"template":"","format":"video","meta":{"footnotes":""},"categories":[5,510,43],"tags":[],"class_list":["post-63007","post","type-post","status-publish","format-video","has-post-thumbnail","hentry","category-destacadas","category-gobedoslp","category-interior","post_format-post-format-video","post--single"],"yoast_head":"<!-- This site is optimized with the Yoast SEO plugin v27.4 - https:\/\/yoast.com\/product\/yoast-seo-wordpress\/ -->\n<title>Gobernador se pronunci\u00f3 ante falta de atenci\u00f3n m\u00e9dica y accesos en Real de Catorce. - Canal 7 SLP - 2022<\/title>\n<meta name=\"robots\" content=\"index, follow, max-snippet:-1, max-image-preview:large, max-video-preview:-1\" \/>\n<link rel=\"canonical\" href=\"https:\/\/canal7slp.tv\/2022\/gobernador-se-pronuncio-ante-falta-de-atencion-medica-y-accesos-en-real-de-catorce\/\" \/>\n<meta property=\"og:locale\" content=\"es_ES\" \/>\n<meta property=\"og:type\" content=\"article\" \/>\n<meta property=\"og:title\" content=\"Gobernador se pronunci\u00f3 ante falta de atenci\u00f3n m\u00e9dica y accesos en Real de Catorce. - Canal 7 SLP - 2022\" \/>\n<meta property=\"og:description\" content=\"Matehuala.- Durante su visita al altiplano potosino, el Gobernador del Estado, Ricardo Gallardo, fue cuestionado en torno a la circulaci\u00f3n de un v\u00eddeo que fue viral en los \u00faltimos d\u00edas, donde un turista de Tamaulipas relataba el terror que hab\u00eda sufrido en el pueblo m\u00e1gico de Real de Catorce, ante la falta de atenci\u00f3n m\u00e9dica. \u201cVamos a revisar todo ese tipo de quejas, todo ese tipo de cosas, no nos gusta que en el nuevo gobierno pase, voy a Real de Catorce, a las comunidades m\u00e1s alejadas, la verdad contento de esta gira, porque es realmente vemos los problemas de [&hellip;]\" \/>\n<meta property=\"og:url\" content=\"https:\/\/canal7slp.tv\/2022\/gobernador-se-pronuncio-ante-falta-de-atencion-medica-y-accesos-en-real-de-catorce\/\" \/>\n<meta property=\"og:site_name\" content=\"Canal 7 SLP - 2022\" \/>\n<meta property=\"article:publisher\" content=\"https:\/\/www.facebook.com\/noticieroscanalsiete\" \/>\n<meta property=\"article:published_time\" content=\"2022-06-09T00:04:50+00:00\" \/>\n<meta property=\"og:image\" content=\"https:\/\/canal7slp.tv\/2022\/wp-content\/uploads\/2022\/06\/Valencia02Pronuncia.jpg\" \/>\n\t<meta property=\"og:image:width\" content=\"888\" \/>\n\t<meta property=\"og:image:height\" content=\"500\" \/>\n\t<meta property=\"og:image:type\" content=\"image\/jpeg\" \/>\n<meta name=\"author\" content=\"Edici\u00f3n Web\" \/>\n<meta name=\"twitter:card\" content=\"summary_large_image\" \/>\n<meta name=\"twitter:creator\" content=\"@NOTICIEROS7\" \/>\n<meta name=\"twitter:site\" content=\"@NOTICIEROS7\" \/>\n<meta name=\"twitter:label1\" content=\"Escrito por\" \/>\n\t<meta name=\"twitter:data1\" content=\"Edici\u00f3n Web\" \/>\n\t<meta name=\"twitter:label2\" content=\"Tiempo de lectura\" \/>\n\t<meta name=\"twitter:data2\" content=\"2 minutos\" \/>\n<script type=\"application\/ld+json\" class=\"yoast-schema-graph\">{\"@context\":\"https:\\\/\\\/schema.org\",\"@graph\":[{\"@type\":\"Article\",\"@id\":\"https:\\\/\\\/canal7slp.tv\\\/2022\\\/gobernador-se-pronuncio-ante-falta-de-atencion-medica-y-accesos-en-real-de-catorce\\\/#article\",\"isPartOf\":{\"@id\":\"https:\\\/\\\/canal7slp.tv\\\/2022\\\/gobernador-se-pronuncio-ante-falta-de-atencion-medica-y-accesos-en-real-de-catorce\\\/\"},\"author\":{\"name\":\"Edici\u00f3n Web\",\"@id\":\"https:\\\/\\\/canal7slp.tv\\\/2022\\\/#\\\/schema\\\/person\\\/429704152a21f5f856ce29aa69a238da\"},\"headline\":\"Gobernador se pronunci\u00f3 ante falta de atenci\u00f3n m\u00e9dica y accesos en Real de Catorce.\",\"datePublished\":\"2022-06-09T00:04:50+00:00\",\"mainEntityOfPage\":{\"@id\":\"https:\\\/\\\/canal7slp.tv\\\/2022\\\/gobernador-se-pronuncio-ante-falta-de-atencion-medica-y-accesos-en-real-de-catorce\\\/\"},\"wordCount\":261,\"publisher\":{\"@id\":\"https:\\\/\\\/canal7slp.tv\\\/2022\\\/#organization\"},\"image\":{\"@id\":\"https:\\\/\\\/canal7slp.tv\\\/2022\\\/gobernador-se-pronuncio-ante-falta-de-atencion-medica-y-accesos-en-real-de-catorce\\\/#primaryimage\"},\"thumbnailUrl\":\"https:\\\/\\\/canal7slp.tv\\\/2022\\\/wp-content\\\/uploads\\\/2022\\\/06\\\/Valencia02Pronuncia.jpg\",\"articleSection\":[\"DESTACADAS\",\"GOBEDOSLP\",\"INTERIOR DEL ESTADO\"],\"inLanguage\":\"es\"},{\"@type\":\"WebPage\",\"@id\":\"https:\\\/\\\/canal7slp.tv\\\/2022\\\/gobernador-se-pronuncio-ante-falta-de-atencion-medica-y-accesos-en-real-de-catorce\\\/\",\"url\":\"https:\\\/\\\/canal7slp.tv\\\/2022\\\/gobernador-se-pronuncio-ante-falta-de-atencion-medica-y-accesos-en-real-de-catorce\\\/\",\"name\":\"Gobernador se pronunci\u00f3 ante falta de atenci\u00f3n m\u00e9dica y accesos en Real de Catorce. - Canal 7 SLP - 2022\",\"isPartOf\":{\"@id\":\"https:\\\/\\\/canal7slp.tv\\\/2022\\\/#website\"},\"primaryImageOfPage\":{\"@id\":\"https:\\\/\\\/canal7slp.tv\\\/2022\\\/gobernador-se-pronuncio-ante-falta-de-atencion-medica-y-accesos-en-real-de-catorce\\\/#primaryimage\"},\"image\":{\"@id\":\"https:\\\/\\\/canal7slp.tv\\\/2022\\\/gobernador-se-pronuncio-ante-falta-de-atencion-medica-y-accesos-en-real-de-catorce\\\/#primaryimage\"},\"thumbnailUrl\":\"https:\\\/\\\/canal7slp.tv\\\/2022\\\/wp-content\\\/uploads\\\/2022\\\/06\\\/Valencia02Pronuncia.jpg\",\"datePublished\":\"2022-06-09T00:04:50+00:00\",\"breadcrumb\":{\"@id\":\"https:\\\/\\\/canal7slp.tv\\\/2022\\\/gobernador-se-pronuncio-ante-falta-de-atencion-medica-y-accesos-en-real-de-catorce\\\/#breadcrumb\"},\"inLanguage\":\"es\",\"potentialAction\":[{\"@type\":\"ReadAction\",\"target\":[\"https:\\\/\\\/canal7slp.tv\\\/2022\\\/gobernador-se-pronuncio-ante-falta-de-atencion-medica-y-accesos-en-real-de-catorce\\\/\"]}]},{\"@type\":\"ImageObject\",\"inLanguage\":\"es\",\"@id\":\"https:\\\/\\\/canal7slp.tv\\\/2022\\\/gobernador-se-pronuncio-ante-falta-de-atencion-medica-y-accesos-en-real-de-catorce\\\/#primaryimage\",\"url\":\"https:\\\/\\\/canal7slp.tv\\\/2022\\\/wp-content\\\/uploads\\\/2022\\\/06\\\/Valencia02Pronuncia.jpg\",\"contentUrl\":\"https:\\\/\\\/canal7slp.tv\\\/2022\\\/wp-content\\\/uploads\\\/2022\\\/06\\\/Valencia02Pronuncia.jpg\",\"width\":888,\"height\":500},{\"@type\":\"BreadcrumbList\",\"@id\":\"https:\\\/\\\/canal7slp.tv\\\/2022\\\/gobernador-se-pronuncio-ante-falta-de-atencion-medica-y-accesos-en-real-de-catorce\\\/#breadcrumb\",\"itemListElement\":[{\"@type\":\"ListItem\",\"position\":1,\"name\":\"Portada\",\"item\":\"https:\\\/\\\/canal7slp.tv\\\/2022\\\/\"},{\"@type\":\"ListItem\",\"position\":2,\"name\":\"Gobernador se pronunci\u00f3 ante falta de atenci\u00f3n m\u00e9dica y accesos en Real de Catorce.\"}]},{\"@type\":\"WebSite\",\"@id\":\"https:\\\/\\\/canal7slp.tv\\\/2022\\\/#website\",\"url\":\"https:\\\/\\\/canal7slp.tv\\\/2022\\\/\",\"name\":\"N7 - Noticieros Canal 7\",\"description\":\"Somos Televisi\u00f3n\",\"publisher\":{\"@id\":\"https:\\\/\\\/canal7slp.tv\\\/2022\\\/#organization\"},\"potentialAction\":[{\"@type\":\"SearchAction\",\"target\":{\"@type\":\"EntryPoint\",\"urlTemplate\":\"https:\\\/\\\/canal7slp.tv\\\/2022\\\/?s={search_term_string}\"},\"query-input\":{\"@type\":\"PropertyValueSpecification\",\"valueRequired\":true,\"valueName\":\"search_term_string\"}}],\"inLanguage\":\"es\"},{\"@type\":\"Organization\",\"@id\":\"https:\\\/\\\/canal7slp.tv\\\/2022\\\/#organization\",\"name\":\"Noticieros Canal 7\",\"url\":\"https:\\\/\\\/canal7slp.tv\\\/2022\\\/\",\"logo\":{\"@type\":\"ImageObject\",\"inLanguage\":\"es\",\"@id\":\"https:\\\/\\\/canal7slp.tv\\\/2022\\\/#\\\/schema\\\/logo\\\/image\\\/\",\"url\":\"https:\\\/\\\/canal7slp.tv\\\/2022\\\/wp-content\\\/uploads\\\/2021\\\/01\\\/logo-noticieros@2x.png\",\"contentUrl\":\"https:\\\/\\\/canal7slp.tv\\\/2022\\\/wp-content\\\/uploads\\\/2021\\\/01\\\/logo-noticieros@2x.png\",\"width\":1017,\"height\":268,\"caption\":\"Noticieros Canal 7\"},\"image\":{\"@id\":\"https:\\\/\\\/canal7slp.tv\\\/2022\\\/#\\\/schema\\\/logo\\\/image\\\/\"},\"sameAs\":[\"https:\\\/\\\/www.facebook.com\\\/noticieroscanalsiete\",\"https:\\\/\\\/x.com\\\/NOTICIEROS7\",\"https:\\\/\\\/www.instagram.com\\\/canal7_slp\",\"https:\\\/\\\/www.youtube.com\\\/channel\\\/UCliiYs-gP3JfJeqdPrNdd5A\"]},{\"@type\":\"Person\",\"@id\":\"https:\\\/\\\/canal7slp.tv\\\/2022\\\/#\\\/schema\\\/person\\\/429704152a21f5f856ce29aa69a238da\",\"name\":\"Edici\u00f3n Web\",\"image\":{\"@type\":\"ImageObject\",\"inLanguage\":\"es\",\"@id\":\"https:\\\/\\\/secure.gravatar.com\\\/avatar\\\/eee448fc3f7164808013b816ba91ac7e43bbe82a70bebac296f8bc6f0addaa1a?s=96&d=mm&r=g\",\"url\":\"https:\\\/\\\/secure.gravatar.com\\\/avatar\\\/eee448fc3f7164808013b816ba91ac7e43bbe82a70bebac296f8bc6f0addaa1a?s=96&d=mm&r=g\",\"contentUrl\":\"https:\\\/\\\/secure.gravatar.com\\\/avatar\\\/eee448fc3f7164808013b816ba91ac7e43bbe82a70bebac296f8bc6f0addaa1a?s=96&d=mm&r=g\",\"caption\":\"Edici\u00f3n Web\"},\"url\":\"https:\\\/\\\/canal7slp.tv\\\/2022\\\/author\\\/edicionweb\\\/\"}]}<\/script>\n<!-- \/ Yoast SEO plugin. -->","yoast_head_json":{"title":"Gobernador se pronunci\u00f3 ante falta de atenci\u00f3n m\u00e9dica y accesos en Real de Catorce. - Canal 7 SLP - 2022","robots":{"index":"index","follow":"follow","max-snippet":"max-snippet:-1","max-image-preview":"max-image-preview:large","max-video-preview":"max-video-preview:-1"},"canonical":"https:\/\/canal7slp.tv\/2022\/gobernador-se-pronuncio-ante-falta-de-atencion-medica-y-accesos-en-real-de-catorce\/","og_locale":"es_ES","og_type":"article","og_title":"Gobernador se pronunci\u00f3 ante falta de atenci\u00f3n m\u00e9dica y accesos en Real de Catorce. - Canal 7 SLP - 2022","og_description":"Matehuala.- Durante su visita al altiplano potosino, el Gobernador del Estado, Ricardo Gallardo, fue cuestionado en torno a la circulaci\u00f3n de un v\u00eddeo que fue viral en los \u00faltimos d\u00edas, donde un turista de Tamaulipas relataba el terror que hab\u00eda sufrido en el pueblo m\u00e1gico de Real de Catorce, ante la falta de atenci\u00f3n m\u00e9dica. \u201cVamos a revisar todo ese tipo de quejas, todo ese tipo de cosas, no nos gusta que en el nuevo gobierno pase, voy a Real de Catorce, a las comunidades m\u00e1s alejadas, la verdad contento de esta gira, porque es realmente vemos los problemas de [&hellip;]","og_url":"https:\/\/canal7slp.tv\/2022\/gobernador-se-pronuncio-ante-falta-de-atencion-medica-y-accesos-en-real-de-catorce\/","og_site_name":"Canal 7 SLP - 2022","article_publisher":"https:\/\/www.facebook.com\/noticieroscanalsiete","article_published_time":"2022-06-09T00:04:50+00:00","og_image":[{"width":888,"height":500,"url":"https:\/\/canal7slp.tv\/2022\/wp-content\/uploads\/2022\/06\/Valencia02Pronuncia.jpg","type":"image\/jpeg"}],"author":"Edici\u00f3n Web","twitter_card":"summary_large_image","twitter_creator":"@NOTICIEROS7","twitter_site":"@NOTICIEROS7","twitter_misc":{"Escrito por":"Edici\u00f3n Web","Tiempo de lectura":"2 minutos"},"schema":{"@context":"https:\/\/schema.org","@graph":[{"@type":"Article","@id":"https:\/\/canal7slp.tv\/2022\/gobernador-se-pronuncio-ante-falta-de-atencion-medica-y-accesos-en-real-de-catorce\/#article","isPartOf":{"@id":"https:\/\/canal7slp.tv\/2022\/gobernador-se-pronuncio-ante-falta-de-atencion-medica-y-accesos-en-real-de-catorce\/"},"author":{"name":"Edici\u00f3n Web","@id":"https:\/\/canal7slp.tv\/2022\/#\/schema\/person\/429704152a21f5f856ce29aa69a238da"},"headline":"Gobernador se pronunci\u00f3 ante falta de atenci\u00f3n m\u00e9dica y accesos en Real de Catorce.","datePublished":"2022-06-09T00:04:50+00:00","mainEntityOfPage":{"@id":"https:\/\/canal7slp.tv\/2022\/gobernador-se-pronuncio-ante-falta-de-atencion-medica-y-accesos-en-real-de-catorce\/"},"wordCount":261,"publisher":{"@id":"https:\/\/canal7slp.tv\/2022\/#organization"},"image":{"@id":"https:\/\/canal7slp.tv\/2022\/gobernador-se-pronuncio-ante-falta-de-atencion-medica-y-accesos-en-real-de-catorce\/#primaryimage"},"thumbnailUrl":"https:\/\/canal7slp.tv\/2022\/wp-content\/uploads\/2022\/06\/Valencia02Pronuncia.jpg","articleSection":["DESTACADAS","GOBEDOSLP","INTERIOR DEL ESTADO"],"inLanguage":"es"},{"@type":"WebPage","@id":"https:\/\/canal7slp.tv\/2022\/gobernador-se-pronuncio-ante-falta-de-atencion-medica-y-accesos-en-real-de-catorce\/","url":"https:\/\/canal7slp.tv\/2022\/gobernador-se-pronuncio-ante-falta-de-atencion-medica-y-accesos-en-real-de-catorce\/","name":"Gobernador se pronunci\u00f3 ante falta de atenci\u00f3n m\u00e9dica y accesos en Real de Catorce. - Canal 7 SLP - 2022","isPartOf":{"@id":"https:\/\/canal7slp.tv\/2022\/#website"},"primaryImageOfPage":{"@id":"https:\/\/canal7slp.tv\/2022\/gobernador-se-pronuncio-ante-falta-de-atencion-medica-y-accesos-en-real-de-catorce\/#primaryimage"},"image":{"@id":"https:\/\/canal7slp.tv\/2022\/gobernador-se-pronuncio-ante-falta-de-atencion-medica-y-accesos-en-real-de-catorce\/#primaryimage"},"thumbnailUrl":"https:\/\/canal7slp.tv\/2022\/wp-content\/uploads\/2022\/06\/Valencia02Pronuncia.jpg","datePublished":"2022-06-09T00:04:50+00:00","breadcrumb":{"@id":"https:\/\/canal7slp.tv\/2022\/gobernador-se-pronuncio-ante-falta-de-atencion-medica-y-accesos-en-real-de-catorce\/#breadcrumb"},"inLanguage":"es","potentialAction":[{"@type":"ReadAction","target":["https:\/\/canal7slp.tv\/2022\/gobernador-se-pronuncio-ante-falta-de-atencion-medica-y-accesos-en-real-de-catorce\/"]}]},{"@type":"ImageObject","inLanguage":"es","@id":"https:\/\/canal7slp.tv\/2022\/gobernador-se-pronuncio-ante-falta-de-atencion-medica-y-accesos-en-real-de-catorce\/#primaryimage","url":"https:\/\/canal7slp.tv\/2022\/wp-content\/uploads\/2022\/06\/Valencia02Pronuncia.jpg","contentUrl":"https:\/\/canal7slp.tv\/2022\/wp-content\/uploads\/2022\/06\/Valencia02Pronuncia.jpg","width":888,"height":500},{"@type":"BreadcrumbList","@id":"https:\/\/canal7slp.tv\/2022\/gobernador-se-pronuncio-ante-falta-de-atencion-medica-y-accesos-en-real-de-catorce\/#breadcrumb","itemListElement":[{"@type":"ListItem","position":1,"name":"Portada","item":"https:\/\/canal7slp.tv\/2022\/"},{"@type":"ListItem","position":2,"name":"Gobernador se pronunci\u00f3 ante falta de atenci\u00f3n m\u00e9dica y accesos en Real de Catorce."}]},{"@type":"WebSite","@id":"https:\/\/canal7slp.tv\/2022\/#website","url":"https:\/\/canal7slp.tv\/2022\/","name":"N7 - Noticieros Canal 7","description":"Somos Televisi\u00f3n","publisher":{"@id":"https:\/\/canal7slp.tv\/2022\/#organization"},"potentialAction":[{"@type":"SearchAction","target":{"@type":"EntryPoint","urlTemplate":"https:\/\/canal7slp.tv\/2022\/?s={search_term_string}"},"query-input":{"@type":"PropertyValueSpecification","valueRequired":true,"valueName":"search_term_string"}}],"inLanguage":"es"},{"@type":"Organization","@id":"https:\/\/canal7slp.tv\/2022\/#organization","name":"Noticieros Canal 7","url":"https:\/\/canal7slp.tv\/2022\/","logo":{"@type":"ImageObject","inLanguage":"es","@id":"https:\/\/canal7slp.tv\/2022\/#\/schema\/logo\/image\/","url":"https:\/\/canal7slp.tv\/2022\/wp-content\/uploads\/2021\/01\/logo-noticieros@2x.png","contentUrl":"https:\/\/canal7slp.tv\/2022\/wp-content\/uploads\/2021\/01\/logo-noticieros@2x.png","width":1017,"height":268,"caption":"Noticieros Canal 7"},"image":{"@id":"https:\/\/canal7slp.tv\/2022\/#\/schema\/logo\/image\/"},"sameAs":["https:\/\/www.facebook.com\/noticieroscanalsiete","https:\/\/x.com\/NOTICIEROS7","https:\/\/www.instagram.com\/canal7_slp","https:\/\/www.youtube.com\/channel\/UCliiYs-gP3JfJeqdPrNdd5A"]},{"@type":"Person","@id":"https:\/\/canal7slp.tv\/2022\/#\/schema\/person\/429704152a21f5f856ce29aa69a238da","name":"Edici\u00f3n Web","image":{"@type":"ImageObject","inLanguage":"es","@id":"https:\/\/secure.gravatar.com\/avatar\/eee448fc3f7164808013b816ba91ac7e43bbe82a70bebac296f8bc6f0addaa1a?s=96&d=mm&r=g","url":"https:\/\/secure.gravatar.com\/avatar\/eee448fc3f7164808013b816ba91ac7e43bbe82a70bebac296f8bc6f0addaa1a?s=96&d=mm&r=g","contentUrl":"https:\/\/secure.gravatar.com\/avatar\/eee448fc3f7164808013b816ba91ac7e43bbe82a70bebac296f8bc6f0addaa1a?s=96&d=mm&r=g","caption":"Edici\u00f3n Web"},"url":"https:\/\/canal7slp.tv\/2022\/author\/edicionweb\/"}]}},"amp_enabled":true,"_links":{"self":[{"href":"https:\/\/canal7slp.tv\/2022\/wp-json\/wp\/v2\/posts\/63007","targetHints":{"allow":["GET"]}}],"collection":[{"href":"https:\/\/canal7slp.tv\/2022\/wp-json\/wp\/v2\/posts"}],"about":[{"href":"https:\/\/canal7slp.tv\/2022\/wp-json\/wp\/v2\/types\/post"}],"author":[{"embeddable":true,"href":"https:\/\/canal7slp.tv\/2022\/wp-json\/wp\/v2\/users\/2"}],"replies":[{"embeddable":true,"href":"https:\/\/canal7slp.tv\/2022\/wp-json\/wp\/v2\/comments?post=63007"}],"version-history":[{"count":2,"href":"https:\/\/canal7slp.tv\/2022\/wp-json\/wp\/v2\/posts\/63007\/revisions"}],"predecessor-version":[{"id":63014,"href":"https:\/\/canal7slp.tv\/2022\/wp-json\/wp\/v2\/posts\/63007\/revisions\/63014"}],"wp:featuredmedia":[{"embeddable":true,"href":"https:\/\/canal7slp.tv\/2022\/wp-json\/wp\/v2\/media\/63013"}],"wp:attachment":[{"href":"https:\/\/canal7slp.tv\/2022\/wp-json\/wp\/v2\/media?parent=63007"}],"wp:term":[{"taxonomy":"category","embeddable":true,"href":"https:\/\/canal7slp.tv\/2022\/wp-json\/wp\/v2\/categories?post=63007"},{"taxonomy":"post_tag","embeddable":true,"href":"https:\/\/canal7slp.tv\/2022\/wp-json\/wp\/v2\/tags?post=63007"}],"curies":[{"name":"wp","href":"https:\/\/api.w.org\/{rel}","templated":true}]}}