{"id":62968,"date":"2022-06-08T17:45:46","date_gmt":"2022-06-08T23:45:46","guid":{"rendered":"https:\/\/canal7slp.tv\/2022\/?p=62968"},"modified":"2022-06-08T17:45:46","modified_gmt":"2022-06-08T23:45:46","slug":"vocero-del-arzobispado-a-favor-del-operativo-mochila-segura","status":"publish","type":"post","link":"https:\/\/canal7slp.tv\/2022\/vocero-del-arzobispado-a-favor-del-operativo-mochila-segura\/","title":{"rendered":"Vocero del Arzobispado, a favor del operativo \u00abMochila segura\u00bb."},"content":{"rendered":"<ul>\n<li>Apenas el fin de semana un estudiante de Telesecundaria public\u00f3 la imagen de un arma y amenazas.<\/li>\n<\/ul>\n<p style=\"text-align: justify;\">SLP.- Luego de que el pasado 5 de Junio un estudiante de la Escuela Telesecundaria \u00abDami\u00e1n Carmona\u00bb publicara en redes sociales la imagen de un arma de fuego amenazando a la comunidad escolar, el vocero de la Arquidi\u00f3cesis Potosina Juan Jes\u00fas Priego Rivera, se pronunci\u00f3 porque en los planteles educativos regrese el operativo \u201cMochila Segura\u201d implementado hace alg\u00fan tiempo.<\/p>\n<p style=\"text-align: justify;\">Record\u00f3 que aunque fue una medida que en su tiempo caus\u00f3 la molestia e inconformidad en algunos sectores dijo tambi\u00e9n que se hace necesaria, para evitar a futuro una tragedia de graves consecuencias entre la poblaci\u00f3n escolar.<\/p>\n<p style=\"text-align: justify;\">Priego Rivera calific\u00f3 de preocupante el hecho de que alguien publique este tipo de amenazas en redes sociales y m\u00e1s si se trata de un menor de edad, al decir que es una se\u00f1al inequ\u00edvoca de una descomposici\u00f3n del tejido social y de mentes trastornadas e influenciadas negativamente.<\/p>\n<p style=\"text-align: justify;\">En este sentido, hizo un llamado a los padres de familia a que est\u00e9n vigilantes de sus hijos, cuidar de ellos y estar siempre atentos de sus actividades y de quienes se hacen acompa\u00f1ar.<\/p>\n<p style=\"text-align: justify;\">Por: Claudio Ibarra<\/p>\n","protected":false},"excerpt":{"rendered":"<p>Apenas el fin de semana un estudiante de Telesecundaria public\u00f3 la imagen de un arma y amenazas. SLP.- Luego de que el pasado 5 de Junio un estudiante de la Escuela Telesecundaria \u00abDami\u00e1n Carmona\u00bb publicara en redes sociales la imagen de un arma de fuego amenazando a la comunidad escolar, el vocero de la Arquidi\u00f3cesis Potosina Juan Jes\u00fas Priego Rivera, se pronunci\u00f3 porque en los planteles educativos regrese el operativo \u201cMochila Segura\u201d implementado hace alg\u00fan tiempo. Record\u00f3 que aunque fue una medida que en su tiempo caus\u00f3 la molestia e inconformidad en algunos sectores dijo tambi\u00e9n que se hace necesaria, [&hellip;]<\/p>\n","protected":false},"author":2,"featured_media":63002,"comment_status":"closed","ping_status":"closed","sticky":false,"template":"","format":"video","meta":{"footnotes":""},"categories":[5,45],"tags":[],"class_list":["post-62968","post","type-post","status-publish","format-video","has-post-thumbnail","hentry","category-destacadas","category-localesyregionales","post_format-post-format-video","post--single"],"yoast_head":"<!-- This site is optimized with the Yoast SEO plugin v27.4 - https:\/\/yoast.com\/product\/yoast-seo-wordpress\/ -->\n<title>Vocero del Arzobispado, a favor del operativo &quot;Mochila segura&quot;. - Canal 7 SLP - 2022<\/title>\n<meta name=\"robots\" content=\"index, follow, max-snippet:-1, max-image-preview:large, max-video-preview:-1\" \/>\n<link rel=\"canonical\" href=\"https:\/\/canal7slp.tv\/2022\/vocero-del-arzobispado-a-favor-del-operativo-mochila-segura\/\" \/>\n<meta property=\"og:locale\" content=\"es_ES\" \/>\n<meta property=\"og:type\" content=\"article\" \/>\n<meta property=\"og:title\" content=\"Vocero del Arzobispado, a favor del operativo &quot;Mochila segura&quot;. - Canal 7 SLP - 2022\" \/>\n<meta property=\"og:description\" content=\"Apenas el fin de semana un estudiante de Telesecundaria public\u00f3 la imagen de un arma y amenazas. SLP.- Luego de que el pasado 5 de Junio un estudiante de la Escuela Telesecundaria \u00abDami\u00e1n Carmona\u00bb publicara en redes sociales la imagen de un arma de fuego amenazando a la comunidad escolar, el vocero de la Arquidi\u00f3cesis Potosina Juan Jes\u00fas Priego Rivera, se pronunci\u00f3 porque en los planteles educativos regrese el operativo \u201cMochila Segura\u201d implementado hace alg\u00fan tiempo. Record\u00f3 que aunque fue una medida que en su tiempo caus\u00f3 la molestia e inconformidad en algunos sectores dijo tambi\u00e9n que se hace necesaria, [&hellip;]\" \/>\n<meta property=\"og:url\" content=\"https:\/\/canal7slp.tv\/2022\/vocero-del-arzobispado-a-favor-del-operativo-mochila-segura\/\" \/>\n<meta property=\"og:site_name\" content=\"Canal 7 SLP - 2022\" \/>\n<meta property=\"article:publisher\" content=\"https:\/\/www.facebook.com\/noticieroscanalsiete\" \/>\n<meta property=\"article:published_time\" content=\"2022-06-08T23:45:46+00:00\" \/>\n<meta property=\"og:image\" content=\"https:\/\/canal7slp.tv\/2022\/wp-content\/uploads\/2022\/06\/Claudio03Mochila.jpg\" \/>\n\t<meta property=\"og:image:width\" content=\"888\" \/>\n\t<meta property=\"og:image:height\" content=\"500\" \/>\n\t<meta property=\"og:image:type\" content=\"image\/jpeg\" \/>\n<meta name=\"author\" content=\"Edici\u00f3n Web\" \/>\n<meta name=\"twitter:card\" content=\"summary_large_image\" \/>\n<meta name=\"twitter:creator\" content=\"@NOTICIEROS7\" \/>\n<meta name=\"twitter:site\" content=\"@NOTICIEROS7\" \/>\n<meta name=\"twitter:label1\" content=\"Escrito por\" \/>\n\t<meta name=\"twitter:data1\" content=\"Edici\u00f3n Web\" \/>\n\t<meta name=\"twitter:label2\" content=\"Tiempo de lectura\" \/>\n\t<meta name=\"twitter:data2\" content=\"1 minuto\" \/>\n<script type=\"application\/ld+json\" class=\"yoast-schema-graph\">{\"@context\":\"https:\\\/\\\/schema.org\",\"@graph\":[{\"@type\":\"Article\",\"@id\":\"https:\\\/\\\/canal7slp.tv\\\/2022\\\/vocero-del-arzobispado-a-favor-del-operativo-mochila-segura\\\/#article\",\"isPartOf\":{\"@id\":\"https:\\\/\\\/canal7slp.tv\\\/2022\\\/vocero-del-arzobispado-a-favor-del-operativo-mochila-segura\\\/\"},\"author\":{\"name\":\"Edici\u00f3n Web\",\"@id\":\"https:\\\/\\\/canal7slp.tv\\\/2022\\\/#\\\/schema\\\/person\\\/429704152a21f5f856ce29aa69a238da\"},\"headline\":\"Vocero del Arzobispado, a favor del operativo \u00abMochila segura\u00bb.\",\"datePublished\":\"2022-06-08T23:45:46+00:00\",\"mainEntityOfPage\":{\"@id\":\"https:\\\/\\\/canal7slp.tv\\\/2022\\\/vocero-del-arzobispado-a-favor-del-operativo-mochila-segura\\\/\"},\"wordCount\":219,\"publisher\":{\"@id\":\"https:\\\/\\\/canal7slp.tv\\\/2022\\\/#organization\"},\"image\":{\"@id\":\"https:\\\/\\\/canal7slp.tv\\\/2022\\\/vocero-del-arzobispado-a-favor-del-operativo-mochila-segura\\\/#primaryimage\"},\"thumbnailUrl\":\"https:\\\/\\\/canal7slp.tv\\\/2022\\\/wp-content\\\/uploads\\\/2022\\\/06\\\/Claudio03Mochila.jpg\",\"articleSection\":[\"DESTACADAS\",\"LOCALES Y REGIONALES\"],\"inLanguage\":\"es\"},{\"@type\":\"WebPage\",\"@id\":\"https:\\\/\\\/canal7slp.tv\\\/2022\\\/vocero-del-arzobispado-a-favor-del-operativo-mochila-segura\\\/\",\"url\":\"https:\\\/\\\/canal7slp.tv\\\/2022\\\/vocero-del-arzobispado-a-favor-del-operativo-mochila-segura\\\/\",\"name\":\"Vocero del Arzobispado, a favor del operativo \\\"Mochila segura\\\". - Canal 7 SLP - 2022\",\"isPartOf\":{\"@id\":\"https:\\\/\\\/canal7slp.tv\\\/2022\\\/#website\"},\"primaryImageOfPage\":{\"@id\":\"https:\\\/\\\/canal7slp.tv\\\/2022\\\/vocero-del-arzobispado-a-favor-del-operativo-mochila-segura\\\/#primaryimage\"},\"image\":{\"@id\":\"https:\\\/\\\/canal7slp.tv\\\/2022\\\/vocero-del-arzobispado-a-favor-del-operativo-mochila-segura\\\/#primaryimage\"},\"thumbnailUrl\":\"https:\\\/\\\/canal7slp.tv\\\/2022\\\/wp-content\\\/uploads\\\/2022\\\/06\\\/Claudio03Mochila.jpg\",\"datePublished\":\"2022-06-08T23:45:46+00:00\",\"breadcrumb\":{\"@id\":\"https:\\\/\\\/canal7slp.tv\\\/2022\\\/vocero-del-arzobispado-a-favor-del-operativo-mochila-segura\\\/#breadcrumb\"},\"inLanguage\":\"es\",\"potentialAction\":[{\"@type\":\"ReadAction\",\"target\":[\"https:\\\/\\\/canal7slp.tv\\\/2022\\\/vocero-del-arzobispado-a-favor-del-operativo-mochila-segura\\\/\"]}]},{\"@type\":\"ImageObject\",\"inLanguage\":\"es\",\"@id\":\"https:\\\/\\\/canal7slp.tv\\\/2022\\\/vocero-del-arzobispado-a-favor-del-operativo-mochila-segura\\\/#primaryimage\",\"url\":\"https:\\\/\\\/canal7slp.tv\\\/2022\\\/wp-content\\\/uploads\\\/2022\\\/06\\\/Claudio03Mochila.jpg\",\"contentUrl\":\"https:\\\/\\\/canal7slp.tv\\\/2022\\\/wp-content\\\/uploads\\\/2022\\\/06\\\/Claudio03Mochila.jpg\",\"width\":888,\"height\":500},{\"@type\":\"BreadcrumbList\",\"@id\":\"https:\\\/\\\/canal7slp.tv\\\/2022\\\/vocero-del-arzobispado-a-favor-del-operativo-mochila-segura\\\/#breadcrumb\",\"itemListElement\":[{\"@type\":\"ListItem\",\"position\":1,\"name\":\"Portada\",\"item\":\"https:\\\/\\\/canal7slp.tv\\\/2022\\\/\"},{\"@type\":\"ListItem\",\"position\":2,\"name\":\"Vocero del Arzobispado, a favor del operativo &#8220;Mochila segura&#8221;.\"}]},{\"@type\":\"WebSite\",\"@id\":\"https:\\\/\\\/canal7slp.tv\\\/2022\\\/#website\",\"url\":\"https:\\\/\\\/canal7slp.tv\\\/2022\\\/\",\"name\":\"N7 - Noticieros Canal 7\",\"description\":\"Somos Televisi\u00f3n\",\"publisher\":{\"@id\":\"https:\\\/\\\/canal7slp.tv\\\/2022\\\/#organization\"},\"potentialAction\":[{\"@type\":\"SearchAction\",\"target\":{\"@type\":\"EntryPoint\",\"urlTemplate\":\"https:\\\/\\\/canal7slp.tv\\\/2022\\\/?s={search_term_string}\"},\"query-input\":{\"@type\":\"PropertyValueSpecification\",\"valueRequired\":true,\"valueName\":\"search_term_string\"}}],\"inLanguage\":\"es\"},{\"@type\":\"Organization\",\"@id\":\"https:\\\/\\\/canal7slp.tv\\\/2022\\\/#organization\",\"name\":\"Noticieros Canal 7\",\"url\":\"https:\\\/\\\/canal7slp.tv\\\/2022\\\/\",\"logo\":{\"@type\":\"ImageObject\",\"inLanguage\":\"es\",\"@id\":\"https:\\\/\\\/canal7slp.tv\\\/2022\\\/#\\\/schema\\\/logo\\\/image\\\/\",\"url\":\"https:\\\/\\\/canal7slp.tv\\\/2022\\\/wp-content\\\/uploads\\\/2021\\\/01\\\/logo-noticieros@2x.png\",\"contentUrl\":\"https:\\\/\\\/canal7slp.tv\\\/2022\\\/wp-content\\\/uploads\\\/2021\\\/01\\\/logo-noticieros@2x.png\",\"width\":1017,\"height\":268,\"caption\":\"Noticieros Canal 7\"},\"image\":{\"@id\":\"https:\\\/\\\/canal7slp.tv\\\/2022\\\/#\\\/schema\\\/logo\\\/image\\\/\"},\"sameAs\":[\"https:\\\/\\\/www.facebook.com\\\/noticieroscanalsiete\",\"https:\\\/\\\/x.com\\\/NOTICIEROS7\",\"https:\\\/\\\/www.instagram.com\\\/canal7_slp\",\"https:\\\/\\\/www.youtube.com\\\/channel\\\/UCliiYs-gP3JfJeqdPrNdd5A\"]},{\"@type\":\"Person\",\"@id\":\"https:\\\/\\\/canal7slp.tv\\\/2022\\\/#\\\/schema\\\/person\\\/429704152a21f5f856ce29aa69a238da\",\"name\":\"Edici\u00f3n Web\",\"image\":{\"@type\":\"ImageObject\",\"inLanguage\":\"es\",\"@id\":\"https:\\\/\\\/secure.gravatar.com\\\/avatar\\\/eee448fc3f7164808013b816ba91ac7e43bbe82a70bebac296f8bc6f0addaa1a?s=96&d=mm&r=g\",\"url\":\"https:\\\/\\\/secure.gravatar.com\\\/avatar\\\/eee448fc3f7164808013b816ba91ac7e43bbe82a70bebac296f8bc6f0addaa1a?s=96&d=mm&r=g\",\"contentUrl\":\"https:\\\/\\\/secure.gravatar.com\\\/avatar\\\/eee448fc3f7164808013b816ba91ac7e43bbe82a70bebac296f8bc6f0addaa1a?s=96&d=mm&r=g\",\"caption\":\"Edici\u00f3n Web\"},\"url\":\"https:\\\/\\\/canal7slp.tv\\\/2022\\\/author\\\/edicionweb\\\/\"}]}<\/script>\n<!-- \/ Yoast SEO plugin. -->","yoast_head_json":{"title":"Vocero del Arzobispado, a favor del operativo \"Mochila segura\". - Canal 7 SLP - 2022","robots":{"index":"index","follow":"follow","max-snippet":"max-snippet:-1","max-image-preview":"max-image-preview:large","max-video-preview":"max-video-preview:-1"},"canonical":"https:\/\/canal7slp.tv\/2022\/vocero-del-arzobispado-a-favor-del-operativo-mochila-segura\/","og_locale":"es_ES","og_type":"article","og_title":"Vocero del Arzobispado, a favor del operativo \"Mochila segura\". - Canal 7 SLP - 2022","og_description":"Apenas el fin de semana un estudiante de Telesecundaria public\u00f3 la imagen de un arma y amenazas. SLP.- Luego de que el pasado 5 de Junio un estudiante de la Escuela Telesecundaria \u00abDami\u00e1n Carmona\u00bb publicara en redes sociales la imagen de un arma de fuego amenazando a la comunidad escolar, el vocero de la Arquidi\u00f3cesis Potosina Juan Jes\u00fas Priego Rivera, se pronunci\u00f3 porque en los planteles educativos regrese el operativo \u201cMochila Segura\u201d implementado hace alg\u00fan tiempo. Record\u00f3 que aunque fue una medida que en su tiempo caus\u00f3 la molestia e inconformidad en algunos sectores dijo tambi\u00e9n que se hace necesaria, [&hellip;]","og_url":"https:\/\/canal7slp.tv\/2022\/vocero-del-arzobispado-a-favor-del-operativo-mochila-segura\/","og_site_name":"Canal 7 SLP - 2022","article_publisher":"https:\/\/www.facebook.com\/noticieroscanalsiete","article_published_time":"2022-06-08T23:45:46+00:00","og_image":[{"width":888,"height":500,"url":"https:\/\/canal7slp.tv\/2022\/wp-content\/uploads\/2022\/06\/Claudio03Mochila.jpg","type":"image\/jpeg"}],"author":"Edici\u00f3n Web","twitter_card":"summary_large_image","twitter_creator":"@NOTICIEROS7","twitter_site":"@NOTICIEROS7","twitter_misc":{"Escrito por":"Edici\u00f3n Web","Tiempo de lectura":"1 minuto"},"schema":{"@context":"https:\/\/schema.org","@graph":[{"@type":"Article","@id":"https:\/\/canal7slp.tv\/2022\/vocero-del-arzobispado-a-favor-del-operativo-mochila-segura\/#article","isPartOf":{"@id":"https:\/\/canal7slp.tv\/2022\/vocero-del-arzobispado-a-favor-del-operativo-mochila-segura\/"},"author":{"name":"Edici\u00f3n Web","@id":"https:\/\/canal7slp.tv\/2022\/#\/schema\/person\/429704152a21f5f856ce29aa69a238da"},"headline":"Vocero del Arzobispado, a favor del operativo \u00abMochila segura\u00bb.","datePublished":"2022-06-08T23:45:46+00:00","mainEntityOfPage":{"@id":"https:\/\/canal7slp.tv\/2022\/vocero-del-arzobispado-a-favor-del-operativo-mochila-segura\/"},"wordCount":219,"publisher":{"@id":"https:\/\/canal7slp.tv\/2022\/#organization"},"image":{"@id":"https:\/\/canal7slp.tv\/2022\/vocero-del-arzobispado-a-favor-del-operativo-mochila-segura\/#primaryimage"},"thumbnailUrl":"https:\/\/canal7slp.tv\/2022\/wp-content\/uploads\/2022\/06\/Claudio03Mochila.jpg","articleSection":["DESTACADAS","LOCALES Y REGIONALES"],"inLanguage":"es"},{"@type":"WebPage","@id":"https:\/\/canal7slp.tv\/2022\/vocero-del-arzobispado-a-favor-del-operativo-mochila-segura\/","url":"https:\/\/canal7slp.tv\/2022\/vocero-del-arzobispado-a-favor-del-operativo-mochila-segura\/","name":"Vocero del Arzobispado, a favor del operativo \"Mochila segura\". - Canal 7 SLP - 2022","isPartOf":{"@id":"https:\/\/canal7slp.tv\/2022\/#website"},"primaryImageOfPage":{"@id":"https:\/\/canal7slp.tv\/2022\/vocero-del-arzobispado-a-favor-del-operativo-mochila-segura\/#primaryimage"},"image":{"@id":"https:\/\/canal7slp.tv\/2022\/vocero-del-arzobispado-a-favor-del-operativo-mochila-segura\/#primaryimage"},"thumbnailUrl":"https:\/\/canal7slp.tv\/2022\/wp-content\/uploads\/2022\/06\/Claudio03Mochila.jpg","datePublished":"2022-06-08T23:45:46+00:00","breadcrumb":{"@id":"https:\/\/canal7slp.tv\/2022\/vocero-del-arzobispado-a-favor-del-operativo-mochila-segura\/#breadcrumb"},"inLanguage":"es","potentialAction":[{"@type":"ReadAction","target":["https:\/\/canal7slp.tv\/2022\/vocero-del-arzobispado-a-favor-del-operativo-mochila-segura\/"]}]},{"@type":"ImageObject","inLanguage":"es","@id":"https:\/\/canal7slp.tv\/2022\/vocero-del-arzobispado-a-favor-del-operativo-mochila-segura\/#primaryimage","url":"https:\/\/canal7slp.tv\/2022\/wp-content\/uploads\/2022\/06\/Claudio03Mochila.jpg","contentUrl":"https:\/\/canal7slp.tv\/2022\/wp-content\/uploads\/2022\/06\/Claudio03Mochila.jpg","width":888,"height":500},{"@type":"BreadcrumbList","@id":"https:\/\/canal7slp.tv\/2022\/vocero-del-arzobispado-a-favor-del-operativo-mochila-segura\/#breadcrumb","itemListElement":[{"@type":"ListItem","position":1,"name":"Portada","item":"https:\/\/canal7slp.tv\/2022\/"},{"@type":"ListItem","position":2,"name":"Vocero del Arzobispado, a favor del operativo &#8220;Mochila segura&#8221;."}]},{"@type":"WebSite","@id":"https:\/\/canal7slp.tv\/2022\/#website","url":"https:\/\/canal7slp.tv\/2022\/","name":"N7 - Noticieros Canal 7","description":"Somos Televisi\u00f3n","publisher":{"@id":"https:\/\/canal7slp.tv\/2022\/#organization"},"potentialAction":[{"@type":"SearchAction","target":{"@type":"EntryPoint","urlTemplate":"https:\/\/canal7slp.tv\/2022\/?s={search_term_string}"},"query-input":{"@type":"PropertyValueSpecification","valueRequired":true,"valueName":"search_term_string"}}],"inLanguage":"es"},{"@type":"Organization","@id":"https:\/\/canal7slp.tv\/2022\/#organization","name":"Noticieros Canal 7","url":"https:\/\/canal7slp.tv\/2022\/","logo":{"@type":"ImageObject","inLanguage":"es","@id":"https:\/\/canal7slp.tv\/2022\/#\/schema\/logo\/image\/","url":"https:\/\/canal7slp.tv\/2022\/wp-content\/uploads\/2021\/01\/logo-noticieros@2x.png","contentUrl":"https:\/\/canal7slp.tv\/2022\/wp-content\/uploads\/2021\/01\/logo-noticieros@2x.png","width":1017,"height":268,"caption":"Noticieros Canal 7"},"image":{"@id":"https:\/\/canal7slp.tv\/2022\/#\/schema\/logo\/image\/"},"sameAs":["https:\/\/www.facebook.com\/noticieroscanalsiete","https:\/\/x.com\/NOTICIEROS7","https:\/\/www.instagram.com\/canal7_slp","https:\/\/www.youtube.com\/channel\/UCliiYs-gP3JfJeqdPrNdd5A"]},{"@type":"Person","@id":"https:\/\/canal7slp.tv\/2022\/#\/schema\/person\/429704152a21f5f856ce29aa69a238da","name":"Edici\u00f3n Web","image":{"@type":"ImageObject","inLanguage":"es","@id":"https:\/\/secure.gravatar.com\/avatar\/eee448fc3f7164808013b816ba91ac7e43bbe82a70bebac296f8bc6f0addaa1a?s=96&d=mm&r=g","url":"https:\/\/secure.gravatar.com\/avatar\/eee448fc3f7164808013b816ba91ac7e43bbe82a70bebac296f8bc6f0addaa1a?s=96&d=mm&r=g","contentUrl":"https:\/\/secure.gravatar.com\/avatar\/eee448fc3f7164808013b816ba91ac7e43bbe82a70bebac296f8bc6f0addaa1a?s=96&d=mm&r=g","caption":"Edici\u00f3n Web"},"url":"https:\/\/canal7slp.tv\/2022\/author\/edicionweb\/"}]}},"amp_enabled":true,"_links":{"self":[{"href":"https:\/\/canal7slp.tv\/2022\/wp-json\/wp\/v2\/posts\/62968","targetHints":{"allow":["GET"]}}],"collection":[{"href":"https:\/\/canal7slp.tv\/2022\/wp-json\/wp\/v2\/posts"}],"about":[{"href":"https:\/\/canal7slp.tv\/2022\/wp-json\/wp\/v2\/types\/post"}],"author":[{"embeddable":true,"href":"https:\/\/canal7slp.tv\/2022\/wp-json\/wp\/v2\/users\/2"}],"replies":[{"embeddable":true,"href":"https:\/\/canal7slp.tv\/2022\/wp-json\/wp\/v2\/comments?post=62968"}],"version-history":[{"count":3,"href":"https:\/\/canal7slp.tv\/2022\/wp-json\/wp\/v2\/posts\/62968\/revisions"}],"predecessor-version":[{"id":63003,"href":"https:\/\/canal7slp.tv\/2022\/wp-json\/wp\/v2\/posts\/62968\/revisions\/63003"}],"wp:featuredmedia":[{"embeddable":true,"href":"https:\/\/canal7slp.tv\/2022\/wp-json\/wp\/v2\/media\/63002"}],"wp:attachment":[{"href":"https:\/\/canal7slp.tv\/2022\/wp-json\/wp\/v2\/media?parent=62968"}],"wp:term":[{"taxonomy":"category","embeddable":true,"href":"https:\/\/canal7slp.tv\/2022\/wp-json\/wp\/v2\/categories?post=62968"},{"taxonomy":"post_tag","embeddable":true,"href":"https:\/\/canal7slp.tv\/2022\/wp-json\/wp\/v2\/tags?post=62968"}],"curies":[{"name":"wp","href":"https:\/\/api.w.org\/{rel}","templated":true}]}}