{"id":62967,"date":"2022-06-08T17:47:45","date_gmt":"2022-06-08T23:47:45","guid":{"rendered":"https:\/\/canal7slp.tv\/2022\/?p=62967"},"modified":"2022-06-08T17:48:03","modified_gmt":"2022-06-08T23:48:03","slug":"ayuntamiento-de-sgs-anuncia-eventos-y-actividades-por-el-dia-del-padre","status":"publish","type":"post","link":"https:\/\/canal7slp.tv\/2022\/ayuntamiento-de-sgs-anuncia-eventos-y-actividades-por-el-dia-del-padre\/","title":{"rendered":"Ayuntamiento de SGS anuncia eventos y actividades por el D\u00eda del Padre."},"content":{"rendered":"<p style=\"text-align: justify;\">SGS.- Con el objetivo de impulsar el deporte, el ejercicio al aire libre y la convivencia familiar el ayuntamiento de Soledad de Graciano S\u00e1nchez a trav\u00e9s del \u00e1rea de Deportes, llevar\u00e1 a cabo una serie de actividades con motivo del D\u00eda del Padre.<\/p>\n<p style=\"text-align: justify;\">As\u00ed lo dio a conocer su titular Juan Carlos Torres al decir que parte de estas actividades se realizar\u00e1n en la plaza principal de la cabecera municipal.<\/p>\n<p style=\"text-align: justify;\">El funcionario municipal se\u00f1al\u00f3 que la intenci\u00f3n es que los pap\u00e1s y sus familias se activen y hagan ejercicios al decir tambi\u00e9n que se realizar\u00e1n todo tipo de actividades f\u00edsicas.<\/p>\n<p style=\"text-align: justify;\">Por \u00faltimo, el titular del \u00c1rea Deportiva del ayuntamiento soledense afirm\u00f3 que si se tiene buena respuesta para este domingo 19 de Junio, se ver\u00e1 la posibilidad de repetirlo agreg\u00e1ndole otras pr\u00e1cticas deportivas.<\/p>\n<p style=\"text-align: justify;\">Por: Claudio Ibarra<\/p>\n","protected":false},"excerpt":{"rendered":"<p>SGS.- Con el objetivo de impulsar el deporte, el ejercicio al aire libre y la convivencia familiar el ayuntamiento de Soledad de Graciano S\u00e1nchez a trav\u00e9s del \u00e1rea de Deportes, llevar\u00e1 a cabo una serie de actividades con motivo del D\u00eda del Padre. As\u00ed lo dio a conocer su titular Juan Carlos Torres al decir que parte de estas actividades se realizar\u00e1n en la plaza principal de la cabecera municipal. El funcionario municipal se\u00f1al\u00f3 que la intenci\u00f3n es que los pap\u00e1s y sus familias se activen y hagan ejercicios al decir tambi\u00e9n que se realizar\u00e1n todo tipo de actividades f\u00edsicas. [&hellip;]<\/p>\n","protected":false},"author":2,"featured_media":63004,"comment_status":"closed","ping_status":"closed","sticky":false,"template":"","format":"video","meta":{"footnotes":""},"categories":[512,5,45],"tags":[],"class_list":["post-62967","post","type-post","status-publish","format-video","has-post-thumbnail","hentry","category-ayosgs","category-destacadas","category-localesyregionales","post_format-post-format-video","post--single"],"yoast_head":"<!-- This site is optimized with the Yoast SEO plugin v27.4 - https:\/\/yoast.com\/product\/yoast-seo-wordpress\/ -->\n<title>Ayuntamiento de SGS anuncia eventos y actividades por el D\u00eda del Padre. - Canal 7 SLP - 2022<\/title>\n<meta name=\"robots\" content=\"index, follow, max-snippet:-1, max-image-preview:large, max-video-preview:-1\" \/>\n<link rel=\"canonical\" href=\"https:\/\/canal7slp.tv\/2022\/ayuntamiento-de-sgs-anuncia-eventos-y-actividades-por-el-dia-del-padre\/\" \/>\n<meta property=\"og:locale\" content=\"es_ES\" \/>\n<meta property=\"og:type\" content=\"article\" \/>\n<meta property=\"og:title\" content=\"Ayuntamiento de SGS anuncia eventos y actividades por el D\u00eda del Padre. - Canal 7 SLP - 2022\" \/>\n<meta property=\"og:description\" content=\"SGS.- Con el objetivo de impulsar el deporte, el ejercicio al aire libre y la convivencia familiar el ayuntamiento de Soledad de Graciano S\u00e1nchez a trav\u00e9s del \u00e1rea de Deportes, llevar\u00e1 a cabo una serie de actividades con motivo del D\u00eda del Padre. As\u00ed lo dio a conocer su titular Juan Carlos Torres al decir que parte de estas actividades se realizar\u00e1n en la plaza principal de la cabecera municipal. El funcionario municipal se\u00f1al\u00f3 que la intenci\u00f3n es que los pap\u00e1s y sus familias se activen y hagan ejercicios al decir tambi\u00e9n que se realizar\u00e1n todo tipo de actividades f\u00edsicas. [&hellip;]\" \/>\n<meta property=\"og:url\" content=\"https:\/\/canal7slp.tv\/2022\/ayuntamiento-de-sgs-anuncia-eventos-y-actividades-por-el-dia-del-padre\/\" \/>\n<meta property=\"og:site_name\" content=\"Canal 7 SLP - 2022\" \/>\n<meta property=\"article:publisher\" content=\"https:\/\/www.facebook.com\/noticieroscanalsiete\" \/>\n<meta property=\"article:published_time\" content=\"2022-06-08T23:47:45+00:00\" \/>\n<meta property=\"article:modified_time\" content=\"2022-06-08T23:48:03+00:00\" \/>\n<meta property=\"og:image\" content=\"https:\/\/canal7slp.tv\/2022\/wp-content\/uploads\/2022\/06\/Claudio04Actividades.jpg\" \/>\n\t<meta property=\"og:image:width\" content=\"888\" \/>\n\t<meta property=\"og:image:height\" content=\"500\" \/>\n\t<meta property=\"og:image:type\" content=\"image\/jpeg\" \/>\n<meta name=\"author\" content=\"Edici\u00f3n Web\" \/>\n<meta name=\"twitter:card\" content=\"summary_large_image\" \/>\n<meta name=\"twitter:creator\" content=\"@NOTICIEROS7\" \/>\n<meta name=\"twitter:site\" content=\"@NOTICIEROS7\" \/>\n<meta name=\"twitter:label1\" content=\"Escrito por\" \/>\n\t<meta name=\"twitter:data1\" content=\"Edici\u00f3n Web\" \/>\n\t<meta name=\"twitter:label2\" content=\"Tiempo de lectura\" \/>\n\t<meta name=\"twitter:data2\" content=\"1 minuto\" \/>\n<script type=\"application\/ld+json\" class=\"yoast-schema-graph\">{\"@context\":\"https:\\\/\\\/schema.org\",\"@graph\":[{\"@type\":\"Article\",\"@id\":\"https:\\\/\\\/canal7slp.tv\\\/2022\\\/ayuntamiento-de-sgs-anuncia-eventos-y-actividades-por-el-dia-del-padre\\\/#article\",\"isPartOf\":{\"@id\":\"https:\\\/\\\/canal7slp.tv\\\/2022\\\/ayuntamiento-de-sgs-anuncia-eventos-y-actividades-por-el-dia-del-padre\\\/\"},\"author\":{\"name\":\"Edici\u00f3n Web\",\"@id\":\"https:\\\/\\\/canal7slp.tv\\\/2022\\\/#\\\/schema\\\/person\\\/429704152a21f5f856ce29aa69a238da\"},\"headline\":\"Ayuntamiento de SGS anuncia eventos y actividades por el D\u00eda del Padre.\",\"datePublished\":\"2022-06-08T23:47:45+00:00\",\"dateModified\":\"2022-06-08T23:48:03+00:00\",\"mainEntityOfPage\":{\"@id\":\"https:\\\/\\\/canal7slp.tv\\\/2022\\\/ayuntamiento-de-sgs-anuncia-eventos-y-actividades-por-el-dia-del-padre\\\/\"},\"wordCount\":161,\"publisher\":{\"@id\":\"https:\\\/\\\/canal7slp.tv\\\/2022\\\/#organization\"},\"image\":{\"@id\":\"https:\\\/\\\/canal7slp.tv\\\/2022\\\/ayuntamiento-de-sgs-anuncia-eventos-y-actividades-por-el-dia-del-padre\\\/#primaryimage\"},\"thumbnailUrl\":\"https:\\\/\\\/canal7slp.tv\\\/2022\\\/wp-content\\\/uploads\\\/2022\\\/06\\\/Claudio04Actividades.jpg\",\"articleSection\":[\"AYOSGS\",\"DESTACADAS\",\"LOCALES Y REGIONALES\"],\"inLanguage\":\"es\"},{\"@type\":\"WebPage\",\"@id\":\"https:\\\/\\\/canal7slp.tv\\\/2022\\\/ayuntamiento-de-sgs-anuncia-eventos-y-actividades-por-el-dia-del-padre\\\/\",\"url\":\"https:\\\/\\\/canal7slp.tv\\\/2022\\\/ayuntamiento-de-sgs-anuncia-eventos-y-actividades-por-el-dia-del-padre\\\/\",\"name\":\"Ayuntamiento de SGS anuncia eventos y actividades por el D\u00eda del Padre. - Canal 7 SLP - 2022\",\"isPartOf\":{\"@id\":\"https:\\\/\\\/canal7slp.tv\\\/2022\\\/#website\"},\"primaryImageOfPage\":{\"@id\":\"https:\\\/\\\/canal7slp.tv\\\/2022\\\/ayuntamiento-de-sgs-anuncia-eventos-y-actividades-por-el-dia-del-padre\\\/#primaryimage\"},\"image\":{\"@id\":\"https:\\\/\\\/canal7slp.tv\\\/2022\\\/ayuntamiento-de-sgs-anuncia-eventos-y-actividades-por-el-dia-del-padre\\\/#primaryimage\"},\"thumbnailUrl\":\"https:\\\/\\\/canal7slp.tv\\\/2022\\\/wp-content\\\/uploads\\\/2022\\\/06\\\/Claudio04Actividades.jpg\",\"datePublished\":\"2022-06-08T23:47:45+00:00\",\"dateModified\":\"2022-06-08T23:48:03+00:00\",\"breadcrumb\":{\"@id\":\"https:\\\/\\\/canal7slp.tv\\\/2022\\\/ayuntamiento-de-sgs-anuncia-eventos-y-actividades-por-el-dia-del-padre\\\/#breadcrumb\"},\"inLanguage\":\"es\",\"potentialAction\":[{\"@type\":\"ReadAction\",\"target\":[\"https:\\\/\\\/canal7slp.tv\\\/2022\\\/ayuntamiento-de-sgs-anuncia-eventos-y-actividades-por-el-dia-del-padre\\\/\"]}]},{\"@type\":\"ImageObject\",\"inLanguage\":\"es\",\"@id\":\"https:\\\/\\\/canal7slp.tv\\\/2022\\\/ayuntamiento-de-sgs-anuncia-eventos-y-actividades-por-el-dia-del-padre\\\/#primaryimage\",\"url\":\"https:\\\/\\\/canal7slp.tv\\\/2022\\\/wp-content\\\/uploads\\\/2022\\\/06\\\/Claudio04Actividades.jpg\",\"contentUrl\":\"https:\\\/\\\/canal7slp.tv\\\/2022\\\/wp-content\\\/uploads\\\/2022\\\/06\\\/Claudio04Actividades.jpg\",\"width\":888,\"height\":500},{\"@type\":\"BreadcrumbList\",\"@id\":\"https:\\\/\\\/canal7slp.tv\\\/2022\\\/ayuntamiento-de-sgs-anuncia-eventos-y-actividades-por-el-dia-del-padre\\\/#breadcrumb\",\"itemListElement\":[{\"@type\":\"ListItem\",\"position\":1,\"name\":\"Portada\",\"item\":\"https:\\\/\\\/canal7slp.tv\\\/2022\\\/\"},{\"@type\":\"ListItem\",\"position\":2,\"name\":\"Ayuntamiento de SGS anuncia eventos y actividades por el D\u00eda del Padre.\"}]},{\"@type\":\"WebSite\",\"@id\":\"https:\\\/\\\/canal7slp.tv\\\/2022\\\/#website\",\"url\":\"https:\\\/\\\/canal7slp.tv\\\/2022\\\/\",\"name\":\"N7 - Noticieros Canal 7\",\"description\":\"Somos Televisi\u00f3n\",\"publisher\":{\"@id\":\"https:\\\/\\\/canal7slp.tv\\\/2022\\\/#organization\"},\"potentialAction\":[{\"@type\":\"SearchAction\",\"target\":{\"@type\":\"EntryPoint\",\"urlTemplate\":\"https:\\\/\\\/canal7slp.tv\\\/2022\\\/?s={search_term_string}\"},\"query-input\":{\"@type\":\"PropertyValueSpecification\",\"valueRequired\":true,\"valueName\":\"search_term_string\"}}],\"inLanguage\":\"es\"},{\"@type\":\"Organization\",\"@id\":\"https:\\\/\\\/canal7slp.tv\\\/2022\\\/#organization\",\"name\":\"Noticieros Canal 7\",\"url\":\"https:\\\/\\\/canal7slp.tv\\\/2022\\\/\",\"logo\":{\"@type\":\"ImageObject\",\"inLanguage\":\"es\",\"@id\":\"https:\\\/\\\/canal7slp.tv\\\/2022\\\/#\\\/schema\\\/logo\\\/image\\\/\",\"url\":\"https:\\\/\\\/canal7slp.tv\\\/2022\\\/wp-content\\\/uploads\\\/2021\\\/01\\\/logo-noticieros@2x.png\",\"contentUrl\":\"https:\\\/\\\/canal7slp.tv\\\/2022\\\/wp-content\\\/uploads\\\/2021\\\/01\\\/logo-noticieros@2x.png\",\"width\":1017,\"height\":268,\"caption\":\"Noticieros Canal 7\"},\"image\":{\"@id\":\"https:\\\/\\\/canal7slp.tv\\\/2022\\\/#\\\/schema\\\/logo\\\/image\\\/\"},\"sameAs\":[\"https:\\\/\\\/www.facebook.com\\\/noticieroscanalsiete\",\"https:\\\/\\\/x.com\\\/NOTICIEROS7\",\"https:\\\/\\\/www.instagram.com\\\/canal7_slp\",\"https:\\\/\\\/www.youtube.com\\\/channel\\\/UCliiYs-gP3JfJeqdPrNdd5A\"]},{\"@type\":\"Person\",\"@id\":\"https:\\\/\\\/canal7slp.tv\\\/2022\\\/#\\\/schema\\\/person\\\/429704152a21f5f856ce29aa69a238da\",\"name\":\"Edici\u00f3n Web\",\"image\":{\"@type\":\"ImageObject\",\"inLanguage\":\"es\",\"@id\":\"https:\\\/\\\/secure.gravatar.com\\\/avatar\\\/eee448fc3f7164808013b816ba91ac7e43bbe82a70bebac296f8bc6f0addaa1a?s=96&d=mm&r=g\",\"url\":\"https:\\\/\\\/secure.gravatar.com\\\/avatar\\\/eee448fc3f7164808013b816ba91ac7e43bbe82a70bebac296f8bc6f0addaa1a?s=96&d=mm&r=g\",\"contentUrl\":\"https:\\\/\\\/secure.gravatar.com\\\/avatar\\\/eee448fc3f7164808013b816ba91ac7e43bbe82a70bebac296f8bc6f0addaa1a?s=96&d=mm&r=g\",\"caption\":\"Edici\u00f3n Web\"},\"url\":\"https:\\\/\\\/canal7slp.tv\\\/2022\\\/author\\\/edicionweb\\\/\"}]}<\/script>\n<!-- \/ Yoast SEO plugin. -->","yoast_head_json":{"title":"Ayuntamiento de SGS anuncia eventos y actividades por el D\u00eda del Padre. - Canal 7 SLP - 2022","robots":{"index":"index","follow":"follow","max-snippet":"max-snippet:-1","max-image-preview":"max-image-preview:large","max-video-preview":"max-video-preview:-1"},"canonical":"https:\/\/canal7slp.tv\/2022\/ayuntamiento-de-sgs-anuncia-eventos-y-actividades-por-el-dia-del-padre\/","og_locale":"es_ES","og_type":"article","og_title":"Ayuntamiento de SGS anuncia eventos y actividades por el D\u00eda del Padre. - Canal 7 SLP - 2022","og_description":"SGS.- Con el objetivo de impulsar el deporte, el ejercicio al aire libre y la convivencia familiar el ayuntamiento de Soledad de Graciano S\u00e1nchez a trav\u00e9s del \u00e1rea de Deportes, llevar\u00e1 a cabo una serie de actividades con motivo del D\u00eda del Padre. As\u00ed lo dio a conocer su titular Juan Carlos Torres al decir que parte de estas actividades se realizar\u00e1n en la plaza principal de la cabecera municipal. El funcionario municipal se\u00f1al\u00f3 que la intenci\u00f3n es que los pap\u00e1s y sus familias se activen y hagan ejercicios al decir tambi\u00e9n que se realizar\u00e1n todo tipo de actividades f\u00edsicas. [&hellip;]","og_url":"https:\/\/canal7slp.tv\/2022\/ayuntamiento-de-sgs-anuncia-eventos-y-actividades-por-el-dia-del-padre\/","og_site_name":"Canal 7 SLP - 2022","article_publisher":"https:\/\/www.facebook.com\/noticieroscanalsiete","article_published_time":"2022-06-08T23:47:45+00:00","article_modified_time":"2022-06-08T23:48:03+00:00","og_image":[{"width":888,"height":500,"url":"https:\/\/canal7slp.tv\/2022\/wp-content\/uploads\/2022\/06\/Claudio04Actividades.jpg","type":"image\/jpeg"}],"author":"Edici\u00f3n Web","twitter_card":"summary_large_image","twitter_creator":"@NOTICIEROS7","twitter_site":"@NOTICIEROS7","twitter_misc":{"Escrito por":"Edici\u00f3n Web","Tiempo de lectura":"1 minuto"},"schema":{"@context":"https:\/\/schema.org","@graph":[{"@type":"Article","@id":"https:\/\/canal7slp.tv\/2022\/ayuntamiento-de-sgs-anuncia-eventos-y-actividades-por-el-dia-del-padre\/#article","isPartOf":{"@id":"https:\/\/canal7slp.tv\/2022\/ayuntamiento-de-sgs-anuncia-eventos-y-actividades-por-el-dia-del-padre\/"},"author":{"name":"Edici\u00f3n Web","@id":"https:\/\/canal7slp.tv\/2022\/#\/schema\/person\/429704152a21f5f856ce29aa69a238da"},"headline":"Ayuntamiento de SGS anuncia eventos y actividades por el D\u00eda del Padre.","datePublished":"2022-06-08T23:47:45+00:00","dateModified":"2022-06-08T23:48:03+00:00","mainEntityOfPage":{"@id":"https:\/\/canal7slp.tv\/2022\/ayuntamiento-de-sgs-anuncia-eventos-y-actividades-por-el-dia-del-padre\/"},"wordCount":161,"publisher":{"@id":"https:\/\/canal7slp.tv\/2022\/#organization"},"image":{"@id":"https:\/\/canal7slp.tv\/2022\/ayuntamiento-de-sgs-anuncia-eventos-y-actividades-por-el-dia-del-padre\/#primaryimage"},"thumbnailUrl":"https:\/\/canal7slp.tv\/2022\/wp-content\/uploads\/2022\/06\/Claudio04Actividades.jpg","articleSection":["AYOSGS","DESTACADAS","LOCALES Y REGIONALES"],"inLanguage":"es"},{"@type":"WebPage","@id":"https:\/\/canal7slp.tv\/2022\/ayuntamiento-de-sgs-anuncia-eventos-y-actividades-por-el-dia-del-padre\/","url":"https:\/\/canal7slp.tv\/2022\/ayuntamiento-de-sgs-anuncia-eventos-y-actividades-por-el-dia-del-padre\/","name":"Ayuntamiento de SGS anuncia eventos y actividades por el D\u00eda del Padre. - Canal 7 SLP - 2022","isPartOf":{"@id":"https:\/\/canal7slp.tv\/2022\/#website"},"primaryImageOfPage":{"@id":"https:\/\/canal7slp.tv\/2022\/ayuntamiento-de-sgs-anuncia-eventos-y-actividades-por-el-dia-del-padre\/#primaryimage"},"image":{"@id":"https:\/\/canal7slp.tv\/2022\/ayuntamiento-de-sgs-anuncia-eventos-y-actividades-por-el-dia-del-padre\/#primaryimage"},"thumbnailUrl":"https:\/\/canal7slp.tv\/2022\/wp-content\/uploads\/2022\/06\/Claudio04Actividades.jpg","datePublished":"2022-06-08T23:47:45+00:00","dateModified":"2022-06-08T23:48:03+00:00","breadcrumb":{"@id":"https:\/\/canal7slp.tv\/2022\/ayuntamiento-de-sgs-anuncia-eventos-y-actividades-por-el-dia-del-padre\/#breadcrumb"},"inLanguage":"es","potentialAction":[{"@type":"ReadAction","target":["https:\/\/canal7slp.tv\/2022\/ayuntamiento-de-sgs-anuncia-eventos-y-actividades-por-el-dia-del-padre\/"]}]},{"@type":"ImageObject","inLanguage":"es","@id":"https:\/\/canal7slp.tv\/2022\/ayuntamiento-de-sgs-anuncia-eventos-y-actividades-por-el-dia-del-padre\/#primaryimage","url":"https:\/\/canal7slp.tv\/2022\/wp-content\/uploads\/2022\/06\/Claudio04Actividades.jpg","contentUrl":"https:\/\/canal7slp.tv\/2022\/wp-content\/uploads\/2022\/06\/Claudio04Actividades.jpg","width":888,"height":500},{"@type":"BreadcrumbList","@id":"https:\/\/canal7slp.tv\/2022\/ayuntamiento-de-sgs-anuncia-eventos-y-actividades-por-el-dia-del-padre\/#breadcrumb","itemListElement":[{"@type":"ListItem","position":1,"name":"Portada","item":"https:\/\/canal7slp.tv\/2022\/"},{"@type":"ListItem","position":2,"name":"Ayuntamiento de SGS anuncia eventos y actividades por el D\u00eda del Padre."}]},{"@type":"WebSite","@id":"https:\/\/canal7slp.tv\/2022\/#website","url":"https:\/\/canal7slp.tv\/2022\/","name":"N7 - Noticieros Canal 7","description":"Somos Televisi\u00f3n","publisher":{"@id":"https:\/\/canal7slp.tv\/2022\/#organization"},"potentialAction":[{"@type":"SearchAction","target":{"@type":"EntryPoint","urlTemplate":"https:\/\/canal7slp.tv\/2022\/?s={search_term_string}"},"query-input":{"@type":"PropertyValueSpecification","valueRequired":true,"valueName":"search_term_string"}}],"inLanguage":"es"},{"@type":"Organization","@id":"https:\/\/canal7slp.tv\/2022\/#organization","name":"Noticieros Canal 7","url":"https:\/\/canal7slp.tv\/2022\/","logo":{"@type":"ImageObject","inLanguage":"es","@id":"https:\/\/canal7slp.tv\/2022\/#\/schema\/logo\/image\/","url":"https:\/\/canal7slp.tv\/2022\/wp-content\/uploads\/2021\/01\/logo-noticieros@2x.png","contentUrl":"https:\/\/canal7slp.tv\/2022\/wp-content\/uploads\/2021\/01\/logo-noticieros@2x.png","width":1017,"height":268,"caption":"Noticieros Canal 7"},"image":{"@id":"https:\/\/canal7slp.tv\/2022\/#\/schema\/logo\/image\/"},"sameAs":["https:\/\/www.facebook.com\/noticieroscanalsiete","https:\/\/x.com\/NOTICIEROS7","https:\/\/www.instagram.com\/canal7_slp","https:\/\/www.youtube.com\/channel\/UCliiYs-gP3JfJeqdPrNdd5A"]},{"@type":"Person","@id":"https:\/\/canal7slp.tv\/2022\/#\/schema\/person\/429704152a21f5f856ce29aa69a238da","name":"Edici\u00f3n Web","image":{"@type":"ImageObject","inLanguage":"es","@id":"https:\/\/secure.gravatar.com\/avatar\/eee448fc3f7164808013b816ba91ac7e43bbe82a70bebac296f8bc6f0addaa1a?s=96&d=mm&r=g","url":"https:\/\/secure.gravatar.com\/avatar\/eee448fc3f7164808013b816ba91ac7e43bbe82a70bebac296f8bc6f0addaa1a?s=96&d=mm&r=g","contentUrl":"https:\/\/secure.gravatar.com\/avatar\/eee448fc3f7164808013b816ba91ac7e43bbe82a70bebac296f8bc6f0addaa1a?s=96&d=mm&r=g","caption":"Edici\u00f3n Web"},"url":"https:\/\/canal7slp.tv\/2022\/author\/edicionweb\/"}]}},"amp_enabled":true,"_links":{"self":[{"href":"https:\/\/canal7slp.tv\/2022\/wp-json\/wp\/v2\/posts\/62967","targetHints":{"allow":["GET"]}}],"collection":[{"href":"https:\/\/canal7slp.tv\/2022\/wp-json\/wp\/v2\/posts"}],"about":[{"href":"https:\/\/canal7slp.tv\/2022\/wp-json\/wp\/v2\/types\/post"}],"author":[{"embeddable":true,"href":"https:\/\/canal7slp.tv\/2022\/wp-json\/wp\/v2\/users\/2"}],"replies":[{"embeddable":true,"href":"https:\/\/canal7slp.tv\/2022\/wp-json\/wp\/v2\/comments?post=62967"}],"version-history":[{"count":3,"href":"https:\/\/canal7slp.tv\/2022\/wp-json\/wp\/v2\/posts\/62967\/revisions"}],"predecessor-version":[{"id":63005,"href":"https:\/\/canal7slp.tv\/2022\/wp-json\/wp\/v2\/posts\/62967\/revisions\/63005"}],"wp:featuredmedia":[{"embeddable":true,"href":"https:\/\/canal7slp.tv\/2022\/wp-json\/wp\/v2\/media\/63004"}],"wp:attachment":[{"href":"https:\/\/canal7slp.tv\/2022\/wp-json\/wp\/v2\/media?parent=62967"}],"wp:term":[{"taxonomy":"category","embeddable":true,"href":"https:\/\/canal7slp.tv\/2022\/wp-json\/wp\/v2\/categories?post=62967"},{"taxonomy":"post_tag","embeddable":true,"href":"https:\/\/canal7slp.tv\/2022\/wp-json\/wp\/v2\/tags?post=62967"}],"curies":[{"name":"wp","href":"https:\/\/api.w.org\/{rel}","templated":true}]}}