{"id":62966,"date":"2022-06-08T17:42:23","date_gmt":"2022-06-08T23:42:23","guid":{"rendered":"https:\/\/canal7slp.tv\/2022\/?p=62966"},"modified":"2022-06-08T17:42:23","modified_gmt":"2022-06-08T23:42:23","slug":"iglesia-convoca-al-encuentro-mundial-de-las-familias","status":"publish","type":"post","link":"https:\/\/canal7slp.tv\/2022\/iglesia-convoca-al-encuentro-mundial-de-las-familias\/","title":{"rendered":"Iglesia convoca al Encuentro Mundial de las Familias."},"content":{"rendered":"<ul>\n<li>Se llevar\u00e1 a cabo del 22 al 26 de junio.<\/li>\n<\/ul>\n<p style=\"text-align: justify;\">SLP.- Del 22 a 26 de junio se llevar\u00e1 a cabo el Encuentro Mundial de las Familias convocado por el Papa Francisco inform\u00f3 el sacerdote El\u00edas Rangel Salazar, encargado de la Dimensi\u00f3n Pastoral de la Familia.<\/p>\n<p style=\"text-align: justify;\">El presb\u00edtero se\u00f1al\u00f3 que ser\u00e1 una jornada a nivel mundial y que a diferencia de los nueve encuentros anteriores para este a\u00f1o cada Di\u00f3cesis organizar\u00e1 este evento en sus parroquias, buscando siempre la participaci\u00f3n de las familias potosinas.<\/p>\n<p style=\"text-align: justify;\">Esta jornada incluye tambi\u00e9n una oraci\u00f3n familiar que partir\u00e1 de la Caja del Agua para llegar a la Bas\u00edlica de Guadalupe.<\/p>\n<p style=\"text-align: justify;\">El coordinador de la Dimensi\u00f3n Pastoral de la Familia dijo por \u00faltimo que en esta jornada por el Encuentro Mundial de las Familias, se realizar\u00e1 una asamblea en el Colegio Salesiano \u201cCarlos G\u00f3mez\u201d, concluyendo con un festival el domingo 26 de Junio frente a la Catedral Metropolitana, y una misa presidida por el arzobispo em\u00e9rito Jes\u00fas Carlos Cabrero Romero a las 12 del d\u00eda.<\/p>\n<p style=\"text-align: justify;\">Por: Claudio Ibarra<\/p>\n","protected":false},"excerpt":{"rendered":"<p>Se llevar\u00e1 a cabo del 22 al 26 de junio. SLP.- Del 22 a 26 de junio se llevar\u00e1 a cabo el Encuentro Mundial de las Familias convocado por el Papa Francisco inform\u00f3 el sacerdote El\u00edas Rangel Salazar, encargado de la Dimensi\u00f3n Pastoral de la Familia. El presb\u00edtero se\u00f1al\u00f3 que ser\u00e1 una jornada a nivel mundial y que a diferencia de los nueve encuentros anteriores para este a\u00f1o cada Di\u00f3cesis organizar\u00e1 este evento en sus parroquias, buscando siempre la participaci\u00f3n de las familias potosinas. Esta jornada incluye tambi\u00e9n una oraci\u00f3n familiar que partir\u00e1 de la Caja del Agua para llegar [&hellip;]<\/p>\n","protected":false},"author":2,"featured_media":63000,"comment_status":"closed","ping_status":"closed","sticky":false,"template":"","format":"video","meta":{"footnotes":""},"categories":[5,45],"tags":[],"class_list":["post-62966","post","type-post","status-publish","format-video","has-post-thumbnail","hentry","category-destacadas","category-localesyregionales","post_format-post-format-video","post--single"],"yoast_head":"<!-- This site is optimized with the Yoast SEO plugin v27.4 - https:\/\/yoast.com\/product\/yoast-seo-wordpress\/ -->\n<title>Iglesia convoca al Encuentro Mundial de las Familias. - Canal 7 SLP - 2022<\/title>\n<meta name=\"robots\" content=\"index, follow, max-snippet:-1, max-image-preview:large, max-video-preview:-1\" \/>\n<link rel=\"canonical\" href=\"https:\/\/canal7slp.tv\/2022\/iglesia-convoca-al-encuentro-mundial-de-las-familias\/\" \/>\n<meta property=\"og:locale\" content=\"es_ES\" \/>\n<meta property=\"og:type\" content=\"article\" \/>\n<meta property=\"og:title\" content=\"Iglesia convoca al Encuentro Mundial de las Familias. - Canal 7 SLP - 2022\" \/>\n<meta property=\"og:description\" content=\"Se llevar\u00e1 a cabo del 22 al 26 de junio. SLP.- Del 22 a 26 de junio se llevar\u00e1 a cabo el Encuentro Mundial de las Familias convocado por el Papa Francisco inform\u00f3 el sacerdote El\u00edas Rangel Salazar, encargado de la Dimensi\u00f3n Pastoral de la Familia. El presb\u00edtero se\u00f1al\u00f3 que ser\u00e1 una jornada a nivel mundial y que a diferencia de los nueve encuentros anteriores para este a\u00f1o cada Di\u00f3cesis organizar\u00e1 este evento en sus parroquias, buscando siempre la participaci\u00f3n de las familias potosinas. Esta jornada incluye tambi\u00e9n una oraci\u00f3n familiar que partir\u00e1 de la Caja del Agua para llegar [&hellip;]\" \/>\n<meta property=\"og:url\" content=\"https:\/\/canal7slp.tv\/2022\/iglesia-convoca-al-encuentro-mundial-de-las-familias\/\" \/>\n<meta property=\"og:site_name\" content=\"Canal 7 SLP - 2022\" \/>\n<meta property=\"article:publisher\" content=\"https:\/\/www.facebook.com\/noticieroscanalsiete\" \/>\n<meta property=\"article:published_time\" content=\"2022-06-08T23:42:23+00:00\" \/>\n<meta property=\"og:image\" content=\"https:\/\/canal7slp.tv\/2022\/wp-content\/uploads\/2022\/06\/Claudio02Familias.jpg\" \/>\n\t<meta property=\"og:image:width\" content=\"888\" \/>\n\t<meta property=\"og:image:height\" content=\"500\" \/>\n\t<meta property=\"og:image:type\" content=\"image\/jpeg\" \/>\n<meta name=\"author\" content=\"Edici\u00f3n Web\" \/>\n<meta name=\"twitter:card\" content=\"summary_large_image\" \/>\n<meta name=\"twitter:creator\" content=\"@NOTICIEROS7\" \/>\n<meta name=\"twitter:site\" content=\"@NOTICIEROS7\" \/>\n<meta name=\"twitter:label1\" content=\"Escrito por\" \/>\n\t<meta name=\"twitter:data1\" content=\"Edici\u00f3n Web\" \/>\n\t<meta name=\"twitter:label2\" content=\"Tiempo de lectura\" \/>\n\t<meta name=\"twitter:data2\" content=\"1 minuto\" \/>\n<script type=\"application\/ld+json\" class=\"yoast-schema-graph\">{\"@context\":\"https:\\\/\\\/schema.org\",\"@graph\":[{\"@type\":\"Article\",\"@id\":\"https:\\\/\\\/canal7slp.tv\\\/2022\\\/iglesia-convoca-al-encuentro-mundial-de-las-familias\\\/#article\",\"isPartOf\":{\"@id\":\"https:\\\/\\\/canal7slp.tv\\\/2022\\\/iglesia-convoca-al-encuentro-mundial-de-las-familias\\\/\"},\"author\":{\"name\":\"Edici\u00f3n Web\",\"@id\":\"https:\\\/\\\/canal7slp.tv\\\/2022\\\/#\\\/schema\\\/person\\\/429704152a21f5f856ce29aa69a238da\"},\"headline\":\"Iglesia convoca al Encuentro Mundial de las Familias.\",\"datePublished\":\"2022-06-08T23:42:23+00:00\",\"mainEntityOfPage\":{\"@id\":\"https:\\\/\\\/canal7slp.tv\\\/2022\\\/iglesia-convoca-al-encuentro-mundial-de-las-familias\\\/\"},\"wordCount\":190,\"publisher\":{\"@id\":\"https:\\\/\\\/canal7slp.tv\\\/2022\\\/#organization\"},\"image\":{\"@id\":\"https:\\\/\\\/canal7slp.tv\\\/2022\\\/iglesia-convoca-al-encuentro-mundial-de-las-familias\\\/#primaryimage\"},\"thumbnailUrl\":\"https:\\\/\\\/canal7slp.tv\\\/2022\\\/wp-content\\\/uploads\\\/2022\\\/06\\\/Claudio02Familias.jpg\",\"articleSection\":[\"DESTACADAS\",\"LOCALES Y REGIONALES\"],\"inLanguage\":\"es\"},{\"@type\":\"WebPage\",\"@id\":\"https:\\\/\\\/canal7slp.tv\\\/2022\\\/iglesia-convoca-al-encuentro-mundial-de-las-familias\\\/\",\"url\":\"https:\\\/\\\/canal7slp.tv\\\/2022\\\/iglesia-convoca-al-encuentro-mundial-de-las-familias\\\/\",\"name\":\"Iglesia convoca al Encuentro Mundial de las Familias. - Canal 7 SLP - 2022\",\"isPartOf\":{\"@id\":\"https:\\\/\\\/canal7slp.tv\\\/2022\\\/#website\"},\"primaryImageOfPage\":{\"@id\":\"https:\\\/\\\/canal7slp.tv\\\/2022\\\/iglesia-convoca-al-encuentro-mundial-de-las-familias\\\/#primaryimage\"},\"image\":{\"@id\":\"https:\\\/\\\/canal7slp.tv\\\/2022\\\/iglesia-convoca-al-encuentro-mundial-de-las-familias\\\/#primaryimage\"},\"thumbnailUrl\":\"https:\\\/\\\/canal7slp.tv\\\/2022\\\/wp-content\\\/uploads\\\/2022\\\/06\\\/Claudio02Familias.jpg\",\"datePublished\":\"2022-06-08T23:42:23+00:00\",\"breadcrumb\":{\"@id\":\"https:\\\/\\\/canal7slp.tv\\\/2022\\\/iglesia-convoca-al-encuentro-mundial-de-las-familias\\\/#breadcrumb\"},\"inLanguage\":\"es\",\"potentialAction\":[{\"@type\":\"ReadAction\",\"target\":[\"https:\\\/\\\/canal7slp.tv\\\/2022\\\/iglesia-convoca-al-encuentro-mundial-de-las-familias\\\/\"]}]},{\"@type\":\"ImageObject\",\"inLanguage\":\"es\",\"@id\":\"https:\\\/\\\/canal7slp.tv\\\/2022\\\/iglesia-convoca-al-encuentro-mundial-de-las-familias\\\/#primaryimage\",\"url\":\"https:\\\/\\\/canal7slp.tv\\\/2022\\\/wp-content\\\/uploads\\\/2022\\\/06\\\/Claudio02Familias.jpg\",\"contentUrl\":\"https:\\\/\\\/canal7slp.tv\\\/2022\\\/wp-content\\\/uploads\\\/2022\\\/06\\\/Claudio02Familias.jpg\",\"width\":888,\"height\":500},{\"@type\":\"BreadcrumbList\",\"@id\":\"https:\\\/\\\/canal7slp.tv\\\/2022\\\/iglesia-convoca-al-encuentro-mundial-de-las-familias\\\/#breadcrumb\",\"itemListElement\":[{\"@type\":\"ListItem\",\"position\":1,\"name\":\"Portada\",\"item\":\"https:\\\/\\\/canal7slp.tv\\\/2022\\\/\"},{\"@type\":\"ListItem\",\"position\":2,\"name\":\"Iglesia convoca al Encuentro Mundial de las Familias.\"}]},{\"@type\":\"WebSite\",\"@id\":\"https:\\\/\\\/canal7slp.tv\\\/2022\\\/#website\",\"url\":\"https:\\\/\\\/canal7slp.tv\\\/2022\\\/\",\"name\":\"N7 - Noticieros Canal 7\",\"description\":\"Somos Televisi\u00f3n\",\"publisher\":{\"@id\":\"https:\\\/\\\/canal7slp.tv\\\/2022\\\/#organization\"},\"potentialAction\":[{\"@type\":\"SearchAction\",\"target\":{\"@type\":\"EntryPoint\",\"urlTemplate\":\"https:\\\/\\\/canal7slp.tv\\\/2022\\\/?s={search_term_string}\"},\"query-input\":{\"@type\":\"PropertyValueSpecification\",\"valueRequired\":true,\"valueName\":\"search_term_string\"}}],\"inLanguage\":\"es\"},{\"@type\":\"Organization\",\"@id\":\"https:\\\/\\\/canal7slp.tv\\\/2022\\\/#organization\",\"name\":\"Noticieros Canal 7\",\"url\":\"https:\\\/\\\/canal7slp.tv\\\/2022\\\/\",\"logo\":{\"@type\":\"ImageObject\",\"inLanguage\":\"es\",\"@id\":\"https:\\\/\\\/canal7slp.tv\\\/2022\\\/#\\\/schema\\\/logo\\\/image\\\/\",\"url\":\"https:\\\/\\\/canal7slp.tv\\\/2022\\\/wp-content\\\/uploads\\\/2021\\\/01\\\/logo-noticieros@2x.png\",\"contentUrl\":\"https:\\\/\\\/canal7slp.tv\\\/2022\\\/wp-content\\\/uploads\\\/2021\\\/01\\\/logo-noticieros@2x.png\",\"width\":1017,\"height\":268,\"caption\":\"Noticieros Canal 7\"},\"image\":{\"@id\":\"https:\\\/\\\/canal7slp.tv\\\/2022\\\/#\\\/schema\\\/logo\\\/image\\\/\"},\"sameAs\":[\"https:\\\/\\\/www.facebook.com\\\/noticieroscanalsiete\",\"https:\\\/\\\/x.com\\\/NOTICIEROS7\",\"https:\\\/\\\/www.instagram.com\\\/canal7_slp\",\"https:\\\/\\\/www.youtube.com\\\/channel\\\/UCliiYs-gP3JfJeqdPrNdd5A\"]},{\"@type\":\"Person\",\"@id\":\"https:\\\/\\\/canal7slp.tv\\\/2022\\\/#\\\/schema\\\/person\\\/429704152a21f5f856ce29aa69a238da\",\"name\":\"Edici\u00f3n Web\",\"image\":{\"@type\":\"ImageObject\",\"inLanguage\":\"es\",\"@id\":\"https:\\\/\\\/secure.gravatar.com\\\/avatar\\\/eee448fc3f7164808013b816ba91ac7e43bbe82a70bebac296f8bc6f0addaa1a?s=96&d=mm&r=g\",\"url\":\"https:\\\/\\\/secure.gravatar.com\\\/avatar\\\/eee448fc3f7164808013b816ba91ac7e43bbe82a70bebac296f8bc6f0addaa1a?s=96&d=mm&r=g\",\"contentUrl\":\"https:\\\/\\\/secure.gravatar.com\\\/avatar\\\/eee448fc3f7164808013b816ba91ac7e43bbe82a70bebac296f8bc6f0addaa1a?s=96&d=mm&r=g\",\"caption\":\"Edici\u00f3n Web\"},\"url\":\"https:\\\/\\\/canal7slp.tv\\\/2022\\\/author\\\/edicionweb\\\/\"}]}<\/script>\n<!-- \/ Yoast SEO plugin. -->","yoast_head_json":{"title":"Iglesia convoca al Encuentro Mundial de las Familias. - Canal 7 SLP - 2022","robots":{"index":"index","follow":"follow","max-snippet":"max-snippet:-1","max-image-preview":"max-image-preview:large","max-video-preview":"max-video-preview:-1"},"canonical":"https:\/\/canal7slp.tv\/2022\/iglesia-convoca-al-encuentro-mundial-de-las-familias\/","og_locale":"es_ES","og_type":"article","og_title":"Iglesia convoca al Encuentro Mundial de las Familias. - Canal 7 SLP - 2022","og_description":"Se llevar\u00e1 a cabo del 22 al 26 de junio. SLP.- Del 22 a 26 de junio se llevar\u00e1 a cabo el Encuentro Mundial de las Familias convocado por el Papa Francisco inform\u00f3 el sacerdote El\u00edas Rangel Salazar, encargado de la Dimensi\u00f3n Pastoral de la Familia. El presb\u00edtero se\u00f1al\u00f3 que ser\u00e1 una jornada a nivel mundial y que a diferencia de los nueve encuentros anteriores para este a\u00f1o cada Di\u00f3cesis organizar\u00e1 este evento en sus parroquias, buscando siempre la participaci\u00f3n de las familias potosinas. Esta jornada incluye tambi\u00e9n una oraci\u00f3n familiar que partir\u00e1 de la Caja del Agua para llegar [&hellip;]","og_url":"https:\/\/canal7slp.tv\/2022\/iglesia-convoca-al-encuentro-mundial-de-las-familias\/","og_site_name":"Canal 7 SLP - 2022","article_publisher":"https:\/\/www.facebook.com\/noticieroscanalsiete","article_published_time":"2022-06-08T23:42:23+00:00","og_image":[{"width":888,"height":500,"url":"https:\/\/canal7slp.tv\/2022\/wp-content\/uploads\/2022\/06\/Claudio02Familias.jpg","type":"image\/jpeg"}],"author":"Edici\u00f3n Web","twitter_card":"summary_large_image","twitter_creator":"@NOTICIEROS7","twitter_site":"@NOTICIEROS7","twitter_misc":{"Escrito por":"Edici\u00f3n Web","Tiempo de lectura":"1 minuto"},"schema":{"@context":"https:\/\/schema.org","@graph":[{"@type":"Article","@id":"https:\/\/canal7slp.tv\/2022\/iglesia-convoca-al-encuentro-mundial-de-las-familias\/#article","isPartOf":{"@id":"https:\/\/canal7slp.tv\/2022\/iglesia-convoca-al-encuentro-mundial-de-las-familias\/"},"author":{"name":"Edici\u00f3n Web","@id":"https:\/\/canal7slp.tv\/2022\/#\/schema\/person\/429704152a21f5f856ce29aa69a238da"},"headline":"Iglesia convoca al Encuentro Mundial de las Familias.","datePublished":"2022-06-08T23:42:23+00:00","mainEntityOfPage":{"@id":"https:\/\/canal7slp.tv\/2022\/iglesia-convoca-al-encuentro-mundial-de-las-familias\/"},"wordCount":190,"publisher":{"@id":"https:\/\/canal7slp.tv\/2022\/#organization"},"image":{"@id":"https:\/\/canal7slp.tv\/2022\/iglesia-convoca-al-encuentro-mundial-de-las-familias\/#primaryimage"},"thumbnailUrl":"https:\/\/canal7slp.tv\/2022\/wp-content\/uploads\/2022\/06\/Claudio02Familias.jpg","articleSection":["DESTACADAS","LOCALES Y REGIONALES"],"inLanguage":"es"},{"@type":"WebPage","@id":"https:\/\/canal7slp.tv\/2022\/iglesia-convoca-al-encuentro-mundial-de-las-familias\/","url":"https:\/\/canal7slp.tv\/2022\/iglesia-convoca-al-encuentro-mundial-de-las-familias\/","name":"Iglesia convoca al Encuentro Mundial de las Familias. - Canal 7 SLP - 2022","isPartOf":{"@id":"https:\/\/canal7slp.tv\/2022\/#website"},"primaryImageOfPage":{"@id":"https:\/\/canal7slp.tv\/2022\/iglesia-convoca-al-encuentro-mundial-de-las-familias\/#primaryimage"},"image":{"@id":"https:\/\/canal7slp.tv\/2022\/iglesia-convoca-al-encuentro-mundial-de-las-familias\/#primaryimage"},"thumbnailUrl":"https:\/\/canal7slp.tv\/2022\/wp-content\/uploads\/2022\/06\/Claudio02Familias.jpg","datePublished":"2022-06-08T23:42:23+00:00","breadcrumb":{"@id":"https:\/\/canal7slp.tv\/2022\/iglesia-convoca-al-encuentro-mundial-de-las-familias\/#breadcrumb"},"inLanguage":"es","potentialAction":[{"@type":"ReadAction","target":["https:\/\/canal7slp.tv\/2022\/iglesia-convoca-al-encuentro-mundial-de-las-familias\/"]}]},{"@type":"ImageObject","inLanguage":"es","@id":"https:\/\/canal7slp.tv\/2022\/iglesia-convoca-al-encuentro-mundial-de-las-familias\/#primaryimage","url":"https:\/\/canal7slp.tv\/2022\/wp-content\/uploads\/2022\/06\/Claudio02Familias.jpg","contentUrl":"https:\/\/canal7slp.tv\/2022\/wp-content\/uploads\/2022\/06\/Claudio02Familias.jpg","width":888,"height":500},{"@type":"BreadcrumbList","@id":"https:\/\/canal7slp.tv\/2022\/iglesia-convoca-al-encuentro-mundial-de-las-familias\/#breadcrumb","itemListElement":[{"@type":"ListItem","position":1,"name":"Portada","item":"https:\/\/canal7slp.tv\/2022\/"},{"@type":"ListItem","position":2,"name":"Iglesia convoca al Encuentro Mundial de las Familias."}]},{"@type":"WebSite","@id":"https:\/\/canal7slp.tv\/2022\/#website","url":"https:\/\/canal7slp.tv\/2022\/","name":"N7 - Noticieros Canal 7","description":"Somos Televisi\u00f3n","publisher":{"@id":"https:\/\/canal7slp.tv\/2022\/#organization"},"potentialAction":[{"@type":"SearchAction","target":{"@type":"EntryPoint","urlTemplate":"https:\/\/canal7slp.tv\/2022\/?s={search_term_string}"},"query-input":{"@type":"PropertyValueSpecification","valueRequired":true,"valueName":"search_term_string"}}],"inLanguage":"es"},{"@type":"Organization","@id":"https:\/\/canal7slp.tv\/2022\/#organization","name":"Noticieros Canal 7","url":"https:\/\/canal7slp.tv\/2022\/","logo":{"@type":"ImageObject","inLanguage":"es","@id":"https:\/\/canal7slp.tv\/2022\/#\/schema\/logo\/image\/","url":"https:\/\/canal7slp.tv\/2022\/wp-content\/uploads\/2021\/01\/logo-noticieros@2x.png","contentUrl":"https:\/\/canal7slp.tv\/2022\/wp-content\/uploads\/2021\/01\/logo-noticieros@2x.png","width":1017,"height":268,"caption":"Noticieros Canal 7"},"image":{"@id":"https:\/\/canal7slp.tv\/2022\/#\/schema\/logo\/image\/"},"sameAs":["https:\/\/www.facebook.com\/noticieroscanalsiete","https:\/\/x.com\/NOTICIEROS7","https:\/\/www.instagram.com\/canal7_slp","https:\/\/www.youtube.com\/channel\/UCliiYs-gP3JfJeqdPrNdd5A"]},{"@type":"Person","@id":"https:\/\/canal7slp.tv\/2022\/#\/schema\/person\/429704152a21f5f856ce29aa69a238da","name":"Edici\u00f3n Web","image":{"@type":"ImageObject","inLanguage":"es","@id":"https:\/\/secure.gravatar.com\/avatar\/eee448fc3f7164808013b816ba91ac7e43bbe82a70bebac296f8bc6f0addaa1a?s=96&d=mm&r=g","url":"https:\/\/secure.gravatar.com\/avatar\/eee448fc3f7164808013b816ba91ac7e43bbe82a70bebac296f8bc6f0addaa1a?s=96&d=mm&r=g","contentUrl":"https:\/\/secure.gravatar.com\/avatar\/eee448fc3f7164808013b816ba91ac7e43bbe82a70bebac296f8bc6f0addaa1a?s=96&d=mm&r=g","caption":"Edici\u00f3n Web"},"url":"https:\/\/canal7slp.tv\/2022\/author\/edicionweb\/"}]}},"amp_enabled":true,"_links":{"self":[{"href":"https:\/\/canal7slp.tv\/2022\/wp-json\/wp\/v2\/posts\/62966","targetHints":{"allow":["GET"]}}],"collection":[{"href":"https:\/\/canal7slp.tv\/2022\/wp-json\/wp\/v2\/posts"}],"about":[{"href":"https:\/\/canal7slp.tv\/2022\/wp-json\/wp\/v2\/types\/post"}],"author":[{"embeddable":true,"href":"https:\/\/canal7slp.tv\/2022\/wp-json\/wp\/v2\/users\/2"}],"replies":[{"embeddable":true,"href":"https:\/\/canal7slp.tv\/2022\/wp-json\/wp\/v2\/comments?post=62966"}],"version-history":[{"count":3,"href":"https:\/\/canal7slp.tv\/2022\/wp-json\/wp\/v2\/posts\/62966\/revisions"}],"predecessor-version":[{"id":63001,"href":"https:\/\/canal7slp.tv\/2022\/wp-json\/wp\/v2\/posts\/62966\/revisions\/63001"}],"wp:featuredmedia":[{"embeddable":true,"href":"https:\/\/canal7slp.tv\/2022\/wp-json\/wp\/v2\/media\/63000"}],"wp:attachment":[{"href":"https:\/\/canal7slp.tv\/2022\/wp-json\/wp\/v2\/media?parent=62966"}],"wp:term":[{"taxonomy":"category","embeddable":true,"href":"https:\/\/canal7slp.tv\/2022\/wp-json\/wp\/v2\/categories?post=62966"},{"taxonomy":"post_tag","embeddable":true,"href":"https:\/\/canal7slp.tv\/2022\/wp-json\/wp\/v2\/tags?post=62966"}],"curies":[{"name":"wp","href":"https:\/\/api.w.org\/{rel}","templated":true}]}}