{"id":62962,"date":"2022-06-08T17:37:12","date_gmt":"2022-06-08T23:37:12","guid":{"rendered":"https:\/\/canal7slp.tv\/2022\/?p=62962"},"modified":"2022-06-08T17:37:12","modified_gmt":"2022-06-08T23:37:12","slug":"si-hay-tiro-en-2024-amlo","status":"publish","type":"post","link":"https:\/\/canal7slp.tv\/2022\/si-hay-tiro-en-2024-amlo\/","title":{"rendered":"S\u00ed \u00abhay tiro\u00bb en 2024: AMLO."},"content":{"rendered":"<ul>\n<li>Afirm\u00f3 que en pol\u00edtica nada es eterno ni irreversible.<\/li>\n<\/ul>\n<p style=\"text-align: justify;\">M\u00e9xico.- El Presidente Andr\u00e9s Manuel L\u00f3pez Obrador afirm\u00f3 que, al igual que como lo aseguran los dirigentes nacionales del PAN, Marko Cort\u00e9s, y del PRI, Alejandro Moreno C\u00e1rdenas, tras los resultados de la pasada jornada electoral del 5 de junio en la que la oposici\u00f3n gan\u00f3 dos de seis gubernaturas, \u00abs\u00ed hay tiro\u00bb para las elecciones presidenciales de 2024.<\/p>\n<p style=\"text-align: justify;\">En su\u00a0conferencia \u00abma\u00f1anera\u00bb\u00a0 en Palacio Nacional, y luego de que pidiera a la prensa que le explicara el significado de la frase \u00abhay tiro\u00bb pues asegur\u00f3 que no lo entend\u00eda,\u00a0L\u00f3pez Obrador afirm\u00f3 que nada es irreversible y en democracia menos, pues el pueblo es el que manda y habiendo democracia, es eterno.<\/p>\n<p style=\"text-align: justify;\">\u00abSe avientan algo que ustedes me van a explicar porque no le entend\u00ed; eso de que &#8216;hay tiro&#8217;. \u00bfY eso de d\u00f3nde viene esa palabra? No la hab\u00eda escuchado, no la entend\u00ed. \u00bfY la gente s\u00ed le entiende? S\u00ed se entiende, hay tiro, o sea est\u00e1 bien, no entend\u00ed, &#8216;hay tiro&#8217;. \u00bfQu\u00e9 es eso?\u00bb, pregunt\u00f3 a los asistentes a la \u00abma\u00f1anera\u00bb.<\/p>\n<p style=\"text-align: justify;\">\u00abO sea, s\u00ed hay para el 24, no le entend\u00ed, entonces empez\u00f3 el debate sobre eso, y la verdad no sab\u00eda\u00bb, expres\u00f3.<\/p>\n<p style=\"text-align: justify;\">\u00abY ahora que sabe, \u00bfSi hay tiro?\u00bb, se le pregunt\u00f3 en el Sal\u00f3n Tesorer\u00eda.<\/p>\n<p style=\"text-align: justify;\">\u00abPues claro que s\u00ed, s\u00ed, en pol\u00edtica no se puede decir que nada es irreversible, y en la democracia menos, porque es el pueblo el que manda, y nada en pol\u00edtica y habiendo democracia es eterno, no. Pero\u00a0hay que convencer, hay que argumentar, hay que hacer propuestas\u00bb.<\/p>\n<p style=\"text-align: justify;\">\u00abPero ya me aclararon lo del tiro que s\u00ed, yo me qued\u00e9 hasta lo que se dec\u00eda en la escuela antes &#8216;A la salida nos vemos'\u00bb, brome\u00f3.<\/p>\n<p style=\"text-align: justify;\">Por: Luis de Regil<\/p>\n","protected":false},"excerpt":{"rendered":"<p>Afirm\u00f3 que en pol\u00edtica nada es eterno ni irreversible. M\u00e9xico.- El Presidente Andr\u00e9s Manuel L\u00f3pez Obrador afirm\u00f3 que, al igual que como lo aseguran los dirigentes nacionales del PAN, Marko Cort\u00e9s, y del PRI, Alejandro Moreno C\u00e1rdenas, tras los resultados de la pasada jornada electoral del 5 de junio en la que la oposici\u00f3n gan\u00f3 dos de seis gubernaturas, \u00abs\u00ed hay tiro\u00bb para las elecciones presidenciales de 2024. En su\u00a0conferencia \u00abma\u00f1anera\u00bb\u00a0 en Palacio Nacional, y luego de que pidiera a la prensa que le explicara el significado de la frase \u00abhay tiro\u00bb pues asegur\u00f3 que no lo entend\u00eda,\u00a0L\u00f3pez Obrador afirm\u00f3 [&hellip;]<\/p>\n","protected":false},"author":2,"featured_media":62998,"comment_status":"closed","ping_status":"closed","sticky":false,"template":"","format":"standard","meta":{"footnotes":""},"categories":[5,45],"tags":[],"class_list":["post-62962","post","type-post","status-publish","format-standard","has-post-thumbnail","hentry","category-destacadas","category-localesyregionales","post--single"],"yoast_head":"<!-- This site is optimized with the Yoast SEO plugin v27.4 - https:\/\/yoast.com\/product\/yoast-seo-wordpress\/ -->\n<title>S\u00ed &quot;hay tiro&quot; en 2024: AMLO. - Canal 7 SLP - 2022<\/title>\n<meta name=\"robots\" content=\"index, follow, max-snippet:-1, max-image-preview:large, max-video-preview:-1\" \/>\n<link rel=\"canonical\" href=\"https:\/\/canal7slp.tv\/2022\/si-hay-tiro-en-2024-amlo\/\" \/>\n<meta property=\"og:locale\" content=\"es_ES\" \/>\n<meta property=\"og:type\" content=\"article\" \/>\n<meta property=\"og:title\" content=\"S\u00ed &quot;hay tiro&quot; en 2024: AMLO. - Canal 7 SLP - 2022\" \/>\n<meta property=\"og:description\" content=\"Afirm\u00f3 que en pol\u00edtica nada es eterno ni irreversible. M\u00e9xico.- El Presidente Andr\u00e9s Manuel L\u00f3pez Obrador afirm\u00f3 que, al igual que como lo aseguran los dirigentes nacionales del PAN, Marko Cort\u00e9s, y del PRI, Alejandro Moreno C\u00e1rdenas, tras los resultados de la pasada jornada electoral del 5 de junio en la que la oposici\u00f3n gan\u00f3 dos de seis gubernaturas, \u00abs\u00ed hay tiro\u00bb para las elecciones presidenciales de 2024. En su\u00a0conferencia \u00abma\u00f1anera\u00bb\u00a0 en Palacio Nacional, y luego de que pidiera a la prensa que le explicara el significado de la frase \u00abhay tiro\u00bb pues asegur\u00f3 que no lo entend\u00eda,\u00a0L\u00f3pez Obrador afirm\u00f3 [&hellip;]\" \/>\n<meta property=\"og:url\" content=\"https:\/\/canal7slp.tv\/2022\/si-hay-tiro-en-2024-amlo\/\" \/>\n<meta property=\"og:site_name\" content=\"Canal 7 SLP - 2022\" \/>\n<meta property=\"article:publisher\" content=\"https:\/\/www.facebook.com\/noticieroscanalsiete\" \/>\n<meta property=\"article:published_time\" content=\"2022-06-08T23:37:12+00:00\" \/>\n<meta property=\"og:image\" content=\"https:\/\/canal7slp.tv\/2022\/wp-content\/uploads\/2022\/06\/Luis02Tiro.jpg\" \/>\n\t<meta property=\"og:image:width\" content=\"888\" \/>\n\t<meta property=\"og:image:height\" content=\"500\" \/>\n\t<meta property=\"og:image:type\" content=\"image\/jpeg\" \/>\n<meta name=\"author\" content=\"Edici\u00f3n Web\" \/>\n<meta name=\"twitter:card\" content=\"summary_large_image\" \/>\n<meta name=\"twitter:creator\" content=\"@NOTICIEROS7\" \/>\n<meta name=\"twitter:site\" content=\"@NOTICIEROS7\" \/>\n<meta name=\"twitter:label1\" content=\"Escrito por\" \/>\n\t<meta name=\"twitter:data1\" content=\"Edici\u00f3n Web\" \/>\n\t<meta name=\"twitter:label2\" content=\"Tiempo de lectura\" \/>\n\t<meta name=\"twitter:data2\" content=\"2 minutos\" \/>\n<script type=\"application\/ld+json\" class=\"yoast-schema-graph\">{\"@context\":\"https:\\\/\\\/schema.org\",\"@graph\":[{\"@type\":\"Article\",\"@id\":\"https:\\\/\\\/canal7slp.tv\\\/2022\\\/si-hay-tiro-en-2024-amlo\\\/#article\",\"isPartOf\":{\"@id\":\"https:\\\/\\\/canal7slp.tv\\\/2022\\\/si-hay-tiro-en-2024-amlo\\\/\"},\"author\":{\"name\":\"Edici\u00f3n Web\",\"@id\":\"https:\\\/\\\/canal7slp.tv\\\/2022\\\/#\\\/schema\\\/person\\\/429704152a21f5f856ce29aa69a238da\"},\"headline\":\"S\u00ed \u00abhay tiro\u00bb en 2024: AMLO.\",\"datePublished\":\"2022-06-08T23:37:12+00:00\",\"mainEntityOfPage\":{\"@id\":\"https:\\\/\\\/canal7slp.tv\\\/2022\\\/si-hay-tiro-en-2024-amlo\\\/\"},\"wordCount\":320,\"publisher\":{\"@id\":\"https:\\\/\\\/canal7slp.tv\\\/2022\\\/#organization\"},\"image\":{\"@id\":\"https:\\\/\\\/canal7slp.tv\\\/2022\\\/si-hay-tiro-en-2024-amlo\\\/#primaryimage\"},\"thumbnailUrl\":\"https:\\\/\\\/canal7slp.tv\\\/2022\\\/wp-content\\\/uploads\\\/2022\\\/06\\\/Luis02Tiro.jpg\",\"articleSection\":[\"DESTACADAS\",\"LOCALES Y REGIONALES\"],\"inLanguage\":\"es\"},{\"@type\":\"WebPage\",\"@id\":\"https:\\\/\\\/canal7slp.tv\\\/2022\\\/si-hay-tiro-en-2024-amlo\\\/\",\"url\":\"https:\\\/\\\/canal7slp.tv\\\/2022\\\/si-hay-tiro-en-2024-amlo\\\/\",\"name\":\"S\u00ed \\\"hay tiro\\\" en 2024: AMLO. - Canal 7 SLP - 2022\",\"isPartOf\":{\"@id\":\"https:\\\/\\\/canal7slp.tv\\\/2022\\\/#website\"},\"primaryImageOfPage\":{\"@id\":\"https:\\\/\\\/canal7slp.tv\\\/2022\\\/si-hay-tiro-en-2024-amlo\\\/#primaryimage\"},\"image\":{\"@id\":\"https:\\\/\\\/canal7slp.tv\\\/2022\\\/si-hay-tiro-en-2024-amlo\\\/#primaryimage\"},\"thumbnailUrl\":\"https:\\\/\\\/canal7slp.tv\\\/2022\\\/wp-content\\\/uploads\\\/2022\\\/06\\\/Luis02Tiro.jpg\",\"datePublished\":\"2022-06-08T23:37:12+00:00\",\"breadcrumb\":{\"@id\":\"https:\\\/\\\/canal7slp.tv\\\/2022\\\/si-hay-tiro-en-2024-amlo\\\/#breadcrumb\"},\"inLanguage\":\"es\",\"potentialAction\":[{\"@type\":\"ReadAction\",\"target\":[\"https:\\\/\\\/canal7slp.tv\\\/2022\\\/si-hay-tiro-en-2024-amlo\\\/\"]}]},{\"@type\":\"ImageObject\",\"inLanguage\":\"es\",\"@id\":\"https:\\\/\\\/canal7slp.tv\\\/2022\\\/si-hay-tiro-en-2024-amlo\\\/#primaryimage\",\"url\":\"https:\\\/\\\/canal7slp.tv\\\/2022\\\/wp-content\\\/uploads\\\/2022\\\/06\\\/Luis02Tiro.jpg\",\"contentUrl\":\"https:\\\/\\\/canal7slp.tv\\\/2022\\\/wp-content\\\/uploads\\\/2022\\\/06\\\/Luis02Tiro.jpg\",\"width\":888,\"height\":500},{\"@type\":\"BreadcrumbList\",\"@id\":\"https:\\\/\\\/canal7slp.tv\\\/2022\\\/si-hay-tiro-en-2024-amlo\\\/#breadcrumb\",\"itemListElement\":[{\"@type\":\"ListItem\",\"position\":1,\"name\":\"Portada\",\"item\":\"https:\\\/\\\/canal7slp.tv\\\/2022\\\/\"},{\"@type\":\"ListItem\",\"position\":2,\"name\":\"S\u00ed &#8220;hay tiro&#8221; en 2024: AMLO.\"}]},{\"@type\":\"WebSite\",\"@id\":\"https:\\\/\\\/canal7slp.tv\\\/2022\\\/#website\",\"url\":\"https:\\\/\\\/canal7slp.tv\\\/2022\\\/\",\"name\":\"N7 - Noticieros Canal 7\",\"description\":\"Somos Televisi\u00f3n\",\"publisher\":{\"@id\":\"https:\\\/\\\/canal7slp.tv\\\/2022\\\/#organization\"},\"potentialAction\":[{\"@type\":\"SearchAction\",\"target\":{\"@type\":\"EntryPoint\",\"urlTemplate\":\"https:\\\/\\\/canal7slp.tv\\\/2022\\\/?s={search_term_string}\"},\"query-input\":{\"@type\":\"PropertyValueSpecification\",\"valueRequired\":true,\"valueName\":\"search_term_string\"}}],\"inLanguage\":\"es\"},{\"@type\":\"Organization\",\"@id\":\"https:\\\/\\\/canal7slp.tv\\\/2022\\\/#organization\",\"name\":\"Noticieros Canal 7\",\"url\":\"https:\\\/\\\/canal7slp.tv\\\/2022\\\/\",\"logo\":{\"@type\":\"ImageObject\",\"inLanguage\":\"es\",\"@id\":\"https:\\\/\\\/canal7slp.tv\\\/2022\\\/#\\\/schema\\\/logo\\\/image\\\/\",\"url\":\"https:\\\/\\\/canal7slp.tv\\\/2022\\\/wp-content\\\/uploads\\\/2021\\\/01\\\/logo-noticieros@2x.png\",\"contentUrl\":\"https:\\\/\\\/canal7slp.tv\\\/2022\\\/wp-content\\\/uploads\\\/2021\\\/01\\\/logo-noticieros@2x.png\",\"width\":1017,\"height\":268,\"caption\":\"Noticieros Canal 7\"},\"image\":{\"@id\":\"https:\\\/\\\/canal7slp.tv\\\/2022\\\/#\\\/schema\\\/logo\\\/image\\\/\"},\"sameAs\":[\"https:\\\/\\\/www.facebook.com\\\/noticieroscanalsiete\",\"https:\\\/\\\/x.com\\\/NOTICIEROS7\",\"https:\\\/\\\/www.instagram.com\\\/canal7_slp\",\"https:\\\/\\\/www.youtube.com\\\/channel\\\/UCliiYs-gP3JfJeqdPrNdd5A\"]},{\"@type\":\"Person\",\"@id\":\"https:\\\/\\\/canal7slp.tv\\\/2022\\\/#\\\/schema\\\/person\\\/429704152a21f5f856ce29aa69a238da\",\"name\":\"Edici\u00f3n Web\",\"image\":{\"@type\":\"ImageObject\",\"inLanguage\":\"es\",\"@id\":\"https:\\\/\\\/secure.gravatar.com\\\/avatar\\\/eee448fc3f7164808013b816ba91ac7e43bbe82a70bebac296f8bc6f0addaa1a?s=96&d=mm&r=g\",\"url\":\"https:\\\/\\\/secure.gravatar.com\\\/avatar\\\/eee448fc3f7164808013b816ba91ac7e43bbe82a70bebac296f8bc6f0addaa1a?s=96&d=mm&r=g\",\"contentUrl\":\"https:\\\/\\\/secure.gravatar.com\\\/avatar\\\/eee448fc3f7164808013b816ba91ac7e43bbe82a70bebac296f8bc6f0addaa1a?s=96&d=mm&r=g\",\"caption\":\"Edici\u00f3n Web\"},\"url\":\"https:\\\/\\\/canal7slp.tv\\\/2022\\\/author\\\/edicionweb\\\/\"}]}<\/script>\n<!-- \/ Yoast SEO plugin. -->","yoast_head_json":{"title":"S\u00ed \"hay tiro\" en 2024: AMLO. - Canal 7 SLP - 2022","robots":{"index":"index","follow":"follow","max-snippet":"max-snippet:-1","max-image-preview":"max-image-preview:large","max-video-preview":"max-video-preview:-1"},"canonical":"https:\/\/canal7slp.tv\/2022\/si-hay-tiro-en-2024-amlo\/","og_locale":"es_ES","og_type":"article","og_title":"S\u00ed \"hay tiro\" en 2024: AMLO. - Canal 7 SLP - 2022","og_description":"Afirm\u00f3 que en pol\u00edtica nada es eterno ni irreversible. M\u00e9xico.- El Presidente Andr\u00e9s Manuel L\u00f3pez Obrador afirm\u00f3 que, al igual que como lo aseguran los dirigentes nacionales del PAN, Marko Cort\u00e9s, y del PRI, Alejandro Moreno C\u00e1rdenas, tras los resultados de la pasada jornada electoral del 5 de junio en la que la oposici\u00f3n gan\u00f3 dos de seis gubernaturas, \u00abs\u00ed hay tiro\u00bb para las elecciones presidenciales de 2024. En su\u00a0conferencia \u00abma\u00f1anera\u00bb\u00a0 en Palacio Nacional, y luego de que pidiera a la prensa que le explicara el significado de la frase \u00abhay tiro\u00bb pues asegur\u00f3 que no lo entend\u00eda,\u00a0L\u00f3pez Obrador afirm\u00f3 [&hellip;]","og_url":"https:\/\/canal7slp.tv\/2022\/si-hay-tiro-en-2024-amlo\/","og_site_name":"Canal 7 SLP - 2022","article_publisher":"https:\/\/www.facebook.com\/noticieroscanalsiete","article_published_time":"2022-06-08T23:37:12+00:00","og_image":[{"width":888,"height":500,"url":"https:\/\/canal7slp.tv\/2022\/wp-content\/uploads\/2022\/06\/Luis02Tiro.jpg","type":"image\/jpeg"}],"author":"Edici\u00f3n Web","twitter_card":"summary_large_image","twitter_creator":"@NOTICIEROS7","twitter_site":"@NOTICIEROS7","twitter_misc":{"Escrito por":"Edici\u00f3n Web","Tiempo de lectura":"2 minutos"},"schema":{"@context":"https:\/\/schema.org","@graph":[{"@type":"Article","@id":"https:\/\/canal7slp.tv\/2022\/si-hay-tiro-en-2024-amlo\/#article","isPartOf":{"@id":"https:\/\/canal7slp.tv\/2022\/si-hay-tiro-en-2024-amlo\/"},"author":{"name":"Edici\u00f3n Web","@id":"https:\/\/canal7slp.tv\/2022\/#\/schema\/person\/429704152a21f5f856ce29aa69a238da"},"headline":"S\u00ed \u00abhay tiro\u00bb en 2024: AMLO.","datePublished":"2022-06-08T23:37:12+00:00","mainEntityOfPage":{"@id":"https:\/\/canal7slp.tv\/2022\/si-hay-tiro-en-2024-amlo\/"},"wordCount":320,"publisher":{"@id":"https:\/\/canal7slp.tv\/2022\/#organization"},"image":{"@id":"https:\/\/canal7slp.tv\/2022\/si-hay-tiro-en-2024-amlo\/#primaryimage"},"thumbnailUrl":"https:\/\/canal7slp.tv\/2022\/wp-content\/uploads\/2022\/06\/Luis02Tiro.jpg","articleSection":["DESTACADAS","LOCALES Y REGIONALES"],"inLanguage":"es"},{"@type":"WebPage","@id":"https:\/\/canal7slp.tv\/2022\/si-hay-tiro-en-2024-amlo\/","url":"https:\/\/canal7slp.tv\/2022\/si-hay-tiro-en-2024-amlo\/","name":"S\u00ed \"hay tiro\" en 2024: AMLO. - Canal 7 SLP - 2022","isPartOf":{"@id":"https:\/\/canal7slp.tv\/2022\/#website"},"primaryImageOfPage":{"@id":"https:\/\/canal7slp.tv\/2022\/si-hay-tiro-en-2024-amlo\/#primaryimage"},"image":{"@id":"https:\/\/canal7slp.tv\/2022\/si-hay-tiro-en-2024-amlo\/#primaryimage"},"thumbnailUrl":"https:\/\/canal7slp.tv\/2022\/wp-content\/uploads\/2022\/06\/Luis02Tiro.jpg","datePublished":"2022-06-08T23:37:12+00:00","breadcrumb":{"@id":"https:\/\/canal7slp.tv\/2022\/si-hay-tiro-en-2024-amlo\/#breadcrumb"},"inLanguage":"es","potentialAction":[{"@type":"ReadAction","target":["https:\/\/canal7slp.tv\/2022\/si-hay-tiro-en-2024-amlo\/"]}]},{"@type":"ImageObject","inLanguage":"es","@id":"https:\/\/canal7slp.tv\/2022\/si-hay-tiro-en-2024-amlo\/#primaryimage","url":"https:\/\/canal7slp.tv\/2022\/wp-content\/uploads\/2022\/06\/Luis02Tiro.jpg","contentUrl":"https:\/\/canal7slp.tv\/2022\/wp-content\/uploads\/2022\/06\/Luis02Tiro.jpg","width":888,"height":500},{"@type":"BreadcrumbList","@id":"https:\/\/canal7slp.tv\/2022\/si-hay-tiro-en-2024-amlo\/#breadcrumb","itemListElement":[{"@type":"ListItem","position":1,"name":"Portada","item":"https:\/\/canal7slp.tv\/2022\/"},{"@type":"ListItem","position":2,"name":"S\u00ed &#8220;hay tiro&#8221; en 2024: AMLO."}]},{"@type":"WebSite","@id":"https:\/\/canal7slp.tv\/2022\/#website","url":"https:\/\/canal7slp.tv\/2022\/","name":"N7 - Noticieros Canal 7","description":"Somos Televisi\u00f3n","publisher":{"@id":"https:\/\/canal7slp.tv\/2022\/#organization"},"potentialAction":[{"@type":"SearchAction","target":{"@type":"EntryPoint","urlTemplate":"https:\/\/canal7slp.tv\/2022\/?s={search_term_string}"},"query-input":{"@type":"PropertyValueSpecification","valueRequired":true,"valueName":"search_term_string"}}],"inLanguage":"es"},{"@type":"Organization","@id":"https:\/\/canal7slp.tv\/2022\/#organization","name":"Noticieros Canal 7","url":"https:\/\/canal7slp.tv\/2022\/","logo":{"@type":"ImageObject","inLanguage":"es","@id":"https:\/\/canal7slp.tv\/2022\/#\/schema\/logo\/image\/","url":"https:\/\/canal7slp.tv\/2022\/wp-content\/uploads\/2021\/01\/logo-noticieros@2x.png","contentUrl":"https:\/\/canal7slp.tv\/2022\/wp-content\/uploads\/2021\/01\/logo-noticieros@2x.png","width":1017,"height":268,"caption":"Noticieros Canal 7"},"image":{"@id":"https:\/\/canal7slp.tv\/2022\/#\/schema\/logo\/image\/"},"sameAs":["https:\/\/www.facebook.com\/noticieroscanalsiete","https:\/\/x.com\/NOTICIEROS7","https:\/\/www.instagram.com\/canal7_slp","https:\/\/www.youtube.com\/channel\/UCliiYs-gP3JfJeqdPrNdd5A"]},{"@type":"Person","@id":"https:\/\/canal7slp.tv\/2022\/#\/schema\/person\/429704152a21f5f856ce29aa69a238da","name":"Edici\u00f3n Web","image":{"@type":"ImageObject","inLanguage":"es","@id":"https:\/\/secure.gravatar.com\/avatar\/eee448fc3f7164808013b816ba91ac7e43bbe82a70bebac296f8bc6f0addaa1a?s=96&d=mm&r=g","url":"https:\/\/secure.gravatar.com\/avatar\/eee448fc3f7164808013b816ba91ac7e43bbe82a70bebac296f8bc6f0addaa1a?s=96&d=mm&r=g","contentUrl":"https:\/\/secure.gravatar.com\/avatar\/eee448fc3f7164808013b816ba91ac7e43bbe82a70bebac296f8bc6f0addaa1a?s=96&d=mm&r=g","caption":"Edici\u00f3n Web"},"url":"https:\/\/canal7slp.tv\/2022\/author\/edicionweb\/"}]}},"amp_enabled":true,"_links":{"self":[{"href":"https:\/\/canal7slp.tv\/2022\/wp-json\/wp\/v2\/posts\/62962","targetHints":{"allow":["GET"]}}],"collection":[{"href":"https:\/\/canal7slp.tv\/2022\/wp-json\/wp\/v2\/posts"}],"about":[{"href":"https:\/\/canal7slp.tv\/2022\/wp-json\/wp\/v2\/types\/post"}],"author":[{"embeddable":true,"href":"https:\/\/canal7slp.tv\/2022\/wp-json\/wp\/v2\/users\/2"}],"replies":[{"embeddable":true,"href":"https:\/\/canal7slp.tv\/2022\/wp-json\/wp\/v2\/comments?post=62962"}],"version-history":[{"count":2,"href":"https:\/\/canal7slp.tv\/2022\/wp-json\/wp\/v2\/posts\/62962\/revisions"}],"predecessor-version":[{"id":62999,"href":"https:\/\/canal7slp.tv\/2022\/wp-json\/wp\/v2\/posts\/62962\/revisions\/62999"}],"wp:featuredmedia":[{"embeddable":true,"href":"https:\/\/canal7slp.tv\/2022\/wp-json\/wp\/v2\/media\/62998"}],"wp:attachment":[{"href":"https:\/\/canal7slp.tv\/2022\/wp-json\/wp\/v2\/media?parent=62962"}],"wp:term":[{"taxonomy":"category","embeddable":true,"href":"https:\/\/canal7slp.tv\/2022\/wp-json\/wp\/v2\/categories?post=62962"},{"taxonomy":"post_tag","embeddable":true,"href":"https:\/\/canal7slp.tv\/2022\/wp-json\/wp\/v2\/tags?post=62962"}],"curies":[{"name":"wp","href":"https:\/\/api.w.org\/{rel}","templated":true}]}}