{"id":62950,"date":"2022-06-08T15:12:29","date_gmt":"2022-06-08T21:12:29","guid":{"rendered":"https:\/\/canal7slp.tv\/2022\/?p=62950"},"modified":"2022-06-08T15:12:29","modified_gmt":"2022-06-08T21:12:29","slug":"madres-de-detenidos-por-caso-de-alan-ibarra-exigen-a-autoridades-continuar-con-investigaciones-para-dar-con-los-responsables","status":"publish","type":"post","link":"https:\/\/canal7slp.tv\/2022\/madres-de-detenidos-por-caso-de-alan-ibarra-exigen-a-autoridades-continuar-con-investigaciones-para-dar-con-los-responsables\/","title":{"rendered":"Madres de detenidos por caso de Alan Ibarra, exigen a autoridades continuar con investigaciones para dar con los responsables."},"content":{"rendered":"<p style=\"text-align: justify;\">SLP.- En el caso de Alan Ibarra Castillo, joven que fuera asesinado en el a\u00f1o 2019 en San Luis Potos\u00ed, hay dos presuntos vinculados a proceso por cometer delitos que tienen que ver dicho homicidio, desaparici\u00f3n forzada y falso testimonio.<\/p>\n<p style=\"text-align: justify;\">Se trata de Astrid N., Oscar Fernando N. y Jos\u00e9 Adrian N., a quienes se les gir\u00f3 una orden de aprehensi\u00f3n en su contra por su presunta participaci\u00f3n en el hecho, siendo los primeros dos los que, hasta el momento, permanecen detenidos.<\/p>\n<p style=\"text-align: justify;\">El abogado de la defensa, Oscar David P\u00e9rez V\u00e1zquez, acompa\u00f1ado de las madres de los se\u00f1alados, pidieron a las autoridades continuar con las investigaciones del caso y dar con los responsables de este asesinato.<\/p>\n<p style=\"text-align: justify;\">\u00abQue las autoridades hagan su trabajo bien, en este caso la Fiscal\u00eda que siga las l\u00edneas de investigaci\u00f3n que est\u00e1n abiertas, hay muchas l\u00edneas de investigaci\u00f3n abiertas, que las agoten y no que traten de canalizar la salida m\u00e1s sencilla que es con los muchachos\u00bb, dijo.<\/p>\n<p style=\"text-align: justify;\">En ese sentido, se\u00f1alan que ha habido una presi\u00f3n hacia los encargados del caso y piden que exista una imparcialidad en ello.<\/p>\n<p style=\"text-align: justify;\">\u00abEs claro que las autoridades se han sentido presionadas para darle la raz\u00f3n, hasta el momento, si podemos decirlo de alguna manera, los muchachos al principio eran v\u00edctimas y de v\u00edctimas pasaron a ser vinculados a proceso\u00bb, culmin\u00f3.<\/p>\n<p style=\"text-align: justify;\">Por: Jos\u00e9 Luis V\u00e1zquez<\/p>\n","protected":false},"excerpt":{"rendered":"<p>SLP.- En el caso de Alan Ibarra Castillo, joven que fuera asesinado en el a\u00f1o 2019 en San Luis Potos\u00ed, hay dos presuntos vinculados a proceso por cometer delitos que tienen que ver dicho homicidio, desaparici\u00f3n forzada y falso testimonio. Se trata de Astrid N., Oscar Fernando N. y Jos\u00e9 Adrian N., a quienes se les gir\u00f3 una orden de aprehensi\u00f3n en su contra por su presunta participaci\u00f3n en el hecho, siendo los primeros dos los que, hasta el momento, permanecen detenidos. El abogado de la defensa, Oscar David P\u00e9rez V\u00e1zquez, acompa\u00f1ado de las madres de los se\u00f1alados, pidieron a [&hellip;]<\/p>\n","protected":false},"author":2,"featured_media":62979,"comment_status":"closed","ping_status":"closed","sticky":false,"template":"","format":"video","meta":{"footnotes":""},"categories":[5,45],"tags":[],"class_list":["post-62950","post","type-post","status-publish","format-video","has-post-thumbnail","hentry","category-destacadas","category-localesyregionales","post_format-post-format-video","post--single"],"yoast_head":"<!-- This site is optimized with the Yoast SEO plugin v27.5 - https:\/\/yoast.com\/product\/yoast-seo-wordpress\/ -->\n<title>Madres de detenidos por caso de Alan Ibarra, exigen a autoridades continuar con investigaciones para dar con los responsables. - Canal 7 SLP - 2022<\/title>\n<meta name=\"robots\" content=\"index, follow, max-snippet:-1, max-image-preview:large, max-video-preview:-1\" \/>\n<link rel=\"canonical\" href=\"https:\/\/canal7slp.tv\/2022\/madres-de-detenidos-por-caso-de-alan-ibarra-exigen-a-autoridades-continuar-con-investigaciones-para-dar-con-los-responsables\/\" \/>\n<meta property=\"og:locale\" content=\"es_ES\" \/>\n<meta property=\"og:type\" content=\"article\" \/>\n<meta property=\"og:title\" content=\"Madres de detenidos por caso de Alan Ibarra, exigen a autoridades continuar con investigaciones para dar con los responsables. - Canal 7 SLP - 2022\" \/>\n<meta property=\"og:description\" content=\"SLP.- En el caso de Alan Ibarra Castillo, joven que fuera asesinado en el a\u00f1o 2019 en San Luis Potos\u00ed, hay dos presuntos vinculados a proceso por cometer delitos que tienen que ver dicho homicidio, desaparici\u00f3n forzada y falso testimonio. Se trata de Astrid N., Oscar Fernando N. y Jos\u00e9 Adrian N., a quienes se les gir\u00f3 una orden de aprehensi\u00f3n en su contra por su presunta participaci\u00f3n en el hecho, siendo los primeros dos los que, hasta el momento, permanecen detenidos. El abogado de la defensa, Oscar David P\u00e9rez V\u00e1zquez, acompa\u00f1ado de las madres de los se\u00f1alados, pidieron a [&hellip;]\" \/>\n<meta property=\"og:url\" content=\"https:\/\/canal7slp.tv\/2022\/madres-de-detenidos-por-caso-de-alan-ibarra-exigen-a-autoridades-continuar-con-investigaciones-para-dar-con-los-responsables\/\" \/>\n<meta property=\"og:site_name\" content=\"Canal 7 SLP - 2022\" \/>\n<meta property=\"article:publisher\" content=\"https:\/\/www.facebook.com\/noticieroscanalsiete\" \/>\n<meta property=\"article:published_time\" content=\"2022-06-08T21:12:29+00:00\" \/>\n<meta property=\"og:image\" content=\"https:\/\/canal7slp.tv\/2022\/wp-content\/uploads\/2022\/06\/Vazquez03ContraparteAlan.jpg\" \/>\n\t<meta property=\"og:image:width\" content=\"888\" \/>\n\t<meta property=\"og:image:height\" content=\"500\" \/>\n\t<meta property=\"og:image:type\" content=\"image\/jpeg\" \/>\n<meta name=\"author\" content=\"Edici\u00f3n Web\" \/>\n<meta name=\"twitter:card\" content=\"summary_large_image\" \/>\n<meta name=\"twitter:creator\" content=\"@NOTICIEROS7\" \/>\n<meta name=\"twitter:site\" content=\"@NOTICIEROS7\" \/>\n<meta name=\"twitter:label1\" content=\"Escrito por\" \/>\n\t<meta name=\"twitter:data1\" content=\"Edici\u00f3n Web\" \/>\n\t<meta name=\"twitter:label2\" content=\"Tiempo de lectura\" \/>\n\t<meta name=\"twitter:data2\" content=\"2 minutos\" \/>\n<script type=\"application\/ld+json\" class=\"yoast-schema-graph\">{\"@context\":\"https:\\\/\\\/schema.org\",\"@graph\":[{\"@type\":\"Article\",\"@id\":\"https:\\\/\\\/canal7slp.tv\\\/2022\\\/madres-de-detenidos-por-caso-de-alan-ibarra-exigen-a-autoridades-continuar-con-investigaciones-para-dar-con-los-responsables\\\/#article\",\"isPartOf\":{\"@id\":\"https:\\\/\\\/canal7slp.tv\\\/2022\\\/madres-de-detenidos-por-caso-de-alan-ibarra-exigen-a-autoridades-continuar-con-investigaciones-para-dar-con-los-responsables\\\/\"},\"author\":{\"name\":\"Edici\u00f3n Web\",\"@id\":\"https:\\\/\\\/canal7slp.tv\\\/2022\\\/#\\\/schema\\\/person\\\/429704152a21f5f856ce29aa69a238da\"},\"headline\":\"Madres de detenidos por caso de Alan Ibarra, exigen a autoridades continuar con investigaciones para dar con los responsables.\",\"datePublished\":\"2022-06-08T21:12:29+00:00\",\"mainEntityOfPage\":{\"@id\":\"https:\\\/\\\/canal7slp.tv\\\/2022\\\/madres-de-detenidos-por-caso-de-alan-ibarra-exigen-a-autoridades-continuar-con-investigaciones-para-dar-con-los-responsables\\\/\"},\"wordCount\":266,\"publisher\":{\"@id\":\"https:\\\/\\\/canal7slp.tv\\\/2022\\\/#organization\"},\"image\":{\"@id\":\"https:\\\/\\\/canal7slp.tv\\\/2022\\\/madres-de-detenidos-por-caso-de-alan-ibarra-exigen-a-autoridades-continuar-con-investigaciones-para-dar-con-los-responsables\\\/#primaryimage\"},\"thumbnailUrl\":\"https:\\\/\\\/canal7slp.tv\\\/2022\\\/wp-content\\\/uploads\\\/2022\\\/06\\\/Vazquez03ContraparteAlan.jpg\",\"articleSection\":[\"DESTACADAS\",\"LOCALES Y REGIONALES\"],\"inLanguage\":\"es\"},{\"@type\":\"WebPage\",\"@id\":\"https:\\\/\\\/canal7slp.tv\\\/2022\\\/madres-de-detenidos-por-caso-de-alan-ibarra-exigen-a-autoridades-continuar-con-investigaciones-para-dar-con-los-responsables\\\/\",\"url\":\"https:\\\/\\\/canal7slp.tv\\\/2022\\\/madres-de-detenidos-por-caso-de-alan-ibarra-exigen-a-autoridades-continuar-con-investigaciones-para-dar-con-los-responsables\\\/\",\"name\":\"Madres de detenidos por caso de Alan Ibarra, exigen a autoridades continuar con investigaciones para dar con los responsables. - Canal 7 SLP - 2022\",\"isPartOf\":{\"@id\":\"https:\\\/\\\/canal7slp.tv\\\/2022\\\/#website\"},\"primaryImageOfPage\":{\"@id\":\"https:\\\/\\\/canal7slp.tv\\\/2022\\\/madres-de-detenidos-por-caso-de-alan-ibarra-exigen-a-autoridades-continuar-con-investigaciones-para-dar-con-los-responsables\\\/#primaryimage\"},\"image\":{\"@id\":\"https:\\\/\\\/canal7slp.tv\\\/2022\\\/madres-de-detenidos-por-caso-de-alan-ibarra-exigen-a-autoridades-continuar-con-investigaciones-para-dar-con-los-responsables\\\/#primaryimage\"},\"thumbnailUrl\":\"https:\\\/\\\/canal7slp.tv\\\/2022\\\/wp-content\\\/uploads\\\/2022\\\/06\\\/Vazquez03ContraparteAlan.jpg\",\"datePublished\":\"2022-06-08T21:12:29+00:00\",\"breadcrumb\":{\"@id\":\"https:\\\/\\\/canal7slp.tv\\\/2022\\\/madres-de-detenidos-por-caso-de-alan-ibarra-exigen-a-autoridades-continuar-con-investigaciones-para-dar-con-los-responsables\\\/#breadcrumb\"},\"inLanguage\":\"es\",\"potentialAction\":[{\"@type\":\"ReadAction\",\"target\":[\"https:\\\/\\\/canal7slp.tv\\\/2022\\\/madres-de-detenidos-por-caso-de-alan-ibarra-exigen-a-autoridades-continuar-con-investigaciones-para-dar-con-los-responsables\\\/\"]}]},{\"@type\":\"ImageObject\",\"inLanguage\":\"es\",\"@id\":\"https:\\\/\\\/canal7slp.tv\\\/2022\\\/madres-de-detenidos-por-caso-de-alan-ibarra-exigen-a-autoridades-continuar-con-investigaciones-para-dar-con-los-responsables\\\/#primaryimage\",\"url\":\"https:\\\/\\\/canal7slp.tv\\\/2022\\\/wp-content\\\/uploads\\\/2022\\\/06\\\/Vazquez03ContraparteAlan.jpg\",\"contentUrl\":\"https:\\\/\\\/canal7slp.tv\\\/2022\\\/wp-content\\\/uploads\\\/2022\\\/06\\\/Vazquez03ContraparteAlan.jpg\",\"width\":888,\"height\":500},{\"@type\":\"BreadcrumbList\",\"@id\":\"https:\\\/\\\/canal7slp.tv\\\/2022\\\/madres-de-detenidos-por-caso-de-alan-ibarra-exigen-a-autoridades-continuar-con-investigaciones-para-dar-con-los-responsables\\\/#breadcrumb\",\"itemListElement\":[{\"@type\":\"ListItem\",\"position\":1,\"name\":\"Portada\",\"item\":\"https:\\\/\\\/canal7slp.tv\\\/2022\\\/\"},{\"@type\":\"ListItem\",\"position\":2,\"name\":\"Madres de detenidos por caso de Alan Ibarra, exigen a autoridades continuar con investigaciones para dar con los responsables.\"}]},{\"@type\":\"WebSite\",\"@id\":\"https:\\\/\\\/canal7slp.tv\\\/2022\\\/#website\",\"url\":\"https:\\\/\\\/canal7slp.tv\\\/2022\\\/\",\"name\":\"N7 - Noticieros Canal 7\",\"description\":\"Somos Televisi\u00f3n\",\"publisher\":{\"@id\":\"https:\\\/\\\/canal7slp.tv\\\/2022\\\/#organization\"},\"potentialAction\":[{\"@type\":\"SearchAction\",\"target\":{\"@type\":\"EntryPoint\",\"urlTemplate\":\"https:\\\/\\\/canal7slp.tv\\\/2022\\\/?s={search_term_string}\"},\"query-input\":{\"@type\":\"PropertyValueSpecification\",\"valueRequired\":true,\"valueName\":\"search_term_string\"}}],\"inLanguage\":\"es\"},{\"@type\":\"Organization\",\"@id\":\"https:\\\/\\\/canal7slp.tv\\\/2022\\\/#organization\",\"name\":\"Noticieros Canal 7\",\"url\":\"https:\\\/\\\/canal7slp.tv\\\/2022\\\/\",\"logo\":{\"@type\":\"ImageObject\",\"inLanguage\":\"es\",\"@id\":\"https:\\\/\\\/canal7slp.tv\\\/2022\\\/#\\\/schema\\\/logo\\\/image\\\/\",\"url\":\"https:\\\/\\\/canal7slp.tv\\\/2022\\\/wp-content\\\/uploads\\\/2021\\\/01\\\/logo-noticieros@2x.png\",\"contentUrl\":\"https:\\\/\\\/canal7slp.tv\\\/2022\\\/wp-content\\\/uploads\\\/2021\\\/01\\\/logo-noticieros@2x.png\",\"width\":1017,\"height\":268,\"caption\":\"Noticieros Canal 7\"},\"image\":{\"@id\":\"https:\\\/\\\/canal7slp.tv\\\/2022\\\/#\\\/schema\\\/logo\\\/image\\\/\"},\"sameAs\":[\"https:\\\/\\\/www.facebook.com\\\/noticieroscanalsiete\",\"https:\\\/\\\/x.com\\\/NOTICIEROS7\",\"https:\\\/\\\/www.instagram.com\\\/canal7_slp\",\"https:\\\/\\\/www.youtube.com\\\/channel\\\/UCliiYs-gP3JfJeqdPrNdd5A\"]},{\"@type\":\"Person\",\"@id\":\"https:\\\/\\\/canal7slp.tv\\\/2022\\\/#\\\/schema\\\/person\\\/429704152a21f5f856ce29aa69a238da\",\"name\":\"Edici\u00f3n Web\",\"image\":{\"@type\":\"ImageObject\",\"inLanguage\":\"es\",\"@id\":\"https:\\\/\\\/secure.gravatar.com\\\/avatar\\\/eee448fc3f7164808013b816ba91ac7e43bbe82a70bebac296f8bc6f0addaa1a?s=96&d=mm&r=g\",\"url\":\"https:\\\/\\\/secure.gravatar.com\\\/avatar\\\/eee448fc3f7164808013b816ba91ac7e43bbe82a70bebac296f8bc6f0addaa1a?s=96&d=mm&r=g\",\"contentUrl\":\"https:\\\/\\\/secure.gravatar.com\\\/avatar\\\/eee448fc3f7164808013b816ba91ac7e43bbe82a70bebac296f8bc6f0addaa1a?s=96&d=mm&r=g\",\"caption\":\"Edici\u00f3n Web\"},\"url\":\"https:\\\/\\\/canal7slp.tv\\\/2022\\\/author\\\/edicionweb\\\/\"}]}<\/script>\n<!-- \/ Yoast SEO plugin. -->","yoast_head_json":{"title":"Madres de detenidos por caso de Alan Ibarra, exigen a autoridades continuar con investigaciones para dar con los responsables. - Canal 7 SLP - 2022","robots":{"index":"index","follow":"follow","max-snippet":"max-snippet:-1","max-image-preview":"max-image-preview:large","max-video-preview":"max-video-preview:-1"},"canonical":"https:\/\/canal7slp.tv\/2022\/madres-de-detenidos-por-caso-de-alan-ibarra-exigen-a-autoridades-continuar-con-investigaciones-para-dar-con-los-responsables\/","og_locale":"es_ES","og_type":"article","og_title":"Madres de detenidos por caso de Alan Ibarra, exigen a autoridades continuar con investigaciones para dar con los responsables. - Canal 7 SLP - 2022","og_description":"SLP.- En el caso de Alan Ibarra Castillo, joven que fuera asesinado en el a\u00f1o 2019 en San Luis Potos\u00ed, hay dos presuntos vinculados a proceso por cometer delitos que tienen que ver dicho homicidio, desaparici\u00f3n forzada y falso testimonio. Se trata de Astrid N., Oscar Fernando N. y Jos\u00e9 Adrian N., a quienes se les gir\u00f3 una orden de aprehensi\u00f3n en su contra por su presunta participaci\u00f3n en el hecho, siendo los primeros dos los que, hasta el momento, permanecen detenidos. El abogado de la defensa, Oscar David P\u00e9rez V\u00e1zquez, acompa\u00f1ado de las madres de los se\u00f1alados, pidieron a [&hellip;]","og_url":"https:\/\/canal7slp.tv\/2022\/madres-de-detenidos-por-caso-de-alan-ibarra-exigen-a-autoridades-continuar-con-investigaciones-para-dar-con-los-responsables\/","og_site_name":"Canal 7 SLP - 2022","article_publisher":"https:\/\/www.facebook.com\/noticieroscanalsiete","article_published_time":"2022-06-08T21:12:29+00:00","og_image":[{"width":888,"height":500,"url":"https:\/\/canal7slp.tv\/2022\/wp-content\/uploads\/2022\/06\/Vazquez03ContraparteAlan.jpg","type":"image\/jpeg"}],"author":"Edici\u00f3n Web","twitter_card":"summary_large_image","twitter_creator":"@NOTICIEROS7","twitter_site":"@NOTICIEROS7","twitter_misc":{"Escrito por":"Edici\u00f3n Web","Tiempo de lectura":"2 minutos"},"schema":{"@context":"https:\/\/schema.org","@graph":[{"@type":"Article","@id":"https:\/\/canal7slp.tv\/2022\/madres-de-detenidos-por-caso-de-alan-ibarra-exigen-a-autoridades-continuar-con-investigaciones-para-dar-con-los-responsables\/#article","isPartOf":{"@id":"https:\/\/canal7slp.tv\/2022\/madres-de-detenidos-por-caso-de-alan-ibarra-exigen-a-autoridades-continuar-con-investigaciones-para-dar-con-los-responsables\/"},"author":{"name":"Edici\u00f3n Web","@id":"https:\/\/canal7slp.tv\/2022\/#\/schema\/person\/429704152a21f5f856ce29aa69a238da"},"headline":"Madres de detenidos por caso de Alan Ibarra, exigen a autoridades continuar con investigaciones para dar con los responsables.","datePublished":"2022-06-08T21:12:29+00:00","mainEntityOfPage":{"@id":"https:\/\/canal7slp.tv\/2022\/madres-de-detenidos-por-caso-de-alan-ibarra-exigen-a-autoridades-continuar-con-investigaciones-para-dar-con-los-responsables\/"},"wordCount":266,"publisher":{"@id":"https:\/\/canal7slp.tv\/2022\/#organization"},"image":{"@id":"https:\/\/canal7slp.tv\/2022\/madres-de-detenidos-por-caso-de-alan-ibarra-exigen-a-autoridades-continuar-con-investigaciones-para-dar-con-los-responsables\/#primaryimage"},"thumbnailUrl":"https:\/\/canal7slp.tv\/2022\/wp-content\/uploads\/2022\/06\/Vazquez03ContraparteAlan.jpg","articleSection":["DESTACADAS","LOCALES Y REGIONALES"],"inLanguage":"es"},{"@type":"WebPage","@id":"https:\/\/canal7slp.tv\/2022\/madres-de-detenidos-por-caso-de-alan-ibarra-exigen-a-autoridades-continuar-con-investigaciones-para-dar-con-los-responsables\/","url":"https:\/\/canal7slp.tv\/2022\/madres-de-detenidos-por-caso-de-alan-ibarra-exigen-a-autoridades-continuar-con-investigaciones-para-dar-con-los-responsables\/","name":"Madres de detenidos por caso de Alan Ibarra, exigen a autoridades continuar con investigaciones para dar con los responsables. - Canal 7 SLP - 2022","isPartOf":{"@id":"https:\/\/canal7slp.tv\/2022\/#website"},"primaryImageOfPage":{"@id":"https:\/\/canal7slp.tv\/2022\/madres-de-detenidos-por-caso-de-alan-ibarra-exigen-a-autoridades-continuar-con-investigaciones-para-dar-con-los-responsables\/#primaryimage"},"image":{"@id":"https:\/\/canal7slp.tv\/2022\/madres-de-detenidos-por-caso-de-alan-ibarra-exigen-a-autoridades-continuar-con-investigaciones-para-dar-con-los-responsables\/#primaryimage"},"thumbnailUrl":"https:\/\/canal7slp.tv\/2022\/wp-content\/uploads\/2022\/06\/Vazquez03ContraparteAlan.jpg","datePublished":"2022-06-08T21:12:29+00:00","breadcrumb":{"@id":"https:\/\/canal7slp.tv\/2022\/madres-de-detenidos-por-caso-de-alan-ibarra-exigen-a-autoridades-continuar-con-investigaciones-para-dar-con-los-responsables\/#breadcrumb"},"inLanguage":"es","potentialAction":[{"@type":"ReadAction","target":["https:\/\/canal7slp.tv\/2022\/madres-de-detenidos-por-caso-de-alan-ibarra-exigen-a-autoridades-continuar-con-investigaciones-para-dar-con-los-responsables\/"]}]},{"@type":"ImageObject","inLanguage":"es","@id":"https:\/\/canal7slp.tv\/2022\/madres-de-detenidos-por-caso-de-alan-ibarra-exigen-a-autoridades-continuar-con-investigaciones-para-dar-con-los-responsables\/#primaryimage","url":"https:\/\/canal7slp.tv\/2022\/wp-content\/uploads\/2022\/06\/Vazquez03ContraparteAlan.jpg","contentUrl":"https:\/\/canal7slp.tv\/2022\/wp-content\/uploads\/2022\/06\/Vazquez03ContraparteAlan.jpg","width":888,"height":500},{"@type":"BreadcrumbList","@id":"https:\/\/canal7slp.tv\/2022\/madres-de-detenidos-por-caso-de-alan-ibarra-exigen-a-autoridades-continuar-con-investigaciones-para-dar-con-los-responsables\/#breadcrumb","itemListElement":[{"@type":"ListItem","position":1,"name":"Portada","item":"https:\/\/canal7slp.tv\/2022\/"},{"@type":"ListItem","position":2,"name":"Madres de detenidos por caso de Alan Ibarra, exigen a autoridades continuar con investigaciones para dar con los responsables."}]},{"@type":"WebSite","@id":"https:\/\/canal7slp.tv\/2022\/#website","url":"https:\/\/canal7slp.tv\/2022\/","name":"N7 - Noticieros Canal 7","description":"Somos Televisi\u00f3n","publisher":{"@id":"https:\/\/canal7slp.tv\/2022\/#organization"},"potentialAction":[{"@type":"SearchAction","target":{"@type":"EntryPoint","urlTemplate":"https:\/\/canal7slp.tv\/2022\/?s={search_term_string}"},"query-input":{"@type":"PropertyValueSpecification","valueRequired":true,"valueName":"search_term_string"}}],"inLanguage":"es"},{"@type":"Organization","@id":"https:\/\/canal7slp.tv\/2022\/#organization","name":"Noticieros Canal 7","url":"https:\/\/canal7slp.tv\/2022\/","logo":{"@type":"ImageObject","inLanguage":"es","@id":"https:\/\/canal7slp.tv\/2022\/#\/schema\/logo\/image\/","url":"https:\/\/canal7slp.tv\/2022\/wp-content\/uploads\/2021\/01\/logo-noticieros@2x.png","contentUrl":"https:\/\/canal7slp.tv\/2022\/wp-content\/uploads\/2021\/01\/logo-noticieros@2x.png","width":1017,"height":268,"caption":"Noticieros Canal 7"},"image":{"@id":"https:\/\/canal7slp.tv\/2022\/#\/schema\/logo\/image\/"},"sameAs":["https:\/\/www.facebook.com\/noticieroscanalsiete","https:\/\/x.com\/NOTICIEROS7","https:\/\/www.instagram.com\/canal7_slp","https:\/\/www.youtube.com\/channel\/UCliiYs-gP3JfJeqdPrNdd5A"]},{"@type":"Person","@id":"https:\/\/canal7slp.tv\/2022\/#\/schema\/person\/429704152a21f5f856ce29aa69a238da","name":"Edici\u00f3n Web","image":{"@type":"ImageObject","inLanguage":"es","@id":"https:\/\/secure.gravatar.com\/avatar\/eee448fc3f7164808013b816ba91ac7e43bbe82a70bebac296f8bc6f0addaa1a?s=96&d=mm&r=g","url":"https:\/\/secure.gravatar.com\/avatar\/eee448fc3f7164808013b816ba91ac7e43bbe82a70bebac296f8bc6f0addaa1a?s=96&d=mm&r=g","contentUrl":"https:\/\/secure.gravatar.com\/avatar\/eee448fc3f7164808013b816ba91ac7e43bbe82a70bebac296f8bc6f0addaa1a?s=96&d=mm&r=g","caption":"Edici\u00f3n Web"},"url":"https:\/\/canal7slp.tv\/2022\/author\/edicionweb\/"}]}},"amp_enabled":true,"_links":{"self":[{"href":"https:\/\/canal7slp.tv\/2022\/wp-json\/wp\/v2\/posts\/62950","targetHints":{"allow":["GET"]}}],"collection":[{"href":"https:\/\/canal7slp.tv\/2022\/wp-json\/wp\/v2\/posts"}],"about":[{"href":"https:\/\/canal7slp.tv\/2022\/wp-json\/wp\/v2\/types\/post"}],"author":[{"embeddable":true,"href":"https:\/\/canal7slp.tv\/2022\/wp-json\/wp\/v2\/users\/2"}],"replies":[{"embeddable":true,"href":"https:\/\/canal7slp.tv\/2022\/wp-json\/wp\/v2\/comments?post=62950"}],"version-history":[{"count":3,"href":"https:\/\/canal7slp.tv\/2022\/wp-json\/wp\/v2\/posts\/62950\/revisions"}],"predecessor-version":[{"id":62980,"href":"https:\/\/canal7slp.tv\/2022\/wp-json\/wp\/v2\/posts\/62950\/revisions\/62980"}],"wp:featuredmedia":[{"embeddable":true,"href":"https:\/\/canal7slp.tv\/2022\/wp-json\/wp\/v2\/media\/62979"}],"wp:attachment":[{"href":"https:\/\/canal7slp.tv\/2022\/wp-json\/wp\/v2\/media?parent=62950"}],"wp:term":[{"taxonomy":"category","embeddable":true,"href":"https:\/\/canal7slp.tv\/2022\/wp-json\/wp\/v2\/categories?post=62950"},{"taxonomy":"post_tag","embeddable":true,"href":"https:\/\/canal7slp.tv\/2022\/wp-json\/wp\/v2\/tags?post=62950"}],"curies":[{"name":"wp","href":"https:\/\/api.w.org\/{rel}","templated":true}]}}