{"id":62948,"date":"2022-06-08T15:17:04","date_gmt":"2022-06-08T21:17:04","guid":{"rendered":"https:\/\/canal7slp.tv\/2022\/?p=62948"},"modified":"2022-06-08T15:17:04","modified_gmt":"2022-06-08T21:17:04","slug":"gobierno-del-estado-integra-material-e-informacion-para-el-primer-informe-de-actividades","status":"publish","type":"post","link":"https:\/\/canal7slp.tv\/2022\/gobierno-del-estado-integra-material-e-informacion-para-el-primer-informe-de-actividades\/","title":{"rendered":"Gobierno del Estado integra material e informaci\u00f3n para el primer informe de actividades."},"content":{"rendered":"<p style=\"text-align: justify;\">SLP.- El mandatario estatal de San Luis Potos\u00ed, Jos\u00e9 Ricardo Gallardo Cardona, declar\u00f3 que ya se est\u00e1 integrando su primer Informe de Gobierno que se tiene planeado realizar para el pr\u00f3ximo mes de septiembre.<\/p>\n<p style=\"text-align: justify;\">\u201cYa estamos en las secretar\u00edas con la glosa, para qui\u00e9n est\u00e1 haciendo la parte que le toca, hay secretar\u00edas muy nutridas, y otras que apenas est\u00e1n incorporando el trabajo, pero mucho que anunciar en ocho meses de gobierno\u201d.<\/p>\n<p style=\"text-align: justify;\">El funcionario destac\u00f3 que en lo que lleva de gesti\u00f3n se han generado poco m\u00e1s de 4 mil millones de pesos y hasta un mill\u00f3n de apoyos a la poblaci\u00f3n, adem\u00e1s de las obras de infraestructura que actualmente se edifican en beneficio de la poblaci\u00f3n.<\/p>\n<p style=\"text-align: justify;\">\u201cSalimos de la cuarta ola covid con el segundo lugar nacional de vacunaci\u00f3n, y hay muchas obras que estamos integrando, es tan amplio el cat\u00e1logo que tenemos, que va a ser una glosa muy amplia, y va ser un informe muy nutrido, despu\u00e9s de ver informes muy pobres de los pasados gobiernos\u201d, culmin\u00f3.<\/p>\n<p style=\"text-align: justify;\">Por: Jos\u00e9 Luis V\u00e1zquez<\/p>\n","protected":false},"excerpt":{"rendered":"<p>SLP.- El mandatario estatal de San Luis Potos\u00ed, Jos\u00e9 Ricardo Gallardo Cardona, declar\u00f3 que ya se est\u00e1 integrando su primer Informe de Gobierno que se tiene planeado realizar para el pr\u00f3ximo mes de septiembre. \u201cYa estamos en las secretar\u00edas con la glosa, para qui\u00e9n est\u00e1 haciendo la parte que le toca, hay secretar\u00edas muy nutridas, y otras que apenas est\u00e1n incorporando el trabajo, pero mucho que anunciar en ocho meses de gobierno\u201d. El funcionario destac\u00f3 que en lo que lleva de gesti\u00f3n se han generado poco m\u00e1s de 4 mil millones de pesos y hasta un mill\u00f3n de apoyos a [&hellip;]<\/p>\n","protected":false},"author":2,"featured_media":62981,"comment_status":"closed","ping_status":"closed","sticky":false,"template":"","format":"video","meta":{"footnotes":""},"categories":[5,510,45],"tags":[],"class_list":["post-62948","post","type-post","status-publish","format-video","has-post-thumbnail","hentry","category-destacadas","category-gobedoslp","category-localesyregionales","post_format-post-format-video","post--single"],"yoast_head":"<!-- This site is optimized with the Yoast SEO plugin v27.4 - https:\/\/yoast.com\/product\/yoast-seo-wordpress\/ -->\n<title>Gobierno del Estado integra material e informaci\u00f3n para el primer informe de actividades. - Canal 7 SLP - 2022<\/title>\n<meta name=\"robots\" content=\"index, follow, max-snippet:-1, max-image-preview:large, max-video-preview:-1\" \/>\n<link rel=\"canonical\" href=\"https:\/\/canal7slp.tv\/2022\/gobierno-del-estado-integra-material-e-informacion-para-el-primer-informe-de-actividades\/\" \/>\n<meta property=\"og:locale\" content=\"es_ES\" \/>\n<meta property=\"og:type\" content=\"article\" \/>\n<meta property=\"og:title\" content=\"Gobierno del Estado integra material e informaci\u00f3n para el primer informe de actividades. - Canal 7 SLP - 2022\" \/>\n<meta property=\"og:description\" content=\"SLP.- El mandatario estatal de San Luis Potos\u00ed, Jos\u00e9 Ricardo Gallardo Cardona, declar\u00f3 que ya se est\u00e1 integrando su primer Informe de Gobierno que se tiene planeado realizar para el pr\u00f3ximo mes de septiembre. \u201cYa estamos en las secretar\u00edas con la glosa, para qui\u00e9n est\u00e1 haciendo la parte que le toca, hay secretar\u00edas muy nutridas, y otras que apenas est\u00e1n incorporando el trabajo, pero mucho que anunciar en ocho meses de gobierno\u201d. El funcionario destac\u00f3 que en lo que lleva de gesti\u00f3n se han generado poco m\u00e1s de 4 mil millones de pesos y hasta un mill\u00f3n de apoyos a [&hellip;]\" \/>\n<meta property=\"og:url\" content=\"https:\/\/canal7slp.tv\/2022\/gobierno-del-estado-integra-material-e-informacion-para-el-primer-informe-de-actividades\/\" \/>\n<meta property=\"og:site_name\" content=\"Canal 7 SLP - 2022\" \/>\n<meta property=\"article:publisher\" content=\"https:\/\/www.facebook.com\/noticieroscanalsiete\" \/>\n<meta property=\"article:published_time\" content=\"2022-06-08T21:17:04+00:00\" \/>\n<meta property=\"og:image\" content=\"https:\/\/canal7slp.tv\/2022\/wp-content\/uploads\/2022\/06\/Vazquez04GoberInforme.jpg\" \/>\n\t<meta property=\"og:image:width\" content=\"888\" \/>\n\t<meta property=\"og:image:height\" content=\"500\" \/>\n\t<meta property=\"og:image:type\" content=\"image\/jpeg\" \/>\n<meta name=\"author\" content=\"Edici\u00f3n Web\" \/>\n<meta name=\"twitter:card\" content=\"summary_large_image\" \/>\n<meta name=\"twitter:creator\" content=\"@NOTICIEROS7\" \/>\n<meta name=\"twitter:site\" content=\"@NOTICIEROS7\" \/>\n<meta name=\"twitter:label1\" content=\"Escrito por\" \/>\n\t<meta name=\"twitter:data1\" content=\"Edici\u00f3n Web\" \/>\n\t<meta name=\"twitter:label2\" content=\"Tiempo de lectura\" \/>\n\t<meta name=\"twitter:data2\" content=\"1 minuto\" \/>\n<script type=\"application\/ld+json\" class=\"yoast-schema-graph\">{\"@context\":\"https:\\\/\\\/schema.org\",\"@graph\":[{\"@type\":\"Article\",\"@id\":\"https:\\\/\\\/canal7slp.tv\\\/2022\\\/gobierno-del-estado-integra-material-e-informacion-para-el-primer-informe-de-actividades\\\/#article\",\"isPartOf\":{\"@id\":\"https:\\\/\\\/canal7slp.tv\\\/2022\\\/gobierno-del-estado-integra-material-e-informacion-para-el-primer-informe-de-actividades\\\/\"},\"author\":{\"name\":\"Edici\u00f3n Web\",\"@id\":\"https:\\\/\\\/canal7slp.tv\\\/2022\\\/#\\\/schema\\\/person\\\/429704152a21f5f856ce29aa69a238da\"},\"headline\":\"Gobierno del Estado integra material e informaci\u00f3n para el primer informe de actividades.\",\"datePublished\":\"2022-06-08T21:17:04+00:00\",\"mainEntityOfPage\":{\"@id\":\"https:\\\/\\\/canal7slp.tv\\\/2022\\\/gobierno-del-estado-integra-material-e-informacion-para-el-primer-informe-de-actividades\\\/\"},\"wordCount\":203,\"publisher\":{\"@id\":\"https:\\\/\\\/canal7slp.tv\\\/2022\\\/#organization\"},\"image\":{\"@id\":\"https:\\\/\\\/canal7slp.tv\\\/2022\\\/gobierno-del-estado-integra-material-e-informacion-para-el-primer-informe-de-actividades\\\/#primaryimage\"},\"thumbnailUrl\":\"https:\\\/\\\/canal7slp.tv\\\/2022\\\/wp-content\\\/uploads\\\/2022\\\/06\\\/Vazquez04GoberInforme.jpg\",\"articleSection\":[\"DESTACADAS\",\"GOBEDOSLP\",\"LOCALES Y REGIONALES\"],\"inLanguage\":\"es\"},{\"@type\":\"WebPage\",\"@id\":\"https:\\\/\\\/canal7slp.tv\\\/2022\\\/gobierno-del-estado-integra-material-e-informacion-para-el-primer-informe-de-actividades\\\/\",\"url\":\"https:\\\/\\\/canal7slp.tv\\\/2022\\\/gobierno-del-estado-integra-material-e-informacion-para-el-primer-informe-de-actividades\\\/\",\"name\":\"Gobierno del Estado integra material e informaci\u00f3n para el primer informe de actividades. - Canal 7 SLP - 2022\",\"isPartOf\":{\"@id\":\"https:\\\/\\\/canal7slp.tv\\\/2022\\\/#website\"},\"primaryImageOfPage\":{\"@id\":\"https:\\\/\\\/canal7slp.tv\\\/2022\\\/gobierno-del-estado-integra-material-e-informacion-para-el-primer-informe-de-actividades\\\/#primaryimage\"},\"image\":{\"@id\":\"https:\\\/\\\/canal7slp.tv\\\/2022\\\/gobierno-del-estado-integra-material-e-informacion-para-el-primer-informe-de-actividades\\\/#primaryimage\"},\"thumbnailUrl\":\"https:\\\/\\\/canal7slp.tv\\\/2022\\\/wp-content\\\/uploads\\\/2022\\\/06\\\/Vazquez04GoberInforme.jpg\",\"datePublished\":\"2022-06-08T21:17:04+00:00\",\"breadcrumb\":{\"@id\":\"https:\\\/\\\/canal7slp.tv\\\/2022\\\/gobierno-del-estado-integra-material-e-informacion-para-el-primer-informe-de-actividades\\\/#breadcrumb\"},\"inLanguage\":\"es\",\"potentialAction\":[{\"@type\":\"ReadAction\",\"target\":[\"https:\\\/\\\/canal7slp.tv\\\/2022\\\/gobierno-del-estado-integra-material-e-informacion-para-el-primer-informe-de-actividades\\\/\"]}]},{\"@type\":\"ImageObject\",\"inLanguage\":\"es\",\"@id\":\"https:\\\/\\\/canal7slp.tv\\\/2022\\\/gobierno-del-estado-integra-material-e-informacion-para-el-primer-informe-de-actividades\\\/#primaryimage\",\"url\":\"https:\\\/\\\/canal7slp.tv\\\/2022\\\/wp-content\\\/uploads\\\/2022\\\/06\\\/Vazquez04GoberInforme.jpg\",\"contentUrl\":\"https:\\\/\\\/canal7slp.tv\\\/2022\\\/wp-content\\\/uploads\\\/2022\\\/06\\\/Vazquez04GoberInforme.jpg\",\"width\":888,\"height\":500},{\"@type\":\"BreadcrumbList\",\"@id\":\"https:\\\/\\\/canal7slp.tv\\\/2022\\\/gobierno-del-estado-integra-material-e-informacion-para-el-primer-informe-de-actividades\\\/#breadcrumb\",\"itemListElement\":[{\"@type\":\"ListItem\",\"position\":1,\"name\":\"Portada\",\"item\":\"https:\\\/\\\/canal7slp.tv\\\/2022\\\/\"},{\"@type\":\"ListItem\",\"position\":2,\"name\":\"Gobierno del Estado integra material e informaci\u00f3n para el primer informe de actividades.\"}]},{\"@type\":\"WebSite\",\"@id\":\"https:\\\/\\\/canal7slp.tv\\\/2022\\\/#website\",\"url\":\"https:\\\/\\\/canal7slp.tv\\\/2022\\\/\",\"name\":\"N7 - Noticieros Canal 7\",\"description\":\"Somos Televisi\u00f3n\",\"publisher\":{\"@id\":\"https:\\\/\\\/canal7slp.tv\\\/2022\\\/#organization\"},\"potentialAction\":[{\"@type\":\"SearchAction\",\"target\":{\"@type\":\"EntryPoint\",\"urlTemplate\":\"https:\\\/\\\/canal7slp.tv\\\/2022\\\/?s={search_term_string}\"},\"query-input\":{\"@type\":\"PropertyValueSpecification\",\"valueRequired\":true,\"valueName\":\"search_term_string\"}}],\"inLanguage\":\"es\"},{\"@type\":\"Organization\",\"@id\":\"https:\\\/\\\/canal7slp.tv\\\/2022\\\/#organization\",\"name\":\"Noticieros Canal 7\",\"url\":\"https:\\\/\\\/canal7slp.tv\\\/2022\\\/\",\"logo\":{\"@type\":\"ImageObject\",\"inLanguage\":\"es\",\"@id\":\"https:\\\/\\\/canal7slp.tv\\\/2022\\\/#\\\/schema\\\/logo\\\/image\\\/\",\"url\":\"https:\\\/\\\/canal7slp.tv\\\/2022\\\/wp-content\\\/uploads\\\/2021\\\/01\\\/logo-noticieros@2x.png\",\"contentUrl\":\"https:\\\/\\\/canal7slp.tv\\\/2022\\\/wp-content\\\/uploads\\\/2021\\\/01\\\/logo-noticieros@2x.png\",\"width\":1017,\"height\":268,\"caption\":\"Noticieros Canal 7\"},\"image\":{\"@id\":\"https:\\\/\\\/canal7slp.tv\\\/2022\\\/#\\\/schema\\\/logo\\\/image\\\/\"},\"sameAs\":[\"https:\\\/\\\/www.facebook.com\\\/noticieroscanalsiete\",\"https:\\\/\\\/x.com\\\/NOTICIEROS7\",\"https:\\\/\\\/www.instagram.com\\\/canal7_slp\",\"https:\\\/\\\/www.youtube.com\\\/channel\\\/UCliiYs-gP3JfJeqdPrNdd5A\"]},{\"@type\":\"Person\",\"@id\":\"https:\\\/\\\/canal7slp.tv\\\/2022\\\/#\\\/schema\\\/person\\\/429704152a21f5f856ce29aa69a238da\",\"name\":\"Edici\u00f3n Web\",\"image\":{\"@type\":\"ImageObject\",\"inLanguage\":\"es\",\"@id\":\"https:\\\/\\\/secure.gravatar.com\\\/avatar\\\/eee448fc3f7164808013b816ba91ac7e43bbe82a70bebac296f8bc6f0addaa1a?s=96&d=mm&r=g\",\"url\":\"https:\\\/\\\/secure.gravatar.com\\\/avatar\\\/eee448fc3f7164808013b816ba91ac7e43bbe82a70bebac296f8bc6f0addaa1a?s=96&d=mm&r=g\",\"contentUrl\":\"https:\\\/\\\/secure.gravatar.com\\\/avatar\\\/eee448fc3f7164808013b816ba91ac7e43bbe82a70bebac296f8bc6f0addaa1a?s=96&d=mm&r=g\",\"caption\":\"Edici\u00f3n Web\"},\"url\":\"https:\\\/\\\/canal7slp.tv\\\/2022\\\/author\\\/edicionweb\\\/\"}]}<\/script>\n<!-- \/ Yoast SEO plugin. -->","yoast_head_json":{"title":"Gobierno del Estado integra material e informaci\u00f3n para el primer informe de actividades. - Canal 7 SLP - 2022","robots":{"index":"index","follow":"follow","max-snippet":"max-snippet:-1","max-image-preview":"max-image-preview:large","max-video-preview":"max-video-preview:-1"},"canonical":"https:\/\/canal7slp.tv\/2022\/gobierno-del-estado-integra-material-e-informacion-para-el-primer-informe-de-actividades\/","og_locale":"es_ES","og_type":"article","og_title":"Gobierno del Estado integra material e informaci\u00f3n para el primer informe de actividades. - Canal 7 SLP - 2022","og_description":"SLP.- El mandatario estatal de San Luis Potos\u00ed, Jos\u00e9 Ricardo Gallardo Cardona, declar\u00f3 que ya se est\u00e1 integrando su primer Informe de Gobierno que se tiene planeado realizar para el pr\u00f3ximo mes de septiembre. \u201cYa estamos en las secretar\u00edas con la glosa, para qui\u00e9n est\u00e1 haciendo la parte que le toca, hay secretar\u00edas muy nutridas, y otras que apenas est\u00e1n incorporando el trabajo, pero mucho que anunciar en ocho meses de gobierno\u201d. El funcionario destac\u00f3 que en lo que lleva de gesti\u00f3n se han generado poco m\u00e1s de 4 mil millones de pesos y hasta un mill\u00f3n de apoyos a [&hellip;]","og_url":"https:\/\/canal7slp.tv\/2022\/gobierno-del-estado-integra-material-e-informacion-para-el-primer-informe-de-actividades\/","og_site_name":"Canal 7 SLP - 2022","article_publisher":"https:\/\/www.facebook.com\/noticieroscanalsiete","article_published_time":"2022-06-08T21:17:04+00:00","og_image":[{"width":888,"height":500,"url":"https:\/\/canal7slp.tv\/2022\/wp-content\/uploads\/2022\/06\/Vazquez04GoberInforme.jpg","type":"image\/jpeg"}],"author":"Edici\u00f3n Web","twitter_card":"summary_large_image","twitter_creator":"@NOTICIEROS7","twitter_site":"@NOTICIEROS7","twitter_misc":{"Escrito por":"Edici\u00f3n Web","Tiempo de lectura":"1 minuto"},"schema":{"@context":"https:\/\/schema.org","@graph":[{"@type":"Article","@id":"https:\/\/canal7slp.tv\/2022\/gobierno-del-estado-integra-material-e-informacion-para-el-primer-informe-de-actividades\/#article","isPartOf":{"@id":"https:\/\/canal7slp.tv\/2022\/gobierno-del-estado-integra-material-e-informacion-para-el-primer-informe-de-actividades\/"},"author":{"name":"Edici\u00f3n Web","@id":"https:\/\/canal7slp.tv\/2022\/#\/schema\/person\/429704152a21f5f856ce29aa69a238da"},"headline":"Gobierno del Estado integra material e informaci\u00f3n para el primer informe de actividades.","datePublished":"2022-06-08T21:17:04+00:00","mainEntityOfPage":{"@id":"https:\/\/canal7slp.tv\/2022\/gobierno-del-estado-integra-material-e-informacion-para-el-primer-informe-de-actividades\/"},"wordCount":203,"publisher":{"@id":"https:\/\/canal7slp.tv\/2022\/#organization"},"image":{"@id":"https:\/\/canal7slp.tv\/2022\/gobierno-del-estado-integra-material-e-informacion-para-el-primer-informe-de-actividades\/#primaryimage"},"thumbnailUrl":"https:\/\/canal7slp.tv\/2022\/wp-content\/uploads\/2022\/06\/Vazquez04GoberInforme.jpg","articleSection":["DESTACADAS","GOBEDOSLP","LOCALES Y REGIONALES"],"inLanguage":"es"},{"@type":"WebPage","@id":"https:\/\/canal7slp.tv\/2022\/gobierno-del-estado-integra-material-e-informacion-para-el-primer-informe-de-actividades\/","url":"https:\/\/canal7slp.tv\/2022\/gobierno-del-estado-integra-material-e-informacion-para-el-primer-informe-de-actividades\/","name":"Gobierno del Estado integra material e informaci\u00f3n para el primer informe de actividades. - Canal 7 SLP - 2022","isPartOf":{"@id":"https:\/\/canal7slp.tv\/2022\/#website"},"primaryImageOfPage":{"@id":"https:\/\/canal7slp.tv\/2022\/gobierno-del-estado-integra-material-e-informacion-para-el-primer-informe-de-actividades\/#primaryimage"},"image":{"@id":"https:\/\/canal7slp.tv\/2022\/gobierno-del-estado-integra-material-e-informacion-para-el-primer-informe-de-actividades\/#primaryimage"},"thumbnailUrl":"https:\/\/canal7slp.tv\/2022\/wp-content\/uploads\/2022\/06\/Vazquez04GoberInforme.jpg","datePublished":"2022-06-08T21:17:04+00:00","breadcrumb":{"@id":"https:\/\/canal7slp.tv\/2022\/gobierno-del-estado-integra-material-e-informacion-para-el-primer-informe-de-actividades\/#breadcrumb"},"inLanguage":"es","potentialAction":[{"@type":"ReadAction","target":["https:\/\/canal7slp.tv\/2022\/gobierno-del-estado-integra-material-e-informacion-para-el-primer-informe-de-actividades\/"]}]},{"@type":"ImageObject","inLanguage":"es","@id":"https:\/\/canal7slp.tv\/2022\/gobierno-del-estado-integra-material-e-informacion-para-el-primer-informe-de-actividades\/#primaryimage","url":"https:\/\/canal7slp.tv\/2022\/wp-content\/uploads\/2022\/06\/Vazquez04GoberInforme.jpg","contentUrl":"https:\/\/canal7slp.tv\/2022\/wp-content\/uploads\/2022\/06\/Vazquez04GoberInforme.jpg","width":888,"height":500},{"@type":"BreadcrumbList","@id":"https:\/\/canal7slp.tv\/2022\/gobierno-del-estado-integra-material-e-informacion-para-el-primer-informe-de-actividades\/#breadcrumb","itemListElement":[{"@type":"ListItem","position":1,"name":"Portada","item":"https:\/\/canal7slp.tv\/2022\/"},{"@type":"ListItem","position":2,"name":"Gobierno del Estado integra material e informaci\u00f3n para el primer informe de actividades."}]},{"@type":"WebSite","@id":"https:\/\/canal7slp.tv\/2022\/#website","url":"https:\/\/canal7slp.tv\/2022\/","name":"N7 - Noticieros Canal 7","description":"Somos Televisi\u00f3n","publisher":{"@id":"https:\/\/canal7slp.tv\/2022\/#organization"},"potentialAction":[{"@type":"SearchAction","target":{"@type":"EntryPoint","urlTemplate":"https:\/\/canal7slp.tv\/2022\/?s={search_term_string}"},"query-input":{"@type":"PropertyValueSpecification","valueRequired":true,"valueName":"search_term_string"}}],"inLanguage":"es"},{"@type":"Organization","@id":"https:\/\/canal7slp.tv\/2022\/#organization","name":"Noticieros Canal 7","url":"https:\/\/canal7slp.tv\/2022\/","logo":{"@type":"ImageObject","inLanguage":"es","@id":"https:\/\/canal7slp.tv\/2022\/#\/schema\/logo\/image\/","url":"https:\/\/canal7slp.tv\/2022\/wp-content\/uploads\/2021\/01\/logo-noticieros@2x.png","contentUrl":"https:\/\/canal7slp.tv\/2022\/wp-content\/uploads\/2021\/01\/logo-noticieros@2x.png","width":1017,"height":268,"caption":"Noticieros Canal 7"},"image":{"@id":"https:\/\/canal7slp.tv\/2022\/#\/schema\/logo\/image\/"},"sameAs":["https:\/\/www.facebook.com\/noticieroscanalsiete","https:\/\/x.com\/NOTICIEROS7","https:\/\/www.instagram.com\/canal7_slp","https:\/\/www.youtube.com\/channel\/UCliiYs-gP3JfJeqdPrNdd5A"]},{"@type":"Person","@id":"https:\/\/canal7slp.tv\/2022\/#\/schema\/person\/429704152a21f5f856ce29aa69a238da","name":"Edici\u00f3n Web","image":{"@type":"ImageObject","inLanguage":"es","@id":"https:\/\/secure.gravatar.com\/avatar\/eee448fc3f7164808013b816ba91ac7e43bbe82a70bebac296f8bc6f0addaa1a?s=96&d=mm&r=g","url":"https:\/\/secure.gravatar.com\/avatar\/eee448fc3f7164808013b816ba91ac7e43bbe82a70bebac296f8bc6f0addaa1a?s=96&d=mm&r=g","contentUrl":"https:\/\/secure.gravatar.com\/avatar\/eee448fc3f7164808013b816ba91ac7e43bbe82a70bebac296f8bc6f0addaa1a?s=96&d=mm&r=g","caption":"Edici\u00f3n Web"},"url":"https:\/\/canal7slp.tv\/2022\/author\/edicionweb\/"}]}},"amp_enabled":true,"_links":{"self":[{"href":"https:\/\/canal7slp.tv\/2022\/wp-json\/wp\/v2\/posts\/62948","targetHints":{"allow":["GET"]}}],"collection":[{"href":"https:\/\/canal7slp.tv\/2022\/wp-json\/wp\/v2\/posts"}],"about":[{"href":"https:\/\/canal7slp.tv\/2022\/wp-json\/wp\/v2\/types\/post"}],"author":[{"embeddable":true,"href":"https:\/\/canal7slp.tv\/2022\/wp-json\/wp\/v2\/users\/2"}],"replies":[{"embeddable":true,"href":"https:\/\/canal7slp.tv\/2022\/wp-json\/wp\/v2\/comments?post=62948"}],"version-history":[{"count":4,"href":"https:\/\/canal7slp.tv\/2022\/wp-json\/wp\/v2\/posts\/62948\/revisions"}],"predecessor-version":[{"id":62983,"href":"https:\/\/canal7slp.tv\/2022\/wp-json\/wp\/v2\/posts\/62948\/revisions\/62983"}],"wp:featuredmedia":[{"embeddable":true,"href":"https:\/\/canal7slp.tv\/2022\/wp-json\/wp\/v2\/media\/62981"}],"wp:attachment":[{"href":"https:\/\/canal7slp.tv\/2022\/wp-json\/wp\/v2\/media?parent=62948"}],"wp:term":[{"taxonomy":"category","embeddable":true,"href":"https:\/\/canal7slp.tv\/2022\/wp-json\/wp\/v2\/categories?post=62948"},{"taxonomy":"post_tag","embeddable":true,"href":"https:\/\/canal7slp.tv\/2022\/wp-json\/wp\/v2\/tags?post=62948"}],"curies":[{"name":"wp","href":"https:\/\/api.w.org\/{rel}","templated":true}]}}