{"id":62947,"date":"2022-06-08T15:04:49","date_gmt":"2022-06-08T21:04:49","guid":{"rendered":"https:\/\/canal7slp.tv\/2022\/?p=62947"},"modified":"2022-06-08T15:04:49","modified_gmt":"2022-06-08T21:04:49","slug":"madre-de-alan-ibarra-castillo-quien-fuera-asesinado-en-2019-exige-medidas-de-proteccion-ante-constante-acoso","status":"publish","type":"post","link":"https:\/\/canal7slp.tv\/2022\/madre-de-alan-ibarra-castillo-quien-fuera-asesinado-en-2019-exige-medidas-de-proteccion-ante-constante-acoso\/","title":{"rendered":"Madre de Alan Ibarra Castillo, quien fuera asesinado en 2019, exige medidas de protecci\u00f3n ante constante acoso."},"content":{"rendered":"<p style=\"text-align: justify;\">SLP.- Silvia Castillo Hern\u00e1ndez se manifest\u00f3 a las afueras del recinto del Congreso del Estado de San Luis Potos\u00ed para solicitar a las autoridades medidas de protecci\u00f3n por el acoso constante del que asegura es v\u00edctima por exigir soluci\u00f3n al caso de su hijo Alan Ibarra Castillo, quien fuera asesinado en el a\u00f1o 2019.<\/p>\n<p style=\"text-align: justify;\">\u00abVengo aqu\u00ed porque quiero medidas de protecci\u00f3n, no tengo, sali\u00f3 una recomendaci\u00f3n a nivel nacional mal hecha, la hizo derechos humanos de la nacional Ricardo Galv\u00e1n y Mar\u00eda del Rosario Quintana para proteger a v\u00edctimas porque esa recomendaci\u00f3n iba a salir en agosto de 2020 contra Vega Arroyo por violentarme, por mandarme golpear y desprestigiarme\u00bb, dijo.<\/p>\n<p style=\"text-align: justify;\">La entrevistada aclar\u00f3 que aunque los se\u00f1alamientos son en contra de los funcionarios de la pasada administraci\u00f3n, pide que los actuales tomen cartas en el asunto pues denunci\u00f3 que la propia Fiscal\u00eda General del Estado infiltr\u00f3 informaci\u00f3n personal que la vulnera.<\/p>\n<p style=\"text-align: justify;\">\u00abYo le exijo a las autoridades que no m\u00e1s revictimizaci\u00f3n qu\u00e9 ya no me lastimen porque yo puedo quedar a una audiencia porque soy diab\u00e9tica y soy hipertensa y les exijo que me ayuden; me da verg\u00fcenza exigirles porque todos pas\u00f3 con el podrido de Carreras que nunca me quiso escuchar, llegan ellos y ya sacaron las fichas de b\u00fasqueda\u00bb, manifest\u00f3.<\/p>\n<p style=\"text-align: justify;\">A su vez, Castillo Hern\u00e1ndez critic\u00f3 el trabajo que se realiza por parte de la Comisi\u00f3n Ejecutiva Estatal de Atenci\u00f3n na V\u00edctimas pues menciona que no se le ha dado el apoyo que le corresponde.<\/p>\n<p style=\"text-align: justify;\">\u00abDeficiente, tiene mucho que desear yo ten\u00eda la esperanza de no hacer p\u00fablica la recomendaci\u00f3n contra qui\u00e9n sali\u00f3, que me iban a tener un poco de compasi\u00f3n, pero ya veo que no, el domingo yo pude haberme ido a una manifestaci\u00f3n con las de la guarder\u00eda ABC para que mi lucha se hiciera viral\u00bb, termin\u00f3.<\/p>\n<p style=\"text-align: justify;\">Por: Jos\u00e9 Luis V\u00e1zquez<\/p>\n","protected":false},"excerpt":{"rendered":"<p>SLP.- Silvia Castillo Hern\u00e1ndez se manifest\u00f3 a las afueras del recinto del Congreso del Estado de San Luis Potos\u00ed para solicitar a las autoridades medidas de protecci\u00f3n por el acoso constante del que asegura es v\u00edctima por exigir soluci\u00f3n al caso de su hijo Alan Ibarra Castillo, quien fuera asesinado en el a\u00f1o 2019. \u00abVengo aqu\u00ed porque quiero medidas de protecci\u00f3n, no tengo, sali\u00f3 una recomendaci\u00f3n a nivel nacional mal hecha, la hizo derechos humanos de la nacional Ricardo Galv\u00e1n y Mar\u00eda del Rosario Quintana para proteger a v\u00edctimas porque esa recomendaci\u00f3n iba a salir en agosto de 2020 contra [&hellip;]<\/p>\n","protected":false},"author":2,"featured_media":62976,"comment_status":"closed","ping_status":"closed","sticky":false,"template":"","format":"video","meta":{"footnotes":""},"categories":[5,45],"tags":[],"class_list":["post-62947","post","type-post","status-publish","format-video","has-post-thumbnail","hentry","category-destacadas","category-localesyregionales","post_format-post-format-video","post--single"],"yoast_head":"<!-- This site is optimized with the Yoast SEO plugin v27.5 - https:\/\/yoast.com\/product\/yoast-seo-wordpress\/ -->\n<title>Madre de Alan Ibarra Castillo, quien fuera asesinado en 2019, exige medidas de protecci\u00f3n ante constante acoso. - Canal 7 SLP - 2022<\/title>\n<meta name=\"robots\" content=\"index, follow, max-snippet:-1, max-image-preview:large, max-video-preview:-1\" \/>\n<link rel=\"canonical\" href=\"https:\/\/canal7slp.tv\/2022\/madre-de-alan-ibarra-castillo-quien-fuera-asesinado-en-2019-exige-medidas-de-proteccion-ante-constante-acoso\/\" \/>\n<meta property=\"og:locale\" content=\"es_ES\" \/>\n<meta property=\"og:type\" content=\"article\" \/>\n<meta property=\"og:title\" content=\"Madre de Alan Ibarra Castillo, quien fuera asesinado en 2019, exige medidas de protecci\u00f3n ante constante acoso. - Canal 7 SLP - 2022\" \/>\n<meta property=\"og:description\" content=\"SLP.- Silvia Castillo Hern\u00e1ndez se manifest\u00f3 a las afueras del recinto del Congreso del Estado de San Luis Potos\u00ed para solicitar a las autoridades medidas de protecci\u00f3n por el acoso constante del que asegura es v\u00edctima por exigir soluci\u00f3n al caso de su hijo Alan Ibarra Castillo, quien fuera asesinado en el a\u00f1o 2019. \u00abVengo aqu\u00ed porque quiero medidas de protecci\u00f3n, no tengo, sali\u00f3 una recomendaci\u00f3n a nivel nacional mal hecha, la hizo derechos humanos de la nacional Ricardo Galv\u00e1n y Mar\u00eda del Rosario Quintana para proteger a v\u00edctimas porque esa recomendaci\u00f3n iba a salir en agosto de 2020 contra [&hellip;]\" \/>\n<meta property=\"og:url\" content=\"https:\/\/canal7slp.tv\/2022\/madre-de-alan-ibarra-castillo-quien-fuera-asesinado-en-2019-exige-medidas-de-proteccion-ante-constante-acoso\/\" \/>\n<meta property=\"og:site_name\" content=\"Canal 7 SLP - 2022\" \/>\n<meta property=\"article:publisher\" content=\"https:\/\/www.facebook.com\/noticieroscanalsiete\" \/>\n<meta property=\"article:published_time\" content=\"2022-06-08T21:04:49+00:00\" \/>\n<meta property=\"og:image\" content=\"https:\/\/canal7slp.tv\/2022\/wp-content\/uploads\/2022\/06\/Vazquez02MamaAlan.jpg\" \/>\n\t<meta property=\"og:image:width\" content=\"888\" \/>\n\t<meta property=\"og:image:height\" content=\"500\" \/>\n\t<meta property=\"og:image:type\" content=\"image\/jpeg\" \/>\n<meta name=\"author\" content=\"Edici\u00f3n Web\" \/>\n<meta name=\"twitter:card\" content=\"summary_large_image\" \/>\n<meta name=\"twitter:creator\" content=\"@NOTICIEROS7\" \/>\n<meta name=\"twitter:site\" content=\"@NOTICIEROS7\" \/>\n<meta name=\"twitter:label1\" content=\"Escrito por\" \/>\n\t<meta name=\"twitter:data1\" content=\"Edici\u00f3n Web\" \/>\n\t<meta name=\"twitter:label2\" content=\"Tiempo de lectura\" \/>\n\t<meta name=\"twitter:data2\" content=\"2 minutos\" \/>\n<script type=\"application\/ld+json\" class=\"yoast-schema-graph\">{\"@context\":\"https:\\\/\\\/schema.org\",\"@graph\":[{\"@type\":\"Article\",\"@id\":\"https:\\\/\\\/canal7slp.tv\\\/2022\\\/madre-de-alan-ibarra-castillo-quien-fuera-asesinado-en-2019-exige-medidas-de-proteccion-ante-constante-acoso\\\/#article\",\"isPartOf\":{\"@id\":\"https:\\\/\\\/canal7slp.tv\\\/2022\\\/madre-de-alan-ibarra-castillo-quien-fuera-asesinado-en-2019-exige-medidas-de-proteccion-ante-constante-acoso\\\/\"},\"author\":{\"name\":\"Edici\u00f3n Web\",\"@id\":\"https:\\\/\\\/canal7slp.tv\\\/2022\\\/#\\\/schema\\\/person\\\/429704152a21f5f856ce29aa69a238da\"},\"headline\":\"Madre de Alan Ibarra Castillo, quien fuera asesinado en 2019, exige medidas de protecci\u00f3n ante constante acoso.\",\"datePublished\":\"2022-06-08T21:04:49+00:00\",\"mainEntityOfPage\":{\"@id\":\"https:\\\/\\\/canal7slp.tv\\\/2022\\\/madre-de-alan-ibarra-castillo-quien-fuera-asesinado-en-2019-exige-medidas-de-proteccion-ante-constante-acoso\\\/\"},\"wordCount\":354,\"publisher\":{\"@id\":\"https:\\\/\\\/canal7slp.tv\\\/2022\\\/#organization\"},\"image\":{\"@id\":\"https:\\\/\\\/canal7slp.tv\\\/2022\\\/madre-de-alan-ibarra-castillo-quien-fuera-asesinado-en-2019-exige-medidas-de-proteccion-ante-constante-acoso\\\/#primaryimage\"},\"thumbnailUrl\":\"https:\\\/\\\/canal7slp.tv\\\/2022\\\/wp-content\\\/uploads\\\/2022\\\/06\\\/Vazquez02MamaAlan.jpg\",\"articleSection\":[\"DESTACADAS\",\"LOCALES Y REGIONALES\"],\"inLanguage\":\"es\"},{\"@type\":\"WebPage\",\"@id\":\"https:\\\/\\\/canal7slp.tv\\\/2022\\\/madre-de-alan-ibarra-castillo-quien-fuera-asesinado-en-2019-exige-medidas-de-proteccion-ante-constante-acoso\\\/\",\"url\":\"https:\\\/\\\/canal7slp.tv\\\/2022\\\/madre-de-alan-ibarra-castillo-quien-fuera-asesinado-en-2019-exige-medidas-de-proteccion-ante-constante-acoso\\\/\",\"name\":\"Madre de Alan Ibarra Castillo, quien fuera asesinado en 2019, exige medidas de protecci\u00f3n ante constante acoso. - Canal 7 SLP - 2022\",\"isPartOf\":{\"@id\":\"https:\\\/\\\/canal7slp.tv\\\/2022\\\/#website\"},\"primaryImageOfPage\":{\"@id\":\"https:\\\/\\\/canal7slp.tv\\\/2022\\\/madre-de-alan-ibarra-castillo-quien-fuera-asesinado-en-2019-exige-medidas-de-proteccion-ante-constante-acoso\\\/#primaryimage\"},\"image\":{\"@id\":\"https:\\\/\\\/canal7slp.tv\\\/2022\\\/madre-de-alan-ibarra-castillo-quien-fuera-asesinado-en-2019-exige-medidas-de-proteccion-ante-constante-acoso\\\/#primaryimage\"},\"thumbnailUrl\":\"https:\\\/\\\/canal7slp.tv\\\/2022\\\/wp-content\\\/uploads\\\/2022\\\/06\\\/Vazquez02MamaAlan.jpg\",\"datePublished\":\"2022-06-08T21:04:49+00:00\",\"breadcrumb\":{\"@id\":\"https:\\\/\\\/canal7slp.tv\\\/2022\\\/madre-de-alan-ibarra-castillo-quien-fuera-asesinado-en-2019-exige-medidas-de-proteccion-ante-constante-acoso\\\/#breadcrumb\"},\"inLanguage\":\"es\",\"potentialAction\":[{\"@type\":\"ReadAction\",\"target\":[\"https:\\\/\\\/canal7slp.tv\\\/2022\\\/madre-de-alan-ibarra-castillo-quien-fuera-asesinado-en-2019-exige-medidas-de-proteccion-ante-constante-acoso\\\/\"]}]},{\"@type\":\"ImageObject\",\"inLanguage\":\"es\",\"@id\":\"https:\\\/\\\/canal7slp.tv\\\/2022\\\/madre-de-alan-ibarra-castillo-quien-fuera-asesinado-en-2019-exige-medidas-de-proteccion-ante-constante-acoso\\\/#primaryimage\",\"url\":\"https:\\\/\\\/canal7slp.tv\\\/2022\\\/wp-content\\\/uploads\\\/2022\\\/06\\\/Vazquez02MamaAlan.jpg\",\"contentUrl\":\"https:\\\/\\\/canal7slp.tv\\\/2022\\\/wp-content\\\/uploads\\\/2022\\\/06\\\/Vazquez02MamaAlan.jpg\",\"width\":888,\"height\":500},{\"@type\":\"BreadcrumbList\",\"@id\":\"https:\\\/\\\/canal7slp.tv\\\/2022\\\/madre-de-alan-ibarra-castillo-quien-fuera-asesinado-en-2019-exige-medidas-de-proteccion-ante-constante-acoso\\\/#breadcrumb\",\"itemListElement\":[{\"@type\":\"ListItem\",\"position\":1,\"name\":\"Portada\",\"item\":\"https:\\\/\\\/canal7slp.tv\\\/2022\\\/\"},{\"@type\":\"ListItem\",\"position\":2,\"name\":\"Madre de Alan Ibarra Castillo, quien fuera asesinado en 2019, exige medidas de protecci\u00f3n ante constante acoso.\"}]},{\"@type\":\"WebSite\",\"@id\":\"https:\\\/\\\/canal7slp.tv\\\/2022\\\/#website\",\"url\":\"https:\\\/\\\/canal7slp.tv\\\/2022\\\/\",\"name\":\"N7 - Noticieros Canal 7\",\"description\":\"Somos Televisi\u00f3n\",\"publisher\":{\"@id\":\"https:\\\/\\\/canal7slp.tv\\\/2022\\\/#organization\"},\"potentialAction\":[{\"@type\":\"SearchAction\",\"target\":{\"@type\":\"EntryPoint\",\"urlTemplate\":\"https:\\\/\\\/canal7slp.tv\\\/2022\\\/?s={search_term_string}\"},\"query-input\":{\"@type\":\"PropertyValueSpecification\",\"valueRequired\":true,\"valueName\":\"search_term_string\"}}],\"inLanguage\":\"es\"},{\"@type\":\"Organization\",\"@id\":\"https:\\\/\\\/canal7slp.tv\\\/2022\\\/#organization\",\"name\":\"Noticieros Canal 7\",\"url\":\"https:\\\/\\\/canal7slp.tv\\\/2022\\\/\",\"logo\":{\"@type\":\"ImageObject\",\"inLanguage\":\"es\",\"@id\":\"https:\\\/\\\/canal7slp.tv\\\/2022\\\/#\\\/schema\\\/logo\\\/image\\\/\",\"url\":\"https:\\\/\\\/canal7slp.tv\\\/2022\\\/wp-content\\\/uploads\\\/2021\\\/01\\\/logo-noticieros@2x.png\",\"contentUrl\":\"https:\\\/\\\/canal7slp.tv\\\/2022\\\/wp-content\\\/uploads\\\/2021\\\/01\\\/logo-noticieros@2x.png\",\"width\":1017,\"height\":268,\"caption\":\"Noticieros Canal 7\"},\"image\":{\"@id\":\"https:\\\/\\\/canal7slp.tv\\\/2022\\\/#\\\/schema\\\/logo\\\/image\\\/\"},\"sameAs\":[\"https:\\\/\\\/www.facebook.com\\\/noticieroscanalsiete\",\"https:\\\/\\\/x.com\\\/NOTICIEROS7\",\"https:\\\/\\\/www.instagram.com\\\/canal7_slp\",\"https:\\\/\\\/www.youtube.com\\\/channel\\\/UCliiYs-gP3JfJeqdPrNdd5A\"]},{\"@type\":\"Person\",\"@id\":\"https:\\\/\\\/canal7slp.tv\\\/2022\\\/#\\\/schema\\\/person\\\/429704152a21f5f856ce29aa69a238da\",\"name\":\"Edici\u00f3n Web\",\"image\":{\"@type\":\"ImageObject\",\"inLanguage\":\"es\",\"@id\":\"https:\\\/\\\/secure.gravatar.com\\\/avatar\\\/eee448fc3f7164808013b816ba91ac7e43bbe82a70bebac296f8bc6f0addaa1a?s=96&d=mm&r=g\",\"url\":\"https:\\\/\\\/secure.gravatar.com\\\/avatar\\\/eee448fc3f7164808013b816ba91ac7e43bbe82a70bebac296f8bc6f0addaa1a?s=96&d=mm&r=g\",\"contentUrl\":\"https:\\\/\\\/secure.gravatar.com\\\/avatar\\\/eee448fc3f7164808013b816ba91ac7e43bbe82a70bebac296f8bc6f0addaa1a?s=96&d=mm&r=g\",\"caption\":\"Edici\u00f3n Web\"},\"url\":\"https:\\\/\\\/canal7slp.tv\\\/2022\\\/author\\\/edicionweb\\\/\"}]}<\/script>\n<!-- \/ Yoast SEO plugin. -->","yoast_head_json":{"title":"Madre de Alan Ibarra Castillo, quien fuera asesinado en 2019, exige medidas de protecci\u00f3n ante constante acoso. - Canal 7 SLP - 2022","robots":{"index":"index","follow":"follow","max-snippet":"max-snippet:-1","max-image-preview":"max-image-preview:large","max-video-preview":"max-video-preview:-1"},"canonical":"https:\/\/canal7slp.tv\/2022\/madre-de-alan-ibarra-castillo-quien-fuera-asesinado-en-2019-exige-medidas-de-proteccion-ante-constante-acoso\/","og_locale":"es_ES","og_type":"article","og_title":"Madre de Alan Ibarra Castillo, quien fuera asesinado en 2019, exige medidas de protecci\u00f3n ante constante acoso. - Canal 7 SLP - 2022","og_description":"SLP.- Silvia Castillo Hern\u00e1ndez se manifest\u00f3 a las afueras del recinto del Congreso del Estado de San Luis Potos\u00ed para solicitar a las autoridades medidas de protecci\u00f3n por el acoso constante del que asegura es v\u00edctima por exigir soluci\u00f3n al caso de su hijo Alan Ibarra Castillo, quien fuera asesinado en el a\u00f1o 2019. \u00abVengo aqu\u00ed porque quiero medidas de protecci\u00f3n, no tengo, sali\u00f3 una recomendaci\u00f3n a nivel nacional mal hecha, la hizo derechos humanos de la nacional Ricardo Galv\u00e1n y Mar\u00eda del Rosario Quintana para proteger a v\u00edctimas porque esa recomendaci\u00f3n iba a salir en agosto de 2020 contra [&hellip;]","og_url":"https:\/\/canal7slp.tv\/2022\/madre-de-alan-ibarra-castillo-quien-fuera-asesinado-en-2019-exige-medidas-de-proteccion-ante-constante-acoso\/","og_site_name":"Canal 7 SLP - 2022","article_publisher":"https:\/\/www.facebook.com\/noticieroscanalsiete","article_published_time":"2022-06-08T21:04:49+00:00","og_image":[{"width":888,"height":500,"url":"https:\/\/canal7slp.tv\/2022\/wp-content\/uploads\/2022\/06\/Vazquez02MamaAlan.jpg","type":"image\/jpeg"}],"author":"Edici\u00f3n Web","twitter_card":"summary_large_image","twitter_creator":"@NOTICIEROS7","twitter_site":"@NOTICIEROS7","twitter_misc":{"Escrito por":"Edici\u00f3n Web","Tiempo de lectura":"2 minutos"},"schema":{"@context":"https:\/\/schema.org","@graph":[{"@type":"Article","@id":"https:\/\/canal7slp.tv\/2022\/madre-de-alan-ibarra-castillo-quien-fuera-asesinado-en-2019-exige-medidas-de-proteccion-ante-constante-acoso\/#article","isPartOf":{"@id":"https:\/\/canal7slp.tv\/2022\/madre-de-alan-ibarra-castillo-quien-fuera-asesinado-en-2019-exige-medidas-de-proteccion-ante-constante-acoso\/"},"author":{"name":"Edici\u00f3n Web","@id":"https:\/\/canal7slp.tv\/2022\/#\/schema\/person\/429704152a21f5f856ce29aa69a238da"},"headline":"Madre de Alan Ibarra Castillo, quien fuera asesinado en 2019, exige medidas de protecci\u00f3n ante constante acoso.","datePublished":"2022-06-08T21:04:49+00:00","mainEntityOfPage":{"@id":"https:\/\/canal7slp.tv\/2022\/madre-de-alan-ibarra-castillo-quien-fuera-asesinado-en-2019-exige-medidas-de-proteccion-ante-constante-acoso\/"},"wordCount":354,"publisher":{"@id":"https:\/\/canal7slp.tv\/2022\/#organization"},"image":{"@id":"https:\/\/canal7slp.tv\/2022\/madre-de-alan-ibarra-castillo-quien-fuera-asesinado-en-2019-exige-medidas-de-proteccion-ante-constante-acoso\/#primaryimage"},"thumbnailUrl":"https:\/\/canal7slp.tv\/2022\/wp-content\/uploads\/2022\/06\/Vazquez02MamaAlan.jpg","articleSection":["DESTACADAS","LOCALES Y REGIONALES"],"inLanguage":"es"},{"@type":"WebPage","@id":"https:\/\/canal7slp.tv\/2022\/madre-de-alan-ibarra-castillo-quien-fuera-asesinado-en-2019-exige-medidas-de-proteccion-ante-constante-acoso\/","url":"https:\/\/canal7slp.tv\/2022\/madre-de-alan-ibarra-castillo-quien-fuera-asesinado-en-2019-exige-medidas-de-proteccion-ante-constante-acoso\/","name":"Madre de Alan Ibarra Castillo, quien fuera asesinado en 2019, exige medidas de protecci\u00f3n ante constante acoso. - Canal 7 SLP - 2022","isPartOf":{"@id":"https:\/\/canal7slp.tv\/2022\/#website"},"primaryImageOfPage":{"@id":"https:\/\/canal7slp.tv\/2022\/madre-de-alan-ibarra-castillo-quien-fuera-asesinado-en-2019-exige-medidas-de-proteccion-ante-constante-acoso\/#primaryimage"},"image":{"@id":"https:\/\/canal7slp.tv\/2022\/madre-de-alan-ibarra-castillo-quien-fuera-asesinado-en-2019-exige-medidas-de-proteccion-ante-constante-acoso\/#primaryimage"},"thumbnailUrl":"https:\/\/canal7slp.tv\/2022\/wp-content\/uploads\/2022\/06\/Vazquez02MamaAlan.jpg","datePublished":"2022-06-08T21:04:49+00:00","breadcrumb":{"@id":"https:\/\/canal7slp.tv\/2022\/madre-de-alan-ibarra-castillo-quien-fuera-asesinado-en-2019-exige-medidas-de-proteccion-ante-constante-acoso\/#breadcrumb"},"inLanguage":"es","potentialAction":[{"@type":"ReadAction","target":["https:\/\/canal7slp.tv\/2022\/madre-de-alan-ibarra-castillo-quien-fuera-asesinado-en-2019-exige-medidas-de-proteccion-ante-constante-acoso\/"]}]},{"@type":"ImageObject","inLanguage":"es","@id":"https:\/\/canal7slp.tv\/2022\/madre-de-alan-ibarra-castillo-quien-fuera-asesinado-en-2019-exige-medidas-de-proteccion-ante-constante-acoso\/#primaryimage","url":"https:\/\/canal7slp.tv\/2022\/wp-content\/uploads\/2022\/06\/Vazquez02MamaAlan.jpg","contentUrl":"https:\/\/canal7slp.tv\/2022\/wp-content\/uploads\/2022\/06\/Vazquez02MamaAlan.jpg","width":888,"height":500},{"@type":"BreadcrumbList","@id":"https:\/\/canal7slp.tv\/2022\/madre-de-alan-ibarra-castillo-quien-fuera-asesinado-en-2019-exige-medidas-de-proteccion-ante-constante-acoso\/#breadcrumb","itemListElement":[{"@type":"ListItem","position":1,"name":"Portada","item":"https:\/\/canal7slp.tv\/2022\/"},{"@type":"ListItem","position":2,"name":"Madre de Alan Ibarra Castillo, quien fuera asesinado en 2019, exige medidas de protecci\u00f3n ante constante acoso."}]},{"@type":"WebSite","@id":"https:\/\/canal7slp.tv\/2022\/#website","url":"https:\/\/canal7slp.tv\/2022\/","name":"N7 - Noticieros Canal 7","description":"Somos Televisi\u00f3n","publisher":{"@id":"https:\/\/canal7slp.tv\/2022\/#organization"},"potentialAction":[{"@type":"SearchAction","target":{"@type":"EntryPoint","urlTemplate":"https:\/\/canal7slp.tv\/2022\/?s={search_term_string}"},"query-input":{"@type":"PropertyValueSpecification","valueRequired":true,"valueName":"search_term_string"}}],"inLanguage":"es"},{"@type":"Organization","@id":"https:\/\/canal7slp.tv\/2022\/#organization","name":"Noticieros Canal 7","url":"https:\/\/canal7slp.tv\/2022\/","logo":{"@type":"ImageObject","inLanguage":"es","@id":"https:\/\/canal7slp.tv\/2022\/#\/schema\/logo\/image\/","url":"https:\/\/canal7slp.tv\/2022\/wp-content\/uploads\/2021\/01\/logo-noticieros@2x.png","contentUrl":"https:\/\/canal7slp.tv\/2022\/wp-content\/uploads\/2021\/01\/logo-noticieros@2x.png","width":1017,"height":268,"caption":"Noticieros Canal 7"},"image":{"@id":"https:\/\/canal7slp.tv\/2022\/#\/schema\/logo\/image\/"},"sameAs":["https:\/\/www.facebook.com\/noticieroscanalsiete","https:\/\/x.com\/NOTICIEROS7","https:\/\/www.instagram.com\/canal7_slp","https:\/\/www.youtube.com\/channel\/UCliiYs-gP3JfJeqdPrNdd5A"]},{"@type":"Person","@id":"https:\/\/canal7slp.tv\/2022\/#\/schema\/person\/429704152a21f5f856ce29aa69a238da","name":"Edici\u00f3n Web","image":{"@type":"ImageObject","inLanguage":"es","@id":"https:\/\/secure.gravatar.com\/avatar\/eee448fc3f7164808013b816ba91ac7e43bbe82a70bebac296f8bc6f0addaa1a?s=96&d=mm&r=g","url":"https:\/\/secure.gravatar.com\/avatar\/eee448fc3f7164808013b816ba91ac7e43bbe82a70bebac296f8bc6f0addaa1a?s=96&d=mm&r=g","contentUrl":"https:\/\/secure.gravatar.com\/avatar\/eee448fc3f7164808013b816ba91ac7e43bbe82a70bebac296f8bc6f0addaa1a?s=96&d=mm&r=g","caption":"Edici\u00f3n Web"},"url":"https:\/\/canal7slp.tv\/2022\/author\/edicionweb\/"}]}},"amp_enabled":true,"_links":{"self":[{"href":"https:\/\/canal7slp.tv\/2022\/wp-json\/wp\/v2\/posts\/62947","targetHints":{"allow":["GET"]}}],"collection":[{"href":"https:\/\/canal7slp.tv\/2022\/wp-json\/wp\/v2\/posts"}],"about":[{"href":"https:\/\/canal7slp.tv\/2022\/wp-json\/wp\/v2\/types\/post"}],"author":[{"embeddable":true,"href":"https:\/\/canal7slp.tv\/2022\/wp-json\/wp\/v2\/users\/2"}],"replies":[{"embeddable":true,"href":"https:\/\/canal7slp.tv\/2022\/wp-json\/wp\/v2\/comments?post=62947"}],"version-history":[{"count":4,"href":"https:\/\/canal7slp.tv\/2022\/wp-json\/wp\/v2\/posts\/62947\/revisions"}],"predecessor-version":[{"id":62978,"href":"https:\/\/canal7slp.tv\/2022\/wp-json\/wp\/v2\/posts\/62947\/revisions\/62978"}],"wp:featuredmedia":[{"embeddable":true,"href":"https:\/\/canal7slp.tv\/2022\/wp-json\/wp\/v2\/media\/62976"}],"wp:attachment":[{"href":"https:\/\/canal7slp.tv\/2022\/wp-json\/wp\/v2\/media?parent=62947"}],"wp:term":[{"taxonomy":"category","embeddable":true,"href":"https:\/\/canal7slp.tv\/2022\/wp-json\/wp\/v2\/categories?post=62947"},{"taxonomy":"post_tag","embeddable":true,"href":"https:\/\/canal7slp.tv\/2022\/wp-json\/wp\/v2\/tags?post=62947"}],"curies":[{"name":"wp","href":"https:\/\/api.w.org\/{rel}","templated":true}]}}