{"id":62946,"date":"2022-06-08T15:01:53","date_gmt":"2022-06-08T21:01:53","guid":{"rendered":"https:\/\/canal7slp.tv\/2022\/?p=62946"},"modified":"2022-06-08T15:01:53","modified_gmt":"2022-06-08T21:01:53","slug":"01-aborto-slp-vazquezno-se-registra-carpeta-alguna-judicializada-por-interrupcion-de-embarazo-aclara-stje","status":"publish","type":"post","link":"https:\/\/canal7slp.tv\/2022\/01-aborto-slp-vazquezno-se-registra-carpeta-alguna-judicializada-por-interrupcion-de-embarazo-aclara-stje\/","title":{"rendered":"01 Aborto SLP \u2013 V\u00e1zquez:No se registra carpeta alguna judicializada por interrupci\u00f3n de embarazo, aclara STJE."},"content":{"rendered":"<p>&nbsp;<\/p>\n<ul>\n<li>Sin embargo, esperar\u00eda que la adecuaci\u00f3n al C\u00f3digo Penal se haga en breve, tal como en otras entidades.<\/li>\n<\/ul>\n<p style=\"text-align: justify;\">SLP.- La titular del Supremo Tribunal de Justicia en el estado, Olga Regina Garc\u00eda L\u00f3pez, declar\u00f3 que actualmente no se judicializa ning\u00fan caso de aborto en San Luis Potos\u00ed.<\/p>\n<p style=\"text-align: justify;\">Pese a ello, se\u00f1al\u00f3 la necesidad de que en el Congreso del Estado ya se realizan las adecuaciones legislativas necesarias para atender este tema.<\/p>\n<p style=\"text-align: justify;\">Y aunque a nivel nacional todav\u00eda no es legal, hay varias entidades que ya modificaron su c\u00f3digo penal y el aborto ya es una realidad, el \u00faltimo de ellos fue Baja California Sur, siendo la novena entidad en permitirlo.<\/p>\n<p style=\"text-align: justify;\">\u201cNosotros todav\u00eda no tenemos la adecuaci\u00f3n legislativa, esperamos que el Congreso en su momento haga esa adecuaci\u00f3n, por lo pronto aqu\u00ed en el estado, nosotros como Consejo mandamos a preguntar a los jueces si ten\u00edan alg\u00fan asunto pendiente o en tr\u00e1mite y ninguno, no tenemos ning\u00fan pendiente o en tr\u00e1mite, no se ha iniciado ni se ha judicializado ninguna carpeta, eso nos da una tranquilidad\u201d, dijo<\/p>\n<p style=\"text-align: justify;\">Detall\u00f3 que en caso de que se presentara un asunto que tuviera relaci\u00f3n con el delito de aborto, se tendr\u00eda que hacer una interpretaci\u00f3n pro-persona, es decir, la legislaci\u00f3n que m\u00e1s aplique.<\/p>\n<p style=\"text-align: justify;\">\u201cEn este caso en la Constituci\u00f3n ir\u00edamos, porque la Constituci\u00f3n estuviera sobre nuestra legislaci\u00f3n estatal&#8230;Si ya sale la Reforma, nosotros aplicar\u00edamos esa norma, y se hace un sobreseimiento, porque el delito deja de tener car\u00e1cter de delito\u201d, explic\u00f3.<\/p>\n<p style=\"text-align: justify;\">Por: Jos\u00e9 Luis V\u00e1zquez<\/p>\n","protected":false},"excerpt":{"rendered":"<p>&nbsp; Sin embargo, esperar\u00eda que la adecuaci\u00f3n al C\u00f3digo Penal se haga en breve, tal como en otras entidades. SLP.- La titular del Supremo Tribunal de Justicia en el estado, Olga Regina Garc\u00eda L\u00f3pez, declar\u00f3 que actualmente no se judicializa ning\u00fan caso de aborto en San Luis Potos\u00ed. Pese a ello, se\u00f1al\u00f3 la necesidad de que en el Congreso del Estado ya se realizan las adecuaciones legislativas necesarias para atender este tema. Y aunque a nivel nacional todav\u00eda no es legal, hay varias entidades que ya modificaron su c\u00f3digo penal y el aborto ya es una realidad, el \u00faltimo de [&hellip;]<\/p>\n","protected":false},"author":2,"featured_media":62973,"comment_status":"closed","ping_status":"closed","sticky":false,"template":"","format":"video","meta":{"footnotes":""},"categories":[5,45],"tags":[],"class_list":["post-62946","post","type-post","status-publish","format-video","has-post-thumbnail","hentry","category-destacadas","category-localesyregionales","post_format-post-format-video","post--single"],"yoast_head":"<!-- This site is optimized with the Yoast SEO plugin v27.5 - https:\/\/yoast.com\/product\/yoast-seo-wordpress\/ -->\n<title>01 Aborto SLP \u2013 V\u00e1zquez:No se registra carpeta alguna judicializada por interrupci\u00f3n de embarazo, aclara STJE. - Canal 7 SLP - 2022<\/title>\n<meta name=\"robots\" content=\"index, follow, max-snippet:-1, max-image-preview:large, max-video-preview:-1\" \/>\n<link rel=\"canonical\" href=\"https:\/\/canal7slp.tv\/2022\/01-aborto-slp-vazquezno-se-registra-carpeta-alguna-judicializada-por-interrupcion-de-embarazo-aclara-stje\/\" \/>\n<meta property=\"og:locale\" content=\"es_ES\" \/>\n<meta property=\"og:type\" content=\"article\" \/>\n<meta property=\"og:title\" content=\"01 Aborto SLP \u2013 V\u00e1zquez:No se registra carpeta alguna judicializada por interrupci\u00f3n de embarazo, aclara STJE. - Canal 7 SLP - 2022\" \/>\n<meta property=\"og:description\" content=\"&nbsp; Sin embargo, esperar\u00eda que la adecuaci\u00f3n al C\u00f3digo Penal se haga en breve, tal como en otras entidades. SLP.- La titular del Supremo Tribunal de Justicia en el estado, Olga Regina Garc\u00eda L\u00f3pez, declar\u00f3 que actualmente no se judicializa ning\u00fan caso de aborto en San Luis Potos\u00ed. Pese a ello, se\u00f1al\u00f3 la necesidad de que en el Congreso del Estado ya se realizan las adecuaciones legislativas necesarias para atender este tema. Y aunque a nivel nacional todav\u00eda no es legal, hay varias entidades que ya modificaron su c\u00f3digo penal y el aborto ya es una realidad, el \u00faltimo de [&hellip;]\" \/>\n<meta property=\"og:url\" content=\"https:\/\/canal7slp.tv\/2022\/01-aborto-slp-vazquezno-se-registra-carpeta-alguna-judicializada-por-interrupcion-de-embarazo-aclara-stje\/\" \/>\n<meta property=\"og:site_name\" content=\"Canal 7 SLP - 2022\" \/>\n<meta property=\"article:publisher\" content=\"https:\/\/www.facebook.com\/noticieroscanalsiete\" \/>\n<meta property=\"article:published_time\" content=\"2022-06-08T21:01:53+00:00\" \/>\n<meta property=\"og:image\" content=\"https:\/\/canal7slp.tv\/2022\/wp-content\/uploads\/2022\/06\/Vazquez01Aborto.jpg\" \/>\n\t<meta property=\"og:image:width\" content=\"888\" \/>\n\t<meta property=\"og:image:height\" content=\"500\" \/>\n\t<meta property=\"og:image:type\" content=\"image\/jpeg\" \/>\n<meta name=\"author\" content=\"Edici\u00f3n Web\" \/>\n<meta name=\"twitter:card\" content=\"summary_large_image\" \/>\n<meta name=\"twitter:creator\" content=\"@NOTICIEROS7\" \/>\n<meta name=\"twitter:site\" content=\"@NOTICIEROS7\" \/>\n<meta name=\"twitter:label1\" content=\"Escrito por\" \/>\n\t<meta name=\"twitter:data1\" content=\"Edici\u00f3n Web\" \/>\n\t<meta name=\"twitter:label2\" content=\"Tiempo de lectura\" \/>\n\t<meta name=\"twitter:data2\" content=\"2 minutos\" \/>\n<script type=\"application\/ld+json\" class=\"yoast-schema-graph\">{\"@context\":\"https:\\\/\\\/schema.org\",\"@graph\":[{\"@type\":\"Article\",\"@id\":\"https:\\\/\\\/canal7slp.tv\\\/2022\\\/01-aborto-slp-vazquezno-se-registra-carpeta-alguna-judicializada-por-interrupcion-de-embarazo-aclara-stje\\\/#article\",\"isPartOf\":{\"@id\":\"https:\\\/\\\/canal7slp.tv\\\/2022\\\/01-aborto-slp-vazquezno-se-registra-carpeta-alguna-judicializada-por-interrupcion-de-embarazo-aclara-stje\\\/\"},\"author\":{\"name\":\"Edici\u00f3n Web\",\"@id\":\"https:\\\/\\\/canal7slp.tv\\\/2022\\\/#\\\/schema\\\/person\\\/429704152a21f5f856ce29aa69a238da\"},\"headline\":\"01 Aborto SLP \u2013 V\u00e1zquez:No se registra carpeta alguna judicializada por interrupci\u00f3n de embarazo, aclara STJE.\",\"datePublished\":\"2022-06-08T21:01:53+00:00\",\"mainEntityOfPage\":{\"@id\":\"https:\\\/\\\/canal7slp.tv\\\/2022\\\/01-aborto-slp-vazquezno-se-registra-carpeta-alguna-judicializada-por-interrupcion-de-embarazo-aclara-stje\\\/\"},\"wordCount\":299,\"publisher\":{\"@id\":\"https:\\\/\\\/canal7slp.tv\\\/2022\\\/#organization\"},\"image\":{\"@id\":\"https:\\\/\\\/canal7slp.tv\\\/2022\\\/01-aborto-slp-vazquezno-se-registra-carpeta-alguna-judicializada-por-interrupcion-de-embarazo-aclara-stje\\\/#primaryimage\"},\"thumbnailUrl\":\"https:\\\/\\\/canal7slp.tv\\\/2022\\\/wp-content\\\/uploads\\\/2022\\\/06\\\/Vazquez01Aborto.jpg\",\"articleSection\":[\"DESTACADAS\",\"LOCALES Y REGIONALES\"],\"inLanguage\":\"es\"},{\"@type\":\"WebPage\",\"@id\":\"https:\\\/\\\/canal7slp.tv\\\/2022\\\/01-aborto-slp-vazquezno-se-registra-carpeta-alguna-judicializada-por-interrupcion-de-embarazo-aclara-stje\\\/\",\"url\":\"https:\\\/\\\/canal7slp.tv\\\/2022\\\/01-aborto-slp-vazquezno-se-registra-carpeta-alguna-judicializada-por-interrupcion-de-embarazo-aclara-stje\\\/\",\"name\":\"01 Aborto SLP \u2013 V\u00e1zquez:No se registra carpeta alguna judicializada por interrupci\u00f3n de embarazo, aclara STJE. - Canal 7 SLP - 2022\",\"isPartOf\":{\"@id\":\"https:\\\/\\\/canal7slp.tv\\\/2022\\\/#website\"},\"primaryImageOfPage\":{\"@id\":\"https:\\\/\\\/canal7slp.tv\\\/2022\\\/01-aborto-slp-vazquezno-se-registra-carpeta-alguna-judicializada-por-interrupcion-de-embarazo-aclara-stje\\\/#primaryimage\"},\"image\":{\"@id\":\"https:\\\/\\\/canal7slp.tv\\\/2022\\\/01-aborto-slp-vazquezno-se-registra-carpeta-alguna-judicializada-por-interrupcion-de-embarazo-aclara-stje\\\/#primaryimage\"},\"thumbnailUrl\":\"https:\\\/\\\/canal7slp.tv\\\/2022\\\/wp-content\\\/uploads\\\/2022\\\/06\\\/Vazquez01Aborto.jpg\",\"datePublished\":\"2022-06-08T21:01:53+00:00\",\"breadcrumb\":{\"@id\":\"https:\\\/\\\/canal7slp.tv\\\/2022\\\/01-aborto-slp-vazquezno-se-registra-carpeta-alguna-judicializada-por-interrupcion-de-embarazo-aclara-stje\\\/#breadcrumb\"},\"inLanguage\":\"es\",\"potentialAction\":[{\"@type\":\"ReadAction\",\"target\":[\"https:\\\/\\\/canal7slp.tv\\\/2022\\\/01-aborto-slp-vazquezno-se-registra-carpeta-alguna-judicializada-por-interrupcion-de-embarazo-aclara-stje\\\/\"]}]},{\"@type\":\"ImageObject\",\"inLanguage\":\"es\",\"@id\":\"https:\\\/\\\/canal7slp.tv\\\/2022\\\/01-aborto-slp-vazquezno-se-registra-carpeta-alguna-judicializada-por-interrupcion-de-embarazo-aclara-stje\\\/#primaryimage\",\"url\":\"https:\\\/\\\/canal7slp.tv\\\/2022\\\/wp-content\\\/uploads\\\/2022\\\/06\\\/Vazquez01Aborto.jpg\",\"contentUrl\":\"https:\\\/\\\/canal7slp.tv\\\/2022\\\/wp-content\\\/uploads\\\/2022\\\/06\\\/Vazquez01Aborto.jpg\",\"width\":888,\"height\":500},{\"@type\":\"BreadcrumbList\",\"@id\":\"https:\\\/\\\/canal7slp.tv\\\/2022\\\/01-aborto-slp-vazquezno-se-registra-carpeta-alguna-judicializada-por-interrupcion-de-embarazo-aclara-stje\\\/#breadcrumb\",\"itemListElement\":[{\"@type\":\"ListItem\",\"position\":1,\"name\":\"Portada\",\"item\":\"https:\\\/\\\/canal7slp.tv\\\/2022\\\/\"},{\"@type\":\"ListItem\",\"position\":2,\"name\":\"01 Aborto SLP \u2013 V\u00e1zquez:No se registra carpeta alguna judicializada por interrupci\u00f3n de embarazo, aclara STJE.\"}]},{\"@type\":\"WebSite\",\"@id\":\"https:\\\/\\\/canal7slp.tv\\\/2022\\\/#website\",\"url\":\"https:\\\/\\\/canal7slp.tv\\\/2022\\\/\",\"name\":\"N7 - Noticieros Canal 7\",\"description\":\"Somos Televisi\u00f3n\",\"publisher\":{\"@id\":\"https:\\\/\\\/canal7slp.tv\\\/2022\\\/#organization\"},\"potentialAction\":[{\"@type\":\"SearchAction\",\"target\":{\"@type\":\"EntryPoint\",\"urlTemplate\":\"https:\\\/\\\/canal7slp.tv\\\/2022\\\/?s={search_term_string}\"},\"query-input\":{\"@type\":\"PropertyValueSpecification\",\"valueRequired\":true,\"valueName\":\"search_term_string\"}}],\"inLanguage\":\"es\"},{\"@type\":\"Organization\",\"@id\":\"https:\\\/\\\/canal7slp.tv\\\/2022\\\/#organization\",\"name\":\"Noticieros Canal 7\",\"url\":\"https:\\\/\\\/canal7slp.tv\\\/2022\\\/\",\"logo\":{\"@type\":\"ImageObject\",\"inLanguage\":\"es\",\"@id\":\"https:\\\/\\\/canal7slp.tv\\\/2022\\\/#\\\/schema\\\/logo\\\/image\\\/\",\"url\":\"https:\\\/\\\/canal7slp.tv\\\/2022\\\/wp-content\\\/uploads\\\/2021\\\/01\\\/logo-noticieros@2x.png\",\"contentUrl\":\"https:\\\/\\\/canal7slp.tv\\\/2022\\\/wp-content\\\/uploads\\\/2021\\\/01\\\/logo-noticieros@2x.png\",\"width\":1017,\"height\":268,\"caption\":\"Noticieros Canal 7\"},\"image\":{\"@id\":\"https:\\\/\\\/canal7slp.tv\\\/2022\\\/#\\\/schema\\\/logo\\\/image\\\/\"},\"sameAs\":[\"https:\\\/\\\/www.facebook.com\\\/noticieroscanalsiete\",\"https:\\\/\\\/x.com\\\/NOTICIEROS7\",\"https:\\\/\\\/www.instagram.com\\\/canal7_slp\",\"https:\\\/\\\/www.youtube.com\\\/channel\\\/UCliiYs-gP3JfJeqdPrNdd5A\"]},{\"@type\":\"Person\",\"@id\":\"https:\\\/\\\/canal7slp.tv\\\/2022\\\/#\\\/schema\\\/person\\\/429704152a21f5f856ce29aa69a238da\",\"name\":\"Edici\u00f3n Web\",\"image\":{\"@type\":\"ImageObject\",\"inLanguage\":\"es\",\"@id\":\"https:\\\/\\\/secure.gravatar.com\\\/avatar\\\/eee448fc3f7164808013b816ba91ac7e43bbe82a70bebac296f8bc6f0addaa1a?s=96&d=mm&r=g\",\"url\":\"https:\\\/\\\/secure.gravatar.com\\\/avatar\\\/eee448fc3f7164808013b816ba91ac7e43bbe82a70bebac296f8bc6f0addaa1a?s=96&d=mm&r=g\",\"contentUrl\":\"https:\\\/\\\/secure.gravatar.com\\\/avatar\\\/eee448fc3f7164808013b816ba91ac7e43bbe82a70bebac296f8bc6f0addaa1a?s=96&d=mm&r=g\",\"caption\":\"Edici\u00f3n Web\"},\"url\":\"https:\\\/\\\/canal7slp.tv\\\/2022\\\/author\\\/edicionweb\\\/\"}]}<\/script>\n<!-- \/ Yoast SEO plugin. -->","yoast_head_json":{"title":"01 Aborto SLP \u2013 V\u00e1zquez:No se registra carpeta alguna judicializada por interrupci\u00f3n de embarazo, aclara STJE. - Canal 7 SLP - 2022","robots":{"index":"index","follow":"follow","max-snippet":"max-snippet:-1","max-image-preview":"max-image-preview:large","max-video-preview":"max-video-preview:-1"},"canonical":"https:\/\/canal7slp.tv\/2022\/01-aborto-slp-vazquezno-se-registra-carpeta-alguna-judicializada-por-interrupcion-de-embarazo-aclara-stje\/","og_locale":"es_ES","og_type":"article","og_title":"01 Aborto SLP \u2013 V\u00e1zquez:No se registra carpeta alguna judicializada por interrupci\u00f3n de embarazo, aclara STJE. - Canal 7 SLP - 2022","og_description":"&nbsp; Sin embargo, esperar\u00eda que la adecuaci\u00f3n al C\u00f3digo Penal se haga en breve, tal como en otras entidades. SLP.- La titular del Supremo Tribunal de Justicia en el estado, Olga Regina Garc\u00eda L\u00f3pez, declar\u00f3 que actualmente no se judicializa ning\u00fan caso de aborto en San Luis Potos\u00ed. Pese a ello, se\u00f1al\u00f3 la necesidad de que en el Congreso del Estado ya se realizan las adecuaciones legislativas necesarias para atender este tema. Y aunque a nivel nacional todav\u00eda no es legal, hay varias entidades que ya modificaron su c\u00f3digo penal y el aborto ya es una realidad, el \u00faltimo de [&hellip;]","og_url":"https:\/\/canal7slp.tv\/2022\/01-aborto-slp-vazquezno-se-registra-carpeta-alguna-judicializada-por-interrupcion-de-embarazo-aclara-stje\/","og_site_name":"Canal 7 SLP - 2022","article_publisher":"https:\/\/www.facebook.com\/noticieroscanalsiete","article_published_time":"2022-06-08T21:01:53+00:00","og_image":[{"width":888,"height":500,"url":"https:\/\/canal7slp.tv\/2022\/wp-content\/uploads\/2022\/06\/Vazquez01Aborto.jpg","type":"image\/jpeg"}],"author":"Edici\u00f3n Web","twitter_card":"summary_large_image","twitter_creator":"@NOTICIEROS7","twitter_site":"@NOTICIEROS7","twitter_misc":{"Escrito por":"Edici\u00f3n Web","Tiempo de lectura":"2 minutos"},"schema":{"@context":"https:\/\/schema.org","@graph":[{"@type":"Article","@id":"https:\/\/canal7slp.tv\/2022\/01-aborto-slp-vazquezno-se-registra-carpeta-alguna-judicializada-por-interrupcion-de-embarazo-aclara-stje\/#article","isPartOf":{"@id":"https:\/\/canal7slp.tv\/2022\/01-aborto-slp-vazquezno-se-registra-carpeta-alguna-judicializada-por-interrupcion-de-embarazo-aclara-stje\/"},"author":{"name":"Edici\u00f3n Web","@id":"https:\/\/canal7slp.tv\/2022\/#\/schema\/person\/429704152a21f5f856ce29aa69a238da"},"headline":"01 Aborto SLP \u2013 V\u00e1zquez:No se registra carpeta alguna judicializada por interrupci\u00f3n de embarazo, aclara STJE.","datePublished":"2022-06-08T21:01:53+00:00","mainEntityOfPage":{"@id":"https:\/\/canal7slp.tv\/2022\/01-aborto-slp-vazquezno-se-registra-carpeta-alguna-judicializada-por-interrupcion-de-embarazo-aclara-stje\/"},"wordCount":299,"publisher":{"@id":"https:\/\/canal7slp.tv\/2022\/#organization"},"image":{"@id":"https:\/\/canal7slp.tv\/2022\/01-aborto-slp-vazquezno-se-registra-carpeta-alguna-judicializada-por-interrupcion-de-embarazo-aclara-stje\/#primaryimage"},"thumbnailUrl":"https:\/\/canal7slp.tv\/2022\/wp-content\/uploads\/2022\/06\/Vazquez01Aborto.jpg","articleSection":["DESTACADAS","LOCALES Y REGIONALES"],"inLanguage":"es"},{"@type":"WebPage","@id":"https:\/\/canal7slp.tv\/2022\/01-aborto-slp-vazquezno-se-registra-carpeta-alguna-judicializada-por-interrupcion-de-embarazo-aclara-stje\/","url":"https:\/\/canal7slp.tv\/2022\/01-aborto-slp-vazquezno-se-registra-carpeta-alguna-judicializada-por-interrupcion-de-embarazo-aclara-stje\/","name":"01 Aborto SLP \u2013 V\u00e1zquez:No se registra carpeta alguna judicializada por interrupci\u00f3n de embarazo, aclara STJE. - Canal 7 SLP - 2022","isPartOf":{"@id":"https:\/\/canal7slp.tv\/2022\/#website"},"primaryImageOfPage":{"@id":"https:\/\/canal7slp.tv\/2022\/01-aborto-slp-vazquezno-se-registra-carpeta-alguna-judicializada-por-interrupcion-de-embarazo-aclara-stje\/#primaryimage"},"image":{"@id":"https:\/\/canal7slp.tv\/2022\/01-aborto-slp-vazquezno-se-registra-carpeta-alguna-judicializada-por-interrupcion-de-embarazo-aclara-stje\/#primaryimage"},"thumbnailUrl":"https:\/\/canal7slp.tv\/2022\/wp-content\/uploads\/2022\/06\/Vazquez01Aborto.jpg","datePublished":"2022-06-08T21:01:53+00:00","breadcrumb":{"@id":"https:\/\/canal7slp.tv\/2022\/01-aborto-slp-vazquezno-se-registra-carpeta-alguna-judicializada-por-interrupcion-de-embarazo-aclara-stje\/#breadcrumb"},"inLanguage":"es","potentialAction":[{"@type":"ReadAction","target":["https:\/\/canal7slp.tv\/2022\/01-aborto-slp-vazquezno-se-registra-carpeta-alguna-judicializada-por-interrupcion-de-embarazo-aclara-stje\/"]}]},{"@type":"ImageObject","inLanguage":"es","@id":"https:\/\/canal7slp.tv\/2022\/01-aborto-slp-vazquezno-se-registra-carpeta-alguna-judicializada-por-interrupcion-de-embarazo-aclara-stje\/#primaryimage","url":"https:\/\/canal7slp.tv\/2022\/wp-content\/uploads\/2022\/06\/Vazquez01Aborto.jpg","contentUrl":"https:\/\/canal7slp.tv\/2022\/wp-content\/uploads\/2022\/06\/Vazquez01Aborto.jpg","width":888,"height":500},{"@type":"BreadcrumbList","@id":"https:\/\/canal7slp.tv\/2022\/01-aborto-slp-vazquezno-se-registra-carpeta-alguna-judicializada-por-interrupcion-de-embarazo-aclara-stje\/#breadcrumb","itemListElement":[{"@type":"ListItem","position":1,"name":"Portada","item":"https:\/\/canal7slp.tv\/2022\/"},{"@type":"ListItem","position":2,"name":"01 Aborto SLP \u2013 V\u00e1zquez:No se registra carpeta alguna judicializada por interrupci\u00f3n de embarazo, aclara STJE."}]},{"@type":"WebSite","@id":"https:\/\/canal7slp.tv\/2022\/#website","url":"https:\/\/canal7slp.tv\/2022\/","name":"N7 - Noticieros Canal 7","description":"Somos Televisi\u00f3n","publisher":{"@id":"https:\/\/canal7slp.tv\/2022\/#organization"},"potentialAction":[{"@type":"SearchAction","target":{"@type":"EntryPoint","urlTemplate":"https:\/\/canal7slp.tv\/2022\/?s={search_term_string}"},"query-input":{"@type":"PropertyValueSpecification","valueRequired":true,"valueName":"search_term_string"}}],"inLanguage":"es"},{"@type":"Organization","@id":"https:\/\/canal7slp.tv\/2022\/#organization","name":"Noticieros Canal 7","url":"https:\/\/canal7slp.tv\/2022\/","logo":{"@type":"ImageObject","inLanguage":"es","@id":"https:\/\/canal7slp.tv\/2022\/#\/schema\/logo\/image\/","url":"https:\/\/canal7slp.tv\/2022\/wp-content\/uploads\/2021\/01\/logo-noticieros@2x.png","contentUrl":"https:\/\/canal7slp.tv\/2022\/wp-content\/uploads\/2021\/01\/logo-noticieros@2x.png","width":1017,"height":268,"caption":"Noticieros Canal 7"},"image":{"@id":"https:\/\/canal7slp.tv\/2022\/#\/schema\/logo\/image\/"},"sameAs":["https:\/\/www.facebook.com\/noticieroscanalsiete","https:\/\/x.com\/NOTICIEROS7","https:\/\/www.instagram.com\/canal7_slp","https:\/\/www.youtube.com\/channel\/UCliiYs-gP3JfJeqdPrNdd5A"]},{"@type":"Person","@id":"https:\/\/canal7slp.tv\/2022\/#\/schema\/person\/429704152a21f5f856ce29aa69a238da","name":"Edici\u00f3n Web","image":{"@type":"ImageObject","inLanguage":"es","@id":"https:\/\/secure.gravatar.com\/avatar\/eee448fc3f7164808013b816ba91ac7e43bbe82a70bebac296f8bc6f0addaa1a?s=96&d=mm&r=g","url":"https:\/\/secure.gravatar.com\/avatar\/eee448fc3f7164808013b816ba91ac7e43bbe82a70bebac296f8bc6f0addaa1a?s=96&d=mm&r=g","contentUrl":"https:\/\/secure.gravatar.com\/avatar\/eee448fc3f7164808013b816ba91ac7e43bbe82a70bebac296f8bc6f0addaa1a?s=96&d=mm&r=g","caption":"Edici\u00f3n Web"},"url":"https:\/\/canal7slp.tv\/2022\/author\/edicionweb\/"}]}},"amp_enabled":true,"_links":{"self":[{"href":"https:\/\/canal7slp.tv\/2022\/wp-json\/wp\/v2\/posts\/62946","targetHints":{"allow":["GET"]}}],"collection":[{"href":"https:\/\/canal7slp.tv\/2022\/wp-json\/wp\/v2\/posts"}],"about":[{"href":"https:\/\/canal7slp.tv\/2022\/wp-json\/wp\/v2\/types\/post"}],"author":[{"embeddable":true,"href":"https:\/\/canal7slp.tv\/2022\/wp-json\/wp\/v2\/users\/2"}],"replies":[{"embeddable":true,"href":"https:\/\/canal7slp.tv\/2022\/wp-json\/wp\/v2\/comments?post=62946"}],"version-history":[{"count":4,"href":"https:\/\/canal7slp.tv\/2022\/wp-json\/wp\/v2\/posts\/62946\/revisions"}],"predecessor-version":[{"id":62975,"href":"https:\/\/canal7slp.tv\/2022\/wp-json\/wp\/v2\/posts\/62946\/revisions\/62975"}],"wp:featuredmedia":[{"embeddable":true,"href":"https:\/\/canal7slp.tv\/2022\/wp-json\/wp\/v2\/media\/62973"}],"wp:attachment":[{"href":"https:\/\/canal7slp.tv\/2022\/wp-json\/wp\/v2\/media?parent=62946"}],"wp:term":[{"taxonomy":"category","embeddable":true,"href":"https:\/\/canal7slp.tv\/2022\/wp-json\/wp\/v2\/categories?post=62946"},{"taxonomy":"post_tag","embeddable":true,"href":"https:\/\/canal7slp.tv\/2022\/wp-json\/wp\/v2\/tags?post=62946"}],"curies":[{"name":"wp","href":"https:\/\/api.w.org\/{rel}","templated":true}]}}