{"id":62911,"date":"2022-06-08T12:48:43","date_gmt":"2022-06-08T18:48:43","guid":{"rendered":"https:\/\/canal7slp.tv\/2022\/?p=62911"},"modified":"2022-06-08T12:48:43","modified_gmt":"2022-06-08T18:48:43","slug":"durante-mayo-repuntaron-casos-de-covid-19-en-el-pais","status":"publish","type":"post","link":"https:\/\/canal7slp.tv\/2022\/durante-mayo-repuntaron-casos-de-covid-19-en-el-pais\/","title":{"rendered":"Durante mayo repuntaron casos de COVID-19 en el pa\u00eds"},"content":{"rendered":"<p style=\"text-align: justify;\">M\u00e9xico.- Durante el mes de mayo, los contagios por COVID-19 registraron un repunte, situaci\u00f3n que especialistas catalogaron como el inicio de la quinta ola.<\/p>\n<p style=\"text-align: justify;\">De acuerdo con los reportes semanales de la Secretar\u00eda de Salud, durante el quinto mes del 2022 se detectaron 55 mil 476 infecciones.<\/p>\n<p style=\"text-align: justify;\">No obstante, en el caso de las defunciones, estas registraron una baja, al pasar de mil 118 en abril a 720 en mayo.<\/p>\n<p style=\"text-align: justify;\">Pese a que expertos aseguran que M\u00e9xico esta en la quinta ola de contagios, se exhorta a la poblaci\u00f3n a no caer en p\u00e1nico.<\/p>\n<p style=\"text-align: justify;\">Detallaron que esta situaci\u00f3n se dio debido a la de las medidas sanitarias.<\/p>\n","protected":false},"excerpt":{"rendered":"<p>M\u00e9xico.- Durante el mes de mayo, los contagios por COVID-19 registraron un repunte, situaci\u00f3n que especialistas catalogaron como el inicio de la quinta ola. De acuerdo con los reportes semanales de la Secretar\u00eda de Salud, durante el quinto mes del 2022 se detectaron 55 mil 476 infecciones. No obstante, en el caso de las defunciones, estas registraron una baja, al pasar de mil 118 en abril a 720 en mayo. Pese a que expertos aseguran que M\u00e9xico esta en la quinta ola de contagios, se exhorta a la poblaci\u00f3n a no caer en p\u00e1nico. Detallaron que esta situaci\u00f3n se dio [&hellip;]<\/p>\n","protected":false},"author":2,"featured_media":62924,"comment_status":"closed","ping_status":"closed","sticky":false,"template":"","format":"standard","meta":{"footnotes":""},"categories":[4,46],"tags":[],"class_list":["post-62911","post","type-post","status-publish","format-standard","has-post-thumbnail","hentry","category-covid-19","category-nacional","post--single"],"yoast_head":"<!-- This site is optimized with the Yoast SEO plugin v27.5 - https:\/\/yoast.com\/product\/yoast-seo-wordpress\/ -->\n<title>Durante mayo repuntaron casos de COVID-19 en el pa\u00eds - Canal 7 SLP - 2022<\/title>\n<meta name=\"robots\" content=\"index, follow, max-snippet:-1, max-image-preview:large, max-video-preview:-1\" \/>\n<link rel=\"canonical\" href=\"https:\/\/canal7slp.tv\/2022\/durante-mayo-repuntaron-casos-de-covid-19-en-el-pais\/\" \/>\n<meta property=\"og:locale\" content=\"es_ES\" \/>\n<meta property=\"og:type\" content=\"article\" \/>\n<meta property=\"og:title\" content=\"Durante mayo repuntaron casos de COVID-19 en el pa\u00eds - Canal 7 SLP - 2022\" \/>\n<meta property=\"og:description\" content=\"M\u00e9xico.- Durante el mes de mayo, los contagios por COVID-19 registraron un repunte, situaci\u00f3n que especialistas catalogaron como el inicio de la quinta ola. De acuerdo con los reportes semanales de la Secretar\u00eda de Salud, durante el quinto mes del 2022 se detectaron 55 mil 476 infecciones. No obstante, en el caso de las defunciones, estas registraron una baja, al pasar de mil 118 en abril a 720 en mayo. Pese a que expertos aseguran que M\u00e9xico esta en la quinta ola de contagios, se exhorta a la poblaci\u00f3n a no caer en p\u00e1nico. Detallaron que esta situaci\u00f3n se dio [&hellip;]\" \/>\n<meta property=\"og:url\" content=\"https:\/\/canal7slp.tv\/2022\/durante-mayo-repuntaron-casos-de-covid-19-en-el-pais\/\" \/>\n<meta property=\"og:site_name\" content=\"Canal 7 SLP - 2022\" \/>\n<meta property=\"article:publisher\" content=\"https:\/\/www.facebook.com\/noticieroscanalsiete\" \/>\n<meta property=\"article:published_time\" content=\"2022-06-08T18:48:43+00:00\" \/>\n<meta property=\"og:image\" content=\"https:\/\/canal7slp.tv\/2022\/wp-content\/uploads\/2022\/06\/03-5.jpg\" \/>\n\t<meta property=\"og:image:width\" content=\"696\" \/>\n\t<meta property=\"og:image:height\" content=\"435\" \/>\n\t<meta property=\"og:image:type\" content=\"image\/jpeg\" \/>\n<meta name=\"author\" content=\"Edici\u00f3n Web\" \/>\n<meta name=\"twitter:card\" content=\"summary_large_image\" \/>\n<meta name=\"twitter:creator\" content=\"@NOTICIEROS7\" \/>\n<meta name=\"twitter:site\" content=\"@NOTICIEROS7\" \/>\n<meta name=\"twitter:label1\" content=\"Escrito por\" \/>\n\t<meta name=\"twitter:data1\" content=\"Edici\u00f3n Web\" \/>\n\t<meta name=\"twitter:label2\" content=\"Tiempo de lectura\" \/>\n\t<meta name=\"twitter:data2\" content=\"1 minuto\" \/>\n<script type=\"application\/ld+json\" class=\"yoast-schema-graph\">{\"@context\":\"https:\\\/\\\/schema.org\",\"@graph\":[{\"@type\":\"Article\",\"@id\":\"https:\\\/\\\/canal7slp.tv\\\/2022\\\/durante-mayo-repuntaron-casos-de-covid-19-en-el-pais\\\/#article\",\"isPartOf\":{\"@id\":\"https:\\\/\\\/canal7slp.tv\\\/2022\\\/durante-mayo-repuntaron-casos-de-covid-19-en-el-pais\\\/\"},\"author\":{\"name\":\"Edici\u00f3n Web\",\"@id\":\"https:\\\/\\\/canal7slp.tv\\\/2022\\\/#\\\/schema\\\/person\\\/429704152a21f5f856ce29aa69a238da\"},\"headline\":\"Durante mayo repuntaron casos de COVID-19 en el pa\u00eds\",\"datePublished\":\"2022-06-08T18:48:43+00:00\",\"mainEntityOfPage\":{\"@id\":\"https:\\\/\\\/canal7slp.tv\\\/2022\\\/durante-mayo-repuntaron-casos-de-covid-19-en-el-pais\\\/\"},\"wordCount\":120,\"publisher\":{\"@id\":\"https:\\\/\\\/canal7slp.tv\\\/2022\\\/#organization\"},\"image\":{\"@id\":\"https:\\\/\\\/canal7slp.tv\\\/2022\\\/durante-mayo-repuntaron-casos-de-covid-19-en-el-pais\\\/#primaryimage\"},\"thumbnailUrl\":\"https:\\\/\\\/canal7slp.tv\\\/2022\\\/wp-content\\\/uploads\\\/2022\\\/06\\\/03-5.jpg\",\"articleSection\":[\"COVID-19\",\"NACIONALES\"],\"inLanguage\":\"es\"},{\"@type\":\"WebPage\",\"@id\":\"https:\\\/\\\/canal7slp.tv\\\/2022\\\/durante-mayo-repuntaron-casos-de-covid-19-en-el-pais\\\/\",\"url\":\"https:\\\/\\\/canal7slp.tv\\\/2022\\\/durante-mayo-repuntaron-casos-de-covid-19-en-el-pais\\\/\",\"name\":\"Durante mayo repuntaron casos de COVID-19 en el pa\u00eds - Canal 7 SLP - 2022\",\"isPartOf\":{\"@id\":\"https:\\\/\\\/canal7slp.tv\\\/2022\\\/#website\"},\"primaryImageOfPage\":{\"@id\":\"https:\\\/\\\/canal7slp.tv\\\/2022\\\/durante-mayo-repuntaron-casos-de-covid-19-en-el-pais\\\/#primaryimage\"},\"image\":{\"@id\":\"https:\\\/\\\/canal7slp.tv\\\/2022\\\/durante-mayo-repuntaron-casos-de-covid-19-en-el-pais\\\/#primaryimage\"},\"thumbnailUrl\":\"https:\\\/\\\/canal7slp.tv\\\/2022\\\/wp-content\\\/uploads\\\/2022\\\/06\\\/03-5.jpg\",\"datePublished\":\"2022-06-08T18:48:43+00:00\",\"breadcrumb\":{\"@id\":\"https:\\\/\\\/canal7slp.tv\\\/2022\\\/durante-mayo-repuntaron-casos-de-covid-19-en-el-pais\\\/#breadcrumb\"},\"inLanguage\":\"es\",\"potentialAction\":[{\"@type\":\"ReadAction\",\"target\":[\"https:\\\/\\\/canal7slp.tv\\\/2022\\\/durante-mayo-repuntaron-casos-de-covid-19-en-el-pais\\\/\"]}]},{\"@type\":\"ImageObject\",\"inLanguage\":\"es\",\"@id\":\"https:\\\/\\\/canal7slp.tv\\\/2022\\\/durante-mayo-repuntaron-casos-de-covid-19-en-el-pais\\\/#primaryimage\",\"url\":\"https:\\\/\\\/canal7slp.tv\\\/2022\\\/wp-content\\\/uploads\\\/2022\\\/06\\\/03-5.jpg\",\"contentUrl\":\"https:\\\/\\\/canal7slp.tv\\\/2022\\\/wp-content\\\/uploads\\\/2022\\\/06\\\/03-5.jpg\",\"width\":696,\"height\":435},{\"@type\":\"BreadcrumbList\",\"@id\":\"https:\\\/\\\/canal7slp.tv\\\/2022\\\/durante-mayo-repuntaron-casos-de-covid-19-en-el-pais\\\/#breadcrumb\",\"itemListElement\":[{\"@type\":\"ListItem\",\"position\":1,\"name\":\"Portada\",\"item\":\"https:\\\/\\\/canal7slp.tv\\\/2022\\\/\"},{\"@type\":\"ListItem\",\"position\":2,\"name\":\"Durante mayo repuntaron casos de COVID-19 en el pa\u00eds\"}]},{\"@type\":\"WebSite\",\"@id\":\"https:\\\/\\\/canal7slp.tv\\\/2022\\\/#website\",\"url\":\"https:\\\/\\\/canal7slp.tv\\\/2022\\\/\",\"name\":\"N7 - Noticieros Canal 7\",\"description\":\"Somos Televisi\u00f3n\",\"publisher\":{\"@id\":\"https:\\\/\\\/canal7slp.tv\\\/2022\\\/#organization\"},\"potentialAction\":[{\"@type\":\"SearchAction\",\"target\":{\"@type\":\"EntryPoint\",\"urlTemplate\":\"https:\\\/\\\/canal7slp.tv\\\/2022\\\/?s={search_term_string}\"},\"query-input\":{\"@type\":\"PropertyValueSpecification\",\"valueRequired\":true,\"valueName\":\"search_term_string\"}}],\"inLanguage\":\"es\"},{\"@type\":\"Organization\",\"@id\":\"https:\\\/\\\/canal7slp.tv\\\/2022\\\/#organization\",\"name\":\"Noticieros Canal 7\",\"url\":\"https:\\\/\\\/canal7slp.tv\\\/2022\\\/\",\"logo\":{\"@type\":\"ImageObject\",\"inLanguage\":\"es\",\"@id\":\"https:\\\/\\\/canal7slp.tv\\\/2022\\\/#\\\/schema\\\/logo\\\/image\\\/\",\"url\":\"https:\\\/\\\/canal7slp.tv\\\/2022\\\/wp-content\\\/uploads\\\/2021\\\/01\\\/logo-noticieros@2x.png\",\"contentUrl\":\"https:\\\/\\\/canal7slp.tv\\\/2022\\\/wp-content\\\/uploads\\\/2021\\\/01\\\/logo-noticieros@2x.png\",\"width\":1017,\"height\":268,\"caption\":\"Noticieros Canal 7\"},\"image\":{\"@id\":\"https:\\\/\\\/canal7slp.tv\\\/2022\\\/#\\\/schema\\\/logo\\\/image\\\/\"},\"sameAs\":[\"https:\\\/\\\/www.facebook.com\\\/noticieroscanalsiete\",\"https:\\\/\\\/x.com\\\/NOTICIEROS7\",\"https:\\\/\\\/www.instagram.com\\\/canal7_slp\",\"https:\\\/\\\/www.youtube.com\\\/channel\\\/UCliiYs-gP3JfJeqdPrNdd5A\"]},{\"@type\":\"Person\",\"@id\":\"https:\\\/\\\/canal7slp.tv\\\/2022\\\/#\\\/schema\\\/person\\\/429704152a21f5f856ce29aa69a238da\",\"name\":\"Edici\u00f3n Web\",\"image\":{\"@type\":\"ImageObject\",\"inLanguage\":\"es\",\"@id\":\"https:\\\/\\\/secure.gravatar.com\\\/avatar\\\/eee448fc3f7164808013b816ba91ac7e43bbe82a70bebac296f8bc6f0addaa1a?s=96&d=mm&r=g\",\"url\":\"https:\\\/\\\/secure.gravatar.com\\\/avatar\\\/eee448fc3f7164808013b816ba91ac7e43bbe82a70bebac296f8bc6f0addaa1a?s=96&d=mm&r=g\",\"contentUrl\":\"https:\\\/\\\/secure.gravatar.com\\\/avatar\\\/eee448fc3f7164808013b816ba91ac7e43bbe82a70bebac296f8bc6f0addaa1a?s=96&d=mm&r=g\",\"caption\":\"Edici\u00f3n Web\"},\"url\":\"https:\\\/\\\/canal7slp.tv\\\/2022\\\/author\\\/edicionweb\\\/\"}]}<\/script>\n<!-- \/ Yoast SEO plugin. -->","yoast_head_json":{"title":"Durante mayo repuntaron casos de COVID-19 en el pa\u00eds - Canal 7 SLP - 2022","robots":{"index":"index","follow":"follow","max-snippet":"max-snippet:-1","max-image-preview":"max-image-preview:large","max-video-preview":"max-video-preview:-1"},"canonical":"https:\/\/canal7slp.tv\/2022\/durante-mayo-repuntaron-casos-de-covid-19-en-el-pais\/","og_locale":"es_ES","og_type":"article","og_title":"Durante mayo repuntaron casos de COVID-19 en el pa\u00eds - Canal 7 SLP - 2022","og_description":"M\u00e9xico.- Durante el mes de mayo, los contagios por COVID-19 registraron un repunte, situaci\u00f3n que especialistas catalogaron como el inicio de la quinta ola. De acuerdo con los reportes semanales de la Secretar\u00eda de Salud, durante el quinto mes del 2022 se detectaron 55 mil 476 infecciones. No obstante, en el caso de las defunciones, estas registraron una baja, al pasar de mil 118 en abril a 720 en mayo. Pese a que expertos aseguran que M\u00e9xico esta en la quinta ola de contagios, se exhorta a la poblaci\u00f3n a no caer en p\u00e1nico. Detallaron que esta situaci\u00f3n se dio [&hellip;]","og_url":"https:\/\/canal7slp.tv\/2022\/durante-mayo-repuntaron-casos-de-covid-19-en-el-pais\/","og_site_name":"Canal 7 SLP - 2022","article_publisher":"https:\/\/www.facebook.com\/noticieroscanalsiete","article_published_time":"2022-06-08T18:48:43+00:00","og_image":[{"width":696,"height":435,"url":"https:\/\/canal7slp.tv\/2022\/wp-content\/uploads\/2022\/06\/03-5.jpg","type":"image\/jpeg"}],"author":"Edici\u00f3n Web","twitter_card":"summary_large_image","twitter_creator":"@NOTICIEROS7","twitter_site":"@NOTICIEROS7","twitter_misc":{"Escrito por":"Edici\u00f3n Web","Tiempo de lectura":"1 minuto"},"schema":{"@context":"https:\/\/schema.org","@graph":[{"@type":"Article","@id":"https:\/\/canal7slp.tv\/2022\/durante-mayo-repuntaron-casos-de-covid-19-en-el-pais\/#article","isPartOf":{"@id":"https:\/\/canal7slp.tv\/2022\/durante-mayo-repuntaron-casos-de-covid-19-en-el-pais\/"},"author":{"name":"Edici\u00f3n Web","@id":"https:\/\/canal7slp.tv\/2022\/#\/schema\/person\/429704152a21f5f856ce29aa69a238da"},"headline":"Durante mayo repuntaron casos de COVID-19 en el pa\u00eds","datePublished":"2022-06-08T18:48:43+00:00","mainEntityOfPage":{"@id":"https:\/\/canal7slp.tv\/2022\/durante-mayo-repuntaron-casos-de-covid-19-en-el-pais\/"},"wordCount":120,"publisher":{"@id":"https:\/\/canal7slp.tv\/2022\/#organization"},"image":{"@id":"https:\/\/canal7slp.tv\/2022\/durante-mayo-repuntaron-casos-de-covid-19-en-el-pais\/#primaryimage"},"thumbnailUrl":"https:\/\/canal7slp.tv\/2022\/wp-content\/uploads\/2022\/06\/03-5.jpg","articleSection":["COVID-19","NACIONALES"],"inLanguage":"es"},{"@type":"WebPage","@id":"https:\/\/canal7slp.tv\/2022\/durante-mayo-repuntaron-casos-de-covid-19-en-el-pais\/","url":"https:\/\/canal7slp.tv\/2022\/durante-mayo-repuntaron-casos-de-covid-19-en-el-pais\/","name":"Durante mayo repuntaron casos de COVID-19 en el pa\u00eds - Canal 7 SLP - 2022","isPartOf":{"@id":"https:\/\/canal7slp.tv\/2022\/#website"},"primaryImageOfPage":{"@id":"https:\/\/canal7slp.tv\/2022\/durante-mayo-repuntaron-casos-de-covid-19-en-el-pais\/#primaryimage"},"image":{"@id":"https:\/\/canal7slp.tv\/2022\/durante-mayo-repuntaron-casos-de-covid-19-en-el-pais\/#primaryimage"},"thumbnailUrl":"https:\/\/canal7slp.tv\/2022\/wp-content\/uploads\/2022\/06\/03-5.jpg","datePublished":"2022-06-08T18:48:43+00:00","breadcrumb":{"@id":"https:\/\/canal7slp.tv\/2022\/durante-mayo-repuntaron-casos-de-covid-19-en-el-pais\/#breadcrumb"},"inLanguage":"es","potentialAction":[{"@type":"ReadAction","target":["https:\/\/canal7slp.tv\/2022\/durante-mayo-repuntaron-casos-de-covid-19-en-el-pais\/"]}]},{"@type":"ImageObject","inLanguage":"es","@id":"https:\/\/canal7slp.tv\/2022\/durante-mayo-repuntaron-casos-de-covid-19-en-el-pais\/#primaryimage","url":"https:\/\/canal7slp.tv\/2022\/wp-content\/uploads\/2022\/06\/03-5.jpg","contentUrl":"https:\/\/canal7slp.tv\/2022\/wp-content\/uploads\/2022\/06\/03-5.jpg","width":696,"height":435},{"@type":"BreadcrumbList","@id":"https:\/\/canal7slp.tv\/2022\/durante-mayo-repuntaron-casos-de-covid-19-en-el-pais\/#breadcrumb","itemListElement":[{"@type":"ListItem","position":1,"name":"Portada","item":"https:\/\/canal7slp.tv\/2022\/"},{"@type":"ListItem","position":2,"name":"Durante mayo repuntaron casos de COVID-19 en el pa\u00eds"}]},{"@type":"WebSite","@id":"https:\/\/canal7slp.tv\/2022\/#website","url":"https:\/\/canal7slp.tv\/2022\/","name":"N7 - Noticieros Canal 7","description":"Somos Televisi\u00f3n","publisher":{"@id":"https:\/\/canal7slp.tv\/2022\/#organization"},"potentialAction":[{"@type":"SearchAction","target":{"@type":"EntryPoint","urlTemplate":"https:\/\/canal7slp.tv\/2022\/?s={search_term_string}"},"query-input":{"@type":"PropertyValueSpecification","valueRequired":true,"valueName":"search_term_string"}}],"inLanguage":"es"},{"@type":"Organization","@id":"https:\/\/canal7slp.tv\/2022\/#organization","name":"Noticieros Canal 7","url":"https:\/\/canal7slp.tv\/2022\/","logo":{"@type":"ImageObject","inLanguage":"es","@id":"https:\/\/canal7slp.tv\/2022\/#\/schema\/logo\/image\/","url":"https:\/\/canal7slp.tv\/2022\/wp-content\/uploads\/2021\/01\/logo-noticieros@2x.png","contentUrl":"https:\/\/canal7slp.tv\/2022\/wp-content\/uploads\/2021\/01\/logo-noticieros@2x.png","width":1017,"height":268,"caption":"Noticieros Canal 7"},"image":{"@id":"https:\/\/canal7slp.tv\/2022\/#\/schema\/logo\/image\/"},"sameAs":["https:\/\/www.facebook.com\/noticieroscanalsiete","https:\/\/x.com\/NOTICIEROS7","https:\/\/www.instagram.com\/canal7_slp","https:\/\/www.youtube.com\/channel\/UCliiYs-gP3JfJeqdPrNdd5A"]},{"@type":"Person","@id":"https:\/\/canal7slp.tv\/2022\/#\/schema\/person\/429704152a21f5f856ce29aa69a238da","name":"Edici\u00f3n Web","image":{"@type":"ImageObject","inLanguage":"es","@id":"https:\/\/secure.gravatar.com\/avatar\/eee448fc3f7164808013b816ba91ac7e43bbe82a70bebac296f8bc6f0addaa1a?s=96&d=mm&r=g","url":"https:\/\/secure.gravatar.com\/avatar\/eee448fc3f7164808013b816ba91ac7e43bbe82a70bebac296f8bc6f0addaa1a?s=96&d=mm&r=g","contentUrl":"https:\/\/secure.gravatar.com\/avatar\/eee448fc3f7164808013b816ba91ac7e43bbe82a70bebac296f8bc6f0addaa1a?s=96&d=mm&r=g","caption":"Edici\u00f3n Web"},"url":"https:\/\/canal7slp.tv\/2022\/author\/edicionweb\/"}]}},"amp_enabled":true,"_links":{"self":[{"href":"https:\/\/canal7slp.tv\/2022\/wp-json\/wp\/v2\/posts\/62911","targetHints":{"allow":["GET"]}}],"collection":[{"href":"https:\/\/canal7slp.tv\/2022\/wp-json\/wp\/v2\/posts"}],"about":[{"href":"https:\/\/canal7slp.tv\/2022\/wp-json\/wp\/v2\/types\/post"}],"author":[{"embeddable":true,"href":"https:\/\/canal7slp.tv\/2022\/wp-json\/wp\/v2\/users\/2"}],"replies":[{"embeddable":true,"href":"https:\/\/canal7slp.tv\/2022\/wp-json\/wp\/v2\/comments?post=62911"}],"version-history":[{"count":2,"href":"https:\/\/canal7slp.tv\/2022\/wp-json\/wp\/v2\/posts\/62911\/revisions"}],"predecessor-version":[{"id":62930,"href":"https:\/\/canal7slp.tv\/2022\/wp-json\/wp\/v2\/posts\/62911\/revisions\/62930"}],"wp:featuredmedia":[{"embeddable":true,"href":"https:\/\/canal7slp.tv\/2022\/wp-json\/wp\/v2\/media\/62924"}],"wp:attachment":[{"href":"https:\/\/canal7slp.tv\/2022\/wp-json\/wp\/v2\/media?parent=62911"}],"wp:term":[{"taxonomy":"category","embeddable":true,"href":"https:\/\/canal7slp.tv\/2022\/wp-json\/wp\/v2\/categories?post=62911"},{"taxonomy":"post_tag","embeddable":true,"href":"https:\/\/canal7slp.tv\/2022\/wp-json\/wp\/v2\/tags?post=62911"}],"curies":[{"name":"wp","href":"https:\/\/api.w.org\/{rel}","templated":true}]}}