{"id":62909,"date":"2022-06-08T12:48:45","date_gmt":"2022-06-08T18:48:45","guid":{"rendered":"https:\/\/canal7slp.tv\/2022\/?p=62909"},"modified":"2022-06-08T12:48:45","modified_gmt":"2022-06-08T18:48:45","slug":"hombres-armados-asesinan-a-alcalde-chiapaneco","status":"publish","type":"post","link":"https:\/\/canal7slp.tv\/2022\/hombres-armados-asesinan-a-alcalde-chiapaneco\/","title":{"rendered":"Hombres armados asesinan a alcalde chiapaneco"},"content":{"rendered":"<p style=\"text-align: justify;\">Teopisca.- Durante la ma\u00f1ana de este 8 de junio, fue asesinado Rub\u00e9n Jes\u00fas Valdez D\u00edaz, alcalde del municipio de Teopisca, Chiapas.<\/p>\n<p style=\"text-align: justify;\">De acuerdo con la Fiscal\u00eda General del Estado (FGE), el edil municipal fue atacado cuando sal\u00eda de su domicilio.<\/p>\n<p style=\"text-align: justify;\">La Fiscal\u00eda de Distrito Altos, inici\u00f3 las investigaciones en contra de quien o quienes resulten responsables del delito de homicidio cometido en agravio del alcalde.<\/p>\n<p style=\"text-align: justify;\">El \u00e1rea fue acordonada por elementos de la Especializada y de Servicios Periciales de la Fiscal\u00eda de Distrito Altos, a fin de preservar los indicios que se integrar\u00e1n a la carpeta de investigaci\u00f3n.<\/p>\n<p style=\"text-align: justify;\">Por su parte, la Fiscal\u00eda puntualiz\u00f3 que la investigaci\u00f3n continuar\u00e1 hasta dar con el o los culpables del lamentable hecho.<\/p>\n","protected":false},"excerpt":{"rendered":"<p>Teopisca.- Durante la ma\u00f1ana de este 8 de junio, fue asesinado Rub\u00e9n Jes\u00fas Valdez D\u00edaz, alcalde del municipio de Teopisca, Chiapas. De acuerdo con la Fiscal\u00eda General del Estado (FGE), el edil municipal fue atacado cuando sal\u00eda de su domicilio. La Fiscal\u00eda de Distrito Altos, inici\u00f3 las investigaciones en contra de quien o quienes resulten responsables del delito de homicidio cometido en agravio del alcalde. El \u00e1rea fue acordonada por elementos de la Especializada y de Servicios Periciales de la Fiscal\u00eda de Distrito Altos, a fin de preservar los indicios que se integrar\u00e1n a la carpeta de investigaci\u00f3n. Por su [&hellip;]<\/p>\n","protected":false},"author":2,"featured_media":62922,"comment_status":"closed","ping_status":"closed","sticky":false,"template":"","format":"standard","meta":{"footnotes":""},"categories":[46],"tags":[],"class_list":["post-62909","post","type-post","status-publish","format-standard","has-post-thumbnail","hentry","category-nacional","post--single"],"yoast_head":"<!-- This site is optimized with the Yoast SEO plugin v27.5 - https:\/\/yoast.com\/product\/yoast-seo-wordpress\/ -->\n<title>Hombres armados asesinan a alcalde chiapaneco - Canal 7 SLP - 2022<\/title>\n<meta name=\"robots\" content=\"index, follow, max-snippet:-1, max-image-preview:large, max-video-preview:-1\" \/>\n<link rel=\"canonical\" href=\"https:\/\/canal7slp.tv\/2022\/hombres-armados-asesinan-a-alcalde-chiapaneco\/\" \/>\n<meta property=\"og:locale\" content=\"es_ES\" \/>\n<meta property=\"og:type\" content=\"article\" \/>\n<meta property=\"og:title\" content=\"Hombres armados asesinan a alcalde chiapaneco - Canal 7 SLP - 2022\" \/>\n<meta property=\"og:description\" content=\"Teopisca.- Durante la ma\u00f1ana de este 8 de junio, fue asesinado Rub\u00e9n Jes\u00fas Valdez D\u00edaz, alcalde del municipio de Teopisca, Chiapas. De acuerdo con la Fiscal\u00eda General del Estado (FGE), el edil municipal fue atacado cuando sal\u00eda de su domicilio. La Fiscal\u00eda de Distrito Altos, inici\u00f3 las investigaciones en contra de quien o quienes resulten responsables del delito de homicidio cometido en agravio del alcalde. El \u00e1rea fue acordonada por elementos de la Especializada y de Servicios Periciales de la Fiscal\u00eda de Distrito Altos, a fin de preservar los indicios que se integrar\u00e1n a la carpeta de investigaci\u00f3n. Por su [&hellip;]\" \/>\n<meta property=\"og:url\" content=\"https:\/\/canal7slp.tv\/2022\/hombres-armados-asesinan-a-alcalde-chiapaneco\/\" \/>\n<meta property=\"og:site_name\" content=\"Canal 7 SLP - 2022\" \/>\n<meta property=\"article:publisher\" content=\"https:\/\/www.facebook.com\/noticieroscanalsiete\" \/>\n<meta property=\"article:published_time\" content=\"2022-06-08T18:48:45+00:00\" \/>\n<meta property=\"og:image\" content=\"https:\/\/canal7slp.tv\/2022\/wp-content\/uploads\/2022\/06\/02-6.jpg\" \/>\n\t<meta property=\"og:image:width\" content=\"1280\" \/>\n\t<meta property=\"og:image:height\" content=\"720\" \/>\n\t<meta property=\"og:image:type\" content=\"image\/jpeg\" \/>\n<meta name=\"author\" content=\"Edici\u00f3n Web\" \/>\n<meta name=\"twitter:card\" content=\"summary_large_image\" \/>\n<meta name=\"twitter:creator\" content=\"@NOTICIEROS7\" \/>\n<meta name=\"twitter:site\" content=\"@NOTICIEROS7\" \/>\n<meta name=\"twitter:label1\" content=\"Escrito por\" \/>\n\t<meta name=\"twitter:data1\" content=\"Edici\u00f3n Web\" \/>\n\t<meta name=\"twitter:label2\" content=\"Tiempo de lectura\" \/>\n\t<meta name=\"twitter:data2\" content=\"1 minuto\" \/>\n<script type=\"application\/ld+json\" class=\"yoast-schema-graph\">{\"@context\":\"https:\\\/\\\/schema.org\",\"@graph\":[{\"@type\":\"Article\",\"@id\":\"https:\\\/\\\/canal7slp.tv\\\/2022\\\/hombres-armados-asesinan-a-alcalde-chiapaneco\\\/#article\",\"isPartOf\":{\"@id\":\"https:\\\/\\\/canal7slp.tv\\\/2022\\\/hombres-armados-asesinan-a-alcalde-chiapaneco\\\/\"},\"author\":{\"name\":\"Edici\u00f3n Web\",\"@id\":\"https:\\\/\\\/canal7slp.tv\\\/2022\\\/#\\\/schema\\\/person\\\/429704152a21f5f856ce29aa69a238da\"},\"headline\":\"Hombres armados asesinan a alcalde chiapaneco\",\"datePublished\":\"2022-06-08T18:48:45+00:00\",\"mainEntityOfPage\":{\"@id\":\"https:\\\/\\\/canal7slp.tv\\\/2022\\\/hombres-armados-asesinan-a-alcalde-chiapaneco\\\/\"},\"wordCount\":136,\"publisher\":{\"@id\":\"https:\\\/\\\/canal7slp.tv\\\/2022\\\/#organization\"},\"image\":{\"@id\":\"https:\\\/\\\/canal7slp.tv\\\/2022\\\/hombres-armados-asesinan-a-alcalde-chiapaneco\\\/#primaryimage\"},\"thumbnailUrl\":\"https:\\\/\\\/canal7slp.tv\\\/2022\\\/wp-content\\\/uploads\\\/2022\\\/06\\\/02-6.jpg\",\"articleSection\":[\"NACIONALES\"],\"inLanguage\":\"es\"},{\"@type\":\"WebPage\",\"@id\":\"https:\\\/\\\/canal7slp.tv\\\/2022\\\/hombres-armados-asesinan-a-alcalde-chiapaneco\\\/\",\"url\":\"https:\\\/\\\/canal7slp.tv\\\/2022\\\/hombres-armados-asesinan-a-alcalde-chiapaneco\\\/\",\"name\":\"Hombres armados asesinan a alcalde chiapaneco - Canal 7 SLP - 2022\",\"isPartOf\":{\"@id\":\"https:\\\/\\\/canal7slp.tv\\\/2022\\\/#website\"},\"primaryImageOfPage\":{\"@id\":\"https:\\\/\\\/canal7slp.tv\\\/2022\\\/hombres-armados-asesinan-a-alcalde-chiapaneco\\\/#primaryimage\"},\"image\":{\"@id\":\"https:\\\/\\\/canal7slp.tv\\\/2022\\\/hombres-armados-asesinan-a-alcalde-chiapaneco\\\/#primaryimage\"},\"thumbnailUrl\":\"https:\\\/\\\/canal7slp.tv\\\/2022\\\/wp-content\\\/uploads\\\/2022\\\/06\\\/02-6.jpg\",\"datePublished\":\"2022-06-08T18:48:45+00:00\",\"breadcrumb\":{\"@id\":\"https:\\\/\\\/canal7slp.tv\\\/2022\\\/hombres-armados-asesinan-a-alcalde-chiapaneco\\\/#breadcrumb\"},\"inLanguage\":\"es\",\"potentialAction\":[{\"@type\":\"ReadAction\",\"target\":[\"https:\\\/\\\/canal7slp.tv\\\/2022\\\/hombres-armados-asesinan-a-alcalde-chiapaneco\\\/\"]}]},{\"@type\":\"ImageObject\",\"inLanguage\":\"es\",\"@id\":\"https:\\\/\\\/canal7slp.tv\\\/2022\\\/hombres-armados-asesinan-a-alcalde-chiapaneco\\\/#primaryimage\",\"url\":\"https:\\\/\\\/canal7slp.tv\\\/2022\\\/wp-content\\\/uploads\\\/2022\\\/06\\\/02-6.jpg\",\"contentUrl\":\"https:\\\/\\\/canal7slp.tv\\\/2022\\\/wp-content\\\/uploads\\\/2022\\\/06\\\/02-6.jpg\",\"width\":1280,\"height\":720},{\"@type\":\"BreadcrumbList\",\"@id\":\"https:\\\/\\\/canal7slp.tv\\\/2022\\\/hombres-armados-asesinan-a-alcalde-chiapaneco\\\/#breadcrumb\",\"itemListElement\":[{\"@type\":\"ListItem\",\"position\":1,\"name\":\"Portada\",\"item\":\"https:\\\/\\\/canal7slp.tv\\\/2022\\\/\"},{\"@type\":\"ListItem\",\"position\":2,\"name\":\"Hombres armados asesinan a alcalde chiapaneco\"}]},{\"@type\":\"WebSite\",\"@id\":\"https:\\\/\\\/canal7slp.tv\\\/2022\\\/#website\",\"url\":\"https:\\\/\\\/canal7slp.tv\\\/2022\\\/\",\"name\":\"N7 - Noticieros Canal 7\",\"description\":\"Somos Televisi\u00f3n\",\"publisher\":{\"@id\":\"https:\\\/\\\/canal7slp.tv\\\/2022\\\/#organization\"},\"potentialAction\":[{\"@type\":\"SearchAction\",\"target\":{\"@type\":\"EntryPoint\",\"urlTemplate\":\"https:\\\/\\\/canal7slp.tv\\\/2022\\\/?s={search_term_string}\"},\"query-input\":{\"@type\":\"PropertyValueSpecification\",\"valueRequired\":true,\"valueName\":\"search_term_string\"}}],\"inLanguage\":\"es\"},{\"@type\":\"Organization\",\"@id\":\"https:\\\/\\\/canal7slp.tv\\\/2022\\\/#organization\",\"name\":\"Noticieros Canal 7\",\"url\":\"https:\\\/\\\/canal7slp.tv\\\/2022\\\/\",\"logo\":{\"@type\":\"ImageObject\",\"inLanguage\":\"es\",\"@id\":\"https:\\\/\\\/canal7slp.tv\\\/2022\\\/#\\\/schema\\\/logo\\\/image\\\/\",\"url\":\"https:\\\/\\\/canal7slp.tv\\\/2022\\\/wp-content\\\/uploads\\\/2021\\\/01\\\/logo-noticieros@2x.png\",\"contentUrl\":\"https:\\\/\\\/canal7slp.tv\\\/2022\\\/wp-content\\\/uploads\\\/2021\\\/01\\\/logo-noticieros@2x.png\",\"width\":1017,\"height\":268,\"caption\":\"Noticieros Canal 7\"},\"image\":{\"@id\":\"https:\\\/\\\/canal7slp.tv\\\/2022\\\/#\\\/schema\\\/logo\\\/image\\\/\"},\"sameAs\":[\"https:\\\/\\\/www.facebook.com\\\/noticieroscanalsiete\",\"https:\\\/\\\/x.com\\\/NOTICIEROS7\",\"https:\\\/\\\/www.instagram.com\\\/canal7_slp\",\"https:\\\/\\\/www.youtube.com\\\/channel\\\/UCliiYs-gP3JfJeqdPrNdd5A\"]},{\"@type\":\"Person\",\"@id\":\"https:\\\/\\\/canal7slp.tv\\\/2022\\\/#\\\/schema\\\/person\\\/429704152a21f5f856ce29aa69a238da\",\"name\":\"Edici\u00f3n Web\",\"image\":{\"@type\":\"ImageObject\",\"inLanguage\":\"es\",\"@id\":\"https:\\\/\\\/secure.gravatar.com\\\/avatar\\\/eee448fc3f7164808013b816ba91ac7e43bbe82a70bebac296f8bc6f0addaa1a?s=96&d=mm&r=g\",\"url\":\"https:\\\/\\\/secure.gravatar.com\\\/avatar\\\/eee448fc3f7164808013b816ba91ac7e43bbe82a70bebac296f8bc6f0addaa1a?s=96&d=mm&r=g\",\"contentUrl\":\"https:\\\/\\\/secure.gravatar.com\\\/avatar\\\/eee448fc3f7164808013b816ba91ac7e43bbe82a70bebac296f8bc6f0addaa1a?s=96&d=mm&r=g\",\"caption\":\"Edici\u00f3n Web\"},\"url\":\"https:\\\/\\\/canal7slp.tv\\\/2022\\\/author\\\/edicionweb\\\/\"}]}<\/script>\n<!-- \/ Yoast SEO plugin. -->","yoast_head_json":{"title":"Hombres armados asesinan a alcalde chiapaneco - Canal 7 SLP - 2022","robots":{"index":"index","follow":"follow","max-snippet":"max-snippet:-1","max-image-preview":"max-image-preview:large","max-video-preview":"max-video-preview:-1"},"canonical":"https:\/\/canal7slp.tv\/2022\/hombres-armados-asesinan-a-alcalde-chiapaneco\/","og_locale":"es_ES","og_type":"article","og_title":"Hombres armados asesinan a alcalde chiapaneco - Canal 7 SLP - 2022","og_description":"Teopisca.- Durante la ma\u00f1ana de este 8 de junio, fue asesinado Rub\u00e9n Jes\u00fas Valdez D\u00edaz, alcalde del municipio de Teopisca, Chiapas. De acuerdo con la Fiscal\u00eda General del Estado (FGE), el edil municipal fue atacado cuando sal\u00eda de su domicilio. La Fiscal\u00eda de Distrito Altos, inici\u00f3 las investigaciones en contra de quien o quienes resulten responsables del delito de homicidio cometido en agravio del alcalde. El \u00e1rea fue acordonada por elementos de la Especializada y de Servicios Periciales de la Fiscal\u00eda de Distrito Altos, a fin de preservar los indicios que se integrar\u00e1n a la carpeta de investigaci\u00f3n. Por su [&hellip;]","og_url":"https:\/\/canal7slp.tv\/2022\/hombres-armados-asesinan-a-alcalde-chiapaneco\/","og_site_name":"Canal 7 SLP - 2022","article_publisher":"https:\/\/www.facebook.com\/noticieroscanalsiete","article_published_time":"2022-06-08T18:48:45+00:00","og_image":[{"width":1280,"height":720,"url":"https:\/\/canal7slp.tv\/2022\/wp-content\/uploads\/2022\/06\/02-6.jpg","type":"image\/jpeg"}],"author":"Edici\u00f3n Web","twitter_card":"summary_large_image","twitter_creator":"@NOTICIEROS7","twitter_site":"@NOTICIEROS7","twitter_misc":{"Escrito por":"Edici\u00f3n Web","Tiempo de lectura":"1 minuto"},"schema":{"@context":"https:\/\/schema.org","@graph":[{"@type":"Article","@id":"https:\/\/canal7slp.tv\/2022\/hombres-armados-asesinan-a-alcalde-chiapaneco\/#article","isPartOf":{"@id":"https:\/\/canal7slp.tv\/2022\/hombres-armados-asesinan-a-alcalde-chiapaneco\/"},"author":{"name":"Edici\u00f3n Web","@id":"https:\/\/canal7slp.tv\/2022\/#\/schema\/person\/429704152a21f5f856ce29aa69a238da"},"headline":"Hombres armados asesinan a alcalde chiapaneco","datePublished":"2022-06-08T18:48:45+00:00","mainEntityOfPage":{"@id":"https:\/\/canal7slp.tv\/2022\/hombres-armados-asesinan-a-alcalde-chiapaneco\/"},"wordCount":136,"publisher":{"@id":"https:\/\/canal7slp.tv\/2022\/#organization"},"image":{"@id":"https:\/\/canal7slp.tv\/2022\/hombres-armados-asesinan-a-alcalde-chiapaneco\/#primaryimage"},"thumbnailUrl":"https:\/\/canal7slp.tv\/2022\/wp-content\/uploads\/2022\/06\/02-6.jpg","articleSection":["NACIONALES"],"inLanguage":"es"},{"@type":"WebPage","@id":"https:\/\/canal7slp.tv\/2022\/hombres-armados-asesinan-a-alcalde-chiapaneco\/","url":"https:\/\/canal7slp.tv\/2022\/hombres-armados-asesinan-a-alcalde-chiapaneco\/","name":"Hombres armados asesinan a alcalde chiapaneco - Canal 7 SLP - 2022","isPartOf":{"@id":"https:\/\/canal7slp.tv\/2022\/#website"},"primaryImageOfPage":{"@id":"https:\/\/canal7slp.tv\/2022\/hombres-armados-asesinan-a-alcalde-chiapaneco\/#primaryimage"},"image":{"@id":"https:\/\/canal7slp.tv\/2022\/hombres-armados-asesinan-a-alcalde-chiapaneco\/#primaryimage"},"thumbnailUrl":"https:\/\/canal7slp.tv\/2022\/wp-content\/uploads\/2022\/06\/02-6.jpg","datePublished":"2022-06-08T18:48:45+00:00","breadcrumb":{"@id":"https:\/\/canal7slp.tv\/2022\/hombres-armados-asesinan-a-alcalde-chiapaneco\/#breadcrumb"},"inLanguage":"es","potentialAction":[{"@type":"ReadAction","target":["https:\/\/canal7slp.tv\/2022\/hombres-armados-asesinan-a-alcalde-chiapaneco\/"]}]},{"@type":"ImageObject","inLanguage":"es","@id":"https:\/\/canal7slp.tv\/2022\/hombres-armados-asesinan-a-alcalde-chiapaneco\/#primaryimage","url":"https:\/\/canal7slp.tv\/2022\/wp-content\/uploads\/2022\/06\/02-6.jpg","contentUrl":"https:\/\/canal7slp.tv\/2022\/wp-content\/uploads\/2022\/06\/02-6.jpg","width":1280,"height":720},{"@type":"BreadcrumbList","@id":"https:\/\/canal7slp.tv\/2022\/hombres-armados-asesinan-a-alcalde-chiapaneco\/#breadcrumb","itemListElement":[{"@type":"ListItem","position":1,"name":"Portada","item":"https:\/\/canal7slp.tv\/2022\/"},{"@type":"ListItem","position":2,"name":"Hombres armados asesinan a alcalde chiapaneco"}]},{"@type":"WebSite","@id":"https:\/\/canal7slp.tv\/2022\/#website","url":"https:\/\/canal7slp.tv\/2022\/","name":"N7 - Noticieros Canal 7","description":"Somos Televisi\u00f3n","publisher":{"@id":"https:\/\/canal7slp.tv\/2022\/#organization"},"potentialAction":[{"@type":"SearchAction","target":{"@type":"EntryPoint","urlTemplate":"https:\/\/canal7slp.tv\/2022\/?s={search_term_string}"},"query-input":{"@type":"PropertyValueSpecification","valueRequired":true,"valueName":"search_term_string"}}],"inLanguage":"es"},{"@type":"Organization","@id":"https:\/\/canal7slp.tv\/2022\/#organization","name":"Noticieros Canal 7","url":"https:\/\/canal7slp.tv\/2022\/","logo":{"@type":"ImageObject","inLanguage":"es","@id":"https:\/\/canal7slp.tv\/2022\/#\/schema\/logo\/image\/","url":"https:\/\/canal7slp.tv\/2022\/wp-content\/uploads\/2021\/01\/logo-noticieros@2x.png","contentUrl":"https:\/\/canal7slp.tv\/2022\/wp-content\/uploads\/2021\/01\/logo-noticieros@2x.png","width":1017,"height":268,"caption":"Noticieros Canal 7"},"image":{"@id":"https:\/\/canal7slp.tv\/2022\/#\/schema\/logo\/image\/"},"sameAs":["https:\/\/www.facebook.com\/noticieroscanalsiete","https:\/\/x.com\/NOTICIEROS7","https:\/\/www.instagram.com\/canal7_slp","https:\/\/www.youtube.com\/channel\/UCliiYs-gP3JfJeqdPrNdd5A"]},{"@type":"Person","@id":"https:\/\/canal7slp.tv\/2022\/#\/schema\/person\/429704152a21f5f856ce29aa69a238da","name":"Edici\u00f3n Web","image":{"@type":"ImageObject","inLanguage":"es","@id":"https:\/\/secure.gravatar.com\/avatar\/eee448fc3f7164808013b816ba91ac7e43bbe82a70bebac296f8bc6f0addaa1a?s=96&d=mm&r=g","url":"https:\/\/secure.gravatar.com\/avatar\/eee448fc3f7164808013b816ba91ac7e43bbe82a70bebac296f8bc6f0addaa1a?s=96&d=mm&r=g","contentUrl":"https:\/\/secure.gravatar.com\/avatar\/eee448fc3f7164808013b816ba91ac7e43bbe82a70bebac296f8bc6f0addaa1a?s=96&d=mm&r=g","caption":"Edici\u00f3n Web"},"url":"https:\/\/canal7slp.tv\/2022\/author\/edicionweb\/"}]}},"amp_enabled":true,"_links":{"self":[{"href":"https:\/\/canal7slp.tv\/2022\/wp-json\/wp\/v2\/posts\/62909","targetHints":{"allow":["GET"]}}],"collection":[{"href":"https:\/\/canal7slp.tv\/2022\/wp-json\/wp\/v2\/posts"}],"about":[{"href":"https:\/\/canal7slp.tv\/2022\/wp-json\/wp\/v2\/types\/post"}],"author":[{"embeddable":true,"href":"https:\/\/canal7slp.tv\/2022\/wp-json\/wp\/v2\/users\/2"}],"replies":[{"embeddable":true,"href":"https:\/\/canal7slp.tv\/2022\/wp-json\/wp\/v2\/comments?post=62909"}],"version-history":[{"count":2,"href":"https:\/\/canal7slp.tv\/2022\/wp-json\/wp\/v2\/posts\/62909\/revisions"}],"predecessor-version":[{"id":62931,"href":"https:\/\/canal7slp.tv\/2022\/wp-json\/wp\/v2\/posts\/62909\/revisions\/62931"}],"wp:featuredmedia":[{"embeddable":true,"href":"https:\/\/canal7slp.tv\/2022\/wp-json\/wp\/v2\/media\/62922"}],"wp:attachment":[{"href":"https:\/\/canal7slp.tv\/2022\/wp-json\/wp\/v2\/media?parent=62909"}],"wp:term":[{"taxonomy":"category","embeddable":true,"href":"https:\/\/canal7slp.tv\/2022\/wp-json\/wp\/v2\/categories?post=62909"},{"taxonomy":"post_tag","embeddable":true,"href":"https:\/\/canal7slp.tv\/2022\/wp-json\/wp\/v2\/tags?post=62909"}],"curies":[{"name":"wp","href":"https:\/\/api.w.org\/{rel}","templated":true}]}}