{"id":62905,"date":"2022-06-08T11:57:17","date_gmt":"2022-06-08T17:57:17","guid":{"rendered":"https:\/\/canal7slp.tv\/2022\/?p=62905"},"modified":"2022-06-08T11:57:17","modified_gmt":"2022-06-08T17:57:17","slug":"en-prados-guardia-municipal-detecta-a-joven-con-cachimba","status":"publish","type":"post","link":"https:\/\/canal7slp.tv\/2022\/en-prados-guardia-municipal-detecta-a-joven-con-cachimba\/","title":{"rendered":"En Prados, Guardia Municipal detecta a joven con cachimba"},"content":{"rendered":"<p style=\"text-align: justify;\">SLP.-\u00a0En recorridos de seguridad en la zona oriente de la ciudad, agentes de la Direcci\u00f3n General de Guardia Municipal de la Secretar\u00eda de Seguridad y Protecci\u00f3n Ciudadana (SSPC) realizaron la detenci\u00f3n de un joven que fue encontrado en posesi\u00f3n de un arma de fabricaci\u00f3n casera, motivo por el que fue puesto a disposici\u00f3n.<\/p>\n<p style=\"text-align: justify;\">De acuerdo con el reporte policial, vecinos de las calles 32 y 79 en la colonia Prados segunda secci\u00f3n solicitaron presencia de la autoridad luego de escuchar detonaciones de arma de fuego.<\/p>\n<p style=\"text-align: justify;\">Enseguida se despleg\u00f3 al personal operativo de la SSPC que detect\u00f3 en las calles referidas a un hombre a bordo de una bicicleta, mismo que intent\u00f3 huir, pero fue detenido para una revisi\u00f3n preventiva.<\/p>\n<p style=\"text-align: justify;\">De esta manera se le detect\u00f3 en posesi\u00f3n de un arma de fuego de fabricaci\u00f3n artesanal con cacha de madera y metal de aproximadamente 2.5 cm de ancho por 2.5cm de alto.<\/p>\n<p style=\"text-align: justify;\">Ante el probable hecho constitutivo de delito de portaci\u00f3n de arma prohibida, el detenido de nombre Sandro Emmanuel \u201cN\u201d de 18 a\u00f1os fue canalizado al \u00e1rea de Justicia C\u00edvica para la certificaci\u00f3n m\u00e9dica.<\/p>\n<p style=\"text-align: justify;\">Los agentes municipales procedieron con la puesta a disposici\u00f3n del detenido y el indicio embalado ante la Fiscal\u00eda General del Estado donde se determinar\u00e1 su situaci\u00f3n legal.<\/p>\n<p><img loading=\"lazy\" decoding=\"async\" class=\"alignnone size-medium wp-image-62906\" src=\"https:\/\/canal7slp.tv\/2022\/wp-content\/uploads\/2022\/06\/zz1-2-244x300.jpg\" alt=\"\" width=\"244\" height=\"300\" srcset=\"https:\/\/canal7slp.tv\/2022\/wp-content\/uploads\/2022\/06\/zz1-2-244x300.jpg 244w, https:\/\/canal7slp.tv\/2022\/wp-content\/uploads\/2022\/06\/zz1-2.jpg 600w\" sizes=\"auto, (max-width: 244px) 100vw, 244px\" \/> <img loading=\"lazy\" decoding=\"async\" class=\"alignnone size-medium wp-image-62907\" src=\"https:\/\/canal7slp.tv\/2022\/wp-content\/uploads\/2022\/06\/zz1b-4-300x150.jpg\" alt=\"\" width=\"300\" height=\"150\" srcset=\"https:\/\/canal7slp.tv\/2022\/wp-content\/uploads\/2022\/06\/zz1b-4-300x150.jpg 300w, https:\/\/canal7slp.tv\/2022\/wp-content\/uploads\/2022\/06\/zz1b-4-768x383.jpg 768w, https:\/\/canal7slp.tv\/2022\/wp-content\/uploads\/2022\/06\/zz1b-4-400x200.jpg 400w, https:\/\/canal7slp.tv\/2022\/wp-content\/uploads\/2022\/06\/zz1b-4-600x300.jpg 600w, https:\/\/canal7slp.tv\/2022\/wp-content\/uploads\/2022\/06\/zz1b-4-800x399.jpg 800w, https:\/\/canal7slp.tv\/2022\/wp-content\/uploads\/2022\/06\/zz1b-4.jpg 900w\" sizes=\"auto, (max-width: 300px) 100vw, 300px\" \/><\/p>\n","protected":false},"excerpt":{"rendered":"<p>SLP.-\u00a0En recorridos de seguridad en la zona oriente de la ciudad, agentes de la Direcci\u00f3n General de Guardia Municipal de la Secretar\u00eda de Seguridad y Protecci\u00f3n Ciudadana (SSPC) realizaron la detenci\u00f3n de un joven que fue encontrado en posesi\u00f3n de un arma de fabricaci\u00f3n casera, motivo por el que fue puesto a disposici\u00f3n. De acuerdo con el reporte policial, vecinos de las calles 32 y 79 en la colonia Prados segunda secci\u00f3n solicitaron presencia de la autoridad luego de escuchar detonaciones de arma de fuego. Enseguida se despleg\u00f3 al personal operativo de la SSPC que detect\u00f3 en las calles referidas [&hellip;]<\/p>\n","protected":false},"author":2,"featured_media":62907,"comment_status":"closed","ping_status":"closed","sticky":false,"template":"","format":"standard","meta":{"footnotes":""},"categories":[48],"tags":[],"class_list":["post-62905","post","type-post","status-publish","format-standard","has-post-thumbnail","hentry","category-reporte7","post--single"],"yoast_head":"<!-- This site is optimized with the Yoast SEO plugin v27.5 - https:\/\/yoast.com\/product\/yoast-seo-wordpress\/ -->\n<title>En Prados, Guardia Municipal detecta a joven con cachimba - Canal 7 SLP - 2022<\/title>\n<meta name=\"robots\" content=\"index, follow, max-snippet:-1, max-image-preview:large, max-video-preview:-1\" \/>\n<link rel=\"canonical\" href=\"https:\/\/canal7slp.tv\/2022\/en-prados-guardia-municipal-detecta-a-joven-con-cachimba\/\" \/>\n<meta property=\"og:locale\" content=\"es_ES\" \/>\n<meta property=\"og:type\" content=\"article\" \/>\n<meta property=\"og:title\" content=\"En Prados, Guardia Municipal detecta a joven con cachimba - Canal 7 SLP - 2022\" \/>\n<meta property=\"og:description\" content=\"SLP.-\u00a0En recorridos de seguridad en la zona oriente de la ciudad, agentes de la Direcci\u00f3n General de Guardia Municipal de la Secretar\u00eda de Seguridad y Protecci\u00f3n Ciudadana (SSPC) realizaron la detenci\u00f3n de un joven que fue encontrado en posesi\u00f3n de un arma de fabricaci\u00f3n casera, motivo por el que fue puesto a disposici\u00f3n. De acuerdo con el reporte policial, vecinos de las calles 32 y 79 en la colonia Prados segunda secci\u00f3n solicitaron presencia de la autoridad luego de escuchar detonaciones de arma de fuego. Enseguida se despleg\u00f3 al personal operativo de la SSPC que detect\u00f3 en las calles referidas [&hellip;]\" \/>\n<meta property=\"og:url\" content=\"https:\/\/canal7slp.tv\/2022\/en-prados-guardia-municipal-detecta-a-joven-con-cachimba\/\" \/>\n<meta property=\"og:site_name\" content=\"Canal 7 SLP - 2022\" \/>\n<meta property=\"article:publisher\" content=\"https:\/\/www.facebook.com\/noticieroscanalsiete\" \/>\n<meta property=\"article:published_time\" content=\"2022-06-08T17:57:17+00:00\" \/>\n<meta property=\"og:image\" content=\"https:\/\/canal7slp.tv\/2022\/wp-content\/uploads\/2022\/06\/zz1b-4.jpg\" \/>\n\t<meta property=\"og:image:width\" content=\"900\" \/>\n\t<meta property=\"og:image:height\" content=\"449\" \/>\n\t<meta property=\"og:image:type\" content=\"image\/jpeg\" \/>\n<meta name=\"author\" content=\"Edici\u00f3n Web\" \/>\n<meta name=\"twitter:card\" content=\"summary_large_image\" \/>\n<meta name=\"twitter:creator\" content=\"@NOTICIEROS7\" \/>\n<meta name=\"twitter:site\" content=\"@NOTICIEROS7\" \/>\n<meta name=\"twitter:label1\" content=\"Escrito por\" \/>\n\t<meta name=\"twitter:data1\" content=\"Edici\u00f3n Web\" \/>\n\t<meta name=\"twitter:label2\" content=\"Tiempo de lectura\" \/>\n\t<meta name=\"twitter:data2\" content=\"2 minutos\" \/>\n<script type=\"application\/ld+json\" class=\"yoast-schema-graph\">{\"@context\":\"https:\\\/\\\/schema.org\",\"@graph\":[{\"@type\":\"Article\",\"@id\":\"https:\\\/\\\/canal7slp.tv\\\/2022\\\/en-prados-guardia-municipal-detecta-a-joven-con-cachimba\\\/#article\",\"isPartOf\":{\"@id\":\"https:\\\/\\\/canal7slp.tv\\\/2022\\\/en-prados-guardia-municipal-detecta-a-joven-con-cachimba\\\/\"},\"author\":{\"name\":\"Edici\u00f3n Web\",\"@id\":\"https:\\\/\\\/canal7slp.tv\\\/2022\\\/#\\\/schema\\\/person\\\/429704152a21f5f856ce29aa69a238da\"},\"headline\":\"En Prados, Guardia Municipal detecta a joven con cachimba\",\"datePublished\":\"2022-06-08T17:57:17+00:00\",\"mainEntityOfPage\":{\"@id\":\"https:\\\/\\\/canal7slp.tv\\\/2022\\\/en-prados-guardia-municipal-detecta-a-joven-con-cachimba\\\/\"},\"wordCount\":237,\"publisher\":{\"@id\":\"https:\\\/\\\/canal7slp.tv\\\/2022\\\/#organization\"},\"image\":{\"@id\":\"https:\\\/\\\/canal7slp.tv\\\/2022\\\/en-prados-guardia-municipal-detecta-a-joven-con-cachimba\\\/#primaryimage\"},\"thumbnailUrl\":\"https:\\\/\\\/canal7slp.tv\\\/2022\\\/wp-content\\\/uploads\\\/2022\\\/06\\\/zz1b-4.jpg\",\"articleSection\":[\"REPORTE 7\"],\"inLanguage\":\"es\"},{\"@type\":\"WebPage\",\"@id\":\"https:\\\/\\\/canal7slp.tv\\\/2022\\\/en-prados-guardia-municipal-detecta-a-joven-con-cachimba\\\/\",\"url\":\"https:\\\/\\\/canal7slp.tv\\\/2022\\\/en-prados-guardia-municipal-detecta-a-joven-con-cachimba\\\/\",\"name\":\"En Prados, Guardia Municipal detecta a joven con cachimba - Canal 7 SLP - 2022\",\"isPartOf\":{\"@id\":\"https:\\\/\\\/canal7slp.tv\\\/2022\\\/#website\"},\"primaryImageOfPage\":{\"@id\":\"https:\\\/\\\/canal7slp.tv\\\/2022\\\/en-prados-guardia-municipal-detecta-a-joven-con-cachimba\\\/#primaryimage\"},\"image\":{\"@id\":\"https:\\\/\\\/canal7slp.tv\\\/2022\\\/en-prados-guardia-municipal-detecta-a-joven-con-cachimba\\\/#primaryimage\"},\"thumbnailUrl\":\"https:\\\/\\\/canal7slp.tv\\\/2022\\\/wp-content\\\/uploads\\\/2022\\\/06\\\/zz1b-4.jpg\",\"datePublished\":\"2022-06-08T17:57:17+00:00\",\"breadcrumb\":{\"@id\":\"https:\\\/\\\/canal7slp.tv\\\/2022\\\/en-prados-guardia-municipal-detecta-a-joven-con-cachimba\\\/#breadcrumb\"},\"inLanguage\":\"es\",\"potentialAction\":[{\"@type\":\"ReadAction\",\"target\":[\"https:\\\/\\\/canal7slp.tv\\\/2022\\\/en-prados-guardia-municipal-detecta-a-joven-con-cachimba\\\/\"]}]},{\"@type\":\"ImageObject\",\"inLanguage\":\"es\",\"@id\":\"https:\\\/\\\/canal7slp.tv\\\/2022\\\/en-prados-guardia-municipal-detecta-a-joven-con-cachimba\\\/#primaryimage\",\"url\":\"https:\\\/\\\/canal7slp.tv\\\/2022\\\/wp-content\\\/uploads\\\/2022\\\/06\\\/zz1b-4.jpg\",\"contentUrl\":\"https:\\\/\\\/canal7slp.tv\\\/2022\\\/wp-content\\\/uploads\\\/2022\\\/06\\\/zz1b-4.jpg\",\"width\":900,\"height\":449},{\"@type\":\"BreadcrumbList\",\"@id\":\"https:\\\/\\\/canal7slp.tv\\\/2022\\\/en-prados-guardia-municipal-detecta-a-joven-con-cachimba\\\/#breadcrumb\",\"itemListElement\":[{\"@type\":\"ListItem\",\"position\":1,\"name\":\"Portada\",\"item\":\"https:\\\/\\\/canal7slp.tv\\\/2022\\\/\"},{\"@type\":\"ListItem\",\"position\":2,\"name\":\"En Prados, Guardia Municipal detecta a joven con cachimba\"}]},{\"@type\":\"WebSite\",\"@id\":\"https:\\\/\\\/canal7slp.tv\\\/2022\\\/#website\",\"url\":\"https:\\\/\\\/canal7slp.tv\\\/2022\\\/\",\"name\":\"N7 - Noticieros Canal 7\",\"description\":\"Somos Televisi\u00f3n\",\"publisher\":{\"@id\":\"https:\\\/\\\/canal7slp.tv\\\/2022\\\/#organization\"},\"potentialAction\":[{\"@type\":\"SearchAction\",\"target\":{\"@type\":\"EntryPoint\",\"urlTemplate\":\"https:\\\/\\\/canal7slp.tv\\\/2022\\\/?s={search_term_string}\"},\"query-input\":{\"@type\":\"PropertyValueSpecification\",\"valueRequired\":true,\"valueName\":\"search_term_string\"}}],\"inLanguage\":\"es\"},{\"@type\":\"Organization\",\"@id\":\"https:\\\/\\\/canal7slp.tv\\\/2022\\\/#organization\",\"name\":\"Noticieros Canal 7\",\"url\":\"https:\\\/\\\/canal7slp.tv\\\/2022\\\/\",\"logo\":{\"@type\":\"ImageObject\",\"inLanguage\":\"es\",\"@id\":\"https:\\\/\\\/canal7slp.tv\\\/2022\\\/#\\\/schema\\\/logo\\\/image\\\/\",\"url\":\"https:\\\/\\\/canal7slp.tv\\\/2022\\\/wp-content\\\/uploads\\\/2021\\\/01\\\/logo-noticieros@2x.png\",\"contentUrl\":\"https:\\\/\\\/canal7slp.tv\\\/2022\\\/wp-content\\\/uploads\\\/2021\\\/01\\\/logo-noticieros@2x.png\",\"width\":1017,\"height\":268,\"caption\":\"Noticieros Canal 7\"},\"image\":{\"@id\":\"https:\\\/\\\/canal7slp.tv\\\/2022\\\/#\\\/schema\\\/logo\\\/image\\\/\"},\"sameAs\":[\"https:\\\/\\\/www.facebook.com\\\/noticieroscanalsiete\",\"https:\\\/\\\/x.com\\\/NOTICIEROS7\",\"https:\\\/\\\/www.instagram.com\\\/canal7_slp\",\"https:\\\/\\\/www.youtube.com\\\/channel\\\/UCliiYs-gP3JfJeqdPrNdd5A\"]},{\"@type\":\"Person\",\"@id\":\"https:\\\/\\\/canal7slp.tv\\\/2022\\\/#\\\/schema\\\/person\\\/429704152a21f5f856ce29aa69a238da\",\"name\":\"Edici\u00f3n Web\",\"image\":{\"@type\":\"ImageObject\",\"inLanguage\":\"es\",\"@id\":\"https:\\\/\\\/secure.gravatar.com\\\/avatar\\\/eee448fc3f7164808013b816ba91ac7e43bbe82a70bebac296f8bc6f0addaa1a?s=96&d=mm&r=g\",\"url\":\"https:\\\/\\\/secure.gravatar.com\\\/avatar\\\/eee448fc3f7164808013b816ba91ac7e43bbe82a70bebac296f8bc6f0addaa1a?s=96&d=mm&r=g\",\"contentUrl\":\"https:\\\/\\\/secure.gravatar.com\\\/avatar\\\/eee448fc3f7164808013b816ba91ac7e43bbe82a70bebac296f8bc6f0addaa1a?s=96&d=mm&r=g\",\"caption\":\"Edici\u00f3n Web\"},\"url\":\"https:\\\/\\\/canal7slp.tv\\\/2022\\\/author\\\/edicionweb\\\/\"}]}<\/script>\n<!-- \/ Yoast SEO plugin. -->","yoast_head_json":{"title":"En Prados, Guardia Municipal detecta a joven con cachimba - Canal 7 SLP - 2022","robots":{"index":"index","follow":"follow","max-snippet":"max-snippet:-1","max-image-preview":"max-image-preview:large","max-video-preview":"max-video-preview:-1"},"canonical":"https:\/\/canal7slp.tv\/2022\/en-prados-guardia-municipal-detecta-a-joven-con-cachimba\/","og_locale":"es_ES","og_type":"article","og_title":"En Prados, Guardia Municipal detecta a joven con cachimba - Canal 7 SLP - 2022","og_description":"SLP.-\u00a0En recorridos de seguridad en la zona oriente de la ciudad, agentes de la Direcci\u00f3n General de Guardia Municipal de la Secretar\u00eda de Seguridad y Protecci\u00f3n Ciudadana (SSPC) realizaron la detenci\u00f3n de un joven que fue encontrado en posesi\u00f3n de un arma de fabricaci\u00f3n casera, motivo por el que fue puesto a disposici\u00f3n. De acuerdo con el reporte policial, vecinos de las calles 32 y 79 en la colonia Prados segunda secci\u00f3n solicitaron presencia de la autoridad luego de escuchar detonaciones de arma de fuego. Enseguida se despleg\u00f3 al personal operativo de la SSPC que detect\u00f3 en las calles referidas [&hellip;]","og_url":"https:\/\/canal7slp.tv\/2022\/en-prados-guardia-municipal-detecta-a-joven-con-cachimba\/","og_site_name":"Canal 7 SLP - 2022","article_publisher":"https:\/\/www.facebook.com\/noticieroscanalsiete","article_published_time":"2022-06-08T17:57:17+00:00","og_image":[{"width":900,"height":449,"url":"https:\/\/canal7slp.tv\/2022\/wp-content\/uploads\/2022\/06\/zz1b-4.jpg","type":"image\/jpeg"}],"author":"Edici\u00f3n Web","twitter_card":"summary_large_image","twitter_creator":"@NOTICIEROS7","twitter_site":"@NOTICIEROS7","twitter_misc":{"Escrito por":"Edici\u00f3n Web","Tiempo de lectura":"2 minutos"},"schema":{"@context":"https:\/\/schema.org","@graph":[{"@type":"Article","@id":"https:\/\/canal7slp.tv\/2022\/en-prados-guardia-municipal-detecta-a-joven-con-cachimba\/#article","isPartOf":{"@id":"https:\/\/canal7slp.tv\/2022\/en-prados-guardia-municipal-detecta-a-joven-con-cachimba\/"},"author":{"name":"Edici\u00f3n Web","@id":"https:\/\/canal7slp.tv\/2022\/#\/schema\/person\/429704152a21f5f856ce29aa69a238da"},"headline":"En Prados, Guardia Municipal detecta a joven con cachimba","datePublished":"2022-06-08T17:57:17+00:00","mainEntityOfPage":{"@id":"https:\/\/canal7slp.tv\/2022\/en-prados-guardia-municipal-detecta-a-joven-con-cachimba\/"},"wordCount":237,"publisher":{"@id":"https:\/\/canal7slp.tv\/2022\/#organization"},"image":{"@id":"https:\/\/canal7slp.tv\/2022\/en-prados-guardia-municipal-detecta-a-joven-con-cachimba\/#primaryimage"},"thumbnailUrl":"https:\/\/canal7slp.tv\/2022\/wp-content\/uploads\/2022\/06\/zz1b-4.jpg","articleSection":["REPORTE 7"],"inLanguage":"es"},{"@type":"WebPage","@id":"https:\/\/canal7slp.tv\/2022\/en-prados-guardia-municipal-detecta-a-joven-con-cachimba\/","url":"https:\/\/canal7slp.tv\/2022\/en-prados-guardia-municipal-detecta-a-joven-con-cachimba\/","name":"En Prados, Guardia Municipal detecta a joven con cachimba - Canal 7 SLP - 2022","isPartOf":{"@id":"https:\/\/canal7slp.tv\/2022\/#website"},"primaryImageOfPage":{"@id":"https:\/\/canal7slp.tv\/2022\/en-prados-guardia-municipal-detecta-a-joven-con-cachimba\/#primaryimage"},"image":{"@id":"https:\/\/canal7slp.tv\/2022\/en-prados-guardia-municipal-detecta-a-joven-con-cachimba\/#primaryimage"},"thumbnailUrl":"https:\/\/canal7slp.tv\/2022\/wp-content\/uploads\/2022\/06\/zz1b-4.jpg","datePublished":"2022-06-08T17:57:17+00:00","breadcrumb":{"@id":"https:\/\/canal7slp.tv\/2022\/en-prados-guardia-municipal-detecta-a-joven-con-cachimba\/#breadcrumb"},"inLanguage":"es","potentialAction":[{"@type":"ReadAction","target":["https:\/\/canal7slp.tv\/2022\/en-prados-guardia-municipal-detecta-a-joven-con-cachimba\/"]}]},{"@type":"ImageObject","inLanguage":"es","@id":"https:\/\/canal7slp.tv\/2022\/en-prados-guardia-municipal-detecta-a-joven-con-cachimba\/#primaryimage","url":"https:\/\/canal7slp.tv\/2022\/wp-content\/uploads\/2022\/06\/zz1b-4.jpg","contentUrl":"https:\/\/canal7slp.tv\/2022\/wp-content\/uploads\/2022\/06\/zz1b-4.jpg","width":900,"height":449},{"@type":"BreadcrumbList","@id":"https:\/\/canal7slp.tv\/2022\/en-prados-guardia-municipal-detecta-a-joven-con-cachimba\/#breadcrumb","itemListElement":[{"@type":"ListItem","position":1,"name":"Portada","item":"https:\/\/canal7slp.tv\/2022\/"},{"@type":"ListItem","position":2,"name":"En Prados, Guardia Municipal detecta a joven con cachimba"}]},{"@type":"WebSite","@id":"https:\/\/canal7slp.tv\/2022\/#website","url":"https:\/\/canal7slp.tv\/2022\/","name":"N7 - Noticieros Canal 7","description":"Somos Televisi\u00f3n","publisher":{"@id":"https:\/\/canal7slp.tv\/2022\/#organization"},"potentialAction":[{"@type":"SearchAction","target":{"@type":"EntryPoint","urlTemplate":"https:\/\/canal7slp.tv\/2022\/?s={search_term_string}"},"query-input":{"@type":"PropertyValueSpecification","valueRequired":true,"valueName":"search_term_string"}}],"inLanguage":"es"},{"@type":"Organization","@id":"https:\/\/canal7slp.tv\/2022\/#organization","name":"Noticieros Canal 7","url":"https:\/\/canal7slp.tv\/2022\/","logo":{"@type":"ImageObject","inLanguage":"es","@id":"https:\/\/canal7slp.tv\/2022\/#\/schema\/logo\/image\/","url":"https:\/\/canal7slp.tv\/2022\/wp-content\/uploads\/2021\/01\/logo-noticieros@2x.png","contentUrl":"https:\/\/canal7slp.tv\/2022\/wp-content\/uploads\/2021\/01\/logo-noticieros@2x.png","width":1017,"height":268,"caption":"Noticieros Canal 7"},"image":{"@id":"https:\/\/canal7slp.tv\/2022\/#\/schema\/logo\/image\/"},"sameAs":["https:\/\/www.facebook.com\/noticieroscanalsiete","https:\/\/x.com\/NOTICIEROS7","https:\/\/www.instagram.com\/canal7_slp","https:\/\/www.youtube.com\/channel\/UCliiYs-gP3JfJeqdPrNdd5A"]},{"@type":"Person","@id":"https:\/\/canal7slp.tv\/2022\/#\/schema\/person\/429704152a21f5f856ce29aa69a238da","name":"Edici\u00f3n Web","image":{"@type":"ImageObject","inLanguage":"es","@id":"https:\/\/secure.gravatar.com\/avatar\/eee448fc3f7164808013b816ba91ac7e43bbe82a70bebac296f8bc6f0addaa1a?s=96&d=mm&r=g","url":"https:\/\/secure.gravatar.com\/avatar\/eee448fc3f7164808013b816ba91ac7e43bbe82a70bebac296f8bc6f0addaa1a?s=96&d=mm&r=g","contentUrl":"https:\/\/secure.gravatar.com\/avatar\/eee448fc3f7164808013b816ba91ac7e43bbe82a70bebac296f8bc6f0addaa1a?s=96&d=mm&r=g","caption":"Edici\u00f3n Web"},"url":"https:\/\/canal7slp.tv\/2022\/author\/edicionweb\/"}]}},"amp_enabled":true,"_links":{"self":[{"href":"https:\/\/canal7slp.tv\/2022\/wp-json\/wp\/v2\/posts\/62905","targetHints":{"allow":["GET"]}}],"collection":[{"href":"https:\/\/canal7slp.tv\/2022\/wp-json\/wp\/v2\/posts"}],"about":[{"href":"https:\/\/canal7slp.tv\/2022\/wp-json\/wp\/v2\/types\/post"}],"author":[{"embeddable":true,"href":"https:\/\/canal7slp.tv\/2022\/wp-json\/wp\/v2\/users\/2"}],"replies":[{"embeddable":true,"href":"https:\/\/canal7slp.tv\/2022\/wp-json\/wp\/v2\/comments?post=62905"}],"version-history":[{"count":1,"href":"https:\/\/canal7slp.tv\/2022\/wp-json\/wp\/v2\/posts\/62905\/revisions"}],"predecessor-version":[{"id":62908,"href":"https:\/\/canal7slp.tv\/2022\/wp-json\/wp\/v2\/posts\/62905\/revisions\/62908"}],"wp:featuredmedia":[{"embeddable":true,"href":"https:\/\/canal7slp.tv\/2022\/wp-json\/wp\/v2\/media\/62907"}],"wp:attachment":[{"href":"https:\/\/canal7slp.tv\/2022\/wp-json\/wp\/v2\/media?parent=62905"}],"wp:term":[{"taxonomy":"category","embeddable":true,"href":"https:\/\/canal7slp.tv\/2022\/wp-json\/wp\/v2\/categories?post=62905"},{"taxonomy":"post_tag","embeddable":true,"href":"https:\/\/canal7slp.tv\/2022\/wp-json\/wp\/v2\/tags?post=62905"}],"curies":[{"name":"wp","href":"https:\/\/api.w.org\/{rel}","templated":true}]}}