{"id":62902,"date":"2022-06-08T11:32:02","date_gmt":"2022-06-08T17:32:02","guid":{"rendered":"https:\/\/canal7slp.tv\/2022\/?p=62902"},"modified":"2022-06-08T11:32:02","modified_gmt":"2022-06-08T17:32:02","slug":"con-villa-de-pozos-como-municipio-crecimiento-de-slp-tendria-que-ser-al-norte","status":"publish","type":"post","link":"https:\/\/canal7slp.tv\/2022\/con-villa-de-pozos-como-municipio-crecimiento-de-slp-tendria-que-ser-al-norte\/","title":{"rendered":"Con Villa de Pozos como municipio, crecimiento de SLP tendr\u00eda que ser al norte."},"content":{"rendered":"<ul>\n<li style=\"text-align: justify;\">En materia de vivienda se registrar\u00eda el impacto.<\/li>\n<\/ul>\n<p style=\"text-align: justify;\">SLP.- Un posible cambio de la delegaci\u00f3n Villa de Pozos a municipio no tendr\u00eda gran repercusi\u00f3n en la zona industrial, dado que esta vocaci\u00f3n se da en apenas 10 por ciento del territorio.<\/p>\n<p style=\"text-align: justify;\">En materia de vivienda ser\u00eda el impacto, ya que la capital no tendr\u00eda alternativa que crecer hacia el norte.<\/p>\n<p style=\"text-align: justify;\">El presidente de la Uni\u00f3n de Usuarios de la Zona Industrial (UUZI) Juan Ismael Puente Mor\u00f3n precis\u00f3 que la cantidad de fraccionamientos que podr\u00edan desarrollarse representar\u00edan beneficio para el \u00e1rea fabril.<\/p>\n<p style=\"text-align: justify;\">Dio como ejemplo que 80 por ciento pertenece a la capital y es reducido lo que corresponde a Villa de Pozos, al no estar zonificado.<\/p>\n<p style=\"text-align: justify;\">Es decir, un eje es el que compete a la delegaci\u00f3n.<\/p>\n<p style=\"text-align: justify;\">Y son restaurantes los que tambi\u00e9n dan vida a dicho espacio.<\/p>\n<p style=\"text-align: justify;\">Puente Mor\u00f3n a\u00f1adi\u00f3 que los recursos generados por la demarcaci\u00f3n, no se ven reflejados en acciones.<\/p>\n","protected":false},"excerpt":{"rendered":"<p>En materia de vivienda se registrar\u00eda el impacto. SLP.- Un posible cambio de la delegaci\u00f3n Villa de Pozos a municipio no tendr\u00eda gran repercusi\u00f3n en la zona industrial, dado que esta vocaci\u00f3n se da en apenas 10 por ciento del territorio. En materia de vivienda ser\u00eda el impacto, ya que la capital no tendr\u00eda alternativa que crecer hacia el norte. El presidente de la Uni\u00f3n de Usuarios de la Zona Industrial (UUZI) Juan Ismael Puente Mor\u00f3n precis\u00f3 que la cantidad de fraccionamientos que podr\u00edan desarrollarse representar\u00edan beneficio para el \u00e1rea fabril. Dio como ejemplo que 80 por ciento pertenece a [&hellip;]<\/p>\n","protected":false},"author":2,"featured_media":62903,"comment_status":"closed","ping_status":"closed","sticky":false,"template":"","format":"video","meta":{"footnotes":""},"categories":[5,45],"tags":[],"class_list":["post-62902","post","type-post","status-publish","format-video","has-post-thumbnail","hentry","category-destacadas","category-localesyregionales","post_format-post-format-video","post--single"],"yoast_head":"<!-- This site is optimized with the Yoast SEO plugin v27.5 - https:\/\/yoast.com\/product\/yoast-seo-wordpress\/ -->\n<title>Con Villa de Pozos como municipio, crecimiento de SLP tendr\u00eda que ser al norte. - Canal 7 SLP - 2022<\/title>\n<meta name=\"robots\" content=\"index, follow, max-snippet:-1, max-image-preview:large, max-video-preview:-1\" \/>\n<link rel=\"canonical\" href=\"https:\/\/canal7slp.tv\/2022\/con-villa-de-pozos-como-municipio-crecimiento-de-slp-tendria-que-ser-al-norte\/\" \/>\n<meta property=\"og:locale\" content=\"es_ES\" \/>\n<meta property=\"og:type\" content=\"article\" \/>\n<meta property=\"og:title\" content=\"Con Villa de Pozos como municipio, crecimiento de SLP tendr\u00eda que ser al norte. - Canal 7 SLP - 2022\" \/>\n<meta property=\"og:description\" content=\"En materia de vivienda se registrar\u00eda el impacto. SLP.- Un posible cambio de la delegaci\u00f3n Villa de Pozos a municipio no tendr\u00eda gran repercusi\u00f3n en la zona industrial, dado que esta vocaci\u00f3n se da en apenas 10 por ciento del territorio. En materia de vivienda ser\u00eda el impacto, ya que la capital no tendr\u00eda alternativa que crecer hacia el norte. El presidente de la Uni\u00f3n de Usuarios de la Zona Industrial (UUZI) Juan Ismael Puente Mor\u00f3n precis\u00f3 que la cantidad de fraccionamientos que podr\u00edan desarrollarse representar\u00edan beneficio para el \u00e1rea fabril. Dio como ejemplo que 80 por ciento pertenece a [&hellip;]\" \/>\n<meta property=\"og:url\" content=\"https:\/\/canal7slp.tv\/2022\/con-villa-de-pozos-como-municipio-crecimiento-de-slp-tendria-que-ser-al-norte\/\" \/>\n<meta property=\"og:site_name\" content=\"Canal 7 SLP - 2022\" \/>\n<meta property=\"article:publisher\" content=\"https:\/\/www.facebook.com\/noticieroscanalsiete\" \/>\n<meta property=\"article:published_time\" content=\"2022-06-08T17:32:02+00:00\" \/>\n<meta property=\"og:image\" content=\"https:\/\/canal7slp.tv\/2022\/wp-content\/uploads\/2022\/06\/Pau01UUZI-1.jpg\" \/>\n\t<meta property=\"og:image:width\" content=\"888\" \/>\n\t<meta property=\"og:image:height\" content=\"500\" \/>\n\t<meta property=\"og:image:type\" content=\"image\/jpeg\" \/>\n<meta name=\"author\" content=\"Edici\u00f3n Web\" \/>\n<meta name=\"twitter:card\" content=\"summary_large_image\" \/>\n<meta name=\"twitter:creator\" content=\"@NOTICIEROS7\" \/>\n<meta name=\"twitter:site\" content=\"@NOTICIEROS7\" \/>\n<meta name=\"twitter:label1\" content=\"Escrito por\" \/>\n\t<meta name=\"twitter:data1\" content=\"Edici\u00f3n Web\" \/>\n\t<meta name=\"twitter:label2\" content=\"Tiempo de lectura\" \/>\n\t<meta name=\"twitter:data2\" content=\"1 minuto\" \/>\n<script type=\"application\/ld+json\" class=\"yoast-schema-graph\">{\"@context\":\"https:\\\/\\\/schema.org\",\"@graph\":[{\"@type\":\"Article\",\"@id\":\"https:\\\/\\\/canal7slp.tv\\\/2022\\\/con-villa-de-pozos-como-municipio-crecimiento-de-slp-tendria-que-ser-al-norte\\\/#article\",\"isPartOf\":{\"@id\":\"https:\\\/\\\/canal7slp.tv\\\/2022\\\/con-villa-de-pozos-como-municipio-crecimiento-de-slp-tendria-que-ser-al-norte\\\/\"},\"author\":{\"name\":\"Edici\u00f3n Web\",\"@id\":\"https:\\\/\\\/canal7slp.tv\\\/2022\\\/#\\\/schema\\\/person\\\/429704152a21f5f856ce29aa69a238da\"},\"headline\":\"Con Villa de Pozos como municipio, crecimiento de SLP tendr\u00eda que ser al norte.\",\"datePublished\":\"2022-06-08T17:32:02+00:00\",\"mainEntityOfPage\":{\"@id\":\"https:\\\/\\\/canal7slp.tv\\\/2022\\\/con-villa-de-pozos-como-municipio-crecimiento-de-slp-tendria-que-ser-al-norte\\\/\"},\"wordCount\":184,\"publisher\":{\"@id\":\"https:\\\/\\\/canal7slp.tv\\\/2022\\\/#organization\"},\"image\":{\"@id\":\"https:\\\/\\\/canal7slp.tv\\\/2022\\\/con-villa-de-pozos-como-municipio-crecimiento-de-slp-tendria-que-ser-al-norte\\\/#primaryimage\"},\"thumbnailUrl\":\"https:\\\/\\\/canal7slp.tv\\\/2022\\\/wp-content\\\/uploads\\\/2022\\\/06\\\/Pau01UUZI-1.jpg\",\"articleSection\":[\"DESTACADAS\",\"LOCALES Y REGIONALES\"],\"inLanguage\":\"es\"},{\"@type\":\"WebPage\",\"@id\":\"https:\\\/\\\/canal7slp.tv\\\/2022\\\/con-villa-de-pozos-como-municipio-crecimiento-de-slp-tendria-que-ser-al-norte\\\/\",\"url\":\"https:\\\/\\\/canal7slp.tv\\\/2022\\\/con-villa-de-pozos-como-municipio-crecimiento-de-slp-tendria-que-ser-al-norte\\\/\",\"name\":\"Con Villa de Pozos como municipio, crecimiento de SLP tendr\u00eda que ser al norte. - Canal 7 SLP - 2022\",\"isPartOf\":{\"@id\":\"https:\\\/\\\/canal7slp.tv\\\/2022\\\/#website\"},\"primaryImageOfPage\":{\"@id\":\"https:\\\/\\\/canal7slp.tv\\\/2022\\\/con-villa-de-pozos-como-municipio-crecimiento-de-slp-tendria-que-ser-al-norte\\\/#primaryimage\"},\"image\":{\"@id\":\"https:\\\/\\\/canal7slp.tv\\\/2022\\\/con-villa-de-pozos-como-municipio-crecimiento-de-slp-tendria-que-ser-al-norte\\\/#primaryimage\"},\"thumbnailUrl\":\"https:\\\/\\\/canal7slp.tv\\\/2022\\\/wp-content\\\/uploads\\\/2022\\\/06\\\/Pau01UUZI-1.jpg\",\"datePublished\":\"2022-06-08T17:32:02+00:00\",\"breadcrumb\":{\"@id\":\"https:\\\/\\\/canal7slp.tv\\\/2022\\\/con-villa-de-pozos-como-municipio-crecimiento-de-slp-tendria-que-ser-al-norte\\\/#breadcrumb\"},\"inLanguage\":\"es\",\"potentialAction\":[{\"@type\":\"ReadAction\",\"target\":[\"https:\\\/\\\/canal7slp.tv\\\/2022\\\/con-villa-de-pozos-como-municipio-crecimiento-de-slp-tendria-que-ser-al-norte\\\/\"]}]},{\"@type\":\"ImageObject\",\"inLanguage\":\"es\",\"@id\":\"https:\\\/\\\/canal7slp.tv\\\/2022\\\/con-villa-de-pozos-como-municipio-crecimiento-de-slp-tendria-que-ser-al-norte\\\/#primaryimage\",\"url\":\"https:\\\/\\\/canal7slp.tv\\\/2022\\\/wp-content\\\/uploads\\\/2022\\\/06\\\/Pau01UUZI-1.jpg\",\"contentUrl\":\"https:\\\/\\\/canal7slp.tv\\\/2022\\\/wp-content\\\/uploads\\\/2022\\\/06\\\/Pau01UUZI-1.jpg\",\"width\":888,\"height\":500},{\"@type\":\"BreadcrumbList\",\"@id\":\"https:\\\/\\\/canal7slp.tv\\\/2022\\\/con-villa-de-pozos-como-municipio-crecimiento-de-slp-tendria-que-ser-al-norte\\\/#breadcrumb\",\"itemListElement\":[{\"@type\":\"ListItem\",\"position\":1,\"name\":\"Portada\",\"item\":\"https:\\\/\\\/canal7slp.tv\\\/2022\\\/\"},{\"@type\":\"ListItem\",\"position\":2,\"name\":\"Con Villa de Pozos como municipio, crecimiento de SLP tendr\u00eda que ser al norte.\"}]},{\"@type\":\"WebSite\",\"@id\":\"https:\\\/\\\/canal7slp.tv\\\/2022\\\/#website\",\"url\":\"https:\\\/\\\/canal7slp.tv\\\/2022\\\/\",\"name\":\"N7 - Noticieros Canal 7\",\"description\":\"Somos Televisi\u00f3n\",\"publisher\":{\"@id\":\"https:\\\/\\\/canal7slp.tv\\\/2022\\\/#organization\"},\"potentialAction\":[{\"@type\":\"SearchAction\",\"target\":{\"@type\":\"EntryPoint\",\"urlTemplate\":\"https:\\\/\\\/canal7slp.tv\\\/2022\\\/?s={search_term_string}\"},\"query-input\":{\"@type\":\"PropertyValueSpecification\",\"valueRequired\":true,\"valueName\":\"search_term_string\"}}],\"inLanguage\":\"es\"},{\"@type\":\"Organization\",\"@id\":\"https:\\\/\\\/canal7slp.tv\\\/2022\\\/#organization\",\"name\":\"Noticieros Canal 7\",\"url\":\"https:\\\/\\\/canal7slp.tv\\\/2022\\\/\",\"logo\":{\"@type\":\"ImageObject\",\"inLanguage\":\"es\",\"@id\":\"https:\\\/\\\/canal7slp.tv\\\/2022\\\/#\\\/schema\\\/logo\\\/image\\\/\",\"url\":\"https:\\\/\\\/canal7slp.tv\\\/2022\\\/wp-content\\\/uploads\\\/2021\\\/01\\\/logo-noticieros@2x.png\",\"contentUrl\":\"https:\\\/\\\/canal7slp.tv\\\/2022\\\/wp-content\\\/uploads\\\/2021\\\/01\\\/logo-noticieros@2x.png\",\"width\":1017,\"height\":268,\"caption\":\"Noticieros Canal 7\"},\"image\":{\"@id\":\"https:\\\/\\\/canal7slp.tv\\\/2022\\\/#\\\/schema\\\/logo\\\/image\\\/\"},\"sameAs\":[\"https:\\\/\\\/www.facebook.com\\\/noticieroscanalsiete\",\"https:\\\/\\\/x.com\\\/NOTICIEROS7\",\"https:\\\/\\\/www.instagram.com\\\/canal7_slp\",\"https:\\\/\\\/www.youtube.com\\\/channel\\\/UCliiYs-gP3JfJeqdPrNdd5A\"]},{\"@type\":\"Person\",\"@id\":\"https:\\\/\\\/canal7slp.tv\\\/2022\\\/#\\\/schema\\\/person\\\/429704152a21f5f856ce29aa69a238da\",\"name\":\"Edici\u00f3n Web\",\"image\":{\"@type\":\"ImageObject\",\"inLanguage\":\"es\",\"@id\":\"https:\\\/\\\/secure.gravatar.com\\\/avatar\\\/eee448fc3f7164808013b816ba91ac7e43bbe82a70bebac296f8bc6f0addaa1a?s=96&d=mm&r=g\",\"url\":\"https:\\\/\\\/secure.gravatar.com\\\/avatar\\\/eee448fc3f7164808013b816ba91ac7e43bbe82a70bebac296f8bc6f0addaa1a?s=96&d=mm&r=g\",\"contentUrl\":\"https:\\\/\\\/secure.gravatar.com\\\/avatar\\\/eee448fc3f7164808013b816ba91ac7e43bbe82a70bebac296f8bc6f0addaa1a?s=96&d=mm&r=g\",\"caption\":\"Edici\u00f3n Web\"},\"url\":\"https:\\\/\\\/canal7slp.tv\\\/2022\\\/author\\\/edicionweb\\\/\"}]}<\/script>\n<!-- \/ Yoast SEO plugin. -->","yoast_head_json":{"title":"Con Villa de Pozos como municipio, crecimiento de SLP tendr\u00eda que ser al norte. - Canal 7 SLP - 2022","robots":{"index":"index","follow":"follow","max-snippet":"max-snippet:-1","max-image-preview":"max-image-preview:large","max-video-preview":"max-video-preview:-1"},"canonical":"https:\/\/canal7slp.tv\/2022\/con-villa-de-pozos-como-municipio-crecimiento-de-slp-tendria-que-ser-al-norte\/","og_locale":"es_ES","og_type":"article","og_title":"Con Villa de Pozos como municipio, crecimiento de SLP tendr\u00eda que ser al norte. - Canal 7 SLP - 2022","og_description":"En materia de vivienda se registrar\u00eda el impacto. SLP.- Un posible cambio de la delegaci\u00f3n Villa de Pozos a municipio no tendr\u00eda gran repercusi\u00f3n en la zona industrial, dado que esta vocaci\u00f3n se da en apenas 10 por ciento del territorio. En materia de vivienda ser\u00eda el impacto, ya que la capital no tendr\u00eda alternativa que crecer hacia el norte. El presidente de la Uni\u00f3n de Usuarios de la Zona Industrial (UUZI) Juan Ismael Puente Mor\u00f3n precis\u00f3 que la cantidad de fraccionamientos que podr\u00edan desarrollarse representar\u00edan beneficio para el \u00e1rea fabril. Dio como ejemplo que 80 por ciento pertenece a [&hellip;]","og_url":"https:\/\/canal7slp.tv\/2022\/con-villa-de-pozos-como-municipio-crecimiento-de-slp-tendria-que-ser-al-norte\/","og_site_name":"Canal 7 SLP - 2022","article_publisher":"https:\/\/www.facebook.com\/noticieroscanalsiete","article_published_time":"2022-06-08T17:32:02+00:00","og_image":[{"width":888,"height":500,"url":"https:\/\/canal7slp.tv\/2022\/wp-content\/uploads\/2022\/06\/Pau01UUZI-1.jpg","type":"image\/jpeg"}],"author":"Edici\u00f3n Web","twitter_card":"summary_large_image","twitter_creator":"@NOTICIEROS7","twitter_site":"@NOTICIEROS7","twitter_misc":{"Escrito por":"Edici\u00f3n Web","Tiempo de lectura":"1 minuto"},"schema":{"@context":"https:\/\/schema.org","@graph":[{"@type":"Article","@id":"https:\/\/canal7slp.tv\/2022\/con-villa-de-pozos-como-municipio-crecimiento-de-slp-tendria-que-ser-al-norte\/#article","isPartOf":{"@id":"https:\/\/canal7slp.tv\/2022\/con-villa-de-pozos-como-municipio-crecimiento-de-slp-tendria-que-ser-al-norte\/"},"author":{"name":"Edici\u00f3n Web","@id":"https:\/\/canal7slp.tv\/2022\/#\/schema\/person\/429704152a21f5f856ce29aa69a238da"},"headline":"Con Villa de Pozos como municipio, crecimiento de SLP tendr\u00eda que ser al norte.","datePublished":"2022-06-08T17:32:02+00:00","mainEntityOfPage":{"@id":"https:\/\/canal7slp.tv\/2022\/con-villa-de-pozos-como-municipio-crecimiento-de-slp-tendria-que-ser-al-norte\/"},"wordCount":184,"publisher":{"@id":"https:\/\/canal7slp.tv\/2022\/#organization"},"image":{"@id":"https:\/\/canal7slp.tv\/2022\/con-villa-de-pozos-como-municipio-crecimiento-de-slp-tendria-que-ser-al-norte\/#primaryimage"},"thumbnailUrl":"https:\/\/canal7slp.tv\/2022\/wp-content\/uploads\/2022\/06\/Pau01UUZI-1.jpg","articleSection":["DESTACADAS","LOCALES Y REGIONALES"],"inLanguage":"es"},{"@type":"WebPage","@id":"https:\/\/canal7slp.tv\/2022\/con-villa-de-pozos-como-municipio-crecimiento-de-slp-tendria-que-ser-al-norte\/","url":"https:\/\/canal7slp.tv\/2022\/con-villa-de-pozos-como-municipio-crecimiento-de-slp-tendria-que-ser-al-norte\/","name":"Con Villa de Pozos como municipio, crecimiento de SLP tendr\u00eda que ser al norte. - Canal 7 SLP - 2022","isPartOf":{"@id":"https:\/\/canal7slp.tv\/2022\/#website"},"primaryImageOfPage":{"@id":"https:\/\/canal7slp.tv\/2022\/con-villa-de-pozos-como-municipio-crecimiento-de-slp-tendria-que-ser-al-norte\/#primaryimage"},"image":{"@id":"https:\/\/canal7slp.tv\/2022\/con-villa-de-pozos-como-municipio-crecimiento-de-slp-tendria-que-ser-al-norte\/#primaryimage"},"thumbnailUrl":"https:\/\/canal7slp.tv\/2022\/wp-content\/uploads\/2022\/06\/Pau01UUZI-1.jpg","datePublished":"2022-06-08T17:32:02+00:00","breadcrumb":{"@id":"https:\/\/canal7slp.tv\/2022\/con-villa-de-pozos-como-municipio-crecimiento-de-slp-tendria-que-ser-al-norte\/#breadcrumb"},"inLanguage":"es","potentialAction":[{"@type":"ReadAction","target":["https:\/\/canal7slp.tv\/2022\/con-villa-de-pozos-como-municipio-crecimiento-de-slp-tendria-que-ser-al-norte\/"]}]},{"@type":"ImageObject","inLanguage":"es","@id":"https:\/\/canal7slp.tv\/2022\/con-villa-de-pozos-como-municipio-crecimiento-de-slp-tendria-que-ser-al-norte\/#primaryimage","url":"https:\/\/canal7slp.tv\/2022\/wp-content\/uploads\/2022\/06\/Pau01UUZI-1.jpg","contentUrl":"https:\/\/canal7slp.tv\/2022\/wp-content\/uploads\/2022\/06\/Pau01UUZI-1.jpg","width":888,"height":500},{"@type":"BreadcrumbList","@id":"https:\/\/canal7slp.tv\/2022\/con-villa-de-pozos-como-municipio-crecimiento-de-slp-tendria-que-ser-al-norte\/#breadcrumb","itemListElement":[{"@type":"ListItem","position":1,"name":"Portada","item":"https:\/\/canal7slp.tv\/2022\/"},{"@type":"ListItem","position":2,"name":"Con Villa de Pozos como municipio, crecimiento de SLP tendr\u00eda que ser al norte."}]},{"@type":"WebSite","@id":"https:\/\/canal7slp.tv\/2022\/#website","url":"https:\/\/canal7slp.tv\/2022\/","name":"N7 - Noticieros Canal 7","description":"Somos Televisi\u00f3n","publisher":{"@id":"https:\/\/canal7slp.tv\/2022\/#organization"},"potentialAction":[{"@type":"SearchAction","target":{"@type":"EntryPoint","urlTemplate":"https:\/\/canal7slp.tv\/2022\/?s={search_term_string}"},"query-input":{"@type":"PropertyValueSpecification","valueRequired":true,"valueName":"search_term_string"}}],"inLanguage":"es"},{"@type":"Organization","@id":"https:\/\/canal7slp.tv\/2022\/#organization","name":"Noticieros Canal 7","url":"https:\/\/canal7slp.tv\/2022\/","logo":{"@type":"ImageObject","inLanguage":"es","@id":"https:\/\/canal7slp.tv\/2022\/#\/schema\/logo\/image\/","url":"https:\/\/canal7slp.tv\/2022\/wp-content\/uploads\/2021\/01\/logo-noticieros@2x.png","contentUrl":"https:\/\/canal7slp.tv\/2022\/wp-content\/uploads\/2021\/01\/logo-noticieros@2x.png","width":1017,"height":268,"caption":"Noticieros Canal 7"},"image":{"@id":"https:\/\/canal7slp.tv\/2022\/#\/schema\/logo\/image\/"},"sameAs":["https:\/\/www.facebook.com\/noticieroscanalsiete","https:\/\/x.com\/NOTICIEROS7","https:\/\/www.instagram.com\/canal7_slp","https:\/\/www.youtube.com\/channel\/UCliiYs-gP3JfJeqdPrNdd5A"]},{"@type":"Person","@id":"https:\/\/canal7slp.tv\/2022\/#\/schema\/person\/429704152a21f5f856ce29aa69a238da","name":"Edici\u00f3n Web","image":{"@type":"ImageObject","inLanguage":"es","@id":"https:\/\/secure.gravatar.com\/avatar\/eee448fc3f7164808013b816ba91ac7e43bbe82a70bebac296f8bc6f0addaa1a?s=96&d=mm&r=g","url":"https:\/\/secure.gravatar.com\/avatar\/eee448fc3f7164808013b816ba91ac7e43bbe82a70bebac296f8bc6f0addaa1a?s=96&d=mm&r=g","contentUrl":"https:\/\/secure.gravatar.com\/avatar\/eee448fc3f7164808013b816ba91ac7e43bbe82a70bebac296f8bc6f0addaa1a?s=96&d=mm&r=g","caption":"Edici\u00f3n Web"},"url":"https:\/\/canal7slp.tv\/2022\/author\/edicionweb\/"}]}},"amp_enabled":true,"_links":{"self":[{"href":"https:\/\/canal7slp.tv\/2022\/wp-json\/wp\/v2\/posts\/62902","targetHints":{"allow":["GET"]}}],"collection":[{"href":"https:\/\/canal7slp.tv\/2022\/wp-json\/wp\/v2\/posts"}],"about":[{"href":"https:\/\/canal7slp.tv\/2022\/wp-json\/wp\/v2\/types\/post"}],"author":[{"embeddable":true,"href":"https:\/\/canal7slp.tv\/2022\/wp-json\/wp\/v2\/users\/2"}],"replies":[{"embeddable":true,"href":"https:\/\/canal7slp.tv\/2022\/wp-json\/wp\/v2\/comments?post=62902"}],"version-history":[{"count":1,"href":"https:\/\/canal7slp.tv\/2022\/wp-json\/wp\/v2\/posts\/62902\/revisions"}],"predecessor-version":[{"id":62904,"href":"https:\/\/canal7slp.tv\/2022\/wp-json\/wp\/v2\/posts\/62902\/revisions\/62904"}],"wp:featuredmedia":[{"embeddable":true,"href":"https:\/\/canal7slp.tv\/2022\/wp-json\/wp\/v2\/media\/62903"}],"wp:attachment":[{"href":"https:\/\/canal7slp.tv\/2022\/wp-json\/wp\/v2\/media?parent=62902"}],"wp:term":[{"taxonomy":"category","embeddable":true,"href":"https:\/\/canal7slp.tv\/2022\/wp-json\/wp\/v2\/categories?post=62902"},{"taxonomy":"post_tag","embeddable":true,"href":"https:\/\/canal7slp.tv\/2022\/wp-json\/wp\/v2\/tags?post=62902"}],"curies":[{"name":"wp","href":"https:\/\/api.w.org\/{rel}","templated":true}]}}