{"id":62899,"date":"2022-06-08T09:24:58","date_gmt":"2022-06-08T15:24:58","guid":{"rendered":"https:\/\/canal7slp.tv\/2022\/?p=62899"},"modified":"2022-06-08T09:24:58","modified_gmt":"2022-06-08T15:24:58","slug":"ayuntamiento-capitalino-arranco-la-obra-de-rehabilitacion-de-avenida-salk","status":"publish","type":"post","link":"https:\/\/canal7slp.tv\/2022\/ayuntamiento-capitalino-arranco-la-obra-de-rehabilitacion-de-avenida-salk\/","title":{"rendered":"Ayuntamiento Capitalino arranc\u00f3 la obra de rehabilitaci\u00f3n de Avenida Salk."},"content":{"rendered":"<ul>\n<li style=\"text-align: justify;\">Se intervendr\u00e1n m\u00e1s de 62 mil metros cuadrados.<\/li>\n<\/ul>\n<p style=\"text-align: justify;\">SLP.- El Ayuntamiento Capitalino dio inicio a la rehabilitaci\u00f3n integral de la avenida Salk, como parte del programa \u00abVialidades PotoS\u00cdnas\u00bb.<\/p>\n<p style=\"text-align: justify;\">El trabajo abarca Salvador Nava Mart\u00ednez hasta el bulevar Antonio Rocha Cordero.<\/p>\n<p style=\"text-align: justify;\">Implica una intervenci\u00f3n de 62 mil 600 metros cuadrados de la superficie de rodamiento.<\/p>\n<p style=\"text-align: justify;\">De acuerdo con la Direcci\u00f3n de Obras P\u00fablicas, el beneficio directo supera 224 mil habitantes, adem\u00e1s comercios y establecimientos que se encuentran sobre mencionada arteria.<\/p>\n<p style=\"text-align: justify;\">Al igual que el resto de obras que se han puesto en marcha con Vialidades PotoS\u00cdnas, la garant\u00eda de los trabajos se ampli\u00f3 a 36 meses.<\/p>\n<p style=\"text-align: justify;\">Vialidades PotoS\u00cdnas tiene como prop\u00f3sito rehabilitar un mill\u00f3n de metros cuadrados de pavimentaci\u00f3n en tres a\u00f1os.<\/p>\n<p style=\"text-align: justify;\">Tambi\u00e9n se tiene planeada la ampliaci\u00f3n de Hern\u00e1n Cort\u00e9s hasta calle Oro y hacia la avenida 20 de Noviembre, as\u00ed como dos pasos a desnivel: uno en Himalaya y otro en El Saucito.<\/p>\n","protected":false},"excerpt":{"rendered":"<p>Se intervendr\u00e1n m\u00e1s de 62 mil metros cuadrados. SLP.- El Ayuntamiento Capitalino dio inicio a la rehabilitaci\u00f3n integral de la avenida Salk, como parte del programa \u00abVialidades PotoS\u00cdnas\u00bb. El trabajo abarca Salvador Nava Mart\u00ednez hasta el bulevar Antonio Rocha Cordero. Implica una intervenci\u00f3n de 62 mil 600 metros cuadrados de la superficie de rodamiento. De acuerdo con la Direcci\u00f3n de Obras P\u00fablicas, el beneficio directo supera 224 mil habitantes, adem\u00e1s comercios y establecimientos que se encuentran sobre mencionada arteria. Al igual que el resto de obras que se han puesto en marcha con Vialidades PotoS\u00cdnas, la garant\u00eda de los trabajos [&hellip;]<\/p>\n","protected":false},"author":2,"featured_media":62900,"comment_status":"closed","ping_status":"closed","sticky":false,"template":"","format":"video","meta":{"footnotes":""},"categories":[66,5,45],"tags":[],"class_list":["post-62899","post","type-post","status-publish","format-video","has-post-thumbnail","hentry","category-ayoslp","category-destacadas","category-localesyregionales","post_format-post-format-video","post--single"],"yoast_head":"<!-- This site is optimized with the Yoast SEO plugin v27.5 - https:\/\/yoast.com\/product\/yoast-seo-wordpress\/ -->\n<title>Ayuntamiento Capitalino arranc\u00f3 la obra de rehabilitaci\u00f3n de Avenida Salk. - Canal 7 SLP - 2022<\/title>\n<meta name=\"robots\" content=\"index, follow, max-snippet:-1, max-image-preview:large, max-video-preview:-1\" \/>\n<link rel=\"canonical\" href=\"https:\/\/canal7slp.tv\/2022\/ayuntamiento-capitalino-arranco-la-obra-de-rehabilitacion-de-avenida-salk\/\" \/>\n<meta property=\"og:locale\" content=\"es_ES\" \/>\n<meta property=\"og:type\" content=\"article\" \/>\n<meta property=\"og:title\" content=\"Ayuntamiento Capitalino arranc\u00f3 la obra de rehabilitaci\u00f3n de Avenida Salk. - Canal 7 SLP - 2022\" \/>\n<meta property=\"og:description\" content=\"Se intervendr\u00e1n m\u00e1s de 62 mil metros cuadrados. SLP.- El Ayuntamiento Capitalino dio inicio a la rehabilitaci\u00f3n integral de la avenida Salk, como parte del programa \u00abVialidades PotoS\u00cdnas\u00bb. El trabajo abarca Salvador Nava Mart\u00ednez hasta el bulevar Antonio Rocha Cordero. Implica una intervenci\u00f3n de 62 mil 600 metros cuadrados de la superficie de rodamiento. De acuerdo con la Direcci\u00f3n de Obras P\u00fablicas, el beneficio directo supera 224 mil habitantes, adem\u00e1s comercios y establecimientos que se encuentran sobre mencionada arteria. Al igual que el resto de obras que se han puesto en marcha con Vialidades PotoS\u00cdnas, la garant\u00eda de los trabajos [&hellip;]\" \/>\n<meta property=\"og:url\" content=\"https:\/\/canal7slp.tv\/2022\/ayuntamiento-capitalino-arranco-la-obra-de-rehabilitacion-de-avenida-salk\/\" \/>\n<meta property=\"og:site_name\" content=\"Canal 7 SLP - 2022\" \/>\n<meta property=\"article:publisher\" content=\"https:\/\/www.facebook.com\/noticieroscanalsiete\" \/>\n<meta property=\"article:published_time\" content=\"2022-06-08T15:24:58+00:00\" \/>\n<meta property=\"og:image\" content=\"https:\/\/canal7slp.tv\/2022\/wp-content\/uploads\/2022\/06\/Pau02Salk.jpg\" \/>\n\t<meta property=\"og:image:width\" content=\"888\" \/>\n\t<meta property=\"og:image:height\" content=\"500\" \/>\n\t<meta property=\"og:image:type\" content=\"image\/jpeg\" \/>\n<meta name=\"author\" content=\"Edici\u00f3n Web\" \/>\n<meta name=\"twitter:card\" content=\"summary_large_image\" \/>\n<meta name=\"twitter:creator\" content=\"@NOTICIEROS7\" \/>\n<meta name=\"twitter:site\" content=\"@NOTICIEROS7\" \/>\n<meta name=\"twitter:label1\" content=\"Escrito por\" \/>\n\t<meta name=\"twitter:data1\" content=\"Edici\u00f3n Web\" \/>\n\t<meta name=\"twitter:label2\" content=\"Tiempo de lectura\" \/>\n\t<meta name=\"twitter:data2\" content=\"1 minuto\" \/>\n<script type=\"application\/ld+json\" class=\"yoast-schema-graph\">{\"@context\":\"https:\\\/\\\/schema.org\",\"@graph\":[{\"@type\":\"Article\",\"@id\":\"https:\\\/\\\/canal7slp.tv\\\/2022\\\/ayuntamiento-capitalino-arranco-la-obra-de-rehabilitacion-de-avenida-salk\\\/#article\",\"isPartOf\":{\"@id\":\"https:\\\/\\\/canal7slp.tv\\\/2022\\\/ayuntamiento-capitalino-arranco-la-obra-de-rehabilitacion-de-avenida-salk\\\/\"},\"author\":{\"name\":\"Edici\u00f3n Web\",\"@id\":\"https:\\\/\\\/canal7slp.tv\\\/2022\\\/#\\\/schema\\\/person\\\/429704152a21f5f856ce29aa69a238da\"},\"headline\":\"Ayuntamiento Capitalino arranc\u00f3 la obra de rehabilitaci\u00f3n de Avenida Salk.\",\"datePublished\":\"2022-06-08T15:24:58+00:00\",\"mainEntityOfPage\":{\"@id\":\"https:\\\/\\\/canal7slp.tv\\\/2022\\\/ayuntamiento-capitalino-arranco-la-obra-de-rehabilitacion-de-avenida-salk\\\/\"},\"wordCount\":180,\"publisher\":{\"@id\":\"https:\\\/\\\/canal7slp.tv\\\/2022\\\/#organization\"},\"image\":{\"@id\":\"https:\\\/\\\/canal7slp.tv\\\/2022\\\/ayuntamiento-capitalino-arranco-la-obra-de-rehabilitacion-de-avenida-salk\\\/#primaryimage\"},\"thumbnailUrl\":\"https:\\\/\\\/canal7slp.tv\\\/2022\\\/wp-content\\\/uploads\\\/2022\\\/06\\\/Pau02Salk.jpg\",\"articleSection\":[\"AYOSLP\",\"DESTACADAS\",\"LOCALES Y REGIONALES\"],\"inLanguage\":\"es\"},{\"@type\":\"WebPage\",\"@id\":\"https:\\\/\\\/canal7slp.tv\\\/2022\\\/ayuntamiento-capitalino-arranco-la-obra-de-rehabilitacion-de-avenida-salk\\\/\",\"url\":\"https:\\\/\\\/canal7slp.tv\\\/2022\\\/ayuntamiento-capitalino-arranco-la-obra-de-rehabilitacion-de-avenida-salk\\\/\",\"name\":\"Ayuntamiento Capitalino arranc\u00f3 la obra de rehabilitaci\u00f3n de Avenida Salk. - Canal 7 SLP - 2022\",\"isPartOf\":{\"@id\":\"https:\\\/\\\/canal7slp.tv\\\/2022\\\/#website\"},\"primaryImageOfPage\":{\"@id\":\"https:\\\/\\\/canal7slp.tv\\\/2022\\\/ayuntamiento-capitalino-arranco-la-obra-de-rehabilitacion-de-avenida-salk\\\/#primaryimage\"},\"image\":{\"@id\":\"https:\\\/\\\/canal7slp.tv\\\/2022\\\/ayuntamiento-capitalino-arranco-la-obra-de-rehabilitacion-de-avenida-salk\\\/#primaryimage\"},\"thumbnailUrl\":\"https:\\\/\\\/canal7slp.tv\\\/2022\\\/wp-content\\\/uploads\\\/2022\\\/06\\\/Pau02Salk.jpg\",\"datePublished\":\"2022-06-08T15:24:58+00:00\",\"breadcrumb\":{\"@id\":\"https:\\\/\\\/canal7slp.tv\\\/2022\\\/ayuntamiento-capitalino-arranco-la-obra-de-rehabilitacion-de-avenida-salk\\\/#breadcrumb\"},\"inLanguage\":\"es\",\"potentialAction\":[{\"@type\":\"ReadAction\",\"target\":[\"https:\\\/\\\/canal7slp.tv\\\/2022\\\/ayuntamiento-capitalino-arranco-la-obra-de-rehabilitacion-de-avenida-salk\\\/\"]}]},{\"@type\":\"ImageObject\",\"inLanguage\":\"es\",\"@id\":\"https:\\\/\\\/canal7slp.tv\\\/2022\\\/ayuntamiento-capitalino-arranco-la-obra-de-rehabilitacion-de-avenida-salk\\\/#primaryimage\",\"url\":\"https:\\\/\\\/canal7slp.tv\\\/2022\\\/wp-content\\\/uploads\\\/2022\\\/06\\\/Pau02Salk.jpg\",\"contentUrl\":\"https:\\\/\\\/canal7slp.tv\\\/2022\\\/wp-content\\\/uploads\\\/2022\\\/06\\\/Pau02Salk.jpg\",\"width\":888,\"height\":500},{\"@type\":\"BreadcrumbList\",\"@id\":\"https:\\\/\\\/canal7slp.tv\\\/2022\\\/ayuntamiento-capitalino-arranco-la-obra-de-rehabilitacion-de-avenida-salk\\\/#breadcrumb\",\"itemListElement\":[{\"@type\":\"ListItem\",\"position\":1,\"name\":\"Portada\",\"item\":\"https:\\\/\\\/canal7slp.tv\\\/2022\\\/\"},{\"@type\":\"ListItem\",\"position\":2,\"name\":\"Ayuntamiento Capitalino arranc\u00f3 la obra de rehabilitaci\u00f3n de Avenida Salk.\"}]},{\"@type\":\"WebSite\",\"@id\":\"https:\\\/\\\/canal7slp.tv\\\/2022\\\/#website\",\"url\":\"https:\\\/\\\/canal7slp.tv\\\/2022\\\/\",\"name\":\"N7 - Noticieros Canal 7\",\"description\":\"Somos Televisi\u00f3n\",\"publisher\":{\"@id\":\"https:\\\/\\\/canal7slp.tv\\\/2022\\\/#organization\"},\"potentialAction\":[{\"@type\":\"SearchAction\",\"target\":{\"@type\":\"EntryPoint\",\"urlTemplate\":\"https:\\\/\\\/canal7slp.tv\\\/2022\\\/?s={search_term_string}\"},\"query-input\":{\"@type\":\"PropertyValueSpecification\",\"valueRequired\":true,\"valueName\":\"search_term_string\"}}],\"inLanguage\":\"es\"},{\"@type\":\"Organization\",\"@id\":\"https:\\\/\\\/canal7slp.tv\\\/2022\\\/#organization\",\"name\":\"Noticieros Canal 7\",\"url\":\"https:\\\/\\\/canal7slp.tv\\\/2022\\\/\",\"logo\":{\"@type\":\"ImageObject\",\"inLanguage\":\"es\",\"@id\":\"https:\\\/\\\/canal7slp.tv\\\/2022\\\/#\\\/schema\\\/logo\\\/image\\\/\",\"url\":\"https:\\\/\\\/canal7slp.tv\\\/2022\\\/wp-content\\\/uploads\\\/2021\\\/01\\\/logo-noticieros@2x.png\",\"contentUrl\":\"https:\\\/\\\/canal7slp.tv\\\/2022\\\/wp-content\\\/uploads\\\/2021\\\/01\\\/logo-noticieros@2x.png\",\"width\":1017,\"height\":268,\"caption\":\"Noticieros Canal 7\"},\"image\":{\"@id\":\"https:\\\/\\\/canal7slp.tv\\\/2022\\\/#\\\/schema\\\/logo\\\/image\\\/\"},\"sameAs\":[\"https:\\\/\\\/www.facebook.com\\\/noticieroscanalsiete\",\"https:\\\/\\\/x.com\\\/NOTICIEROS7\",\"https:\\\/\\\/www.instagram.com\\\/canal7_slp\",\"https:\\\/\\\/www.youtube.com\\\/channel\\\/UCliiYs-gP3JfJeqdPrNdd5A\"]},{\"@type\":\"Person\",\"@id\":\"https:\\\/\\\/canal7slp.tv\\\/2022\\\/#\\\/schema\\\/person\\\/429704152a21f5f856ce29aa69a238da\",\"name\":\"Edici\u00f3n Web\",\"image\":{\"@type\":\"ImageObject\",\"inLanguage\":\"es\",\"@id\":\"https:\\\/\\\/secure.gravatar.com\\\/avatar\\\/eee448fc3f7164808013b816ba91ac7e43bbe82a70bebac296f8bc6f0addaa1a?s=96&d=mm&r=g\",\"url\":\"https:\\\/\\\/secure.gravatar.com\\\/avatar\\\/eee448fc3f7164808013b816ba91ac7e43bbe82a70bebac296f8bc6f0addaa1a?s=96&d=mm&r=g\",\"contentUrl\":\"https:\\\/\\\/secure.gravatar.com\\\/avatar\\\/eee448fc3f7164808013b816ba91ac7e43bbe82a70bebac296f8bc6f0addaa1a?s=96&d=mm&r=g\",\"caption\":\"Edici\u00f3n Web\"},\"url\":\"https:\\\/\\\/canal7slp.tv\\\/2022\\\/author\\\/edicionweb\\\/\"}]}<\/script>\n<!-- \/ Yoast SEO plugin. -->","yoast_head_json":{"title":"Ayuntamiento Capitalino arranc\u00f3 la obra de rehabilitaci\u00f3n de Avenida Salk. - Canal 7 SLP - 2022","robots":{"index":"index","follow":"follow","max-snippet":"max-snippet:-1","max-image-preview":"max-image-preview:large","max-video-preview":"max-video-preview:-1"},"canonical":"https:\/\/canal7slp.tv\/2022\/ayuntamiento-capitalino-arranco-la-obra-de-rehabilitacion-de-avenida-salk\/","og_locale":"es_ES","og_type":"article","og_title":"Ayuntamiento Capitalino arranc\u00f3 la obra de rehabilitaci\u00f3n de Avenida Salk. - Canal 7 SLP - 2022","og_description":"Se intervendr\u00e1n m\u00e1s de 62 mil metros cuadrados. SLP.- El Ayuntamiento Capitalino dio inicio a la rehabilitaci\u00f3n integral de la avenida Salk, como parte del programa \u00abVialidades PotoS\u00cdnas\u00bb. El trabajo abarca Salvador Nava Mart\u00ednez hasta el bulevar Antonio Rocha Cordero. Implica una intervenci\u00f3n de 62 mil 600 metros cuadrados de la superficie de rodamiento. De acuerdo con la Direcci\u00f3n de Obras P\u00fablicas, el beneficio directo supera 224 mil habitantes, adem\u00e1s comercios y establecimientos que se encuentran sobre mencionada arteria. Al igual que el resto de obras que se han puesto en marcha con Vialidades PotoS\u00cdnas, la garant\u00eda de los trabajos [&hellip;]","og_url":"https:\/\/canal7slp.tv\/2022\/ayuntamiento-capitalino-arranco-la-obra-de-rehabilitacion-de-avenida-salk\/","og_site_name":"Canal 7 SLP - 2022","article_publisher":"https:\/\/www.facebook.com\/noticieroscanalsiete","article_published_time":"2022-06-08T15:24:58+00:00","og_image":[{"width":888,"height":500,"url":"https:\/\/canal7slp.tv\/2022\/wp-content\/uploads\/2022\/06\/Pau02Salk.jpg","type":"image\/jpeg"}],"author":"Edici\u00f3n Web","twitter_card":"summary_large_image","twitter_creator":"@NOTICIEROS7","twitter_site":"@NOTICIEROS7","twitter_misc":{"Escrito por":"Edici\u00f3n Web","Tiempo de lectura":"1 minuto"},"schema":{"@context":"https:\/\/schema.org","@graph":[{"@type":"Article","@id":"https:\/\/canal7slp.tv\/2022\/ayuntamiento-capitalino-arranco-la-obra-de-rehabilitacion-de-avenida-salk\/#article","isPartOf":{"@id":"https:\/\/canal7slp.tv\/2022\/ayuntamiento-capitalino-arranco-la-obra-de-rehabilitacion-de-avenida-salk\/"},"author":{"name":"Edici\u00f3n Web","@id":"https:\/\/canal7slp.tv\/2022\/#\/schema\/person\/429704152a21f5f856ce29aa69a238da"},"headline":"Ayuntamiento Capitalino arranc\u00f3 la obra de rehabilitaci\u00f3n de Avenida Salk.","datePublished":"2022-06-08T15:24:58+00:00","mainEntityOfPage":{"@id":"https:\/\/canal7slp.tv\/2022\/ayuntamiento-capitalino-arranco-la-obra-de-rehabilitacion-de-avenida-salk\/"},"wordCount":180,"publisher":{"@id":"https:\/\/canal7slp.tv\/2022\/#organization"},"image":{"@id":"https:\/\/canal7slp.tv\/2022\/ayuntamiento-capitalino-arranco-la-obra-de-rehabilitacion-de-avenida-salk\/#primaryimage"},"thumbnailUrl":"https:\/\/canal7slp.tv\/2022\/wp-content\/uploads\/2022\/06\/Pau02Salk.jpg","articleSection":["AYOSLP","DESTACADAS","LOCALES Y REGIONALES"],"inLanguage":"es"},{"@type":"WebPage","@id":"https:\/\/canal7slp.tv\/2022\/ayuntamiento-capitalino-arranco-la-obra-de-rehabilitacion-de-avenida-salk\/","url":"https:\/\/canal7slp.tv\/2022\/ayuntamiento-capitalino-arranco-la-obra-de-rehabilitacion-de-avenida-salk\/","name":"Ayuntamiento Capitalino arranc\u00f3 la obra de rehabilitaci\u00f3n de Avenida Salk. - Canal 7 SLP - 2022","isPartOf":{"@id":"https:\/\/canal7slp.tv\/2022\/#website"},"primaryImageOfPage":{"@id":"https:\/\/canal7slp.tv\/2022\/ayuntamiento-capitalino-arranco-la-obra-de-rehabilitacion-de-avenida-salk\/#primaryimage"},"image":{"@id":"https:\/\/canal7slp.tv\/2022\/ayuntamiento-capitalino-arranco-la-obra-de-rehabilitacion-de-avenida-salk\/#primaryimage"},"thumbnailUrl":"https:\/\/canal7slp.tv\/2022\/wp-content\/uploads\/2022\/06\/Pau02Salk.jpg","datePublished":"2022-06-08T15:24:58+00:00","breadcrumb":{"@id":"https:\/\/canal7slp.tv\/2022\/ayuntamiento-capitalino-arranco-la-obra-de-rehabilitacion-de-avenida-salk\/#breadcrumb"},"inLanguage":"es","potentialAction":[{"@type":"ReadAction","target":["https:\/\/canal7slp.tv\/2022\/ayuntamiento-capitalino-arranco-la-obra-de-rehabilitacion-de-avenida-salk\/"]}]},{"@type":"ImageObject","inLanguage":"es","@id":"https:\/\/canal7slp.tv\/2022\/ayuntamiento-capitalino-arranco-la-obra-de-rehabilitacion-de-avenida-salk\/#primaryimage","url":"https:\/\/canal7slp.tv\/2022\/wp-content\/uploads\/2022\/06\/Pau02Salk.jpg","contentUrl":"https:\/\/canal7slp.tv\/2022\/wp-content\/uploads\/2022\/06\/Pau02Salk.jpg","width":888,"height":500},{"@type":"BreadcrumbList","@id":"https:\/\/canal7slp.tv\/2022\/ayuntamiento-capitalino-arranco-la-obra-de-rehabilitacion-de-avenida-salk\/#breadcrumb","itemListElement":[{"@type":"ListItem","position":1,"name":"Portada","item":"https:\/\/canal7slp.tv\/2022\/"},{"@type":"ListItem","position":2,"name":"Ayuntamiento Capitalino arranc\u00f3 la obra de rehabilitaci\u00f3n de Avenida Salk."}]},{"@type":"WebSite","@id":"https:\/\/canal7slp.tv\/2022\/#website","url":"https:\/\/canal7slp.tv\/2022\/","name":"N7 - Noticieros Canal 7","description":"Somos Televisi\u00f3n","publisher":{"@id":"https:\/\/canal7slp.tv\/2022\/#organization"},"potentialAction":[{"@type":"SearchAction","target":{"@type":"EntryPoint","urlTemplate":"https:\/\/canal7slp.tv\/2022\/?s={search_term_string}"},"query-input":{"@type":"PropertyValueSpecification","valueRequired":true,"valueName":"search_term_string"}}],"inLanguage":"es"},{"@type":"Organization","@id":"https:\/\/canal7slp.tv\/2022\/#organization","name":"Noticieros Canal 7","url":"https:\/\/canal7slp.tv\/2022\/","logo":{"@type":"ImageObject","inLanguage":"es","@id":"https:\/\/canal7slp.tv\/2022\/#\/schema\/logo\/image\/","url":"https:\/\/canal7slp.tv\/2022\/wp-content\/uploads\/2021\/01\/logo-noticieros@2x.png","contentUrl":"https:\/\/canal7slp.tv\/2022\/wp-content\/uploads\/2021\/01\/logo-noticieros@2x.png","width":1017,"height":268,"caption":"Noticieros Canal 7"},"image":{"@id":"https:\/\/canal7slp.tv\/2022\/#\/schema\/logo\/image\/"},"sameAs":["https:\/\/www.facebook.com\/noticieroscanalsiete","https:\/\/x.com\/NOTICIEROS7","https:\/\/www.instagram.com\/canal7_slp","https:\/\/www.youtube.com\/channel\/UCliiYs-gP3JfJeqdPrNdd5A"]},{"@type":"Person","@id":"https:\/\/canal7slp.tv\/2022\/#\/schema\/person\/429704152a21f5f856ce29aa69a238da","name":"Edici\u00f3n Web","image":{"@type":"ImageObject","inLanguage":"es","@id":"https:\/\/secure.gravatar.com\/avatar\/eee448fc3f7164808013b816ba91ac7e43bbe82a70bebac296f8bc6f0addaa1a?s=96&d=mm&r=g","url":"https:\/\/secure.gravatar.com\/avatar\/eee448fc3f7164808013b816ba91ac7e43bbe82a70bebac296f8bc6f0addaa1a?s=96&d=mm&r=g","contentUrl":"https:\/\/secure.gravatar.com\/avatar\/eee448fc3f7164808013b816ba91ac7e43bbe82a70bebac296f8bc6f0addaa1a?s=96&d=mm&r=g","caption":"Edici\u00f3n Web"},"url":"https:\/\/canal7slp.tv\/2022\/author\/edicionweb\/"}]}},"amp_enabled":true,"_links":{"self":[{"href":"https:\/\/canal7slp.tv\/2022\/wp-json\/wp\/v2\/posts\/62899","targetHints":{"allow":["GET"]}}],"collection":[{"href":"https:\/\/canal7slp.tv\/2022\/wp-json\/wp\/v2\/posts"}],"about":[{"href":"https:\/\/canal7slp.tv\/2022\/wp-json\/wp\/v2\/types\/post"}],"author":[{"embeddable":true,"href":"https:\/\/canal7slp.tv\/2022\/wp-json\/wp\/v2\/users\/2"}],"replies":[{"embeddable":true,"href":"https:\/\/canal7slp.tv\/2022\/wp-json\/wp\/v2\/comments?post=62899"}],"version-history":[{"count":1,"href":"https:\/\/canal7slp.tv\/2022\/wp-json\/wp\/v2\/posts\/62899\/revisions"}],"predecessor-version":[{"id":62901,"href":"https:\/\/canal7slp.tv\/2022\/wp-json\/wp\/v2\/posts\/62899\/revisions\/62901"}],"wp:featuredmedia":[{"embeddable":true,"href":"https:\/\/canal7slp.tv\/2022\/wp-json\/wp\/v2\/media\/62900"}],"wp:attachment":[{"href":"https:\/\/canal7slp.tv\/2022\/wp-json\/wp\/v2\/media?parent=62899"}],"wp:term":[{"taxonomy":"category","embeddable":true,"href":"https:\/\/canal7slp.tv\/2022\/wp-json\/wp\/v2\/categories?post=62899"},{"taxonomy":"post_tag","embeddable":true,"href":"https:\/\/canal7slp.tv\/2022\/wp-json\/wp\/v2\/tags?post=62899"}],"curies":[{"name":"wp","href":"https:\/\/api.w.org\/{rel}","templated":true}]}}