{"id":62878,"date":"2022-06-07T19:43:08","date_gmt":"2022-06-08T01:43:08","guid":{"rendered":"https:\/\/canal7slp.tv\/2022\/?p=62878"},"modified":"2022-06-07T19:43:08","modified_gmt":"2022-06-08T01:43:08","slug":"conmemoran-dia-de-la-libertad-de-expresion-en-matehuala","status":"publish","type":"post","link":"https:\/\/canal7slp.tv\/2022\/conmemoran-dia-de-la-libertad-de-expresion-en-matehuala\/","title":{"rendered":"Conmemoran D\u00eda de la Libertad de Expresi\u00f3n en Matehuala."},"content":{"rendered":"<p style=\"text-align: justify;\">Matehuala.- Con un acto c\u00edvico y la colocaci\u00f3n de una ofrenda floral en el busto de Francisco Zarco, la Presidencia Municipal de Matehuala, encabezada por el edil, Iv\u00e1n Estrada, conmemoraron el d\u00eda de la libertad de expresi\u00f3n en M\u00e9xico.<\/p>\n<p style=\"text-align: justify;\">Zen\u00f3n Campos, Presidente del Colegio de Periodistas de Matehuala, emiti\u00f3 un mensaje sobre la violencia hacia el gremio, \u201cla periodista Sandra Romand\u00eda, se\u00f1ala que, en M\u00e9xico, se hostiga a un periodista, se agrede, secuestra o asesina porque sale m\u00e1s barato, porque es bastante improbable que los verdaderos responsables toquen la c\u00e1rcel\u201d.<\/p>\n<p style=\"text-align: justify;\">Adem\u00e1s, denunci\u00f3 los ataques desde las ma\u00f1aneras por parte de Andr\u00e9s Manuel L\u00f3pez Obrador, \u201cdec\u00eda el periodista Vicente Le\u00f1ero, que si alguien merece el t\u00edtulo de periodista, es el reportero, sin embargo, suele ser el m\u00e1s vituperado, desprotegido y menos prestigiado en el trabajo period\u00edstico, por eso desde aqu\u00ed, le dir\u00eda al Presidente de la Rep\u00fablica y a todos los funcionarios y pol\u00edticos que denostan a los periodistas utilizando las mismas palabras, que no todos somos iguales\u201d.<\/p>\n<p style=\"text-align: justify;\">Al final, el Presidente Municipal, Iv\u00e1n Estrada, se dirigi\u00f3 a los periodistas de la regi\u00f3n, \u201ccomo autoridad municipal no tengo nada que observar, pero s\u00ed puedo invitar a reflexionar, que, en su importante ejercicio de informar, van enmarcando la historia de nuestro municipio y lo que se escriba hoy ser\u00e1 referente para futuras generaciones\u201d.<\/p>\n<p style=\"text-align: justify;\">Por: Jes\u00fas Valencia<\/p>\n","protected":false},"excerpt":{"rendered":"<p>Matehuala.- Con un acto c\u00edvico y la colocaci\u00f3n de una ofrenda floral en el busto de Francisco Zarco, la Presidencia Municipal de Matehuala, encabezada por el edil, Iv\u00e1n Estrada, conmemoraron el d\u00eda de la libertad de expresi\u00f3n en M\u00e9xico. Zen\u00f3n Campos, Presidente del Colegio de Periodistas de Matehuala, emiti\u00f3 un mensaje sobre la violencia hacia el gremio, \u201cla periodista Sandra Romand\u00eda, se\u00f1ala que, en M\u00e9xico, se hostiga a un periodista, se agrede, secuestra o asesina porque sale m\u00e1s barato, porque es bastante improbable que los verdaderos responsables toquen la c\u00e1rcel\u201d. Adem\u00e1s, denunci\u00f3 los ataques desde las ma\u00f1aneras por parte de [&hellip;]<\/p>\n","protected":false},"author":2,"featured_media":62881,"comment_status":"closed","ping_status":"closed","sticky":false,"template":"","format":"video","meta":{"footnotes":""},"categories":[5,43],"tags":[],"class_list":["post-62878","post","type-post","status-publish","format-video","has-post-thumbnail","hentry","category-destacadas","category-interior","post_format-post-format-video","post--single"],"yoast_head":"<!-- This site is optimized with the Yoast SEO plugin v27.4 - https:\/\/yoast.com\/product\/yoast-seo-wordpress\/ -->\n<title>Conmemoran D\u00eda de la Libertad de Expresi\u00f3n en Matehuala. - Canal 7 SLP - 2022<\/title>\n<meta name=\"robots\" content=\"index, follow, max-snippet:-1, max-image-preview:large, max-video-preview:-1\" \/>\n<link rel=\"canonical\" href=\"https:\/\/canal7slp.tv\/2022\/conmemoran-dia-de-la-libertad-de-expresion-en-matehuala\/\" \/>\n<meta property=\"og:locale\" content=\"es_ES\" \/>\n<meta property=\"og:type\" content=\"article\" \/>\n<meta property=\"og:title\" content=\"Conmemoran D\u00eda de la Libertad de Expresi\u00f3n en Matehuala. - Canal 7 SLP - 2022\" \/>\n<meta property=\"og:description\" content=\"Matehuala.- Con un acto c\u00edvico y la colocaci\u00f3n de una ofrenda floral en el busto de Francisco Zarco, la Presidencia Municipal de Matehuala, encabezada por el edil, Iv\u00e1n Estrada, conmemoraron el d\u00eda de la libertad de expresi\u00f3n en M\u00e9xico. Zen\u00f3n Campos, Presidente del Colegio de Periodistas de Matehuala, emiti\u00f3 un mensaje sobre la violencia hacia el gremio, \u201cla periodista Sandra Romand\u00eda, se\u00f1ala que, en M\u00e9xico, se hostiga a un periodista, se agrede, secuestra o asesina porque sale m\u00e1s barato, porque es bastante improbable que los verdaderos responsables toquen la c\u00e1rcel\u201d. Adem\u00e1s, denunci\u00f3 los ataques desde las ma\u00f1aneras por parte de [&hellip;]\" \/>\n<meta property=\"og:url\" content=\"https:\/\/canal7slp.tv\/2022\/conmemoran-dia-de-la-libertad-de-expresion-en-matehuala\/\" \/>\n<meta property=\"og:site_name\" content=\"Canal 7 SLP - 2022\" \/>\n<meta property=\"article:publisher\" content=\"https:\/\/www.facebook.com\/noticieroscanalsiete\" \/>\n<meta property=\"article:published_time\" content=\"2022-06-08T01:43:08+00:00\" \/>\n<meta property=\"og:image\" content=\"https:\/\/canal7slp.tv\/2022\/wp-content\/uploads\/2022\/06\/Valencia01Expresion.jpg\" \/>\n\t<meta property=\"og:image:width\" content=\"888\" \/>\n\t<meta property=\"og:image:height\" content=\"500\" \/>\n\t<meta property=\"og:image:type\" content=\"image\/jpeg\" \/>\n<meta name=\"author\" content=\"Edici\u00f3n Web\" \/>\n<meta name=\"twitter:card\" content=\"summary_large_image\" \/>\n<meta name=\"twitter:creator\" content=\"@NOTICIEROS7\" \/>\n<meta name=\"twitter:site\" content=\"@NOTICIEROS7\" \/>\n<meta name=\"twitter:label1\" content=\"Escrito por\" \/>\n\t<meta name=\"twitter:data1\" content=\"Edici\u00f3n Web\" \/>\n\t<meta name=\"twitter:label2\" content=\"Tiempo de lectura\" \/>\n\t<meta name=\"twitter:data2\" content=\"2 minutos\" \/>\n<script type=\"application\/ld+json\" class=\"yoast-schema-graph\">{\"@context\":\"https:\\\/\\\/schema.org\",\"@graph\":[{\"@type\":\"Article\",\"@id\":\"https:\\\/\\\/canal7slp.tv\\\/2022\\\/conmemoran-dia-de-la-libertad-de-expresion-en-matehuala\\\/#article\",\"isPartOf\":{\"@id\":\"https:\\\/\\\/canal7slp.tv\\\/2022\\\/conmemoran-dia-de-la-libertad-de-expresion-en-matehuala\\\/\"},\"author\":{\"name\":\"Edici\u00f3n Web\",\"@id\":\"https:\\\/\\\/canal7slp.tv\\\/2022\\\/#\\\/schema\\\/person\\\/429704152a21f5f856ce29aa69a238da\"},\"headline\":\"Conmemoran D\u00eda de la Libertad de Expresi\u00f3n en Matehuala.\",\"datePublished\":\"2022-06-08T01:43:08+00:00\",\"mainEntityOfPage\":{\"@id\":\"https:\\\/\\\/canal7slp.tv\\\/2022\\\/conmemoran-dia-de-la-libertad-de-expresion-en-matehuala\\\/\"},\"wordCount\":263,\"publisher\":{\"@id\":\"https:\\\/\\\/canal7slp.tv\\\/2022\\\/#organization\"},\"image\":{\"@id\":\"https:\\\/\\\/canal7slp.tv\\\/2022\\\/conmemoran-dia-de-la-libertad-de-expresion-en-matehuala\\\/#primaryimage\"},\"thumbnailUrl\":\"https:\\\/\\\/canal7slp.tv\\\/2022\\\/wp-content\\\/uploads\\\/2022\\\/06\\\/Valencia01Expresion.jpg\",\"articleSection\":[\"DESTACADAS\",\"INTERIOR DEL ESTADO\"],\"inLanguage\":\"es\"},{\"@type\":\"WebPage\",\"@id\":\"https:\\\/\\\/canal7slp.tv\\\/2022\\\/conmemoran-dia-de-la-libertad-de-expresion-en-matehuala\\\/\",\"url\":\"https:\\\/\\\/canal7slp.tv\\\/2022\\\/conmemoran-dia-de-la-libertad-de-expresion-en-matehuala\\\/\",\"name\":\"Conmemoran D\u00eda de la Libertad de Expresi\u00f3n en Matehuala. - Canal 7 SLP - 2022\",\"isPartOf\":{\"@id\":\"https:\\\/\\\/canal7slp.tv\\\/2022\\\/#website\"},\"primaryImageOfPage\":{\"@id\":\"https:\\\/\\\/canal7slp.tv\\\/2022\\\/conmemoran-dia-de-la-libertad-de-expresion-en-matehuala\\\/#primaryimage\"},\"image\":{\"@id\":\"https:\\\/\\\/canal7slp.tv\\\/2022\\\/conmemoran-dia-de-la-libertad-de-expresion-en-matehuala\\\/#primaryimage\"},\"thumbnailUrl\":\"https:\\\/\\\/canal7slp.tv\\\/2022\\\/wp-content\\\/uploads\\\/2022\\\/06\\\/Valencia01Expresion.jpg\",\"datePublished\":\"2022-06-08T01:43:08+00:00\",\"breadcrumb\":{\"@id\":\"https:\\\/\\\/canal7slp.tv\\\/2022\\\/conmemoran-dia-de-la-libertad-de-expresion-en-matehuala\\\/#breadcrumb\"},\"inLanguage\":\"es\",\"potentialAction\":[{\"@type\":\"ReadAction\",\"target\":[\"https:\\\/\\\/canal7slp.tv\\\/2022\\\/conmemoran-dia-de-la-libertad-de-expresion-en-matehuala\\\/\"]}]},{\"@type\":\"ImageObject\",\"inLanguage\":\"es\",\"@id\":\"https:\\\/\\\/canal7slp.tv\\\/2022\\\/conmemoran-dia-de-la-libertad-de-expresion-en-matehuala\\\/#primaryimage\",\"url\":\"https:\\\/\\\/canal7slp.tv\\\/2022\\\/wp-content\\\/uploads\\\/2022\\\/06\\\/Valencia01Expresion.jpg\",\"contentUrl\":\"https:\\\/\\\/canal7slp.tv\\\/2022\\\/wp-content\\\/uploads\\\/2022\\\/06\\\/Valencia01Expresion.jpg\",\"width\":888,\"height\":500},{\"@type\":\"BreadcrumbList\",\"@id\":\"https:\\\/\\\/canal7slp.tv\\\/2022\\\/conmemoran-dia-de-la-libertad-de-expresion-en-matehuala\\\/#breadcrumb\",\"itemListElement\":[{\"@type\":\"ListItem\",\"position\":1,\"name\":\"Portada\",\"item\":\"https:\\\/\\\/canal7slp.tv\\\/2022\\\/\"},{\"@type\":\"ListItem\",\"position\":2,\"name\":\"Conmemoran D\u00eda de la Libertad de Expresi\u00f3n en Matehuala.\"}]},{\"@type\":\"WebSite\",\"@id\":\"https:\\\/\\\/canal7slp.tv\\\/2022\\\/#website\",\"url\":\"https:\\\/\\\/canal7slp.tv\\\/2022\\\/\",\"name\":\"N7 - Noticieros Canal 7\",\"description\":\"Somos Televisi\u00f3n\",\"publisher\":{\"@id\":\"https:\\\/\\\/canal7slp.tv\\\/2022\\\/#organization\"},\"potentialAction\":[{\"@type\":\"SearchAction\",\"target\":{\"@type\":\"EntryPoint\",\"urlTemplate\":\"https:\\\/\\\/canal7slp.tv\\\/2022\\\/?s={search_term_string}\"},\"query-input\":{\"@type\":\"PropertyValueSpecification\",\"valueRequired\":true,\"valueName\":\"search_term_string\"}}],\"inLanguage\":\"es\"},{\"@type\":\"Organization\",\"@id\":\"https:\\\/\\\/canal7slp.tv\\\/2022\\\/#organization\",\"name\":\"Noticieros Canal 7\",\"url\":\"https:\\\/\\\/canal7slp.tv\\\/2022\\\/\",\"logo\":{\"@type\":\"ImageObject\",\"inLanguage\":\"es\",\"@id\":\"https:\\\/\\\/canal7slp.tv\\\/2022\\\/#\\\/schema\\\/logo\\\/image\\\/\",\"url\":\"https:\\\/\\\/canal7slp.tv\\\/2022\\\/wp-content\\\/uploads\\\/2021\\\/01\\\/logo-noticieros@2x.png\",\"contentUrl\":\"https:\\\/\\\/canal7slp.tv\\\/2022\\\/wp-content\\\/uploads\\\/2021\\\/01\\\/logo-noticieros@2x.png\",\"width\":1017,\"height\":268,\"caption\":\"Noticieros Canal 7\"},\"image\":{\"@id\":\"https:\\\/\\\/canal7slp.tv\\\/2022\\\/#\\\/schema\\\/logo\\\/image\\\/\"},\"sameAs\":[\"https:\\\/\\\/www.facebook.com\\\/noticieroscanalsiete\",\"https:\\\/\\\/x.com\\\/NOTICIEROS7\",\"https:\\\/\\\/www.instagram.com\\\/canal7_slp\",\"https:\\\/\\\/www.youtube.com\\\/channel\\\/UCliiYs-gP3JfJeqdPrNdd5A\"]},{\"@type\":\"Person\",\"@id\":\"https:\\\/\\\/canal7slp.tv\\\/2022\\\/#\\\/schema\\\/person\\\/429704152a21f5f856ce29aa69a238da\",\"name\":\"Edici\u00f3n Web\",\"image\":{\"@type\":\"ImageObject\",\"inLanguage\":\"es\",\"@id\":\"https:\\\/\\\/secure.gravatar.com\\\/avatar\\\/eee448fc3f7164808013b816ba91ac7e43bbe82a70bebac296f8bc6f0addaa1a?s=96&d=mm&r=g\",\"url\":\"https:\\\/\\\/secure.gravatar.com\\\/avatar\\\/eee448fc3f7164808013b816ba91ac7e43bbe82a70bebac296f8bc6f0addaa1a?s=96&d=mm&r=g\",\"contentUrl\":\"https:\\\/\\\/secure.gravatar.com\\\/avatar\\\/eee448fc3f7164808013b816ba91ac7e43bbe82a70bebac296f8bc6f0addaa1a?s=96&d=mm&r=g\",\"caption\":\"Edici\u00f3n Web\"},\"url\":\"https:\\\/\\\/canal7slp.tv\\\/2022\\\/author\\\/edicionweb\\\/\"}]}<\/script>\n<!-- \/ Yoast SEO plugin. -->","yoast_head_json":{"title":"Conmemoran D\u00eda de la Libertad de Expresi\u00f3n en Matehuala. - Canal 7 SLP - 2022","robots":{"index":"index","follow":"follow","max-snippet":"max-snippet:-1","max-image-preview":"max-image-preview:large","max-video-preview":"max-video-preview:-1"},"canonical":"https:\/\/canal7slp.tv\/2022\/conmemoran-dia-de-la-libertad-de-expresion-en-matehuala\/","og_locale":"es_ES","og_type":"article","og_title":"Conmemoran D\u00eda de la Libertad de Expresi\u00f3n en Matehuala. - Canal 7 SLP - 2022","og_description":"Matehuala.- Con un acto c\u00edvico y la colocaci\u00f3n de una ofrenda floral en el busto de Francisco Zarco, la Presidencia Municipal de Matehuala, encabezada por el edil, Iv\u00e1n Estrada, conmemoraron el d\u00eda de la libertad de expresi\u00f3n en M\u00e9xico. Zen\u00f3n Campos, Presidente del Colegio de Periodistas de Matehuala, emiti\u00f3 un mensaje sobre la violencia hacia el gremio, \u201cla periodista Sandra Romand\u00eda, se\u00f1ala que, en M\u00e9xico, se hostiga a un periodista, se agrede, secuestra o asesina porque sale m\u00e1s barato, porque es bastante improbable que los verdaderos responsables toquen la c\u00e1rcel\u201d. Adem\u00e1s, denunci\u00f3 los ataques desde las ma\u00f1aneras por parte de [&hellip;]","og_url":"https:\/\/canal7slp.tv\/2022\/conmemoran-dia-de-la-libertad-de-expresion-en-matehuala\/","og_site_name":"Canal 7 SLP - 2022","article_publisher":"https:\/\/www.facebook.com\/noticieroscanalsiete","article_published_time":"2022-06-08T01:43:08+00:00","og_image":[{"width":888,"height":500,"url":"https:\/\/canal7slp.tv\/2022\/wp-content\/uploads\/2022\/06\/Valencia01Expresion.jpg","type":"image\/jpeg"}],"author":"Edici\u00f3n Web","twitter_card":"summary_large_image","twitter_creator":"@NOTICIEROS7","twitter_site":"@NOTICIEROS7","twitter_misc":{"Escrito por":"Edici\u00f3n Web","Tiempo de lectura":"2 minutos"},"schema":{"@context":"https:\/\/schema.org","@graph":[{"@type":"Article","@id":"https:\/\/canal7slp.tv\/2022\/conmemoran-dia-de-la-libertad-de-expresion-en-matehuala\/#article","isPartOf":{"@id":"https:\/\/canal7slp.tv\/2022\/conmemoran-dia-de-la-libertad-de-expresion-en-matehuala\/"},"author":{"name":"Edici\u00f3n Web","@id":"https:\/\/canal7slp.tv\/2022\/#\/schema\/person\/429704152a21f5f856ce29aa69a238da"},"headline":"Conmemoran D\u00eda de la Libertad de Expresi\u00f3n en Matehuala.","datePublished":"2022-06-08T01:43:08+00:00","mainEntityOfPage":{"@id":"https:\/\/canal7slp.tv\/2022\/conmemoran-dia-de-la-libertad-de-expresion-en-matehuala\/"},"wordCount":263,"publisher":{"@id":"https:\/\/canal7slp.tv\/2022\/#organization"},"image":{"@id":"https:\/\/canal7slp.tv\/2022\/conmemoran-dia-de-la-libertad-de-expresion-en-matehuala\/#primaryimage"},"thumbnailUrl":"https:\/\/canal7slp.tv\/2022\/wp-content\/uploads\/2022\/06\/Valencia01Expresion.jpg","articleSection":["DESTACADAS","INTERIOR DEL ESTADO"],"inLanguage":"es"},{"@type":"WebPage","@id":"https:\/\/canal7slp.tv\/2022\/conmemoran-dia-de-la-libertad-de-expresion-en-matehuala\/","url":"https:\/\/canal7slp.tv\/2022\/conmemoran-dia-de-la-libertad-de-expresion-en-matehuala\/","name":"Conmemoran D\u00eda de la Libertad de Expresi\u00f3n en Matehuala. - Canal 7 SLP - 2022","isPartOf":{"@id":"https:\/\/canal7slp.tv\/2022\/#website"},"primaryImageOfPage":{"@id":"https:\/\/canal7slp.tv\/2022\/conmemoran-dia-de-la-libertad-de-expresion-en-matehuala\/#primaryimage"},"image":{"@id":"https:\/\/canal7slp.tv\/2022\/conmemoran-dia-de-la-libertad-de-expresion-en-matehuala\/#primaryimage"},"thumbnailUrl":"https:\/\/canal7slp.tv\/2022\/wp-content\/uploads\/2022\/06\/Valencia01Expresion.jpg","datePublished":"2022-06-08T01:43:08+00:00","breadcrumb":{"@id":"https:\/\/canal7slp.tv\/2022\/conmemoran-dia-de-la-libertad-de-expresion-en-matehuala\/#breadcrumb"},"inLanguage":"es","potentialAction":[{"@type":"ReadAction","target":["https:\/\/canal7slp.tv\/2022\/conmemoran-dia-de-la-libertad-de-expresion-en-matehuala\/"]}]},{"@type":"ImageObject","inLanguage":"es","@id":"https:\/\/canal7slp.tv\/2022\/conmemoran-dia-de-la-libertad-de-expresion-en-matehuala\/#primaryimage","url":"https:\/\/canal7slp.tv\/2022\/wp-content\/uploads\/2022\/06\/Valencia01Expresion.jpg","contentUrl":"https:\/\/canal7slp.tv\/2022\/wp-content\/uploads\/2022\/06\/Valencia01Expresion.jpg","width":888,"height":500},{"@type":"BreadcrumbList","@id":"https:\/\/canal7slp.tv\/2022\/conmemoran-dia-de-la-libertad-de-expresion-en-matehuala\/#breadcrumb","itemListElement":[{"@type":"ListItem","position":1,"name":"Portada","item":"https:\/\/canal7slp.tv\/2022\/"},{"@type":"ListItem","position":2,"name":"Conmemoran D\u00eda de la Libertad de Expresi\u00f3n en Matehuala."}]},{"@type":"WebSite","@id":"https:\/\/canal7slp.tv\/2022\/#website","url":"https:\/\/canal7slp.tv\/2022\/","name":"N7 - Noticieros Canal 7","description":"Somos Televisi\u00f3n","publisher":{"@id":"https:\/\/canal7slp.tv\/2022\/#organization"},"potentialAction":[{"@type":"SearchAction","target":{"@type":"EntryPoint","urlTemplate":"https:\/\/canal7slp.tv\/2022\/?s={search_term_string}"},"query-input":{"@type":"PropertyValueSpecification","valueRequired":true,"valueName":"search_term_string"}}],"inLanguage":"es"},{"@type":"Organization","@id":"https:\/\/canal7slp.tv\/2022\/#organization","name":"Noticieros Canal 7","url":"https:\/\/canal7slp.tv\/2022\/","logo":{"@type":"ImageObject","inLanguage":"es","@id":"https:\/\/canal7slp.tv\/2022\/#\/schema\/logo\/image\/","url":"https:\/\/canal7slp.tv\/2022\/wp-content\/uploads\/2021\/01\/logo-noticieros@2x.png","contentUrl":"https:\/\/canal7slp.tv\/2022\/wp-content\/uploads\/2021\/01\/logo-noticieros@2x.png","width":1017,"height":268,"caption":"Noticieros Canal 7"},"image":{"@id":"https:\/\/canal7slp.tv\/2022\/#\/schema\/logo\/image\/"},"sameAs":["https:\/\/www.facebook.com\/noticieroscanalsiete","https:\/\/x.com\/NOTICIEROS7","https:\/\/www.instagram.com\/canal7_slp","https:\/\/www.youtube.com\/channel\/UCliiYs-gP3JfJeqdPrNdd5A"]},{"@type":"Person","@id":"https:\/\/canal7slp.tv\/2022\/#\/schema\/person\/429704152a21f5f856ce29aa69a238da","name":"Edici\u00f3n Web","image":{"@type":"ImageObject","inLanguage":"es","@id":"https:\/\/secure.gravatar.com\/avatar\/eee448fc3f7164808013b816ba91ac7e43bbe82a70bebac296f8bc6f0addaa1a?s=96&d=mm&r=g","url":"https:\/\/secure.gravatar.com\/avatar\/eee448fc3f7164808013b816ba91ac7e43bbe82a70bebac296f8bc6f0addaa1a?s=96&d=mm&r=g","contentUrl":"https:\/\/secure.gravatar.com\/avatar\/eee448fc3f7164808013b816ba91ac7e43bbe82a70bebac296f8bc6f0addaa1a?s=96&d=mm&r=g","caption":"Edici\u00f3n Web"},"url":"https:\/\/canal7slp.tv\/2022\/author\/edicionweb\/"}]}},"amp_enabled":true,"_links":{"self":[{"href":"https:\/\/canal7slp.tv\/2022\/wp-json\/wp\/v2\/posts\/62878","targetHints":{"allow":["GET"]}}],"collection":[{"href":"https:\/\/canal7slp.tv\/2022\/wp-json\/wp\/v2\/posts"}],"about":[{"href":"https:\/\/canal7slp.tv\/2022\/wp-json\/wp\/v2\/types\/post"}],"author":[{"embeddable":true,"href":"https:\/\/canal7slp.tv\/2022\/wp-json\/wp\/v2\/users\/2"}],"replies":[{"embeddable":true,"href":"https:\/\/canal7slp.tv\/2022\/wp-json\/wp\/v2\/comments?post=62878"}],"version-history":[{"count":1,"href":"https:\/\/canal7slp.tv\/2022\/wp-json\/wp\/v2\/posts\/62878\/revisions"}],"predecessor-version":[{"id":62879,"href":"https:\/\/canal7slp.tv\/2022\/wp-json\/wp\/v2\/posts\/62878\/revisions\/62879"}],"wp:featuredmedia":[{"embeddable":true,"href":"https:\/\/canal7slp.tv\/2022\/wp-json\/wp\/v2\/media\/62881"}],"wp:attachment":[{"href":"https:\/\/canal7slp.tv\/2022\/wp-json\/wp\/v2\/media?parent=62878"}],"wp:term":[{"taxonomy":"category","embeddable":true,"href":"https:\/\/canal7slp.tv\/2022\/wp-json\/wp\/v2\/categories?post=62878"},{"taxonomy":"post_tag","embeddable":true,"href":"https:\/\/canal7slp.tv\/2022\/wp-json\/wp\/v2\/tags?post=62878"}],"curies":[{"name":"wp","href":"https:\/\/api.w.org\/{rel}","templated":true}]}}