{"id":62877,"date":"2022-06-07T19:45:31","date_gmt":"2022-06-08T01:45:31","guid":{"rendered":"https:\/\/canal7slp.tv\/2022\/?p=62877"},"modified":"2022-06-07T19:45:31","modified_gmt":"2022-06-08T01:45:31","slug":"tomas-zavala-no-esta-siendo-investigado-por-hallazgo-de-vehiculos-en-taller-de-guadalcazar-fge","status":"publish","type":"post","link":"https:\/\/canal7slp.tv\/2022\/tomas-zavala-no-esta-siendo-investigado-por-hallazgo-de-vehiculos-en-taller-de-guadalcazar-fge\/","title":{"rendered":"Tom\u00e1s Zavala no est\u00e1 siendo investigado por hallazgo de veh\u00edculos en taller de Guadalc\u00e1zar: FGE."},"content":{"rendered":"<p style=\"text-align: justify;\">Guadalc\u00e1zar.- Luego de que hace unos d\u00edas se diera a conocer el allanamiento a un taller en el municipio de Guadalc\u00e1zar, donde se encontraron veh\u00edculos con reporte de robo, Miguel Ch\u00e1vez Rangel, Titular de la Delegaci\u00f3n Segunda de la Fiscal\u00eda General del Estado, habl\u00f3 para Noticieros Canal Siete sobre la investigaci\u00f3n.<\/p>\n<p style=\"text-align: justify;\">\u201cTodo esto parte de una intervenci\u00f3n que hace la Guardia Civil del Estado, en donde detiene a una persona que presuntamente estaba custodiando dicho inmueble, originalmente refiere que es el propietario de dicho taller, el cual se encontraba abierto, pudiendo advertirse que en su interior se encontraba un tracto cami\u00f3n color rojo, cuyas placas de circulaci\u00f3n coincid\u00edan con el que d\u00edas antes hab\u00eda sido reportado como robado\u201d, dijo.<\/p>\n<p style=\"text-align: justify;\">Al ser cuestionado sobre la presunta implicaci\u00f3n de un ex candidato a la Presidencia Municipal de Matehuala, como due\u00f1o del lugar, coment\u00f3 al respecto, \u201cel nombre de esta persona, del se\u00f1or Tom\u00e1s Zavala, no est\u00e1 objetivamente registrado en los datos de investigaci\u00f3n de la carpeta que se lleva, est\u00e1 el nombre de una persona que no puedo dar su identidad, sus iniciales son A.C.C., que es la persona detenida, originario de la localidad y quien manifest\u00f3 que era el propietario del inmueble\u201d.<\/p>\n<p style=\"text-align: justify;\">Tras el hallazgo de otras unidades, Ch\u00e1vez Rangel, dio a conocer lo que acontecer\u00e1 con la investigaci\u00f3n, \u201cla ley previene, si en la ejecuci\u00f3n, \u00e9ste ser\u00e1 objeto de investigaci\u00f3n por separado y esto corresponde a dos veh\u00edculos, si mal no recuerdo eran pick ups, ahora la polic\u00eda tiene una doble labor, indagar qui\u00e9nes son los propietarios de esos veh\u00edculos para poder establecer que ya fueron localizados porque ambos contaban con reporte de robo\u201d.<\/p>\n<p style=\"text-align: justify;\">Por: Jes\u00fas Valencia<\/p>\n","protected":false},"excerpt":{"rendered":"<p>Guadalc\u00e1zar.- Luego de que hace unos d\u00edas se diera a conocer el allanamiento a un taller en el municipio de Guadalc\u00e1zar, donde se encontraron veh\u00edculos con reporte de robo, Miguel Ch\u00e1vez Rangel, Titular de la Delegaci\u00f3n Segunda de la Fiscal\u00eda General del Estado, habl\u00f3 para Noticieros Canal Siete sobre la investigaci\u00f3n. \u201cTodo esto parte de una intervenci\u00f3n que hace la Guardia Civil del Estado, en donde detiene a una persona que presuntamente estaba custodiando dicho inmueble, originalmente refiere que es el propietario de dicho taller, el cual se encontraba abierto, pudiendo advertirse que en su interior se encontraba un tracto [&hellip;]<\/p>\n","protected":false},"author":2,"featured_media":62882,"comment_status":"closed","ping_status":"closed","sticky":false,"template":"","format":"standard","meta":{"footnotes":""},"categories":[5,43],"tags":[],"class_list":["post-62877","post","type-post","status-publish","format-standard","has-post-thumbnail","hentry","category-destacadas","category-interior","post--single"],"yoast_head":"<!-- This site is optimized with the Yoast SEO plugin v27.4 - https:\/\/yoast.com\/product\/yoast-seo-wordpress\/ -->\n<title>Tom\u00e1s Zavala no est\u00e1 siendo investigado por hallazgo de veh\u00edculos en taller de Guadalc\u00e1zar: FGE. - Canal 7 SLP - 2022<\/title>\n<meta name=\"robots\" content=\"index, follow, max-snippet:-1, max-image-preview:large, max-video-preview:-1\" \/>\n<link rel=\"canonical\" href=\"https:\/\/canal7slp.tv\/2022\/tomas-zavala-no-esta-siendo-investigado-por-hallazgo-de-vehiculos-en-taller-de-guadalcazar-fge\/\" \/>\n<meta property=\"og:locale\" content=\"es_ES\" \/>\n<meta property=\"og:type\" content=\"article\" \/>\n<meta property=\"og:title\" content=\"Tom\u00e1s Zavala no est\u00e1 siendo investigado por hallazgo de veh\u00edculos en taller de Guadalc\u00e1zar: FGE. - Canal 7 SLP - 2022\" \/>\n<meta property=\"og:description\" content=\"Guadalc\u00e1zar.- Luego de que hace unos d\u00edas se diera a conocer el allanamiento a un taller en el municipio de Guadalc\u00e1zar, donde se encontraron veh\u00edculos con reporte de robo, Miguel Ch\u00e1vez Rangel, Titular de la Delegaci\u00f3n Segunda de la Fiscal\u00eda General del Estado, habl\u00f3 para Noticieros Canal Siete sobre la investigaci\u00f3n. \u201cTodo esto parte de una intervenci\u00f3n que hace la Guardia Civil del Estado, en donde detiene a una persona que presuntamente estaba custodiando dicho inmueble, originalmente refiere que es el propietario de dicho taller, el cual se encontraba abierto, pudiendo advertirse que en su interior se encontraba un tracto [&hellip;]\" \/>\n<meta property=\"og:url\" content=\"https:\/\/canal7slp.tv\/2022\/tomas-zavala-no-esta-siendo-investigado-por-hallazgo-de-vehiculos-en-taller-de-guadalcazar-fge\/\" \/>\n<meta property=\"og:site_name\" content=\"Canal 7 SLP - 2022\" \/>\n<meta property=\"article:publisher\" content=\"https:\/\/www.facebook.com\/noticieroscanalsiete\" \/>\n<meta property=\"article:published_time\" content=\"2022-06-08T01:45:31+00:00\" \/>\n<meta property=\"og:image\" content=\"https:\/\/canal7slp.tv\/2022\/wp-content\/uploads\/2022\/06\/Valencia02Tomas.jpg\" \/>\n\t<meta property=\"og:image:width\" content=\"888\" \/>\n\t<meta property=\"og:image:height\" content=\"500\" \/>\n\t<meta property=\"og:image:type\" content=\"image\/jpeg\" \/>\n<meta name=\"author\" content=\"Edici\u00f3n Web\" \/>\n<meta name=\"twitter:card\" content=\"summary_large_image\" \/>\n<meta name=\"twitter:creator\" content=\"@NOTICIEROS7\" \/>\n<meta name=\"twitter:site\" content=\"@NOTICIEROS7\" \/>\n<meta name=\"twitter:label1\" content=\"Escrito por\" \/>\n\t<meta name=\"twitter:data1\" content=\"Edici\u00f3n Web\" \/>\n\t<meta name=\"twitter:label2\" content=\"Tiempo de lectura\" \/>\n\t<meta name=\"twitter:data2\" content=\"2 minutos\" \/>\n<script type=\"application\/ld+json\" class=\"yoast-schema-graph\">{\"@context\":\"https:\\\/\\\/schema.org\",\"@graph\":[{\"@type\":\"Article\",\"@id\":\"https:\\\/\\\/canal7slp.tv\\\/2022\\\/tomas-zavala-no-esta-siendo-investigado-por-hallazgo-de-vehiculos-en-taller-de-guadalcazar-fge\\\/#article\",\"isPartOf\":{\"@id\":\"https:\\\/\\\/canal7slp.tv\\\/2022\\\/tomas-zavala-no-esta-siendo-investigado-por-hallazgo-de-vehiculos-en-taller-de-guadalcazar-fge\\\/\"},\"author\":{\"name\":\"Edici\u00f3n Web\",\"@id\":\"https:\\\/\\\/canal7slp.tv\\\/2022\\\/#\\\/schema\\\/person\\\/429704152a21f5f856ce29aa69a238da\"},\"headline\":\"Tom\u00e1s Zavala no est\u00e1 siendo investigado por hallazgo de veh\u00edculos en taller de Guadalc\u00e1zar: FGE.\",\"datePublished\":\"2022-06-08T01:45:31+00:00\",\"mainEntityOfPage\":{\"@id\":\"https:\\\/\\\/canal7slp.tv\\\/2022\\\/tomas-zavala-no-esta-siendo-investigado-por-hallazgo-de-vehiculos-en-taller-de-guadalcazar-fge\\\/\"},\"wordCount\":326,\"publisher\":{\"@id\":\"https:\\\/\\\/canal7slp.tv\\\/2022\\\/#organization\"},\"image\":{\"@id\":\"https:\\\/\\\/canal7slp.tv\\\/2022\\\/tomas-zavala-no-esta-siendo-investigado-por-hallazgo-de-vehiculos-en-taller-de-guadalcazar-fge\\\/#primaryimage\"},\"thumbnailUrl\":\"https:\\\/\\\/canal7slp.tv\\\/2022\\\/wp-content\\\/uploads\\\/2022\\\/06\\\/Valencia02Tomas.jpg\",\"articleSection\":[\"DESTACADAS\",\"INTERIOR DEL ESTADO\"],\"inLanguage\":\"es\"},{\"@type\":\"WebPage\",\"@id\":\"https:\\\/\\\/canal7slp.tv\\\/2022\\\/tomas-zavala-no-esta-siendo-investigado-por-hallazgo-de-vehiculos-en-taller-de-guadalcazar-fge\\\/\",\"url\":\"https:\\\/\\\/canal7slp.tv\\\/2022\\\/tomas-zavala-no-esta-siendo-investigado-por-hallazgo-de-vehiculos-en-taller-de-guadalcazar-fge\\\/\",\"name\":\"Tom\u00e1s Zavala no est\u00e1 siendo investigado por hallazgo de veh\u00edculos en taller de Guadalc\u00e1zar: FGE. - Canal 7 SLP - 2022\",\"isPartOf\":{\"@id\":\"https:\\\/\\\/canal7slp.tv\\\/2022\\\/#website\"},\"primaryImageOfPage\":{\"@id\":\"https:\\\/\\\/canal7slp.tv\\\/2022\\\/tomas-zavala-no-esta-siendo-investigado-por-hallazgo-de-vehiculos-en-taller-de-guadalcazar-fge\\\/#primaryimage\"},\"image\":{\"@id\":\"https:\\\/\\\/canal7slp.tv\\\/2022\\\/tomas-zavala-no-esta-siendo-investigado-por-hallazgo-de-vehiculos-en-taller-de-guadalcazar-fge\\\/#primaryimage\"},\"thumbnailUrl\":\"https:\\\/\\\/canal7slp.tv\\\/2022\\\/wp-content\\\/uploads\\\/2022\\\/06\\\/Valencia02Tomas.jpg\",\"datePublished\":\"2022-06-08T01:45:31+00:00\",\"breadcrumb\":{\"@id\":\"https:\\\/\\\/canal7slp.tv\\\/2022\\\/tomas-zavala-no-esta-siendo-investigado-por-hallazgo-de-vehiculos-en-taller-de-guadalcazar-fge\\\/#breadcrumb\"},\"inLanguage\":\"es\",\"potentialAction\":[{\"@type\":\"ReadAction\",\"target\":[\"https:\\\/\\\/canal7slp.tv\\\/2022\\\/tomas-zavala-no-esta-siendo-investigado-por-hallazgo-de-vehiculos-en-taller-de-guadalcazar-fge\\\/\"]}]},{\"@type\":\"ImageObject\",\"inLanguage\":\"es\",\"@id\":\"https:\\\/\\\/canal7slp.tv\\\/2022\\\/tomas-zavala-no-esta-siendo-investigado-por-hallazgo-de-vehiculos-en-taller-de-guadalcazar-fge\\\/#primaryimage\",\"url\":\"https:\\\/\\\/canal7slp.tv\\\/2022\\\/wp-content\\\/uploads\\\/2022\\\/06\\\/Valencia02Tomas.jpg\",\"contentUrl\":\"https:\\\/\\\/canal7slp.tv\\\/2022\\\/wp-content\\\/uploads\\\/2022\\\/06\\\/Valencia02Tomas.jpg\",\"width\":888,\"height\":500},{\"@type\":\"BreadcrumbList\",\"@id\":\"https:\\\/\\\/canal7slp.tv\\\/2022\\\/tomas-zavala-no-esta-siendo-investigado-por-hallazgo-de-vehiculos-en-taller-de-guadalcazar-fge\\\/#breadcrumb\",\"itemListElement\":[{\"@type\":\"ListItem\",\"position\":1,\"name\":\"Portada\",\"item\":\"https:\\\/\\\/canal7slp.tv\\\/2022\\\/\"},{\"@type\":\"ListItem\",\"position\":2,\"name\":\"Tom\u00e1s Zavala no est\u00e1 siendo investigado por hallazgo de veh\u00edculos en taller de Guadalc\u00e1zar: FGE.\"}]},{\"@type\":\"WebSite\",\"@id\":\"https:\\\/\\\/canal7slp.tv\\\/2022\\\/#website\",\"url\":\"https:\\\/\\\/canal7slp.tv\\\/2022\\\/\",\"name\":\"N7 - Noticieros Canal 7\",\"description\":\"Somos Televisi\u00f3n\",\"publisher\":{\"@id\":\"https:\\\/\\\/canal7slp.tv\\\/2022\\\/#organization\"},\"potentialAction\":[{\"@type\":\"SearchAction\",\"target\":{\"@type\":\"EntryPoint\",\"urlTemplate\":\"https:\\\/\\\/canal7slp.tv\\\/2022\\\/?s={search_term_string}\"},\"query-input\":{\"@type\":\"PropertyValueSpecification\",\"valueRequired\":true,\"valueName\":\"search_term_string\"}}],\"inLanguage\":\"es\"},{\"@type\":\"Organization\",\"@id\":\"https:\\\/\\\/canal7slp.tv\\\/2022\\\/#organization\",\"name\":\"Noticieros Canal 7\",\"url\":\"https:\\\/\\\/canal7slp.tv\\\/2022\\\/\",\"logo\":{\"@type\":\"ImageObject\",\"inLanguage\":\"es\",\"@id\":\"https:\\\/\\\/canal7slp.tv\\\/2022\\\/#\\\/schema\\\/logo\\\/image\\\/\",\"url\":\"https:\\\/\\\/canal7slp.tv\\\/2022\\\/wp-content\\\/uploads\\\/2021\\\/01\\\/logo-noticieros@2x.png\",\"contentUrl\":\"https:\\\/\\\/canal7slp.tv\\\/2022\\\/wp-content\\\/uploads\\\/2021\\\/01\\\/logo-noticieros@2x.png\",\"width\":1017,\"height\":268,\"caption\":\"Noticieros Canal 7\"},\"image\":{\"@id\":\"https:\\\/\\\/canal7slp.tv\\\/2022\\\/#\\\/schema\\\/logo\\\/image\\\/\"},\"sameAs\":[\"https:\\\/\\\/www.facebook.com\\\/noticieroscanalsiete\",\"https:\\\/\\\/x.com\\\/NOTICIEROS7\",\"https:\\\/\\\/www.instagram.com\\\/canal7_slp\",\"https:\\\/\\\/www.youtube.com\\\/channel\\\/UCliiYs-gP3JfJeqdPrNdd5A\"]},{\"@type\":\"Person\",\"@id\":\"https:\\\/\\\/canal7slp.tv\\\/2022\\\/#\\\/schema\\\/person\\\/429704152a21f5f856ce29aa69a238da\",\"name\":\"Edici\u00f3n Web\",\"image\":{\"@type\":\"ImageObject\",\"inLanguage\":\"es\",\"@id\":\"https:\\\/\\\/secure.gravatar.com\\\/avatar\\\/eee448fc3f7164808013b816ba91ac7e43bbe82a70bebac296f8bc6f0addaa1a?s=96&d=mm&r=g\",\"url\":\"https:\\\/\\\/secure.gravatar.com\\\/avatar\\\/eee448fc3f7164808013b816ba91ac7e43bbe82a70bebac296f8bc6f0addaa1a?s=96&d=mm&r=g\",\"contentUrl\":\"https:\\\/\\\/secure.gravatar.com\\\/avatar\\\/eee448fc3f7164808013b816ba91ac7e43bbe82a70bebac296f8bc6f0addaa1a?s=96&d=mm&r=g\",\"caption\":\"Edici\u00f3n Web\"},\"url\":\"https:\\\/\\\/canal7slp.tv\\\/2022\\\/author\\\/edicionweb\\\/\"}]}<\/script>\n<!-- \/ Yoast SEO plugin. -->","yoast_head_json":{"title":"Tom\u00e1s Zavala no est\u00e1 siendo investigado por hallazgo de veh\u00edculos en taller de Guadalc\u00e1zar: FGE. - Canal 7 SLP - 2022","robots":{"index":"index","follow":"follow","max-snippet":"max-snippet:-1","max-image-preview":"max-image-preview:large","max-video-preview":"max-video-preview:-1"},"canonical":"https:\/\/canal7slp.tv\/2022\/tomas-zavala-no-esta-siendo-investigado-por-hallazgo-de-vehiculos-en-taller-de-guadalcazar-fge\/","og_locale":"es_ES","og_type":"article","og_title":"Tom\u00e1s Zavala no est\u00e1 siendo investigado por hallazgo de veh\u00edculos en taller de Guadalc\u00e1zar: FGE. - Canal 7 SLP - 2022","og_description":"Guadalc\u00e1zar.- Luego de que hace unos d\u00edas se diera a conocer el allanamiento a un taller en el municipio de Guadalc\u00e1zar, donde se encontraron veh\u00edculos con reporte de robo, Miguel Ch\u00e1vez Rangel, Titular de la Delegaci\u00f3n Segunda de la Fiscal\u00eda General del Estado, habl\u00f3 para Noticieros Canal Siete sobre la investigaci\u00f3n. \u201cTodo esto parte de una intervenci\u00f3n que hace la Guardia Civil del Estado, en donde detiene a una persona que presuntamente estaba custodiando dicho inmueble, originalmente refiere que es el propietario de dicho taller, el cual se encontraba abierto, pudiendo advertirse que en su interior se encontraba un tracto [&hellip;]","og_url":"https:\/\/canal7slp.tv\/2022\/tomas-zavala-no-esta-siendo-investigado-por-hallazgo-de-vehiculos-en-taller-de-guadalcazar-fge\/","og_site_name":"Canal 7 SLP - 2022","article_publisher":"https:\/\/www.facebook.com\/noticieroscanalsiete","article_published_time":"2022-06-08T01:45:31+00:00","og_image":[{"width":888,"height":500,"url":"https:\/\/canal7slp.tv\/2022\/wp-content\/uploads\/2022\/06\/Valencia02Tomas.jpg","type":"image\/jpeg"}],"author":"Edici\u00f3n Web","twitter_card":"summary_large_image","twitter_creator":"@NOTICIEROS7","twitter_site":"@NOTICIEROS7","twitter_misc":{"Escrito por":"Edici\u00f3n Web","Tiempo de lectura":"2 minutos"},"schema":{"@context":"https:\/\/schema.org","@graph":[{"@type":"Article","@id":"https:\/\/canal7slp.tv\/2022\/tomas-zavala-no-esta-siendo-investigado-por-hallazgo-de-vehiculos-en-taller-de-guadalcazar-fge\/#article","isPartOf":{"@id":"https:\/\/canal7slp.tv\/2022\/tomas-zavala-no-esta-siendo-investigado-por-hallazgo-de-vehiculos-en-taller-de-guadalcazar-fge\/"},"author":{"name":"Edici\u00f3n Web","@id":"https:\/\/canal7slp.tv\/2022\/#\/schema\/person\/429704152a21f5f856ce29aa69a238da"},"headline":"Tom\u00e1s Zavala no est\u00e1 siendo investigado por hallazgo de veh\u00edculos en taller de Guadalc\u00e1zar: FGE.","datePublished":"2022-06-08T01:45:31+00:00","mainEntityOfPage":{"@id":"https:\/\/canal7slp.tv\/2022\/tomas-zavala-no-esta-siendo-investigado-por-hallazgo-de-vehiculos-en-taller-de-guadalcazar-fge\/"},"wordCount":326,"publisher":{"@id":"https:\/\/canal7slp.tv\/2022\/#organization"},"image":{"@id":"https:\/\/canal7slp.tv\/2022\/tomas-zavala-no-esta-siendo-investigado-por-hallazgo-de-vehiculos-en-taller-de-guadalcazar-fge\/#primaryimage"},"thumbnailUrl":"https:\/\/canal7slp.tv\/2022\/wp-content\/uploads\/2022\/06\/Valencia02Tomas.jpg","articleSection":["DESTACADAS","INTERIOR DEL ESTADO"],"inLanguage":"es"},{"@type":"WebPage","@id":"https:\/\/canal7slp.tv\/2022\/tomas-zavala-no-esta-siendo-investigado-por-hallazgo-de-vehiculos-en-taller-de-guadalcazar-fge\/","url":"https:\/\/canal7slp.tv\/2022\/tomas-zavala-no-esta-siendo-investigado-por-hallazgo-de-vehiculos-en-taller-de-guadalcazar-fge\/","name":"Tom\u00e1s Zavala no est\u00e1 siendo investigado por hallazgo de veh\u00edculos en taller de Guadalc\u00e1zar: FGE. - Canal 7 SLP - 2022","isPartOf":{"@id":"https:\/\/canal7slp.tv\/2022\/#website"},"primaryImageOfPage":{"@id":"https:\/\/canal7slp.tv\/2022\/tomas-zavala-no-esta-siendo-investigado-por-hallazgo-de-vehiculos-en-taller-de-guadalcazar-fge\/#primaryimage"},"image":{"@id":"https:\/\/canal7slp.tv\/2022\/tomas-zavala-no-esta-siendo-investigado-por-hallazgo-de-vehiculos-en-taller-de-guadalcazar-fge\/#primaryimage"},"thumbnailUrl":"https:\/\/canal7slp.tv\/2022\/wp-content\/uploads\/2022\/06\/Valencia02Tomas.jpg","datePublished":"2022-06-08T01:45:31+00:00","breadcrumb":{"@id":"https:\/\/canal7slp.tv\/2022\/tomas-zavala-no-esta-siendo-investigado-por-hallazgo-de-vehiculos-en-taller-de-guadalcazar-fge\/#breadcrumb"},"inLanguage":"es","potentialAction":[{"@type":"ReadAction","target":["https:\/\/canal7slp.tv\/2022\/tomas-zavala-no-esta-siendo-investigado-por-hallazgo-de-vehiculos-en-taller-de-guadalcazar-fge\/"]}]},{"@type":"ImageObject","inLanguage":"es","@id":"https:\/\/canal7slp.tv\/2022\/tomas-zavala-no-esta-siendo-investigado-por-hallazgo-de-vehiculos-en-taller-de-guadalcazar-fge\/#primaryimage","url":"https:\/\/canal7slp.tv\/2022\/wp-content\/uploads\/2022\/06\/Valencia02Tomas.jpg","contentUrl":"https:\/\/canal7slp.tv\/2022\/wp-content\/uploads\/2022\/06\/Valencia02Tomas.jpg","width":888,"height":500},{"@type":"BreadcrumbList","@id":"https:\/\/canal7slp.tv\/2022\/tomas-zavala-no-esta-siendo-investigado-por-hallazgo-de-vehiculos-en-taller-de-guadalcazar-fge\/#breadcrumb","itemListElement":[{"@type":"ListItem","position":1,"name":"Portada","item":"https:\/\/canal7slp.tv\/2022\/"},{"@type":"ListItem","position":2,"name":"Tom\u00e1s Zavala no est\u00e1 siendo investigado por hallazgo de veh\u00edculos en taller de Guadalc\u00e1zar: FGE."}]},{"@type":"WebSite","@id":"https:\/\/canal7slp.tv\/2022\/#website","url":"https:\/\/canal7slp.tv\/2022\/","name":"N7 - Noticieros Canal 7","description":"Somos Televisi\u00f3n","publisher":{"@id":"https:\/\/canal7slp.tv\/2022\/#organization"},"potentialAction":[{"@type":"SearchAction","target":{"@type":"EntryPoint","urlTemplate":"https:\/\/canal7slp.tv\/2022\/?s={search_term_string}"},"query-input":{"@type":"PropertyValueSpecification","valueRequired":true,"valueName":"search_term_string"}}],"inLanguage":"es"},{"@type":"Organization","@id":"https:\/\/canal7slp.tv\/2022\/#organization","name":"Noticieros Canal 7","url":"https:\/\/canal7slp.tv\/2022\/","logo":{"@type":"ImageObject","inLanguage":"es","@id":"https:\/\/canal7slp.tv\/2022\/#\/schema\/logo\/image\/","url":"https:\/\/canal7slp.tv\/2022\/wp-content\/uploads\/2021\/01\/logo-noticieros@2x.png","contentUrl":"https:\/\/canal7slp.tv\/2022\/wp-content\/uploads\/2021\/01\/logo-noticieros@2x.png","width":1017,"height":268,"caption":"Noticieros Canal 7"},"image":{"@id":"https:\/\/canal7slp.tv\/2022\/#\/schema\/logo\/image\/"},"sameAs":["https:\/\/www.facebook.com\/noticieroscanalsiete","https:\/\/x.com\/NOTICIEROS7","https:\/\/www.instagram.com\/canal7_slp","https:\/\/www.youtube.com\/channel\/UCliiYs-gP3JfJeqdPrNdd5A"]},{"@type":"Person","@id":"https:\/\/canal7slp.tv\/2022\/#\/schema\/person\/429704152a21f5f856ce29aa69a238da","name":"Edici\u00f3n Web","image":{"@type":"ImageObject","inLanguage":"es","@id":"https:\/\/secure.gravatar.com\/avatar\/eee448fc3f7164808013b816ba91ac7e43bbe82a70bebac296f8bc6f0addaa1a?s=96&d=mm&r=g","url":"https:\/\/secure.gravatar.com\/avatar\/eee448fc3f7164808013b816ba91ac7e43bbe82a70bebac296f8bc6f0addaa1a?s=96&d=mm&r=g","contentUrl":"https:\/\/secure.gravatar.com\/avatar\/eee448fc3f7164808013b816ba91ac7e43bbe82a70bebac296f8bc6f0addaa1a?s=96&d=mm&r=g","caption":"Edici\u00f3n Web"},"url":"https:\/\/canal7slp.tv\/2022\/author\/edicionweb\/"}]}},"amp_enabled":true,"_links":{"self":[{"href":"https:\/\/canal7slp.tv\/2022\/wp-json\/wp\/v2\/posts\/62877","targetHints":{"allow":["GET"]}}],"collection":[{"href":"https:\/\/canal7slp.tv\/2022\/wp-json\/wp\/v2\/posts"}],"about":[{"href":"https:\/\/canal7slp.tv\/2022\/wp-json\/wp\/v2\/types\/post"}],"author":[{"embeddable":true,"href":"https:\/\/canal7slp.tv\/2022\/wp-json\/wp\/v2\/users\/2"}],"replies":[{"embeddable":true,"href":"https:\/\/canal7slp.tv\/2022\/wp-json\/wp\/v2\/comments?post=62877"}],"version-history":[{"count":2,"href":"https:\/\/canal7slp.tv\/2022\/wp-json\/wp\/v2\/posts\/62877\/revisions"}],"predecessor-version":[{"id":62883,"href":"https:\/\/canal7slp.tv\/2022\/wp-json\/wp\/v2\/posts\/62877\/revisions\/62883"}],"wp:featuredmedia":[{"embeddable":true,"href":"https:\/\/canal7slp.tv\/2022\/wp-json\/wp\/v2\/media\/62882"}],"wp:attachment":[{"href":"https:\/\/canal7slp.tv\/2022\/wp-json\/wp\/v2\/media?parent=62877"}],"wp:term":[{"taxonomy":"category","embeddable":true,"href":"https:\/\/canal7slp.tv\/2022\/wp-json\/wp\/v2\/categories?post=62877"},{"taxonomy":"post_tag","embeddable":true,"href":"https:\/\/canal7slp.tv\/2022\/wp-json\/wp\/v2\/tags?post=62877"}],"curies":[{"name":"wp","href":"https:\/\/api.w.org\/{rel}","templated":true}]}}