{"id":62823,"date":"2022-06-07T15:43:23","date_gmt":"2022-06-07T21:43:23","guid":{"rendered":"https:\/\/canal7slp.tv\/2022\/?p=62823"},"modified":"2022-06-07T15:43:23","modified_gmt":"2022-06-07T21:43:23","slug":"alcaldesa-de-sgs-truena-vs-el-interapas","status":"publish","type":"post","link":"https:\/\/canal7slp.tv\/2022\/alcaldesa-de-sgs-truena-vs-el-interapas\/","title":{"rendered":"Alcaldesa de SGS truena vs el Interapas."},"content":{"rendered":"<ul>\n<li>La edil se dice harta de que el organismo no ponga de su parte para solucionar problem\u00e1tica de abasto de agua.<\/li>\n<\/ul>\n<p style=\"text-align: justify;\">SGS.- Desde hace ya mucho tiempo que esta base perif\u00e9rica de la Cruz Roja que se ubica en el fraccionamiento La Virgen en el municipio de Soledad, permanece cerrada y la cual, fue inaugurada el 28 de Junio de 2011 y cerrada tres a\u00f1os despu\u00e9s.<\/p>\n<p style=\"text-align: justify;\">El delegado estatal de la Benem\u00e9rita Instituci\u00f3n Jes\u00fas Ernesto de la Maza Jim\u00e9nez inform\u00f3 que ha estado cerrada porque en la zona hay mucha inseguridad y sus instalaciones, han sido objeto de actos vand\u00e1licos y robos, que no garantizaban la seguridad para el personal que ah\u00ed prestaba sus servicios.<\/p>\n<p style=\"text-align: justify;\">El funcionario afirm\u00f3 que al no haber garant\u00edas de seguridad para su personal no se tiene prevista una fecha de apertura de sus instalaciones en el corto plazo.<\/p>\n<p style=\"text-align: justify;\">Y es que se\u00f1al\u00f3 que ante esta situaci\u00f3n se solicit\u00f3 el apoyo del municipio de Soledad con una patrulla para labores de vigilancia y que aunque s\u00ed hubo respuesta, el apoyo solo fue por unos d\u00edas.<\/p>\n<p style=\"text-align: justify;\">El delegado estatal de la Cruz Roja indic\u00f3 que en los municipios de Ciudad del Ma\u00edz y El Naranjo existen dos bases operativas en similares condiciones, aunque en estos casos faltan recursos econ\u00f3micos para su rehabilitaci\u00f3n.<\/p>\n<p style=\"text-align: justify;\">Asimismo, De la Maza Jim\u00e9nez coment\u00f3 que lamentablemente tambi\u00e9n existen colonias muy conflictivas en donde guiados con base a un protocolo denominado \u201cAcceso Seguro\u201d, de plano no entran a prestar servicios por temor a que los param\u00e9dicos sean agredidos.<\/p>\n<p style=\"text-align: justify;\">Por: Claudio Ibarra<\/p>\n","protected":false},"excerpt":{"rendered":"<p>La edil se dice harta de que el organismo no ponga de su parte para solucionar problem\u00e1tica de abasto de agua. SGS.- Desde hace ya mucho tiempo que esta base perif\u00e9rica de la Cruz Roja que se ubica en el fraccionamiento La Virgen en el municipio de Soledad, permanece cerrada y la cual, fue inaugurada el 28 de Junio de 2011 y cerrada tres a\u00f1os despu\u00e9s. El delegado estatal de la Benem\u00e9rita Instituci\u00f3n Jes\u00fas Ernesto de la Maza Jim\u00e9nez inform\u00f3 que ha estado cerrada porque en la zona hay mucha inseguridad y sus instalaciones, han sido objeto de actos vand\u00e1licos [&hellip;]<\/p>\n","protected":false},"author":2,"featured_media":62847,"comment_status":"closed","ping_status":"closed","sticky":false,"template":"","format":"video","meta":{"footnotes":""},"categories":[512,5,45],"tags":[],"class_list":["post-62823","post","type-post","status-publish","format-video","has-post-thumbnail","hentry","category-ayosgs","category-destacadas","category-localesyregionales","post_format-post-format-video","post--single"],"yoast_head":"<!-- This site is optimized with the Yoast SEO plugin v27.4 - https:\/\/yoast.com\/product\/yoast-seo-wordpress\/ -->\n<title>Alcaldesa de SGS truena vs el Interapas. - Canal 7 SLP - 2022<\/title>\n<meta name=\"robots\" content=\"index, follow, max-snippet:-1, max-image-preview:large, max-video-preview:-1\" \/>\n<link rel=\"canonical\" href=\"https:\/\/canal7slp.tv\/2022\/alcaldesa-de-sgs-truena-vs-el-interapas\/\" \/>\n<meta property=\"og:locale\" content=\"es_ES\" \/>\n<meta property=\"og:type\" content=\"article\" \/>\n<meta property=\"og:title\" content=\"Alcaldesa de SGS truena vs el Interapas. - Canal 7 SLP - 2022\" \/>\n<meta property=\"og:description\" content=\"La edil se dice harta de que el organismo no ponga de su parte para solucionar problem\u00e1tica de abasto de agua. SGS.- Desde hace ya mucho tiempo que esta base perif\u00e9rica de la Cruz Roja que se ubica en el fraccionamiento La Virgen en el municipio de Soledad, permanece cerrada y la cual, fue inaugurada el 28 de Junio de 2011 y cerrada tres a\u00f1os despu\u00e9s. El delegado estatal de la Benem\u00e9rita Instituci\u00f3n Jes\u00fas Ernesto de la Maza Jim\u00e9nez inform\u00f3 que ha estado cerrada porque en la zona hay mucha inseguridad y sus instalaciones, han sido objeto de actos vand\u00e1licos [&hellip;]\" \/>\n<meta property=\"og:url\" content=\"https:\/\/canal7slp.tv\/2022\/alcaldesa-de-sgs-truena-vs-el-interapas\/\" \/>\n<meta property=\"og:site_name\" content=\"Canal 7 SLP - 2022\" \/>\n<meta property=\"article:publisher\" content=\"https:\/\/www.facebook.com\/noticieroscanalsiete\" \/>\n<meta property=\"article:published_time\" content=\"2022-06-07T21:43:23+00:00\" \/>\n<meta property=\"og:image\" content=\"https:\/\/canal7slp.tv\/2022\/wp-content\/uploads\/2022\/06\/Claudio02Leonor.jpg\" \/>\n\t<meta property=\"og:image:width\" content=\"888\" \/>\n\t<meta property=\"og:image:height\" content=\"500\" \/>\n\t<meta property=\"og:image:type\" content=\"image\/jpeg\" \/>\n<meta name=\"author\" content=\"Edici\u00f3n Web\" \/>\n<meta name=\"twitter:card\" content=\"summary_large_image\" \/>\n<meta name=\"twitter:creator\" content=\"@NOTICIEROS7\" \/>\n<meta name=\"twitter:site\" content=\"@NOTICIEROS7\" \/>\n<meta name=\"twitter:label1\" content=\"Escrito por\" \/>\n\t<meta name=\"twitter:data1\" content=\"Edici\u00f3n Web\" \/>\n\t<meta name=\"twitter:label2\" content=\"Tiempo de lectura\" \/>\n\t<meta name=\"twitter:data2\" content=\"2 minutos\" \/>\n<script type=\"application\/ld+json\" class=\"yoast-schema-graph\">{\"@context\":\"https:\\\/\\\/schema.org\",\"@graph\":[{\"@type\":\"Article\",\"@id\":\"https:\\\/\\\/canal7slp.tv\\\/2022\\\/alcaldesa-de-sgs-truena-vs-el-interapas\\\/#article\",\"isPartOf\":{\"@id\":\"https:\\\/\\\/canal7slp.tv\\\/2022\\\/alcaldesa-de-sgs-truena-vs-el-interapas\\\/\"},\"author\":{\"name\":\"Edici\u00f3n Web\",\"@id\":\"https:\\\/\\\/canal7slp.tv\\\/2022\\\/#\\\/schema\\\/person\\\/429704152a21f5f856ce29aa69a238da\"},\"headline\":\"Alcaldesa de SGS truena vs el Interapas.\",\"datePublished\":\"2022-06-07T21:43:23+00:00\",\"mainEntityOfPage\":{\"@id\":\"https:\\\/\\\/canal7slp.tv\\\/2022\\\/alcaldesa-de-sgs-truena-vs-el-interapas\\\/\"},\"wordCount\":282,\"publisher\":{\"@id\":\"https:\\\/\\\/canal7slp.tv\\\/2022\\\/#organization\"},\"image\":{\"@id\":\"https:\\\/\\\/canal7slp.tv\\\/2022\\\/alcaldesa-de-sgs-truena-vs-el-interapas\\\/#primaryimage\"},\"thumbnailUrl\":\"https:\\\/\\\/canal7slp.tv\\\/2022\\\/wp-content\\\/uploads\\\/2022\\\/06\\\/Claudio02Leonor.jpg\",\"articleSection\":[\"AYOSGS\",\"DESTACADAS\",\"LOCALES Y REGIONALES\"],\"inLanguage\":\"es\"},{\"@type\":\"WebPage\",\"@id\":\"https:\\\/\\\/canal7slp.tv\\\/2022\\\/alcaldesa-de-sgs-truena-vs-el-interapas\\\/\",\"url\":\"https:\\\/\\\/canal7slp.tv\\\/2022\\\/alcaldesa-de-sgs-truena-vs-el-interapas\\\/\",\"name\":\"Alcaldesa de SGS truena vs el Interapas. - Canal 7 SLP - 2022\",\"isPartOf\":{\"@id\":\"https:\\\/\\\/canal7slp.tv\\\/2022\\\/#website\"},\"primaryImageOfPage\":{\"@id\":\"https:\\\/\\\/canal7slp.tv\\\/2022\\\/alcaldesa-de-sgs-truena-vs-el-interapas\\\/#primaryimage\"},\"image\":{\"@id\":\"https:\\\/\\\/canal7slp.tv\\\/2022\\\/alcaldesa-de-sgs-truena-vs-el-interapas\\\/#primaryimage\"},\"thumbnailUrl\":\"https:\\\/\\\/canal7slp.tv\\\/2022\\\/wp-content\\\/uploads\\\/2022\\\/06\\\/Claudio02Leonor.jpg\",\"datePublished\":\"2022-06-07T21:43:23+00:00\",\"breadcrumb\":{\"@id\":\"https:\\\/\\\/canal7slp.tv\\\/2022\\\/alcaldesa-de-sgs-truena-vs-el-interapas\\\/#breadcrumb\"},\"inLanguage\":\"es\",\"potentialAction\":[{\"@type\":\"ReadAction\",\"target\":[\"https:\\\/\\\/canal7slp.tv\\\/2022\\\/alcaldesa-de-sgs-truena-vs-el-interapas\\\/\"]}]},{\"@type\":\"ImageObject\",\"inLanguage\":\"es\",\"@id\":\"https:\\\/\\\/canal7slp.tv\\\/2022\\\/alcaldesa-de-sgs-truena-vs-el-interapas\\\/#primaryimage\",\"url\":\"https:\\\/\\\/canal7slp.tv\\\/2022\\\/wp-content\\\/uploads\\\/2022\\\/06\\\/Claudio02Leonor.jpg\",\"contentUrl\":\"https:\\\/\\\/canal7slp.tv\\\/2022\\\/wp-content\\\/uploads\\\/2022\\\/06\\\/Claudio02Leonor.jpg\",\"width\":888,\"height\":500},{\"@type\":\"BreadcrumbList\",\"@id\":\"https:\\\/\\\/canal7slp.tv\\\/2022\\\/alcaldesa-de-sgs-truena-vs-el-interapas\\\/#breadcrumb\",\"itemListElement\":[{\"@type\":\"ListItem\",\"position\":1,\"name\":\"Portada\",\"item\":\"https:\\\/\\\/canal7slp.tv\\\/2022\\\/\"},{\"@type\":\"ListItem\",\"position\":2,\"name\":\"Alcaldesa de SGS truena vs el Interapas.\"}]},{\"@type\":\"WebSite\",\"@id\":\"https:\\\/\\\/canal7slp.tv\\\/2022\\\/#website\",\"url\":\"https:\\\/\\\/canal7slp.tv\\\/2022\\\/\",\"name\":\"N7 - Noticieros Canal 7\",\"description\":\"Somos Televisi\u00f3n\",\"publisher\":{\"@id\":\"https:\\\/\\\/canal7slp.tv\\\/2022\\\/#organization\"},\"potentialAction\":[{\"@type\":\"SearchAction\",\"target\":{\"@type\":\"EntryPoint\",\"urlTemplate\":\"https:\\\/\\\/canal7slp.tv\\\/2022\\\/?s={search_term_string}\"},\"query-input\":{\"@type\":\"PropertyValueSpecification\",\"valueRequired\":true,\"valueName\":\"search_term_string\"}}],\"inLanguage\":\"es\"},{\"@type\":\"Organization\",\"@id\":\"https:\\\/\\\/canal7slp.tv\\\/2022\\\/#organization\",\"name\":\"Noticieros Canal 7\",\"url\":\"https:\\\/\\\/canal7slp.tv\\\/2022\\\/\",\"logo\":{\"@type\":\"ImageObject\",\"inLanguage\":\"es\",\"@id\":\"https:\\\/\\\/canal7slp.tv\\\/2022\\\/#\\\/schema\\\/logo\\\/image\\\/\",\"url\":\"https:\\\/\\\/canal7slp.tv\\\/2022\\\/wp-content\\\/uploads\\\/2021\\\/01\\\/logo-noticieros@2x.png\",\"contentUrl\":\"https:\\\/\\\/canal7slp.tv\\\/2022\\\/wp-content\\\/uploads\\\/2021\\\/01\\\/logo-noticieros@2x.png\",\"width\":1017,\"height\":268,\"caption\":\"Noticieros Canal 7\"},\"image\":{\"@id\":\"https:\\\/\\\/canal7slp.tv\\\/2022\\\/#\\\/schema\\\/logo\\\/image\\\/\"},\"sameAs\":[\"https:\\\/\\\/www.facebook.com\\\/noticieroscanalsiete\",\"https:\\\/\\\/x.com\\\/NOTICIEROS7\",\"https:\\\/\\\/www.instagram.com\\\/canal7_slp\",\"https:\\\/\\\/www.youtube.com\\\/channel\\\/UCliiYs-gP3JfJeqdPrNdd5A\"]},{\"@type\":\"Person\",\"@id\":\"https:\\\/\\\/canal7slp.tv\\\/2022\\\/#\\\/schema\\\/person\\\/429704152a21f5f856ce29aa69a238da\",\"name\":\"Edici\u00f3n Web\",\"image\":{\"@type\":\"ImageObject\",\"inLanguage\":\"es\",\"@id\":\"https:\\\/\\\/secure.gravatar.com\\\/avatar\\\/eee448fc3f7164808013b816ba91ac7e43bbe82a70bebac296f8bc6f0addaa1a?s=96&d=mm&r=g\",\"url\":\"https:\\\/\\\/secure.gravatar.com\\\/avatar\\\/eee448fc3f7164808013b816ba91ac7e43bbe82a70bebac296f8bc6f0addaa1a?s=96&d=mm&r=g\",\"contentUrl\":\"https:\\\/\\\/secure.gravatar.com\\\/avatar\\\/eee448fc3f7164808013b816ba91ac7e43bbe82a70bebac296f8bc6f0addaa1a?s=96&d=mm&r=g\",\"caption\":\"Edici\u00f3n Web\"},\"url\":\"https:\\\/\\\/canal7slp.tv\\\/2022\\\/author\\\/edicionweb\\\/\"}]}<\/script>\n<!-- \/ Yoast SEO plugin. -->","yoast_head_json":{"title":"Alcaldesa de SGS truena vs el Interapas. - Canal 7 SLP - 2022","robots":{"index":"index","follow":"follow","max-snippet":"max-snippet:-1","max-image-preview":"max-image-preview:large","max-video-preview":"max-video-preview:-1"},"canonical":"https:\/\/canal7slp.tv\/2022\/alcaldesa-de-sgs-truena-vs-el-interapas\/","og_locale":"es_ES","og_type":"article","og_title":"Alcaldesa de SGS truena vs el Interapas. - Canal 7 SLP - 2022","og_description":"La edil se dice harta de que el organismo no ponga de su parte para solucionar problem\u00e1tica de abasto de agua. SGS.- Desde hace ya mucho tiempo que esta base perif\u00e9rica de la Cruz Roja que se ubica en el fraccionamiento La Virgen en el municipio de Soledad, permanece cerrada y la cual, fue inaugurada el 28 de Junio de 2011 y cerrada tres a\u00f1os despu\u00e9s. El delegado estatal de la Benem\u00e9rita Instituci\u00f3n Jes\u00fas Ernesto de la Maza Jim\u00e9nez inform\u00f3 que ha estado cerrada porque en la zona hay mucha inseguridad y sus instalaciones, han sido objeto de actos vand\u00e1licos [&hellip;]","og_url":"https:\/\/canal7slp.tv\/2022\/alcaldesa-de-sgs-truena-vs-el-interapas\/","og_site_name":"Canal 7 SLP - 2022","article_publisher":"https:\/\/www.facebook.com\/noticieroscanalsiete","article_published_time":"2022-06-07T21:43:23+00:00","og_image":[{"width":888,"height":500,"url":"https:\/\/canal7slp.tv\/2022\/wp-content\/uploads\/2022\/06\/Claudio02Leonor.jpg","type":"image\/jpeg"}],"author":"Edici\u00f3n Web","twitter_card":"summary_large_image","twitter_creator":"@NOTICIEROS7","twitter_site":"@NOTICIEROS7","twitter_misc":{"Escrito por":"Edici\u00f3n Web","Tiempo de lectura":"2 minutos"},"schema":{"@context":"https:\/\/schema.org","@graph":[{"@type":"Article","@id":"https:\/\/canal7slp.tv\/2022\/alcaldesa-de-sgs-truena-vs-el-interapas\/#article","isPartOf":{"@id":"https:\/\/canal7slp.tv\/2022\/alcaldesa-de-sgs-truena-vs-el-interapas\/"},"author":{"name":"Edici\u00f3n Web","@id":"https:\/\/canal7slp.tv\/2022\/#\/schema\/person\/429704152a21f5f856ce29aa69a238da"},"headline":"Alcaldesa de SGS truena vs el Interapas.","datePublished":"2022-06-07T21:43:23+00:00","mainEntityOfPage":{"@id":"https:\/\/canal7slp.tv\/2022\/alcaldesa-de-sgs-truena-vs-el-interapas\/"},"wordCount":282,"publisher":{"@id":"https:\/\/canal7slp.tv\/2022\/#organization"},"image":{"@id":"https:\/\/canal7slp.tv\/2022\/alcaldesa-de-sgs-truena-vs-el-interapas\/#primaryimage"},"thumbnailUrl":"https:\/\/canal7slp.tv\/2022\/wp-content\/uploads\/2022\/06\/Claudio02Leonor.jpg","articleSection":["AYOSGS","DESTACADAS","LOCALES Y REGIONALES"],"inLanguage":"es"},{"@type":"WebPage","@id":"https:\/\/canal7slp.tv\/2022\/alcaldesa-de-sgs-truena-vs-el-interapas\/","url":"https:\/\/canal7slp.tv\/2022\/alcaldesa-de-sgs-truena-vs-el-interapas\/","name":"Alcaldesa de SGS truena vs el Interapas. - Canal 7 SLP - 2022","isPartOf":{"@id":"https:\/\/canal7slp.tv\/2022\/#website"},"primaryImageOfPage":{"@id":"https:\/\/canal7slp.tv\/2022\/alcaldesa-de-sgs-truena-vs-el-interapas\/#primaryimage"},"image":{"@id":"https:\/\/canal7slp.tv\/2022\/alcaldesa-de-sgs-truena-vs-el-interapas\/#primaryimage"},"thumbnailUrl":"https:\/\/canal7slp.tv\/2022\/wp-content\/uploads\/2022\/06\/Claudio02Leonor.jpg","datePublished":"2022-06-07T21:43:23+00:00","breadcrumb":{"@id":"https:\/\/canal7slp.tv\/2022\/alcaldesa-de-sgs-truena-vs-el-interapas\/#breadcrumb"},"inLanguage":"es","potentialAction":[{"@type":"ReadAction","target":["https:\/\/canal7slp.tv\/2022\/alcaldesa-de-sgs-truena-vs-el-interapas\/"]}]},{"@type":"ImageObject","inLanguage":"es","@id":"https:\/\/canal7slp.tv\/2022\/alcaldesa-de-sgs-truena-vs-el-interapas\/#primaryimage","url":"https:\/\/canal7slp.tv\/2022\/wp-content\/uploads\/2022\/06\/Claudio02Leonor.jpg","contentUrl":"https:\/\/canal7slp.tv\/2022\/wp-content\/uploads\/2022\/06\/Claudio02Leonor.jpg","width":888,"height":500},{"@type":"BreadcrumbList","@id":"https:\/\/canal7slp.tv\/2022\/alcaldesa-de-sgs-truena-vs-el-interapas\/#breadcrumb","itemListElement":[{"@type":"ListItem","position":1,"name":"Portada","item":"https:\/\/canal7slp.tv\/2022\/"},{"@type":"ListItem","position":2,"name":"Alcaldesa de SGS truena vs el Interapas."}]},{"@type":"WebSite","@id":"https:\/\/canal7slp.tv\/2022\/#website","url":"https:\/\/canal7slp.tv\/2022\/","name":"N7 - Noticieros Canal 7","description":"Somos Televisi\u00f3n","publisher":{"@id":"https:\/\/canal7slp.tv\/2022\/#organization"},"potentialAction":[{"@type":"SearchAction","target":{"@type":"EntryPoint","urlTemplate":"https:\/\/canal7slp.tv\/2022\/?s={search_term_string}"},"query-input":{"@type":"PropertyValueSpecification","valueRequired":true,"valueName":"search_term_string"}}],"inLanguage":"es"},{"@type":"Organization","@id":"https:\/\/canal7slp.tv\/2022\/#organization","name":"Noticieros Canal 7","url":"https:\/\/canal7slp.tv\/2022\/","logo":{"@type":"ImageObject","inLanguage":"es","@id":"https:\/\/canal7slp.tv\/2022\/#\/schema\/logo\/image\/","url":"https:\/\/canal7slp.tv\/2022\/wp-content\/uploads\/2021\/01\/logo-noticieros@2x.png","contentUrl":"https:\/\/canal7slp.tv\/2022\/wp-content\/uploads\/2021\/01\/logo-noticieros@2x.png","width":1017,"height":268,"caption":"Noticieros Canal 7"},"image":{"@id":"https:\/\/canal7slp.tv\/2022\/#\/schema\/logo\/image\/"},"sameAs":["https:\/\/www.facebook.com\/noticieroscanalsiete","https:\/\/x.com\/NOTICIEROS7","https:\/\/www.instagram.com\/canal7_slp","https:\/\/www.youtube.com\/channel\/UCliiYs-gP3JfJeqdPrNdd5A"]},{"@type":"Person","@id":"https:\/\/canal7slp.tv\/2022\/#\/schema\/person\/429704152a21f5f856ce29aa69a238da","name":"Edici\u00f3n Web","image":{"@type":"ImageObject","inLanguage":"es","@id":"https:\/\/secure.gravatar.com\/avatar\/eee448fc3f7164808013b816ba91ac7e43bbe82a70bebac296f8bc6f0addaa1a?s=96&d=mm&r=g","url":"https:\/\/secure.gravatar.com\/avatar\/eee448fc3f7164808013b816ba91ac7e43bbe82a70bebac296f8bc6f0addaa1a?s=96&d=mm&r=g","contentUrl":"https:\/\/secure.gravatar.com\/avatar\/eee448fc3f7164808013b816ba91ac7e43bbe82a70bebac296f8bc6f0addaa1a?s=96&d=mm&r=g","caption":"Edici\u00f3n Web"},"url":"https:\/\/canal7slp.tv\/2022\/author\/edicionweb\/"}]}},"amp_enabled":true,"_links":{"self":[{"href":"https:\/\/canal7slp.tv\/2022\/wp-json\/wp\/v2\/posts\/62823","targetHints":{"allow":["GET"]}}],"collection":[{"href":"https:\/\/canal7slp.tv\/2022\/wp-json\/wp\/v2\/posts"}],"about":[{"href":"https:\/\/canal7slp.tv\/2022\/wp-json\/wp\/v2\/types\/post"}],"author":[{"embeddable":true,"href":"https:\/\/canal7slp.tv\/2022\/wp-json\/wp\/v2\/users\/2"}],"replies":[{"embeddable":true,"href":"https:\/\/canal7slp.tv\/2022\/wp-json\/wp\/v2\/comments?post=62823"}],"version-history":[{"count":5,"href":"https:\/\/canal7slp.tv\/2022\/wp-json\/wp\/v2\/posts\/62823\/revisions"}],"predecessor-version":[{"id":62862,"href":"https:\/\/canal7slp.tv\/2022\/wp-json\/wp\/v2\/posts\/62823\/revisions\/62862"}],"wp:featuredmedia":[{"embeddable":true,"href":"https:\/\/canal7slp.tv\/2022\/wp-json\/wp\/v2\/media\/62847"}],"wp:attachment":[{"href":"https:\/\/canal7slp.tv\/2022\/wp-json\/wp\/v2\/media?parent=62823"}],"wp:term":[{"taxonomy":"category","embeddable":true,"href":"https:\/\/canal7slp.tv\/2022\/wp-json\/wp\/v2\/categories?post=62823"},{"taxonomy":"post_tag","embeddable":true,"href":"https:\/\/canal7slp.tv\/2022\/wp-json\/wp\/v2\/tags?post=62823"}],"curies":[{"name":"wp","href":"https:\/\/api.w.org\/{rel}","templated":true}]}}