{"id":62817,"date":"2022-06-07T17:04:06","date_gmt":"2022-06-07T23:04:06","guid":{"rendered":"https:\/\/canal7slp.tv\/2022\/?p=62817"},"modified":"2022-06-07T17:04:06","modified_gmt":"2022-06-07T23:04:06","slug":"reaparece-kamala-harris-para-presentar-plan-de-inversion-que-frene-la-migracion","status":"publish","type":"post","link":"https:\/\/canal7slp.tv\/2022\/reaparece-kamala-harris-para-presentar-plan-de-inversion-que-frene-la-migracion\/","title":{"rendered":"Reaparece Kamala Harris para presentar plan de inversi\u00f3n que frene la migraci\u00f3n."},"content":{"rendered":"<p style=\"text-align: justify;\">EUA.- Estados Unidos anunciar\u00e1 este martes nuevos compromisos de inversi\u00f3n privada por casi 2 mil millones de d\u00f3lares en Centroam\u00e9rica para frenar la migraci\u00f3n, tema que acapara la atenci\u00f3n en una Cumbre de las Am\u00e9ricas afectada por el boicot de varios presidentes, como el de M\u00e9xico.<\/p>\n<p style=\"text-align: justify;\">Este anuncio, que realizar\u00e1 la\u00a0vicepresidenta Kamala Harris, permitir\u00e1 desviar la atenci\u00f3n de las ausencias de los mandatarios de\u00a0M\u00e9xico,\u00a0Honduras,\u00a0Guatemala\u00a0y\u00a0Bolivia, sobre todo en protesta contra la exclusi\u00f3n de los gobiernos de\u00a0Nicaragua,\u00a0Venezuela\u00a0y\u00a0Cuba, a los que Washington considera dictaduras.<\/p>\n<p style=\"text-align: justify;\">Tampoco asistir\u00e1 el de Uruguay, pero en su caso debido a que dio positivo por covid-19.<\/p>\n<p style=\"text-align: justify;\">Ser\u00e1n mil 900 millones para\u00a0Honduras, Guatemala y El Salvador\u00a0en concepto de \u00abnuevas inversiones de unas diez compa\u00f1\u00edas\u00bb, entre las que se encuentran el gigante textil GAP y el de telecomunicaciones Millicom, inform\u00f3 este martes un alto cargo gubernamental que pidi\u00f3 el anonimato.<\/p>\n<p style=\"text-align: justify;\">Con este nuevo monto, las promesas de inversi\u00f3n totalizan 3 mil 200 millones de d\u00f3lares de capital privado para el denominado Tri\u00e1ngulo Norte de Centroam\u00e9rica.<\/p>\n<p style=\"text-align: justify;\">De estos pa\u00edses proceden la mayor\u00eda de los aproximadamente 7 mil 500 migrantes irregulares que cruzan cada d\u00eda la frontera entre Estados Unidos y M\u00e9xico para huir de la miseria, el miedo, la corrupci\u00f3n y la violencia.<\/p>\n<p style=\"text-align: justify;\">Un flujo migratorio que pasa factura pol\u00edtica al gobierno de Biden y podr\u00eda hacerle perder el control del Congreso en las elecciones de medio mandato de noviembre.<\/p>\n<p style=\"text-align: justify;\">En la cumbre de Los \u00c1ngeles, que concluir\u00e1 el viernes, se adoptar\u00e1n cinco documentos sobre \u00e1reas clave: la gobernanza democr\u00e1tica, la salud y la resiliencia, el cambio clim\u00e1tico y la sostenibilidad ambiental, la transici\u00f3n a la energ\u00eda limpia y la transformaci\u00f3n digital.<\/p>\n<p style=\"text-align: justify;\">La migraci\u00f3n queda fuera pero el gobierno de Biden espera firmar una declaraci\u00f3n migratoria para la que cuenta con M\u00e9xico, pese al boicot del presidente Andr\u00e9s Manuel L\u00f3pez Obrador, que enviar\u00e1 al canciller.<\/p>\n<p style=\"text-align: justify;\">Estamos muy seguros de que los pa\u00edses que firmar\u00e1n la declaraci\u00f3n sobre migraci\u00f3n estar\u00e1n comprometidos con sus objetivos y eso incluye, solo para aclarar, a M\u00e9xico\u00bb, afirm\u00f3 el lunes un funcionario gubernamental en teleconferencia.<\/p>\n<p style=\"text-align: justify;\">Este martes Kamala Harris tambi\u00e9n tiene previsto anunciar una iniciativa de empoderamiento de la mujer, mientras que el Departamento de Estado dar\u00e1 a conocer la agenda digital para ampliar el acceso a la tecnolog\u00eda y una iniciativa que promueve los medios de comunicaci\u00f3n independientes, seg\u00fan el funcionario.<\/p>\n<p style=\"text-align: justify;\">El mi\u00e9rcoles Biden dar\u00e1 comienzo con un discurso a los d\u00edas m\u00e1s intensos de la cumbre, hasta ahora centrada en la sociedad civil.<\/p>\n<p style=\"text-align: justify;\">Biden anunciar\u00e1 una alianza con Am\u00e9rica Latina para la prosperidad econ\u00f3mica, en plena recuperaci\u00f3n pospandemia, para revitalizar las instituciones econ\u00f3micas regionales y movilizar inversiones, inform\u00f3 el funcionario.<\/p>\n<p style=\"text-align: justify;\">Propondr\u00e1 asimismo una \u00abreforma ambiciosa\u00bb del Banco Interamericano de Desarrollo (BID) \u00abpara abordar mejor el desaf\u00edo de desarrollo de la regi\u00f3n porque el sector privado tiene un papel central\u00bb, explic\u00f3.<\/p>\n<p style=\"text-align: justify;\">Estados Unidos intentar\u00e1 obtener una participaci\u00f3n de capital en el BID para invertir en la rama de pr\u00e9stamos del sector privado y \u00abdirigirlos hacia donde tengan el mayor impacto\u00bb.<\/p>\n<p style=\"text-align: justify;\">El mandatario estadunidense tambi\u00e9n anunciar\u00e1 m\u00e1s de 300 millones de d\u00f3lares en asistencia para la regi\u00f3n en caso de inseguridad alimentaria, con la guerra en Ucrania como tel\u00f3n de fondo.<\/p>\n<p style=\"text-align: justify;\">El conflicto b\u00e9lico desatado por la invasi\u00f3n lanzada por el presidente ruso,\u00a0Vladimir Putin, ha disparado los precios de algunos de los productos de la canasta familiar.<\/p>\n<p style=\"text-align: justify;\">Adem\u00e1s de la cumbre, el programa incluye un foro sobre sociedad civil, otro de j\u00f3venes de las Am\u00e9ricas y la Cumbre Empresarial de las Am\u00e9ricas, que echa a andar este martes.<\/p>\n<p style=\"text-align: justify;\">Por: Luis de Regil<\/p>\n","protected":false},"excerpt":{"rendered":"<p>EUA.- Estados Unidos anunciar\u00e1 este martes nuevos compromisos de inversi\u00f3n privada por casi 2 mil millones de d\u00f3lares en Centroam\u00e9rica para frenar la migraci\u00f3n, tema que acapara la atenci\u00f3n en una Cumbre de las Am\u00e9ricas afectada por el boicot de varios presidentes, como el de M\u00e9xico. Este anuncio, que realizar\u00e1 la\u00a0vicepresidenta Kamala Harris, permitir\u00e1 desviar la atenci\u00f3n de las ausencias de los mandatarios de\u00a0M\u00e9xico,\u00a0Honduras,\u00a0Guatemala\u00a0y\u00a0Bolivia, sobre todo en protesta contra la exclusi\u00f3n de los gobiernos de\u00a0Nicaragua,\u00a0Venezuela\u00a0y\u00a0Cuba, a los que Washington considera dictaduras. Tampoco asistir\u00e1 el de Uruguay, pero en su caso debido a que dio positivo por covid-19. Ser\u00e1n mil 900 [&hellip;]<\/p>\n","protected":false},"author":2,"featured_media":62867,"comment_status":"closed","ping_status":"closed","sticky":false,"template":"","format":"video","meta":{"footnotes":""},"categories":[5,45],"tags":[],"class_list":["post-62817","post","type-post","status-publish","format-video","has-post-thumbnail","hentry","category-destacadas","category-localesyregionales","post_format-post-format-video","post--single"],"yoast_head":"<!-- This site is optimized with the Yoast SEO plugin v27.4 - https:\/\/yoast.com\/product\/yoast-seo-wordpress\/ -->\n<title>Reaparece Kamala Harris para presentar plan de inversi\u00f3n que frene la migraci\u00f3n. - Canal 7 SLP - 2022<\/title>\n<meta name=\"robots\" content=\"index, follow, max-snippet:-1, max-image-preview:large, max-video-preview:-1\" \/>\n<link rel=\"canonical\" href=\"https:\/\/canal7slp.tv\/2022\/reaparece-kamala-harris-para-presentar-plan-de-inversion-que-frene-la-migracion\/\" \/>\n<meta property=\"og:locale\" content=\"es_ES\" \/>\n<meta property=\"og:type\" content=\"article\" \/>\n<meta property=\"og:title\" content=\"Reaparece Kamala Harris para presentar plan de inversi\u00f3n que frene la migraci\u00f3n. - Canal 7 SLP - 2022\" \/>\n<meta property=\"og:description\" content=\"EUA.- Estados Unidos anunciar\u00e1 este martes nuevos compromisos de inversi\u00f3n privada por casi 2 mil millones de d\u00f3lares en Centroam\u00e9rica para frenar la migraci\u00f3n, tema que acapara la atenci\u00f3n en una Cumbre de las Am\u00e9ricas afectada por el boicot de varios presidentes, como el de M\u00e9xico. Este anuncio, que realizar\u00e1 la\u00a0vicepresidenta Kamala Harris, permitir\u00e1 desviar la atenci\u00f3n de las ausencias de los mandatarios de\u00a0M\u00e9xico,\u00a0Honduras,\u00a0Guatemala\u00a0y\u00a0Bolivia, sobre todo en protesta contra la exclusi\u00f3n de los gobiernos de\u00a0Nicaragua,\u00a0Venezuela\u00a0y\u00a0Cuba, a los que Washington considera dictaduras. Tampoco asistir\u00e1 el de Uruguay, pero en su caso debido a que dio positivo por covid-19. Ser\u00e1n mil 900 [&hellip;]\" \/>\n<meta property=\"og:url\" content=\"https:\/\/canal7slp.tv\/2022\/reaparece-kamala-harris-para-presentar-plan-de-inversion-que-frene-la-migracion\/\" \/>\n<meta property=\"og:site_name\" content=\"Canal 7 SLP - 2022\" \/>\n<meta property=\"article:publisher\" content=\"https:\/\/www.facebook.com\/noticieroscanalsiete\" \/>\n<meta property=\"article:published_time\" content=\"2022-06-07T23:04:06+00:00\" \/>\n<meta property=\"og:image\" content=\"https:\/\/canal7slp.tv\/2022\/wp-content\/uploads\/2022\/06\/Luis02Trianguilo.jpg\" \/>\n\t<meta property=\"og:image:width\" content=\"888\" \/>\n\t<meta property=\"og:image:height\" content=\"500\" \/>\n\t<meta property=\"og:image:type\" content=\"image\/jpeg\" \/>\n<meta name=\"author\" content=\"Edici\u00f3n Web\" \/>\n<meta name=\"twitter:card\" content=\"summary_large_image\" \/>\n<meta name=\"twitter:creator\" content=\"@NOTICIEROS7\" \/>\n<meta name=\"twitter:site\" content=\"@NOTICIEROS7\" \/>\n<meta name=\"twitter:label1\" content=\"Escrito por\" \/>\n\t<meta name=\"twitter:data1\" content=\"Edici\u00f3n Web\" \/>\n\t<meta name=\"twitter:label2\" content=\"Tiempo de lectura\" \/>\n\t<meta name=\"twitter:data2\" content=\"3 minutos\" \/>\n<script type=\"application\/ld+json\" class=\"yoast-schema-graph\">{\"@context\":\"https:\\\/\\\/schema.org\",\"@graph\":[{\"@type\":\"Article\",\"@id\":\"https:\\\/\\\/canal7slp.tv\\\/2022\\\/reaparece-kamala-harris-para-presentar-plan-de-inversion-que-frene-la-migracion\\\/#article\",\"isPartOf\":{\"@id\":\"https:\\\/\\\/canal7slp.tv\\\/2022\\\/reaparece-kamala-harris-para-presentar-plan-de-inversion-que-frene-la-migracion\\\/\"},\"author\":{\"name\":\"Edici\u00f3n Web\",\"@id\":\"https:\\\/\\\/canal7slp.tv\\\/2022\\\/#\\\/schema\\\/person\\\/429704152a21f5f856ce29aa69a238da\"},\"headline\":\"Reaparece Kamala Harris para presentar plan de inversi\u00f3n que frene la migraci\u00f3n.\",\"datePublished\":\"2022-06-07T23:04:06+00:00\",\"mainEntityOfPage\":{\"@id\":\"https:\\\/\\\/canal7slp.tv\\\/2022\\\/reaparece-kamala-harris-para-presentar-plan-de-inversion-que-frene-la-migracion\\\/\"},\"wordCount\":671,\"publisher\":{\"@id\":\"https:\\\/\\\/canal7slp.tv\\\/2022\\\/#organization\"},\"image\":{\"@id\":\"https:\\\/\\\/canal7slp.tv\\\/2022\\\/reaparece-kamala-harris-para-presentar-plan-de-inversion-que-frene-la-migracion\\\/#primaryimage\"},\"thumbnailUrl\":\"https:\\\/\\\/canal7slp.tv\\\/2022\\\/wp-content\\\/uploads\\\/2022\\\/06\\\/Luis02Trianguilo.jpg\",\"articleSection\":[\"DESTACADAS\",\"LOCALES Y REGIONALES\"],\"inLanguage\":\"es\"},{\"@type\":\"WebPage\",\"@id\":\"https:\\\/\\\/canal7slp.tv\\\/2022\\\/reaparece-kamala-harris-para-presentar-plan-de-inversion-que-frene-la-migracion\\\/\",\"url\":\"https:\\\/\\\/canal7slp.tv\\\/2022\\\/reaparece-kamala-harris-para-presentar-plan-de-inversion-que-frene-la-migracion\\\/\",\"name\":\"Reaparece Kamala Harris para presentar plan de inversi\u00f3n que frene la migraci\u00f3n. - Canal 7 SLP - 2022\",\"isPartOf\":{\"@id\":\"https:\\\/\\\/canal7slp.tv\\\/2022\\\/#website\"},\"primaryImageOfPage\":{\"@id\":\"https:\\\/\\\/canal7slp.tv\\\/2022\\\/reaparece-kamala-harris-para-presentar-plan-de-inversion-que-frene-la-migracion\\\/#primaryimage\"},\"image\":{\"@id\":\"https:\\\/\\\/canal7slp.tv\\\/2022\\\/reaparece-kamala-harris-para-presentar-plan-de-inversion-que-frene-la-migracion\\\/#primaryimage\"},\"thumbnailUrl\":\"https:\\\/\\\/canal7slp.tv\\\/2022\\\/wp-content\\\/uploads\\\/2022\\\/06\\\/Luis02Trianguilo.jpg\",\"datePublished\":\"2022-06-07T23:04:06+00:00\",\"breadcrumb\":{\"@id\":\"https:\\\/\\\/canal7slp.tv\\\/2022\\\/reaparece-kamala-harris-para-presentar-plan-de-inversion-que-frene-la-migracion\\\/#breadcrumb\"},\"inLanguage\":\"es\",\"potentialAction\":[{\"@type\":\"ReadAction\",\"target\":[\"https:\\\/\\\/canal7slp.tv\\\/2022\\\/reaparece-kamala-harris-para-presentar-plan-de-inversion-que-frene-la-migracion\\\/\"]}]},{\"@type\":\"ImageObject\",\"inLanguage\":\"es\",\"@id\":\"https:\\\/\\\/canal7slp.tv\\\/2022\\\/reaparece-kamala-harris-para-presentar-plan-de-inversion-que-frene-la-migracion\\\/#primaryimage\",\"url\":\"https:\\\/\\\/canal7slp.tv\\\/2022\\\/wp-content\\\/uploads\\\/2022\\\/06\\\/Luis02Trianguilo.jpg\",\"contentUrl\":\"https:\\\/\\\/canal7slp.tv\\\/2022\\\/wp-content\\\/uploads\\\/2022\\\/06\\\/Luis02Trianguilo.jpg\",\"width\":888,\"height\":500},{\"@type\":\"BreadcrumbList\",\"@id\":\"https:\\\/\\\/canal7slp.tv\\\/2022\\\/reaparece-kamala-harris-para-presentar-plan-de-inversion-que-frene-la-migracion\\\/#breadcrumb\",\"itemListElement\":[{\"@type\":\"ListItem\",\"position\":1,\"name\":\"Portada\",\"item\":\"https:\\\/\\\/canal7slp.tv\\\/2022\\\/\"},{\"@type\":\"ListItem\",\"position\":2,\"name\":\"Reaparece Kamala Harris para presentar plan de inversi\u00f3n que frene la migraci\u00f3n.\"}]},{\"@type\":\"WebSite\",\"@id\":\"https:\\\/\\\/canal7slp.tv\\\/2022\\\/#website\",\"url\":\"https:\\\/\\\/canal7slp.tv\\\/2022\\\/\",\"name\":\"N7 - Noticieros Canal 7\",\"description\":\"Somos Televisi\u00f3n\",\"publisher\":{\"@id\":\"https:\\\/\\\/canal7slp.tv\\\/2022\\\/#organization\"},\"potentialAction\":[{\"@type\":\"SearchAction\",\"target\":{\"@type\":\"EntryPoint\",\"urlTemplate\":\"https:\\\/\\\/canal7slp.tv\\\/2022\\\/?s={search_term_string}\"},\"query-input\":{\"@type\":\"PropertyValueSpecification\",\"valueRequired\":true,\"valueName\":\"search_term_string\"}}],\"inLanguage\":\"es\"},{\"@type\":\"Organization\",\"@id\":\"https:\\\/\\\/canal7slp.tv\\\/2022\\\/#organization\",\"name\":\"Noticieros Canal 7\",\"url\":\"https:\\\/\\\/canal7slp.tv\\\/2022\\\/\",\"logo\":{\"@type\":\"ImageObject\",\"inLanguage\":\"es\",\"@id\":\"https:\\\/\\\/canal7slp.tv\\\/2022\\\/#\\\/schema\\\/logo\\\/image\\\/\",\"url\":\"https:\\\/\\\/canal7slp.tv\\\/2022\\\/wp-content\\\/uploads\\\/2021\\\/01\\\/logo-noticieros@2x.png\",\"contentUrl\":\"https:\\\/\\\/canal7slp.tv\\\/2022\\\/wp-content\\\/uploads\\\/2021\\\/01\\\/logo-noticieros@2x.png\",\"width\":1017,\"height\":268,\"caption\":\"Noticieros Canal 7\"},\"image\":{\"@id\":\"https:\\\/\\\/canal7slp.tv\\\/2022\\\/#\\\/schema\\\/logo\\\/image\\\/\"},\"sameAs\":[\"https:\\\/\\\/www.facebook.com\\\/noticieroscanalsiete\",\"https:\\\/\\\/x.com\\\/NOTICIEROS7\",\"https:\\\/\\\/www.instagram.com\\\/canal7_slp\",\"https:\\\/\\\/www.youtube.com\\\/channel\\\/UCliiYs-gP3JfJeqdPrNdd5A\"]},{\"@type\":\"Person\",\"@id\":\"https:\\\/\\\/canal7slp.tv\\\/2022\\\/#\\\/schema\\\/person\\\/429704152a21f5f856ce29aa69a238da\",\"name\":\"Edici\u00f3n Web\",\"image\":{\"@type\":\"ImageObject\",\"inLanguage\":\"es\",\"@id\":\"https:\\\/\\\/secure.gravatar.com\\\/avatar\\\/eee448fc3f7164808013b816ba91ac7e43bbe82a70bebac296f8bc6f0addaa1a?s=96&d=mm&r=g\",\"url\":\"https:\\\/\\\/secure.gravatar.com\\\/avatar\\\/eee448fc3f7164808013b816ba91ac7e43bbe82a70bebac296f8bc6f0addaa1a?s=96&d=mm&r=g\",\"contentUrl\":\"https:\\\/\\\/secure.gravatar.com\\\/avatar\\\/eee448fc3f7164808013b816ba91ac7e43bbe82a70bebac296f8bc6f0addaa1a?s=96&d=mm&r=g\",\"caption\":\"Edici\u00f3n Web\"},\"url\":\"https:\\\/\\\/canal7slp.tv\\\/2022\\\/author\\\/edicionweb\\\/\"}]}<\/script>\n<!-- \/ Yoast SEO plugin. -->","yoast_head_json":{"title":"Reaparece Kamala Harris para presentar plan de inversi\u00f3n que frene la migraci\u00f3n. - Canal 7 SLP - 2022","robots":{"index":"index","follow":"follow","max-snippet":"max-snippet:-1","max-image-preview":"max-image-preview:large","max-video-preview":"max-video-preview:-1"},"canonical":"https:\/\/canal7slp.tv\/2022\/reaparece-kamala-harris-para-presentar-plan-de-inversion-que-frene-la-migracion\/","og_locale":"es_ES","og_type":"article","og_title":"Reaparece Kamala Harris para presentar plan de inversi\u00f3n que frene la migraci\u00f3n. - Canal 7 SLP - 2022","og_description":"EUA.- Estados Unidos anunciar\u00e1 este martes nuevos compromisos de inversi\u00f3n privada por casi 2 mil millones de d\u00f3lares en Centroam\u00e9rica para frenar la migraci\u00f3n, tema que acapara la atenci\u00f3n en una Cumbre de las Am\u00e9ricas afectada por el boicot de varios presidentes, como el de M\u00e9xico. Este anuncio, que realizar\u00e1 la\u00a0vicepresidenta Kamala Harris, permitir\u00e1 desviar la atenci\u00f3n de las ausencias de los mandatarios de\u00a0M\u00e9xico,\u00a0Honduras,\u00a0Guatemala\u00a0y\u00a0Bolivia, sobre todo en protesta contra la exclusi\u00f3n de los gobiernos de\u00a0Nicaragua,\u00a0Venezuela\u00a0y\u00a0Cuba, a los que Washington considera dictaduras. Tampoco asistir\u00e1 el de Uruguay, pero en su caso debido a que dio positivo por covid-19. Ser\u00e1n mil 900 [&hellip;]","og_url":"https:\/\/canal7slp.tv\/2022\/reaparece-kamala-harris-para-presentar-plan-de-inversion-que-frene-la-migracion\/","og_site_name":"Canal 7 SLP - 2022","article_publisher":"https:\/\/www.facebook.com\/noticieroscanalsiete","article_published_time":"2022-06-07T23:04:06+00:00","og_image":[{"width":888,"height":500,"url":"https:\/\/canal7slp.tv\/2022\/wp-content\/uploads\/2022\/06\/Luis02Trianguilo.jpg","type":"image\/jpeg"}],"author":"Edici\u00f3n Web","twitter_card":"summary_large_image","twitter_creator":"@NOTICIEROS7","twitter_site":"@NOTICIEROS7","twitter_misc":{"Escrito por":"Edici\u00f3n Web","Tiempo de lectura":"3 minutos"},"schema":{"@context":"https:\/\/schema.org","@graph":[{"@type":"Article","@id":"https:\/\/canal7slp.tv\/2022\/reaparece-kamala-harris-para-presentar-plan-de-inversion-que-frene-la-migracion\/#article","isPartOf":{"@id":"https:\/\/canal7slp.tv\/2022\/reaparece-kamala-harris-para-presentar-plan-de-inversion-que-frene-la-migracion\/"},"author":{"name":"Edici\u00f3n Web","@id":"https:\/\/canal7slp.tv\/2022\/#\/schema\/person\/429704152a21f5f856ce29aa69a238da"},"headline":"Reaparece Kamala Harris para presentar plan de inversi\u00f3n que frene la migraci\u00f3n.","datePublished":"2022-06-07T23:04:06+00:00","mainEntityOfPage":{"@id":"https:\/\/canal7slp.tv\/2022\/reaparece-kamala-harris-para-presentar-plan-de-inversion-que-frene-la-migracion\/"},"wordCount":671,"publisher":{"@id":"https:\/\/canal7slp.tv\/2022\/#organization"},"image":{"@id":"https:\/\/canal7slp.tv\/2022\/reaparece-kamala-harris-para-presentar-plan-de-inversion-que-frene-la-migracion\/#primaryimage"},"thumbnailUrl":"https:\/\/canal7slp.tv\/2022\/wp-content\/uploads\/2022\/06\/Luis02Trianguilo.jpg","articleSection":["DESTACADAS","LOCALES Y REGIONALES"],"inLanguage":"es"},{"@type":"WebPage","@id":"https:\/\/canal7slp.tv\/2022\/reaparece-kamala-harris-para-presentar-plan-de-inversion-que-frene-la-migracion\/","url":"https:\/\/canal7slp.tv\/2022\/reaparece-kamala-harris-para-presentar-plan-de-inversion-que-frene-la-migracion\/","name":"Reaparece Kamala Harris para presentar plan de inversi\u00f3n que frene la migraci\u00f3n. - Canal 7 SLP - 2022","isPartOf":{"@id":"https:\/\/canal7slp.tv\/2022\/#website"},"primaryImageOfPage":{"@id":"https:\/\/canal7slp.tv\/2022\/reaparece-kamala-harris-para-presentar-plan-de-inversion-que-frene-la-migracion\/#primaryimage"},"image":{"@id":"https:\/\/canal7slp.tv\/2022\/reaparece-kamala-harris-para-presentar-plan-de-inversion-que-frene-la-migracion\/#primaryimage"},"thumbnailUrl":"https:\/\/canal7slp.tv\/2022\/wp-content\/uploads\/2022\/06\/Luis02Trianguilo.jpg","datePublished":"2022-06-07T23:04:06+00:00","breadcrumb":{"@id":"https:\/\/canal7slp.tv\/2022\/reaparece-kamala-harris-para-presentar-plan-de-inversion-que-frene-la-migracion\/#breadcrumb"},"inLanguage":"es","potentialAction":[{"@type":"ReadAction","target":["https:\/\/canal7slp.tv\/2022\/reaparece-kamala-harris-para-presentar-plan-de-inversion-que-frene-la-migracion\/"]}]},{"@type":"ImageObject","inLanguage":"es","@id":"https:\/\/canal7slp.tv\/2022\/reaparece-kamala-harris-para-presentar-plan-de-inversion-que-frene-la-migracion\/#primaryimage","url":"https:\/\/canal7slp.tv\/2022\/wp-content\/uploads\/2022\/06\/Luis02Trianguilo.jpg","contentUrl":"https:\/\/canal7slp.tv\/2022\/wp-content\/uploads\/2022\/06\/Luis02Trianguilo.jpg","width":888,"height":500},{"@type":"BreadcrumbList","@id":"https:\/\/canal7slp.tv\/2022\/reaparece-kamala-harris-para-presentar-plan-de-inversion-que-frene-la-migracion\/#breadcrumb","itemListElement":[{"@type":"ListItem","position":1,"name":"Portada","item":"https:\/\/canal7slp.tv\/2022\/"},{"@type":"ListItem","position":2,"name":"Reaparece Kamala Harris para presentar plan de inversi\u00f3n que frene la migraci\u00f3n."}]},{"@type":"WebSite","@id":"https:\/\/canal7slp.tv\/2022\/#website","url":"https:\/\/canal7slp.tv\/2022\/","name":"N7 - Noticieros Canal 7","description":"Somos Televisi\u00f3n","publisher":{"@id":"https:\/\/canal7slp.tv\/2022\/#organization"},"potentialAction":[{"@type":"SearchAction","target":{"@type":"EntryPoint","urlTemplate":"https:\/\/canal7slp.tv\/2022\/?s={search_term_string}"},"query-input":{"@type":"PropertyValueSpecification","valueRequired":true,"valueName":"search_term_string"}}],"inLanguage":"es"},{"@type":"Organization","@id":"https:\/\/canal7slp.tv\/2022\/#organization","name":"Noticieros Canal 7","url":"https:\/\/canal7slp.tv\/2022\/","logo":{"@type":"ImageObject","inLanguage":"es","@id":"https:\/\/canal7slp.tv\/2022\/#\/schema\/logo\/image\/","url":"https:\/\/canal7slp.tv\/2022\/wp-content\/uploads\/2021\/01\/logo-noticieros@2x.png","contentUrl":"https:\/\/canal7slp.tv\/2022\/wp-content\/uploads\/2021\/01\/logo-noticieros@2x.png","width":1017,"height":268,"caption":"Noticieros Canal 7"},"image":{"@id":"https:\/\/canal7slp.tv\/2022\/#\/schema\/logo\/image\/"},"sameAs":["https:\/\/www.facebook.com\/noticieroscanalsiete","https:\/\/x.com\/NOTICIEROS7","https:\/\/www.instagram.com\/canal7_slp","https:\/\/www.youtube.com\/channel\/UCliiYs-gP3JfJeqdPrNdd5A"]},{"@type":"Person","@id":"https:\/\/canal7slp.tv\/2022\/#\/schema\/person\/429704152a21f5f856ce29aa69a238da","name":"Edici\u00f3n Web","image":{"@type":"ImageObject","inLanguage":"es","@id":"https:\/\/secure.gravatar.com\/avatar\/eee448fc3f7164808013b816ba91ac7e43bbe82a70bebac296f8bc6f0addaa1a?s=96&d=mm&r=g","url":"https:\/\/secure.gravatar.com\/avatar\/eee448fc3f7164808013b816ba91ac7e43bbe82a70bebac296f8bc6f0addaa1a?s=96&d=mm&r=g","contentUrl":"https:\/\/secure.gravatar.com\/avatar\/eee448fc3f7164808013b816ba91ac7e43bbe82a70bebac296f8bc6f0addaa1a?s=96&d=mm&r=g","caption":"Edici\u00f3n Web"},"url":"https:\/\/canal7slp.tv\/2022\/author\/edicionweb\/"}]}},"amp_enabled":true,"_links":{"self":[{"href":"https:\/\/canal7slp.tv\/2022\/wp-json\/wp\/v2\/posts\/62817","targetHints":{"allow":["GET"]}}],"collection":[{"href":"https:\/\/canal7slp.tv\/2022\/wp-json\/wp\/v2\/posts"}],"about":[{"href":"https:\/\/canal7slp.tv\/2022\/wp-json\/wp\/v2\/types\/post"}],"author":[{"embeddable":true,"href":"https:\/\/canal7slp.tv\/2022\/wp-json\/wp\/v2\/users\/2"}],"replies":[{"embeddable":true,"href":"https:\/\/canal7slp.tv\/2022\/wp-json\/wp\/v2\/comments?post=62817"}],"version-history":[{"count":2,"href":"https:\/\/canal7slp.tv\/2022\/wp-json\/wp\/v2\/posts\/62817\/revisions"}],"predecessor-version":[{"id":62868,"href":"https:\/\/canal7slp.tv\/2022\/wp-json\/wp\/v2\/posts\/62817\/revisions\/62868"}],"wp:featuredmedia":[{"embeddable":true,"href":"https:\/\/canal7slp.tv\/2022\/wp-json\/wp\/v2\/media\/62867"}],"wp:attachment":[{"href":"https:\/\/canal7slp.tv\/2022\/wp-json\/wp\/v2\/media?parent=62817"}],"wp:term":[{"taxonomy":"category","embeddable":true,"href":"https:\/\/canal7slp.tv\/2022\/wp-json\/wp\/v2\/categories?post=62817"},{"taxonomy":"post_tag","embeddable":true,"href":"https:\/\/canal7slp.tv\/2022\/wp-json\/wp\/v2\/tags?post=62817"}],"curies":[{"name":"wp","href":"https:\/\/api.w.org\/{rel}","templated":true}]}}