{"id":62806,"date":"2022-06-07T15:26:59","date_gmt":"2022-06-07T21:26:59","guid":{"rendered":"https:\/\/canal7slp.tv\/2022\/?p=62806"},"modified":"2022-06-07T15:26:59","modified_gmt":"2022-06-07T21:26:59","slug":"omision-en-la-organizacion-de-la-consulta-indigena-denuncian-integrantes-de-la-comunidad-triqui","status":"publish","type":"post","link":"https:\/\/canal7slp.tv\/2022\/omision-en-la-organizacion-de-la-consulta-indigena-denuncian-integrantes-de-la-comunidad-triqui\/","title":{"rendered":"Omisi\u00f3n en la organizaci\u00f3n de la consulta ind\u00edgena denuncian integrantes de la comunidad Triqui."},"content":{"rendered":"<p style=\"text-align: justify;\">SLP.- En rueda de prensa, integrantes de la comunidad triqui de Oaxaca pero con asentamientos en San Luis Potos\u00ed, denunciaron no ser tomados en cuenta para ser parte del Grupo T\u00e9cnico Operativo para la consulta ind\u00edgena, pese a contar con un n\u00famero de registro por parte del Gobierno Estatal.<\/p>\n<p style=\"text-align: justify;\">As\u00ed lo dijo la representante de la comunidad, Palmira Flores, quien adem\u00e1s denunci\u00f3 que un Frente Civil que encabeza Narciso Mendoza y Zen\u00f3n Fern\u00e1ndez, si fue requerido para ello sin contar con los documentos que los avala como representantes triqui.<\/p>\n<p style=\"text-align: justify;\">\u00abLa comunidad triqui sabe c\u00f3mo se organiza, la comunidad triqui sabe por qu\u00e9 va a estar tal persona al frente, la comunidad triqui sabe por qu\u00e9 participamos o no en un proceso, a los compa\u00f1eros qu\u00e9 les importa si participamos de una u otra manera, es por eso que hacemos un llamado al respeto, a la autonom\u00eda como comunidad triqui, no solamente a los compa\u00f1eros sino tambi\u00e9n al gobierno del estado\u00bb, expuso.<\/p>\n<p style=\"text-align: justify;\">La entrevistada tambi\u00e9n se\u00f1al\u00f3 que ella y otros miembros de la comunidad ha sido objeto de ataques y difamaciones por estas mismas personas, por lo que tuvo que acudir a la Fiscal\u00eda General de San Luis Potos\u00ed quien ya les otorg\u00f3 medidas de protecci\u00f3n.<\/p>\n<p style=\"text-align: justify;\">\u00abYo como representante ind\u00edgena es recibido ataques de otros representantes ind\u00edgenas que en su desesperaci\u00f3n por ser reconocidos est\u00e1n haciendo difamaciones y calumnias, creo que eso es muy triste porque lo que estamos pidiendo hoy aqu\u00ed es que ellos no tendr\u00edan que estar opinando de acuerdos que no les corresponde\u00bb, a\u00f1adi\u00f3.<\/p>\n<p style=\"text-align: justify;\">Lament\u00f3 que esta situaci\u00f3n se est\u00e9 dando entre compa\u00f1eros ind\u00edgenas, un sector poblaci\u00f3n que actualmente lucha por sus derechos humanos como personas.<\/p>\n<p style=\"text-align: justify;\">\u00abEs muy triste que como comunidades tengamos que estar en un conflicto as\u00ed con otros compa\u00f1eros solo porque no tienen la madurez pol\u00edtica para asimilar porque la situaci\u00f3n est\u00e1 c\u00f3mo est\u00e1 en el municipio de San Luis Potos\u00ed, es muy lamentable porque nosotros como comunidad llevamos m\u00e1s de 30 a\u00f1os aqu\u00ed motivo por el cual tenemos un n\u00famero de Registro del gobierno del Estado porque ellos dicen que nos larguemos de aqu\u00ed\u00bb, termin\u00f3<\/p>\n<p style=\"text-align: justify;\">Por: Jos\u00e9 Luis V\u00e1zquez<\/p>\n","protected":false},"excerpt":{"rendered":"<p>SLP.- En rueda de prensa, integrantes de la comunidad triqui de Oaxaca pero con asentamientos en San Luis Potos\u00ed, denunciaron no ser tomados en cuenta para ser parte del Grupo T\u00e9cnico Operativo para la consulta ind\u00edgena, pese a contar con un n\u00famero de registro por parte del Gobierno Estatal. As\u00ed lo dijo la representante de la comunidad, Palmira Flores, quien adem\u00e1s denunci\u00f3 que un Frente Civil que encabeza Narciso Mendoza y Zen\u00f3n Fern\u00e1ndez, si fue requerido para ello sin contar con los documentos que los avala como representantes triqui. \u00abLa comunidad triqui sabe c\u00f3mo se organiza, la comunidad triqui sabe [&hellip;]<\/p>\n","protected":false},"author":2,"featured_media":62843,"comment_status":"closed","ping_status":"closed","sticky":false,"template":"","format":"video","meta":{"footnotes":""},"categories":[5,510,45],"tags":[],"class_list":["post-62806","post","type-post","status-publish","format-video","has-post-thumbnail","hentry","category-destacadas","category-gobedoslp","category-localesyregionales","post_format-post-format-video","post--single"],"yoast_head":"<!-- This site is optimized with the Yoast SEO plugin v27.4 - https:\/\/yoast.com\/product\/yoast-seo-wordpress\/ -->\n<title>Omisi\u00f3n en la organizaci\u00f3n de la consulta ind\u00edgena denuncian integrantes de la comunidad Triqui. - Canal 7 SLP - 2022<\/title>\n<meta name=\"robots\" content=\"index, follow, max-snippet:-1, max-image-preview:large, max-video-preview:-1\" \/>\n<link rel=\"canonical\" href=\"https:\/\/canal7slp.tv\/2022\/omision-en-la-organizacion-de-la-consulta-indigena-denuncian-integrantes-de-la-comunidad-triqui\/\" \/>\n<meta property=\"og:locale\" content=\"es_ES\" \/>\n<meta property=\"og:type\" content=\"article\" \/>\n<meta property=\"og:title\" content=\"Omisi\u00f3n en la organizaci\u00f3n de la consulta ind\u00edgena denuncian integrantes de la comunidad Triqui. - Canal 7 SLP - 2022\" \/>\n<meta property=\"og:description\" content=\"SLP.- En rueda de prensa, integrantes de la comunidad triqui de Oaxaca pero con asentamientos en San Luis Potos\u00ed, denunciaron no ser tomados en cuenta para ser parte del Grupo T\u00e9cnico Operativo para la consulta ind\u00edgena, pese a contar con un n\u00famero de registro por parte del Gobierno Estatal. As\u00ed lo dijo la representante de la comunidad, Palmira Flores, quien adem\u00e1s denunci\u00f3 que un Frente Civil que encabeza Narciso Mendoza y Zen\u00f3n Fern\u00e1ndez, si fue requerido para ello sin contar con los documentos que los avala como representantes triqui. \u00abLa comunidad triqui sabe c\u00f3mo se organiza, la comunidad triqui sabe [&hellip;]\" \/>\n<meta property=\"og:url\" content=\"https:\/\/canal7slp.tv\/2022\/omision-en-la-organizacion-de-la-consulta-indigena-denuncian-integrantes-de-la-comunidad-triqui\/\" \/>\n<meta property=\"og:site_name\" content=\"Canal 7 SLP - 2022\" \/>\n<meta property=\"article:publisher\" content=\"https:\/\/www.facebook.com\/noticieroscanalsiete\" \/>\n<meta property=\"article:published_time\" content=\"2022-06-07T21:26:59+00:00\" \/>\n<meta property=\"og:image\" content=\"https:\/\/canal7slp.tv\/2022\/wp-content\/uploads\/2022\/06\/Vazquez04Triquis.jpg\" \/>\n\t<meta property=\"og:image:width\" content=\"888\" \/>\n\t<meta property=\"og:image:height\" content=\"500\" \/>\n\t<meta property=\"og:image:type\" content=\"image\/jpeg\" \/>\n<meta name=\"author\" content=\"Edici\u00f3n Web\" \/>\n<meta name=\"twitter:card\" content=\"summary_large_image\" \/>\n<meta name=\"twitter:creator\" content=\"@NOTICIEROS7\" \/>\n<meta name=\"twitter:site\" content=\"@NOTICIEROS7\" \/>\n<meta name=\"twitter:label1\" content=\"Escrito por\" \/>\n\t<meta name=\"twitter:data1\" content=\"Edici\u00f3n Web\" \/>\n\t<meta name=\"twitter:label2\" content=\"Tiempo de lectura\" \/>\n\t<meta name=\"twitter:data2\" content=\"2 minutos\" \/>\n<script type=\"application\/ld+json\" class=\"yoast-schema-graph\">{\"@context\":\"https:\\\/\\\/schema.org\",\"@graph\":[{\"@type\":\"Article\",\"@id\":\"https:\\\/\\\/canal7slp.tv\\\/2022\\\/omision-en-la-organizacion-de-la-consulta-indigena-denuncian-integrantes-de-la-comunidad-triqui\\\/#article\",\"isPartOf\":{\"@id\":\"https:\\\/\\\/canal7slp.tv\\\/2022\\\/omision-en-la-organizacion-de-la-consulta-indigena-denuncian-integrantes-de-la-comunidad-triqui\\\/\"},\"author\":{\"name\":\"Edici\u00f3n Web\",\"@id\":\"https:\\\/\\\/canal7slp.tv\\\/2022\\\/#\\\/schema\\\/person\\\/429704152a21f5f856ce29aa69a238da\"},\"headline\":\"Omisi\u00f3n en la organizaci\u00f3n de la consulta ind\u00edgena denuncian integrantes de la comunidad Triqui.\",\"datePublished\":\"2022-06-07T21:26:59+00:00\",\"mainEntityOfPage\":{\"@id\":\"https:\\\/\\\/canal7slp.tv\\\/2022\\\/omision-en-la-organizacion-de-la-consulta-indigena-denuncian-integrantes-de-la-comunidad-triqui\\\/\"},\"wordCount\":405,\"publisher\":{\"@id\":\"https:\\\/\\\/canal7slp.tv\\\/2022\\\/#organization\"},\"image\":{\"@id\":\"https:\\\/\\\/canal7slp.tv\\\/2022\\\/omision-en-la-organizacion-de-la-consulta-indigena-denuncian-integrantes-de-la-comunidad-triqui\\\/#primaryimage\"},\"thumbnailUrl\":\"https:\\\/\\\/canal7slp.tv\\\/2022\\\/wp-content\\\/uploads\\\/2022\\\/06\\\/Vazquez04Triquis.jpg\",\"articleSection\":[\"DESTACADAS\",\"GOBEDOSLP\",\"LOCALES Y REGIONALES\"],\"inLanguage\":\"es\"},{\"@type\":\"WebPage\",\"@id\":\"https:\\\/\\\/canal7slp.tv\\\/2022\\\/omision-en-la-organizacion-de-la-consulta-indigena-denuncian-integrantes-de-la-comunidad-triqui\\\/\",\"url\":\"https:\\\/\\\/canal7slp.tv\\\/2022\\\/omision-en-la-organizacion-de-la-consulta-indigena-denuncian-integrantes-de-la-comunidad-triqui\\\/\",\"name\":\"Omisi\u00f3n en la organizaci\u00f3n de la consulta ind\u00edgena denuncian integrantes de la comunidad Triqui. - Canal 7 SLP - 2022\",\"isPartOf\":{\"@id\":\"https:\\\/\\\/canal7slp.tv\\\/2022\\\/#website\"},\"primaryImageOfPage\":{\"@id\":\"https:\\\/\\\/canal7slp.tv\\\/2022\\\/omision-en-la-organizacion-de-la-consulta-indigena-denuncian-integrantes-de-la-comunidad-triqui\\\/#primaryimage\"},\"image\":{\"@id\":\"https:\\\/\\\/canal7slp.tv\\\/2022\\\/omision-en-la-organizacion-de-la-consulta-indigena-denuncian-integrantes-de-la-comunidad-triqui\\\/#primaryimage\"},\"thumbnailUrl\":\"https:\\\/\\\/canal7slp.tv\\\/2022\\\/wp-content\\\/uploads\\\/2022\\\/06\\\/Vazquez04Triquis.jpg\",\"datePublished\":\"2022-06-07T21:26:59+00:00\",\"breadcrumb\":{\"@id\":\"https:\\\/\\\/canal7slp.tv\\\/2022\\\/omision-en-la-organizacion-de-la-consulta-indigena-denuncian-integrantes-de-la-comunidad-triqui\\\/#breadcrumb\"},\"inLanguage\":\"es\",\"potentialAction\":[{\"@type\":\"ReadAction\",\"target\":[\"https:\\\/\\\/canal7slp.tv\\\/2022\\\/omision-en-la-organizacion-de-la-consulta-indigena-denuncian-integrantes-de-la-comunidad-triqui\\\/\"]}]},{\"@type\":\"ImageObject\",\"inLanguage\":\"es\",\"@id\":\"https:\\\/\\\/canal7slp.tv\\\/2022\\\/omision-en-la-organizacion-de-la-consulta-indigena-denuncian-integrantes-de-la-comunidad-triqui\\\/#primaryimage\",\"url\":\"https:\\\/\\\/canal7slp.tv\\\/2022\\\/wp-content\\\/uploads\\\/2022\\\/06\\\/Vazquez04Triquis.jpg\",\"contentUrl\":\"https:\\\/\\\/canal7slp.tv\\\/2022\\\/wp-content\\\/uploads\\\/2022\\\/06\\\/Vazquez04Triquis.jpg\",\"width\":888,\"height\":500},{\"@type\":\"BreadcrumbList\",\"@id\":\"https:\\\/\\\/canal7slp.tv\\\/2022\\\/omision-en-la-organizacion-de-la-consulta-indigena-denuncian-integrantes-de-la-comunidad-triqui\\\/#breadcrumb\",\"itemListElement\":[{\"@type\":\"ListItem\",\"position\":1,\"name\":\"Portada\",\"item\":\"https:\\\/\\\/canal7slp.tv\\\/2022\\\/\"},{\"@type\":\"ListItem\",\"position\":2,\"name\":\"Omisi\u00f3n en la organizaci\u00f3n de la consulta ind\u00edgena denuncian integrantes de la comunidad Triqui.\"}]},{\"@type\":\"WebSite\",\"@id\":\"https:\\\/\\\/canal7slp.tv\\\/2022\\\/#website\",\"url\":\"https:\\\/\\\/canal7slp.tv\\\/2022\\\/\",\"name\":\"N7 - Noticieros Canal 7\",\"description\":\"Somos Televisi\u00f3n\",\"publisher\":{\"@id\":\"https:\\\/\\\/canal7slp.tv\\\/2022\\\/#organization\"},\"potentialAction\":[{\"@type\":\"SearchAction\",\"target\":{\"@type\":\"EntryPoint\",\"urlTemplate\":\"https:\\\/\\\/canal7slp.tv\\\/2022\\\/?s={search_term_string}\"},\"query-input\":{\"@type\":\"PropertyValueSpecification\",\"valueRequired\":true,\"valueName\":\"search_term_string\"}}],\"inLanguage\":\"es\"},{\"@type\":\"Organization\",\"@id\":\"https:\\\/\\\/canal7slp.tv\\\/2022\\\/#organization\",\"name\":\"Noticieros Canal 7\",\"url\":\"https:\\\/\\\/canal7slp.tv\\\/2022\\\/\",\"logo\":{\"@type\":\"ImageObject\",\"inLanguage\":\"es\",\"@id\":\"https:\\\/\\\/canal7slp.tv\\\/2022\\\/#\\\/schema\\\/logo\\\/image\\\/\",\"url\":\"https:\\\/\\\/canal7slp.tv\\\/2022\\\/wp-content\\\/uploads\\\/2021\\\/01\\\/logo-noticieros@2x.png\",\"contentUrl\":\"https:\\\/\\\/canal7slp.tv\\\/2022\\\/wp-content\\\/uploads\\\/2021\\\/01\\\/logo-noticieros@2x.png\",\"width\":1017,\"height\":268,\"caption\":\"Noticieros Canal 7\"},\"image\":{\"@id\":\"https:\\\/\\\/canal7slp.tv\\\/2022\\\/#\\\/schema\\\/logo\\\/image\\\/\"},\"sameAs\":[\"https:\\\/\\\/www.facebook.com\\\/noticieroscanalsiete\",\"https:\\\/\\\/x.com\\\/NOTICIEROS7\",\"https:\\\/\\\/www.instagram.com\\\/canal7_slp\",\"https:\\\/\\\/www.youtube.com\\\/channel\\\/UCliiYs-gP3JfJeqdPrNdd5A\"]},{\"@type\":\"Person\",\"@id\":\"https:\\\/\\\/canal7slp.tv\\\/2022\\\/#\\\/schema\\\/person\\\/429704152a21f5f856ce29aa69a238da\",\"name\":\"Edici\u00f3n Web\",\"image\":{\"@type\":\"ImageObject\",\"inLanguage\":\"es\",\"@id\":\"https:\\\/\\\/secure.gravatar.com\\\/avatar\\\/eee448fc3f7164808013b816ba91ac7e43bbe82a70bebac296f8bc6f0addaa1a?s=96&d=mm&r=g\",\"url\":\"https:\\\/\\\/secure.gravatar.com\\\/avatar\\\/eee448fc3f7164808013b816ba91ac7e43bbe82a70bebac296f8bc6f0addaa1a?s=96&d=mm&r=g\",\"contentUrl\":\"https:\\\/\\\/secure.gravatar.com\\\/avatar\\\/eee448fc3f7164808013b816ba91ac7e43bbe82a70bebac296f8bc6f0addaa1a?s=96&d=mm&r=g\",\"caption\":\"Edici\u00f3n Web\"},\"url\":\"https:\\\/\\\/canal7slp.tv\\\/2022\\\/author\\\/edicionweb\\\/\"}]}<\/script>\n<!-- \/ Yoast SEO plugin. -->","yoast_head_json":{"title":"Omisi\u00f3n en la organizaci\u00f3n de la consulta ind\u00edgena denuncian integrantes de la comunidad Triqui. - Canal 7 SLP - 2022","robots":{"index":"index","follow":"follow","max-snippet":"max-snippet:-1","max-image-preview":"max-image-preview:large","max-video-preview":"max-video-preview:-1"},"canonical":"https:\/\/canal7slp.tv\/2022\/omision-en-la-organizacion-de-la-consulta-indigena-denuncian-integrantes-de-la-comunidad-triqui\/","og_locale":"es_ES","og_type":"article","og_title":"Omisi\u00f3n en la organizaci\u00f3n de la consulta ind\u00edgena denuncian integrantes de la comunidad Triqui. - Canal 7 SLP - 2022","og_description":"SLP.- En rueda de prensa, integrantes de la comunidad triqui de Oaxaca pero con asentamientos en San Luis Potos\u00ed, denunciaron no ser tomados en cuenta para ser parte del Grupo T\u00e9cnico Operativo para la consulta ind\u00edgena, pese a contar con un n\u00famero de registro por parte del Gobierno Estatal. As\u00ed lo dijo la representante de la comunidad, Palmira Flores, quien adem\u00e1s denunci\u00f3 que un Frente Civil que encabeza Narciso Mendoza y Zen\u00f3n Fern\u00e1ndez, si fue requerido para ello sin contar con los documentos que los avala como representantes triqui. \u00abLa comunidad triqui sabe c\u00f3mo se organiza, la comunidad triqui sabe [&hellip;]","og_url":"https:\/\/canal7slp.tv\/2022\/omision-en-la-organizacion-de-la-consulta-indigena-denuncian-integrantes-de-la-comunidad-triqui\/","og_site_name":"Canal 7 SLP - 2022","article_publisher":"https:\/\/www.facebook.com\/noticieroscanalsiete","article_published_time":"2022-06-07T21:26:59+00:00","og_image":[{"width":888,"height":500,"url":"https:\/\/canal7slp.tv\/2022\/wp-content\/uploads\/2022\/06\/Vazquez04Triquis.jpg","type":"image\/jpeg"}],"author":"Edici\u00f3n Web","twitter_card":"summary_large_image","twitter_creator":"@NOTICIEROS7","twitter_site":"@NOTICIEROS7","twitter_misc":{"Escrito por":"Edici\u00f3n Web","Tiempo de lectura":"2 minutos"},"schema":{"@context":"https:\/\/schema.org","@graph":[{"@type":"Article","@id":"https:\/\/canal7slp.tv\/2022\/omision-en-la-organizacion-de-la-consulta-indigena-denuncian-integrantes-de-la-comunidad-triqui\/#article","isPartOf":{"@id":"https:\/\/canal7slp.tv\/2022\/omision-en-la-organizacion-de-la-consulta-indigena-denuncian-integrantes-de-la-comunidad-triqui\/"},"author":{"name":"Edici\u00f3n Web","@id":"https:\/\/canal7slp.tv\/2022\/#\/schema\/person\/429704152a21f5f856ce29aa69a238da"},"headline":"Omisi\u00f3n en la organizaci\u00f3n de la consulta ind\u00edgena denuncian integrantes de la comunidad Triqui.","datePublished":"2022-06-07T21:26:59+00:00","mainEntityOfPage":{"@id":"https:\/\/canal7slp.tv\/2022\/omision-en-la-organizacion-de-la-consulta-indigena-denuncian-integrantes-de-la-comunidad-triqui\/"},"wordCount":405,"publisher":{"@id":"https:\/\/canal7slp.tv\/2022\/#organization"},"image":{"@id":"https:\/\/canal7slp.tv\/2022\/omision-en-la-organizacion-de-la-consulta-indigena-denuncian-integrantes-de-la-comunidad-triqui\/#primaryimage"},"thumbnailUrl":"https:\/\/canal7slp.tv\/2022\/wp-content\/uploads\/2022\/06\/Vazquez04Triquis.jpg","articleSection":["DESTACADAS","GOBEDOSLP","LOCALES Y REGIONALES"],"inLanguage":"es"},{"@type":"WebPage","@id":"https:\/\/canal7slp.tv\/2022\/omision-en-la-organizacion-de-la-consulta-indigena-denuncian-integrantes-de-la-comunidad-triqui\/","url":"https:\/\/canal7slp.tv\/2022\/omision-en-la-organizacion-de-la-consulta-indigena-denuncian-integrantes-de-la-comunidad-triqui\/","name":"Omisi\u00f3n en la organizaci\u00f3n de la consulta ind\u00edgena denuncian integrantes de la comunidad Triqui. - Canal 7 SLP - 2022","isPartOf":{"@id":"https:\/\/canal7slp.tv\/2022\/#website"},"primaryImageOfPage":{"@id":"https:\/\/canal7slp.tv\/2022\/omision-en-la-organizacion-de-la-consulta-indigena-denuncian-integrantes-de-la-comunidad-triqui\/#primaryimage"},"image":{"@id":"https:\/\/canal7slp.tv\/2022\/omision-en-la-organizacion-de-la-consulta-indigena-denuncian-integrantes-de-la-comunidad-triqui\/#primaryimage"},"thumbnailUrl":"https:\/\/canal7slp.tv\/2022\/wp-content\/uploads\/2022\/06\/Vazquez04Triquis.jpg","datePublished":"2022-06-07T21:26:59+00:00","breadcrumb":{"@id":"https:\/\/canal7slp.tv\/2022\/omision-en-la-organizacion-de-la-consulta-indigena-denuncian-integrantes-de-la-comunidad-triqui\/#breadcrumb"},"inLanguage":"es","potentialAction":[{"@type":"ReadAction","target":["https:\/\/canal7slp.tv\/2022\/omision-en-la-organizacion-de-la-consulta-indigena-denuncian-integrantes-de-la-comunidad-triqui\/"]}]},{"@type":"ImageObject","inLanguage":"es","@id":"https:\/\/canal7slp.tv\/2022\/omision-en-la-organizacion-de-la-consulta-indigena-denuncian-integrantes-de-la-comunidad-triqui\/#primaryimage","url":"https:\/\/canal7slp.tv\/2022\/wp-content\/uploads\/2022\/06\/Vazquez04Triquis.jpg","contentUrl":"https:\/\/canal7slp.tv\/2022\/wp-content\/uploads\/2022\/06\/Vazquez04Triquis.jpg","width":888,"height":500},{"@type":"BreadcrumbList","@id":"https:\/\/canal7slp.tv\/2022\/omision-en-la-organizacion-de-la-consulta-indigena-denuncian-integrantes-de-la-comunidad-triqui\/#breadcrumb","itemListElement":[{"@type":"ListItem","position":1,"name":"Portada","item":"https:\/\/canal7slp.tv\/2022\/"},{"@type":"ListItem","position":2,"name":"Omisi\u00f3n en la organizaci\u00f3n de la consulta ind\u00edgena denuncian integrantes de la comunidad Triqui."}]},{"@type":"WebSite","@id":"https:\/\/canal7slp.tv\/2022\/#website","url":"https:\/\/canal7slp.tv\/2022\/","name":"N7 - Noticieros Canal 7","description":"Somos Televisi\u00f3n","publisher":{"@id":"https:\/\/canal7slp.tv\/2022\/#organization"},"potentialAction":[{"@type":"SearchAction","target":{"@type":"EntryPoint","urlTemplate":"https:\/\/canal7slp.tv\/2022\/?s={search_term_string}"},"query-input":{"@type":"PropertyValueSpecification","valueRequired":true,"valueName":"search_term_string"}}],"inLanguage":"es"},{"@type":"Organization","@id":"https:\/\/canal7slp.tv\/2022\/#organization","name":"Noticieros Canal 7","url":"https:\/\/canal7slp.tv\/2022\/","logo":{"@type":"ImageObject","inLanguage":"es","@id":"https:\/\/canal7slp.tv\/2022\/#\/schema\/logo\/image\/","url":"https:\/\/canal7slp.tv\/2022\/wp-content\/uploads\/2021\/01\/logo-noticieros@2x.png","contentUrl":"https:\/\/canal7slp.tv\/2022\/wp-content\/uploads\/2021\/01\/logo-noticieros@2x.png","width":1017,"height":268,"caption":"Noticieros Canal 7"},"image":{"@id":"https:\/\/canal7slp.tv\/2022\/#\/schema\/logo\/image\/"},"sameAs":["https:\/\/www.facebook.com\/noticieroscanalsiete","https:\/\/x.com\/NOTICIEROS7","https:\/\/www.instagram.com\/canal7_slp","https:\/\/www.youtube.com\/channel\/UCliiYs-gP3JfJeqdPrNdd5A"]},{"@type":"Person","@id":"https:\/\/canal7slp.tv\/2022\/#\/schema\/person\/429704152a21f5f856ce29aa69a238da","name":"Edici\u00f3n Web","image":{"@type":"ImageObject","inLanguage":"es","@id":"https:\/\/secure.gravatar.com\/avatar\/eee448fc3f7164808013b816ba91ac7e43bbe82a70bebac296f8bc6f0addaa1a?s=96&d=mm&r=g","url":"https:\/\/secure.gravatar.com\/avatar\/eee448fc3f7164808013b816ba91ac7e43bbe82a70bebac296f8bc6f0addaa1a?s=96&d=mm&r=g","contentUrl":"https:\/\/secure.gravatar.com\/avatar\/eee448fc3f7164808013b816ba91ac7e43bbe82a70bebac296f8bc6f0addaa1a?s=96&d=mm&r=g","caption":"Edici\u00f3n Web"},"url":"https:\/\/canal7slp.tv\/2022\/author\/edicionweb\/"}]}},"amp_enabled":true,"_links":{"self":[{"href":"https:\/\/canal7slp.tv\/2022\/wp-json\/wp\/v2\/posts\/62806","targetHints":{"allow":["GET"]}}],"collection":[{"href":"https:\/\/canal7slp.tv\/2022\/wp-json\/wp\/v2\/posts"}],"about":[{"href":"https:\/\/canal7slp.tv\/2022\/wp-json\/wp\/v2\/types\/post"}],"author":[{"embeddable":true,"href":"https:\/\/canal7slp.tv\/2022\/wp-json\/wp\/v2\/users\/2"}],"replies":[{"embeddable":true,"href":"https:\/\/canal7slp.tv\/2022\/wp-json\/wp\/v2\/comments?post=62806"}],"version-history":[{"count":3,"href":"https:\/\/canal7slp.tv\/2022\/wp-json\/wp\/v2\/posts\/62806\/revisions"}],"predecessor-version":[{"id":62859,"href":"https:\/\/canal7slp.tv\/2022\/wp-json\/wp\/v2\/posts\/62806\/revisions\/62859"}],"wp:featuredmedia":[{"embeddable":true,"href":"https:\/\/canal7slp.tv\/2022\/wp-json\/wp\/v2\/media\/62843"}],"wp:attachment":[{"href":"https:\/\/canal7slp.tv\/2022\/wp-json\/wp\/v2\/media?parent=62806"}],"wp:term":[{"taxonomy":"category","embeddable":true,"href":"https:\/\/canal7slp.tv\/2022\/wp-json\/wp\/v2\/categories?post=62806"},{"taxonomy":"post_tag","embeddable":true,"href":"https:\/\/canal7slp.tv\/2022\/wp-json\/wp\/v2\/tags?post=62806"}],"curies":[{"name":"wp","href":"https:\/\/api.w.org\/{rel}","templated":true}]}}