{"id":62803,"date":"2022-06-07T15:12:54","date_gmt":"2022-06-07T21:12:54","guid":{"rendered":"https:\/\/canal7slp.tv\/2022\/?p=62803"},"modified":"2022-06-07T15:12:54","modified_gmt":"2022-06-07T21:12:54","slug":"no-preocupa-dice-gobernador-de-slp-sobre-alza-de-casos-covid-en-el-pais-2","status":"publish","type":"post","link":"https:\/\/canal7slp.tv\/2022\/no-preocupa-dice-gobernador-de-slp-sobre-alza-de-casos-covid-en-el-pais-2\/","title":{"rendered":"\u201cNo preocupa\u201d, dice gobernador de SLP sobre alza de casos COVID en el pa\u00eds."},"content":{"rendered":"<p style=\"text-align: justify;\">SLP.- El gobernador de San Luis Potos\u00ed, Jos\u00e9 Ricardo Gallardo Cardona, se dijo despreocupado por la alza de casos nuevos de covid-19 que se ha registrado en el pa\u00eds en los \u00faltimos d\u00edas.<\/p>\n<p style=\"text-align: justify;\">Y es que el Gobierno Federal emiti\u00f3 un comunicado en el que se afirma que se observa una tendencia de crecimiento de los casos estimados a nivel nacional aunque este no ha tenido un impacto en hospitalizaciones y defunciones.<\/p>\n<p style=\"text-align: justify;\">\u00abAqu\u00ed en San Luis estamos vacunados a 98% ya, la verdad es que ya estamos todos casi listos, no preocupa en lo absoluto, nosotros en San Luis seguimos con las mismas medidas. Hemos adoptado medidas muy distintas que en otros estados, en otros estados ya no se usa el cubrebocas y nosotros lo seguimos usando en San Luis Potos\u00ed\u00bb, destac\u00f3.<\/p>\n<p style=\"text-align: justify;\">De acuerdo con los datos proporcionados, se observa un incremento en la identificaci\u00f3n de casos por coronavirus en Aguascalientes, Baja California, Campeche, Ciudad de M\u00e9xico, Hidalgo, Jalisco, Nuevo Le\u00f3n, Sinaloa y Yucat\u00e1n.<\/p>\n<p style=\"text-align: justify;\">Adem\u00e1s de una tendencia discreta en Baja California Sur, Colima, Durango, Estado de M\u00e9xico, Guanajuato, Nayarit, Oaxaca, Puebla, Quer\u00e9taro, Quintana Roo y Veracruz.<\/p>\n<p style=\"text-align: justify;\">\u00abQueremos seguir viendo c\u00f3mo se va a comportando el virus ya en la \u00faltima etapa pero por lo pronto estamos tranquilos y la secretar\u00eda de salud haciendo lo que le toca al igual que el bienestar que sigue vacunando; simplemente ayer se vacunaron 9 mil personas, entonces seguimos todav\u00eda caminando\u00bb, culmin\u00f3.<\/p>\n<p style=\"text-align: justify;\">Por: Jos\u00e9 Luis V\u00e1zquez<\/p>\n","protected":false},"excerpt":{"rendered":"<p>SLP.- El gobernador de San Luis Potos\u00ed, Jos\u00e9 Ricardo Gallardo Cardona, se dijo despreocupado por la alza de casos nuevos de covid-19 que se ha registrado en el pa\u00eds en los \u00faltimos d\u00edas. Y es que el Gobierno Federal emiti\u00f3 un comunicado en el que se afirma que se observa una tendencia de crecimiento de los casos estimados a nivel nacional aunque este no ha tenido un impacto en hospitalizaciones y defunciones. \u00abAqu\u00ed en San Luis estamos vacunados a 98% ya, la verdad es que ya estamos todos casi listos, no preocupa en lo absoluto, nosotros en San Luis seguimos [&hellip;]<\/p>\n","protected":false},"author":2,"featured_media":62836,"comment_status":"closed","ping_status":"closed","sticky":false,"template":"","format":"video","meta":{"footnotes":""},"categories":[4,5,510,45],"tags":[],"class_list":["post-62803","post","type-post","status-publish","format-video","has-post-thumbnail","hentry","category-covid-19","category-destacadas","category-gobedoslp","category-localesyregionales","post_format-post-format-video","post--single"],"yoast_head":"<!-- This site is optimized with the Yoast SEO plugin v27.4 - https:\/\/yoast.com\/product\/yoast-seo-wordpress\/ -->\n<title>\u201cNo preocupa\u201d, dice gobernador de SLP sobre alza de casos COVID en el pa\u00eds. - Canal 7 SLP - 2022<\/title>\n<meta name=\"robots\" content=\"index, follow, max-snippet:-1, max-image-preview:large, max-video-preview:-1\" \/>\n<link rel=\"canonical\" href=\"https:\/\/canal7slp.tv\/2022\/no-preocupa-dice-gobernador-de-slp-sobre-alza-de-casos-covid-en-el-pais-2\/\" \/>\n<meta property=\"og:locale\" content=\"es_ES\" \/>\n<meta property=\"og:type\" content=\"article\" \/>\n<meta property=\"og:title\" content=\"\u201cNo preocupa\u201d, dice gobernador de SLP sobre alza de casos COVID en el pa\u00eds. - Canal 7 SLP - 2022\" \/>\n<meta property=\"og:description\" content=\"SLP.- El gobernador de San Luis Potos\u00ed, Jos\u00e9 Ricardo Gallardo Cardona, se dijo despreocupado por la alza de casos nuevos de covid-19 que se ha registrado en el pa\u00eds en los \u00faltimos d\u00edas. Y es que el Gobierno Federal emiti\u00f3 un comunicado en el que se afirma que se observa una tendencia de crecimiento de los casos estimados a nivel nacional aunque este no ha tenido un impacto en hospitalizaciones y defunciones. \u00abAqu\u00ed en San Luis estamos vacunados a 98% ya, la verdad es que ya estamos todos casi listos, no preocupa en lo absoluto, nosotros en San Luis seguimos [&hellip;]\" \/>\n<meta property=\"og:url\" content=\"https:\/\/canal7slp.tv\/2022\/no-preocupa-dice-gobernador-de-slp-sobre-alza-de-casos-covid-en-el-pais-2\/\" \/>\n<meta property=\"og:site_name\" content=\"Canal 7 SLP - 2022\" \/>\n<meta property=\"article:publisher\" content=\"https:\/\/www.facebook.com\/noticieroscanalsiete\" \/>\n<meta property=\"article:published_time\" content=\"2022-06-07T21:12:54+00:00\" \/>\n<meta property=\"og:image\" content=\"https:\/\/canal7slp.tv\/2022\/wp-content\/uploads\/2022\/06\/Vazquez01AlzaCovid.jpg\" \/>\n\t<meta property=\"og:image:width\" content=\"888\" \/>\n\t<meta property=\"og:image:height\" content=\"500\" \/>\n\t<meta property=\"og:image:type\" content=\"image\/jpeg\" \/>\n<meta name=\"author\" content=\"Edici\u00f3n Web\" \/>\n<meta name=\"twitter:card\" content=\"summary_large_image\" \/>\n<meta name=\"twitter:creator\" content=\"@NOTICIEROS7\" \/>\n<meta name=\"twitter:site\" content=\"@NOTICIEROS7\" \/>\n<meta name=\"twitter:label1\" content=\"Escrito por\" \/>\n\t<meta name=\"twitter:data1\" content=\"Edici\u00f3n Web\" \/>\n\t<meta name=\"twitter:label2\" content=\"Tiempo de lectura\" \/>\n\t<meta name=\"twitter:data2\" content=\"2 minutos\" \/>\n<script type=\"application\/ld+json\" class=\"yoast-schema-graph\">{\"@context\":\"https:\\\/\\\/schema.org\",\"@graph\":[{\"@type\":\"Article\",\"@id\":\"https:\\\/\\\/canal7slp.tv\\\/2022\\\/no-preocupa-dice-gobernador-de-slp-sobre-alza-de-casos-covid-en-el-pais-2\\\/#article\",\"isPartOf\":{\"@id\":\"https:\\\/\\\/canal7slp.tv\\\/2022\\\/no-preocupa-dice-gobernador-de-slp-sobre-alza-de-casos-covid-en-el-pais-2\\\/\"},\"author\":{\"name\":\"Edici\u00f3n Web\",\"@id\":\"https:\\\/\\\/canal7slp.tv\\\/2022\\\/#\\\/schema\\\/person\\\/429704152a21f5f856ce29aa69a238da\"},\"headline\":\"\u201cNo preocupa\u201d, dice gobernador de SLP sobre alza de casos COVID en el pa\u00eds.\",\"datePublished\":\"2022-06-07T21:12:54+00:00\",\"mainEntityOfPage\":{\"@id\":\"https:\\\/\\\/canal7slp.tv\\\/2022\\\/no-preocupa-dice-gobernador-de-slp-sobre-alza-de-casos-covid-en-el-pais-2\\\/\"},\"wordCount\":269,\"publisher\":{\"@id\":\"https:\\\/\\\/canal7slp.tv\\\/2022\\\/#organization\"},\"image\":{\"@id\":\"https:\\\/\\\/canal7slp.tv\\\/2022\\\/no-preocupa-dice-gobernador-de-slp-sobre-alza-de-casos-covid-en-el-pais-2\\\/#primaryimage\"},\"thumbnailUrl\":\"https:\\\/\\\/canal7slp.tv\\\/2022\\\/wp-content\\\/uploads\\\/2022\\\/06\\\/Vazquez01AlzaCovid.jpg\",\"articleSection\":[\"COVID-19\",\"DESTACADAS\",\"GOBEDOSLP\",\"LOCALES Y REGIONALES\"],\"inLanguage\":\"es\"},{\"@type\":\"WebPage\",\"@id\":\"https:\\\/\\\/canal7slp.tv\\\/2022\\\/no-preocupa-dice-gobernador-de-slp-sobre-alza-de-casos-covid-en-el-pais-2\\\/\",\"url\":\"https:\\\/\\\/canal7slp.tv\\\/2022\\\/no-preocupa-dice-gobernador-de-slp-sobre-alza-de-casos-covid-en-el-pais-2\\\/\",\"name\":\"\u201cNo preocupa\u201d, dice gobernador de SLP sobre alza de casos COVID en el pa\u00eds. - Canal 7 SLP - 2022\",\"isPartOf\":{\"@id\":\"https:\\\/\\\/canal7slp.tv\\\/2022\\\/#website\"},\"primaryImageOfPage\":{\"@id\":\"https:\\\/\\\/canal7slp.tv\\\/2022\\\/no-preocupa-dice-gobernador-de-slp-sobre-alza-de-casos-covid-en-el-pais-2\\\/#primaryimage\"},\"image\":{\"@id\":\"https:\\\/\\\/canal7slp.tv\\\/2022\\\/no-preocupa-dice-gobernador-de-slp-sobre-alza-de-casos-covid-en-el-pais-2\\\/#primaryimage\"},\"thumbnailUrl\":\"https:\\\/\\\/canal7slp.tv\\\/2022\\\/wp-content\\\/uploads\\\/2022\\\/06\\\/Vazquez01AlzaCovid.jpg\",\"datePublished\":\"2022-06-07T21:12:54+00:00\",\"breadcrumb\":{\"@id\":\"https:\\\/\\\/canal7slp.tv\\\/2022\\\/no-preocupa-dice-gobernador-de-slp-sobre-alza-de-casos-covid-en-el-pais-2\\\/#breadcrumb\"},\"inLanguage\":\"es\",\"potentialAction\":[{\"@type\":\"ReadAction\",\"target\":[\"https:\\\/\\\/canal7slp.tv\\\/2022\\\/no-preocupa-dice-gobernador-de-slp-sobre-alza-de-casos-covid-en-el-pais-2\\\/\"]}]},{\"@type\":\"ImageObject\",\"inLanguage\":\"es\",\"@id\":\"https:\\\/\\\/canal7slp.tv\\\/2022\\\/no-preocupa-dice-gobernador-de-slp-sobre-alza-de-casos-covid-en-el-pais-2\\\/#primaryimage\",\"url\":\"https:\\\/\\\/canal7slp.tv\\\/2022\\\/wp-content\\\/uploads\\\/2022\\\/06\\\/Vazquez01AlzaCovid.jpg\",\"contentUrl\":\"https:\\\/\\\/canal7slp.tv\\\/2022\\\/wp-content\\\/uploads\\\/2022\\\/06\\\/Vazquez01AlzaCovid.jpg\",\"width\":888,\"height\":500},{\"@type\":\"BreadcrumbList\",\"@id\":\"https:\\\/\\\/canal7slp.tv\\\/2022\\\/no-preocupa-dice-gobernador-de-slp-sobre-alza-de-casos-covid-en-el-pais-2\\\/#breadcrumb\",\"itemListElement\":[{\"@type\":\"ListItem\",\"position\":1,\"name\":\"Portada\",\"item\":\"https:\\\/\\\/canal7slp.tv\\\/2022\\\/\"},{\"@type\":\"ListItem\",\"position\":2,\"name\":\"\u201cNo preocupa\u201d, dice gobernador de SLP sobre alza de casos COVID en el pa\u00eds.\"}]},{\"@type\":\"WebSite\",\"@id\":\"https:\\\/\\\/canal7slp.tv\\\/2022\\\/#website\",\"url\":\"https:\\\/\\\/canal7slp.tv\\\/2022\\\/\",\"name\":\"N7 - Noticieros Canal 7\",\"description\":\"Somos Televisi\u00f3n\",\"publisher\":{\"@id\":\"https:\\\/\\\/canal7slp.tv\\\/2022\\\/#organization\"},\"potentialAction\":[{\"@type\":\"SearchAction\",\"target\":{\"@type\":\"EntryPoint\",\"urlTemplate\":\"https:\\\/\\\/canal7slp.tv\\\/2022\\\/?s={search_term_string}\"},\"query-input\":{\"@type\":\"PropertyValueSpecification\",\"valueRequired\":true,\"valueName\":\"search_term_string\"}}],\"inLanguage\":\"es\"},{\"@type\":\"Organization\",\"@id\":\"https:\\\/\\\/canal7slp.tv\\\/2022\\\/#organization\",\"name\":\"Noticieros Canal 7\",\"url\":\"https:\\\/\\\/canal7slp.tv\\\/2022\\\/\",\"logo\":{\"@type\":\"ImageObject\",\"inLanguage\":\"es\",\"@id\":\"https:\\\/\\\/canal7slp.tv\\\/2022\\\/#\\\/schema\\\/logo\\\/image\\\/\",\"url\":\"https:\\\/\\\/canal7slp.tv\\\/2022\\\/wp-content\\\/uploads\\\/2021\\\/01\\\/logo-noticieros@2x.png\",\"contentUrl\":\"https:\\\/\\\/canal7slp.tv\\\/2022\\\/wp-content\\\/uploads\\\/2021\\\/01\\\/logo-noticieros@2x.png\",\"width\":1017,\"height\":268,\"caption\":\"Noticieros Canal 7\"},\"image\":{\"@id\":\"https:\\\/\\\/canal7slp.tv\\\/2022\\\/#\\\/schema\\\/logo\\\/image\\\/\"},\"sameAs\":[\"https:\\\/\\\/www.facebook.com\\\/noticieroscanalsiete\",\"https:\\\/\\\/x.com\\\/NOTICIEROS7\",\"https:\\\/\\\/www.instagram.com\\\/canal7_slp\",\"https:\\\/\\\/www.youtube.com\\\/channel\\\/UCliiYs-gP3JfJeqdPrNdd5A\"]},{\"@type\":\"Person\",\"@id\":\"https:\\\/\\\/canal7slp.tv\\\/2022\\\/#\\\/schema\\\/person\\\/429704152a21f5f856ce29aa69a238da\",\"name\":\"Edici\u00f3n Web\",\"image\":{\"@type\":\"ImageObject\",\"inLanguage\":\"es\",\"@id\":\"https:\\\/\\\/secure.gravatar.com\\\/avatar\\\/eee448fc3f7164808013b816ba91ac7e43bbe82a70bebac296f8bc6f0addaa1a?s=96&d=mm&r=g\",\"url\":\"https:\\\/\\\/secure.gravatar.com\\\/avatar\\\/eee448fc3f7164808013b816ba91ac7e43bbe82a70bebac296f8bc6f0addaa1a?s=96&d=mm&r=g\",\"contentUrl\":\"https:\\\/\\\/secure.gravatar.com\\\/avatar\\\/eee448fc3f7164808013b816ba91ac7e43bbe82a70bebac296f8bc6f0addaa1a?s=96&d=mm&r=g\",\"caption\":\"Edici\u00f3n Web\"},\"url\":\"https:\\\/\\\/canal7slp.tv\\\/2022\\\/author\\\/edicionweb\\\/\"}]}<\/script>\n<!-- \/ Yoast SEO plugin. -->","yoast_head_json":{"title":"\u201cNo preocupa\u201d, dice gobernador de SLP sobre alza de casos COVID en el pa\u00eds. - Canal 7 SLP - 2022","robots":{"index":"index","follow":"follow","max-snippet":"max-snippet:-1","max-image-preview":"max-image-preview:large","max-video-preview":"max-video-preview:-1"},"canonical":"https:\/\/canal7slp.tv\/2022\/no-preocupa-dice-gobernador-de-slp-sobre-alza-de-casos-covid-en-el-pais-2\/","og_locale":"es_ES","og_type":"article","og_title":"\u201cNo preocupa\u201d, dice gobernador de SLP sobre alza de casos COVID en el pa\u00eds. - Canal 7 SLP - 2022","og_description":"SLP.- El gobernador de San Luis Potos\u00ed, Jos\u00e9 Ricardo Gallardo Cardona, se dijo despreocupado por la alza de casos nuevos de covid-19 que se ha registrado en el pa\u00eds en los \u00faltimos d\u00edas. Y es que el Gobierno Federal emiti\u00f3 un comunicado en el que se afirma que se observa una tendencia de crecimiento de los casos estimados a nivel nacional aunque este no ha tenido un impacto en hospitalizaciones y defunciones. \u00abAqu\u00ed en San Luis estamos vacunados a 98% ya, la verdad es que ya estamos todos casi listos, no preocupa en lo absoluto, nosotros en San Luis seguimos [&hellip;]","og_url":"https:\/\/canal7slp.tv\/2022\/no-preocupa-dice-gobernador-de-slp-sobre-alza-de-casos-covid-en-el-pais-2\/","og_site_name":"Canal 7 SLP - 2022","article_publisher":"https:\/\/www.facebook.com\/noticieroscanalsiete","article_published_time":"2022-06-07T21:12:54+00:00","og_image":[{"width":888,"height":500,"url":"https:\/\/canal7slp.tv\/2022\/wp-content\/uploads\/2022\/06\/Vazquez01AlzaCovid.jpg","type":"image\/jpeg"}],"author":"Edici\u00f3n Web","twitter_card":"summary_large_image","twitter_creator":"@NOTICIEROS7","twitter_site":"@NOTICIEROS7","twitter_misc":{"Escrito por":"Edici\u00f3n Web","Tiempo de lectura":"2 minutos"},"schema":{"@context":"https:\/\/schema.org","@graph":[{"@type":"Article","@id":"https:\/\/canal7slp.tv\/2022\/no-preocupa-dice-gobernador-de-slp-sobre-alza-de-casos-covid-en-el-pais-2\/#article","isPartOf":{"@id":"https:\/\/canal7slp.tv\/2022\/no-preocupa-dice-gobernador-de-slp-sobre-alza-de-casos-covid-en-el-pais-2\/"},"author":{"name":"Edici\u00f3n Web","@id":"https:\/\/canal7slp.tv\/2022\/#\/schema\/person\/429704152a21f5f856ce29aa69a238da"},"headline":"\u201cNo preocupa\u201d, dice gobernador de SLP sobre alza de casos COVID en el pa\u00eds.","datePublished":"2022-06-07T21:12:54+00:00","mainEntityOfPage":{"@id":"https:\/\/canal7slp.tv\/2022\/no-preocupa-dice-gobernador-de-slp-sobre-alza-de-casos-covid-en-el-pais-2\/"},"wordCount":269,"publisher":{"@id":"https:\/\/canal7slp.tv\/2022\/#organization"},"image":{"@id":"https:\/\/canal7slp.tv\/2022\/no-preocupa-dice-gobernador-de-slp-sobre-alza-de-casos-covid-en-el-pais-2\/#primaryimage"},"thumbnailUrl":"https:\/\/canal7slp.tv\/2022\/wp-content\/uploads\/2022\/06\/Vazquez01AlzaCovid.jpg","articleSection":["COVID-19","DESTACADAS","GOBEDOSLP","LOCALES Y REGIONALES"],"inLanguage":"es"},{"@type":"WebPage","@id":"https:\/\/canal7slp.tv\/2022\/no-preocupa-dice-gobernador-de-slp-sobre-alza-de-casos-covid-en-el-pais-2\/","url":"https:\/\/canal7slp.tv\/2022\/no-preocupa-dice-gobernador-de-slp-sobre-alza-de-casos-covid-en-el-pais-2\/","name":"\u201cNo preocupa\u201d, dice gobernador de SLP sobre alza de casos COVID en el pa\u00eds. - Canal 7 SLP - 2022","isPartOf":{"@id":"https:\/\/canal7slp.tv\/2022\/#website"},"primaryImageOfPage":{"@id":"https:\/\/canal7slp.tv\/2022\/no-preocupa-dice-gobernador-de-slp-sobre-alza-de-casos-covid-en-el-pais-2\/#primaryimage"},"image":{"@id":"https:\/\/canal7slp.tv\/2022\/no-preocupa-dice-gobernador-de-slp-sobre-alza-de-casos-covid-en-el-pais-2\/#primaryimage"},"thumbnailUrl":"https:\/\/canal7slp.tv\/2022\/wp-content\/uploads\/2022\/06\/Vazquez01AlzaCovid.jpg","datePublished":"2022-06-07T21:12:54+00:00","breadcrumb":{"@id":"https:\/\/canal7slp.tv\/2022\/no-preocupa-dice-gobernador-de-slp-sobre-alza-de-casos-covid-en-el-pais-2\/#breadcrumb"},"inLanguage":"es","potentialAction":[{"@type":"ReadAction","target":["https:\/\/canal7slp.tv\/2022\/no-preocupa-dice-gobernador-de-slp-sobre-alza-de-casos-covid-en-el-pais-2\/"]}]},{"@type":"ImageObject","inLanguage":"es","@id":"https:\/\/canal7slp.tv\/2022\/no-preocupa-dice-gobernador-de-slp-sobre-alza-de-casos-covid-en-el-pais-2\/#primaryimage","url":"https:\/\/canal7slp.tv\/2022\/wp-content\/uploads\/2022\/06\/Vazquez01AlzaCovid.jpg","contentUrl":"https:\/\/canal7slp.tv\/2022\/wp-content\/uploads\/2022\/06\/Vazquez01AlzaCovid.jpg","width":888,"height":500},{"@type":"BreadcrumbList","@id":"https:\/\/canal7slp.tv\/2022\/no-preocupa-dice-gobernador-de-slp-sobre-alza-de-casos-covid-en-el-pais-2\/#breadcrumb","itemListElement":[{"@type":"ListItem","position":1,"name":"Portada","item":"https:\/\/canal7slp.tv\/2022\/"},{"@type":"ListItem","position":2,"name":"\u201cNo preocupa\u201d, dice gobernador de SLP sobre alza de casos COVID en el pa\u00eds."}]},{"@type":"WebSite","@id":"https:\/\/canal7slp.tv\/2022\/#website","url":"https:\/\/canal7slp.tv\/2022\/","name":"N7 - Noticieros Canal 7","description":"Somos Televisi\u00f3n","publisher":{"@id":"https:\/\/canal7slp.tv\/2022\/#organization"},"potentialAction":[{"@type":"SearchAction","target":{"@type":"EntryPoint","urlTemplate":"https:\/\/canal7slp.tv\/2022\/?s={search_term_string}"},"query-input":{"@type":"PropertyValueSpecification","valueRequired":true,"valueName":"search_term_string"}}],"inLanguage":"es"},{"@type":"Organization","@id":"https:\/\/canal7slp.tv\/2022\/#organization","name":"Noticieros Canal 7","url":"https:\/\/canal7slp.tv\/2022\/","logo":{"@type":"ImageObject","inLanguage":"es","@id":"https:\/\/canal7slp.tv\/2022\/#\/schema\/logo\/image\/","url":"https:\/\/canal7slp.tv\/2022\/wp-content\/uploads\/2021\/01\/logo-noticieros@2x.png","contentUrl":"https:\/\/canal7slp.tv\/2022\/wp-content\/uploads\/2021\/01\/logo-noticieros@2x.png","width":1017,"height":268,"caption":"Noticieros Canal 7"},"image":{"@id":"https:\/\/canal7slp.tv\/2022\/#\/schema\/logo\/image\/"},"sameAs":["https:\/\/www.facebook.com\/noticieroscanalsiete","https:\/\/x.com\/NOTICIEROS7","https:\/\/www.instagram.com\/canal7_slp","https:\/\/www.youtube.com\/channel\/UCliiYs-gP3JfJeqdPrNdd5A"]},{"@type":"Person","@id":"https:\/\/canal7slp.tv\/2022\/#\/schema\/person\/429704152a21f5f856ce29aa69a238da","name":"Edici\u00f3n Web","image":{"@type":"ImageObject","inLanguage":"es","@id":"https:\/\/secure.gravatar.com\/avatar\/eee448fc3f7164808013b816ba91ac7e43bbe82a70bebac296f8bc6f0addaa1a?s=96&d=mm&r=g","url":"https:\/\/secure.gravatar.com\/avatar\/eee448fc3f7164808013b816ba91ac7e43bbe82a70bebac296f8bc6f0addaa1a?s=96&d=mm&r=g","contentUrl":"https:\/\/secure.gravatar.com\/avatar\/eee448fc3f7164808013b816ba91ac7e43bbe82a70bebac296f8bc6f0addaa1a?s=96&d=mm&r=g","caption":"Edici\u00f3n Web"},"url":"https:\/\/canal7slp.tv\/2022\/author\/edicionweb\/"}]}},"amp_enabled":true,"_links":{"self":[{"href":"https:\/\/canal7slp.tv\/2022\/wp-json\/wp\/v2\/posts\/62803","targetHints":{"allow":["GET"]}}],"collection":[{"href":"https:\/\/canal7slp.tv\/2022\/wp-json\/wp\/v2\/posts"}],"about":[{"href":"https:\/\/canal7slp.tv\/2022\/wp-json\/wp\/v2\/types\/post"}],"author":[{"embeddable":true,"href":"https:\/\/canal7slp.tv\/2022\/wp-json\/wp\/v2\/users\/2"}],"replies":[{"embeddable":true,"href":"https:\/\/canal7slp.tv\/2022\/wp-json\/wp\/v2\/comments?post=62803"}],"version-history":[{"count":3,"href":"https:\/\/canal7slp.tv\/2022\/wp-json\/wp\/v2\/posts\/62803\/revisions"}],"predecessor-version":[{"id":62856,"href":"https:\/\/canal7slp.tv\/2022\/wp-json\/wp\/v2\/posts\/62803\/revisions\/62856"}],"wp:featuredmedia":[{"embeddable":true,"href":"https:\/\/canal7slp.tv\/2022\/wp-json\/wp\/v2\/media\/62836"}],"wp:attachment":[{"href":"https:\/\/canal7slp.tv\/2022\/wp-json\/wp\/v2\/media?parent=62803"}],"wp:term":[{"taxonomy":"category","embeddable":true,"href":"https:\/\/canal7slp.tv\/2022\/wp-json\/wp\/v2\/categories?post=62803"},{"taxonomy":"post_tag","embeddable":true,"href":"https:\/\/canal7slp.tv\/2022\/wp-json\/wp\/v2\/tags?post=62803"}],"curies":[{"name":"wp","href":"https:\/\/api.w.org\/{rel}","templated":true}]}}