{"id":62766,"date":"2022-06-07T12:47:40","date_gmt":"2022-06-07T18:47:40","guid":{"rendered":"https:\/\/canal7slp.tv\/2022\/?p=62766"},"modified":"2022-06-07T12:47:40","modified_gmt":"2022-06-07T18:47:40","slug":"seis-de-junio-el-dia-mas-violento-de-lo-que-va-del-mes","status":"publish","type":"post","link":"https:\/\/canal7slp.tv\/2022\/seis-de-junio-el-dia-mas-violento-de-lo-que-va-del-mes\/","title":{"rendered":"Seis de junio, el d\u00eda m\u00e1s violento de lo que va del mes"},"content":{"rendered":"<p style=\"text-align: justify;\">M\u00e9xico.- De acuerdo con el reporte diario de v\u00edctimas de homicidio doloso del gobierno federal, el 6 de junio fueron asesinadas 94 personas en M\u00e9xico.<\/p>\n<p style=\"text-align: justify;\">Dicha cifra convierte al primer lunes de junio del presente a\u00f1o en el d\u00eda m\u00e1s violento de lo que va del mes.<\/p>\n<p style=\"text-align: justify;\">Del total de v\u00edctimas:<\/p>\n<ul style=\"text-align: justify;\">\n<li>15 murieron en el Estado de M\u00e9xico<\/li>\n<li>13 en Guanajuato<\/li>\n<li>8 en Nuevo Le\u00f3n<\/li>\n<li>7 en Michoac\u00e1n<\/li>\n<li>7 en Guerrero<\/li>\n<\/ul>\n<p style=\"text-align: justify;\">Cabe que durante los primeros seis d\u00edas de junio, suman 463 asesinatos.<\/p>\n","protected":false},"excerpt":{"rendered":"<p>M\u00e9xico.- De acuerdo con el reporte diario de v\u00edctimas de homicidio doloso del gobierno federal, el 6 de junio fueron asesinadas 94 personas en M\u00e9xico. Dicha cifra convierte al primer lunes de junio del presente a\u00f1o en el d\u00eda m\u00e1s violento de lo que va del mes. Del total de v\u00edctimas: 15 murieron en el Estado de M\u00e9xico 13 en Guanajuato 8 en Nuevo Le\u00f3n 7 en Michoac\u00e1n 7 en Guerrero Cabe que durante los primeros seis d\u00edas de junio, suman 463 asesinatos.<\/p>\n","protected":false},"author":2,"featured_media":62780,"comment_status":"closed","ping_status":"closed","sticky":false,"template":"","format":"standard","meta":{"footnotes":""},"categories":[46],"tags":[],"class_list":["post-62766","post","type-post","status-publish","format-standard","has-post-thumbnail","hentry","category-nacional","post--single"],"yoast_head":"<!-- This site is optimized with the Yoast SEO plugin v27.5 - https:\/\/yoast.com\/product\/yoast-seo-wordpress\/ -->\n<title>Seis de junio, el d\u00eda m\u00e1s violento de lo que va del mes - Canal 7 SLP - 2022<\/title>\n<meta name=\"robots\" content=\"index, follow, max-snippet:-1, max-image-preview:large, max-video-preview:-1\" \/>\n<link rel=\"canonical\" href=\"https:\/\/canal7slp.tv\/2022\/seis-de-junio-el-dia-mas-violento-de-lo-que-va-del-mes\/\" \/>\n<meta property=\"og:locale\" content=\"es_ES\" \/>\n<meta property=\"og:type\" content=\"article\" \/>\n<meta property=\"og:title\" content=\"Seis de junio, el d\u00eda m\u00e1s violento de lo que va del mes - Canal 7 SLP - 2022\" \/>\n<meta property=\"og:description\" content=\"M\u00e9xico.- De acuerdo con el reporte diario de v\u00edctimas de homicidio doloso del gobierno federal, el 6 de junio fueron asesinadas 94 personas en M\u00e9xico. Dicha cifra convierte al primer lunes de junio del presente a\u00f1o en el d\u00eda m\u00e1s violento de lo que va del mes. Del total de v\u00edctimas: 15 murieron en el Estado de M\u00e9xico 13 en Guanajuato 8 en Nuevo Le\u00f3n 7 en Michoac\u00e1n 7 en Guerrero Cabe que durante los primeros seis d\u00edas de junio, suman 463 asesinatos.\" \/>\n<meta property=\"og:url\" content=\"https:\/\/canal7slp.tv\/2022\/seis-de-junio-el-dia-mas-violento-de-lo-que-va-del-mes\/\" \/>\n<meta property=\"og:site_name\" content=\"Canal 7 SLP - 2022\" \/>\n<meta property=\"article:publisher\" content=\"https:\/\/www.facebook.com\/noticieroscanalsiete\" \/>\n<meta property=\"article:published_time\" content=\"2022-06-07T18:47:40+00:00\" \/>\n<meta property=\"og:image\" content=\"https:\/\/canal7slp.tv\/2022\/wp-content\/uploads\/2022\/06\/07.jpg\" \/>\n\t<meta property=\"og:image:width\" content=\"600\" \/>\n\t<meta property=\"og:image:height\" content=\"370\" \/>\n\t<meta property=\"og:image:type\" content=\"image\/jpeg\" \/>\n<meta name=\"author\" content=\"Edici\u00f3n Web\" \/>\n<meta name=\"twitter:card\" content=\"summary_large_image\" \/>\n<meta name=\"twitter:creator\" content=\"@NOTICIEROS7\" \/>\n<meta name=\"twitter:site\" content=\"@NOTICIEROS7\" \/>\n<meta name=\"twitter:label1\" content=\"Escrito por\" \/>\n\t<meta name=\"twitter:data1\" content=\"Edici\u00f3n Web\" \/>\n\t<meta name=\"twitter:label2\" content=\"Tiempo de lectura\" \/>\n\t<meta name=\"twitter:data2\" content=\"1 minuto\" \/>\n<script type=\"application\/ld+json\" class=\"yoast-schema-graph\">{\"@context\":\"https:\\\/\\\/schema.org\",\"@graph\":[{\"@type\":\"Article\",\"@id\":\"https:\\\/\\\/canal7slp.tv\\\/2022\\\/seis-de-junio-el-dia-mas-violento-de-lo-que-va-del-mes\\\/#article\",\"isPartOf\":{\"@id\":\"https:\\\/\\\/canal7slp.tv\\\/2022\\\/seis-de-junio-el-dia-mas-violento-de-lo-que-va-del-mes\\\/\"},\"author\":{\"name\":\"Edici\u00f3n Web\",\"@id\":\"https:\\\/\\\/canal7slp.tv\\\/2022\\\/#\\\/schema\\\/person\\\/429704152a21f5f856ce29aa69a238da\"},\"headline\":\"Seis de junio, el d\u00eda m\u00e1s violento de lo que va del mes\",\"datePublished\":\"2022-06-07T18:47:40+00:00\",\"mainEntityOfPage\":{\"@id\":\"https:\\\/\\\/canal7slp.tv\\\/2022\\\/seis-de-junio-el-dia-mas-violento-de-lo-que-va-del-mes\\\/\"},\"wordCount\":102,\"publisher\":{\"@id\":\"https:\\\/\\\/canal7slp.tv\\\/2022\\\/#organization\"},\"image\":{\"@id\":\"https:\\\/\\\/canal7slp.tv\\\/2022\\\/seis-de-junio-el-dia-mas-violento-de-lo-que-va-del-mes\\\/#primaryimage\"},\"thumbnailUrl\":\"https:\\\/\\\/canal7slp.tv\\\/2022\\\/wp-content\\\/uploads\\\/2022\\\/06\\\/07.jpg\",\"articleSection\":[\"NACIONALES\"],\"inLanguage\":\"es\"},{\"@type\":\"WebPage\",\"@id\":\"https:\\\/\\\/canal7slp.tv\\\/2022\\\/seis-de-junio-el-dia-mas-violento-de-lo-que-va-del-mes\\\/\",\"url\":\"https:\\\/\\\/canal7slp.tv\\\/2022\\\/seis-de-junio-el-dia-mas-violento-de-lo-que-va-del-mes\\\/\",\"name\":\"Seis de junio, el d\u00eda m\u00e1s violento de lo que va del mes - Canal 7 SLP - 2022\",\"isPartOf\":{\"@id\":\"https:\\\/\\\/canal7slp.tv\\\/2022\\\/#website\"},\"primaryImageOfPage\":{\"@id\":\"https:\\\/\\\/canal7slp.tv\\\/2022\\\/seis-de-junio-el-dia-mas-violento-de-lo-que-va-del-mes\\\/#primaryimage\"},\"image\":{\"@id\":\"https:\\\/\\\/canal7slp.tv\\\/2022\\\/seis-de-junio-el-dia-mas-violento-de-lo-que-va-del-mes\\\/#primaryimage\"},\"thumbnailUrl\":\"https:\\\/\\\/canal7slp.tv\\\/2022\\\/wp-content\\\/uploads\\\/2022\\\/06\\\/07.jpg\",\"datePublished\":\"2022-06-07T18:47:40+00:00\",\"breadcrumb\":{\"@id\":\"https:\\\/\\\/canal7slp.tv\\\/2022\\\/seis-de-junio-el-dia-mas-violento-de-lo-que-va-del-mes\\\/#breadcrumb\"},\"inLanguage\":\"es\",\"potentialAction\":[{\"@type\":\"ReadAction\",\"target\":[\"https:\\\/\\\/canal7slp.tv\\\/2022\\\/seis-de-junio-el-dia-mas-violento-de-lo-que-va-del-mes\\\/\"]}]},{\"@type\":\"ImageObject\",\"inLanguage\":\"es\",\"@id\":\"https:\\\/\\\/canal7slp.tv\\\/2022\\\/seis-de-junio-el-dia-mas-violento-de-lo-que-va-del-mes\\\/#primaryimage\",\"url\":\"https:\\\/\\\/canal7slp.tv\\\/2022\\\/wp-content\\\/uploads\\\/2022\\\/06\\\/07.jpg\",\"contentUrl\":\"https:\\\/\\\/canal7slp.tv\\\/2022\\\/wp-content\\\/uploads\\\/2022\\\/06\\\/07.jpg\",\"width\":600,\"height\":370},{\"@type\":\"BreadcrumbList\",\"@id\":\"https:\\\/\\\/canal7slp.tv\\\/2022\\\/seis-de-junio-el-dia-mas-violento-de-lo-que-va-del-mes\\\/#breadcrumb\",\"itemListElement\":[{\"@type\":\"ListItem\",\"position\":1,\"name\":\"Portada\",\"item\":\"https:\\\/\\\/canal7slp.tv\\\/2022\\\/\"},{\"@type\":\"ListItem\",\"position\":2,\"name\":\"Seis de junio, el d\u00eda m\u00e1s violento de lo que va del mes\"}]},{\"@type\":\"WebSite\",\"@id\":\"https:\\\/\\\/canal7slp.tv\\\/2022\\\/#website\",\"url\":\"https:\\\/\\\/canal7slp.tv\\\/2022\\\/\",\"name\":\"N7 - Noticieros Canal 7\",\"description\":\"Somos Televisi\u00f3n\",\"publisher\":{\"@id\":\"https:\\\/\\\/canal7slp.tv\\\/2022\\\/#organization\"},\"potentialAction\":[{\"@type\":\"SearchAction\",\"target\":{\"@type\":\"EntryPoint\",\"urlTemplate\":\"https:\\\/\\\/canal7slp.tv\\\/2022\\\/?s={search_term_string}\"},\"query-input\":{\"@type\":\"PropertyValueSpecification\",\"valueRequired\":true,\"valueName\":\"search_term_string\"}}],\"inLanguage\":\"es\"},{\"@type\":\"Organization\",\"@id\":\"https:\\\/\\\/canal7slp.tv\\\/2022\\\/#organization\",\"name\":\"Noticieros Canal 7\",\"url\":\"https:\\\/\\\/canal7slp.tv\\\/2022\\\/\",\"logo\":{\"@type\":\"ImageObject\",\"inLanguage\":\"es\",\"@id\":\"https:\\\/\\\/canal7slp.tv\\\/2022\\\/#\\\/schema\\\/logo\\\/image\\\/\",\"url\":\"https:\\\/\\\/canal7slp.tv\\\/2022\\\/wp-content\\\/uploads\\\/2021\\\/01\\\/logo-noticieros@2x.png\",\"contentUrl\":\"https:\\\/\\\/canal7slp.tv\\\/2022\\\/wp-content\\\/uploads\\\/2021\\\/01\\\/logo-noticieros@2x.png\",\"width\":1017,\"height\":268,\"caption\":\"Noticieros Canal 7\"},\"image\":{\"@id\":\"https:\\\/\\\/canal7slp.tv\\\/2022\\\/#\\\/schema\\\/logo\\\/image\\\/\"},\"sameAs\":[\"https:\\\/\\\/www.facebook.com\\\/noticieroscanalsiete\",\"https:\\\/\\\/x.com\\\/NOTICIEROS7\",\"https:\\\/\\\/www.instagram.com\\\/canal7_slp\",\"https:\\\/\\\/www.youtube.com\\\/channel\\\/UCliiYs-gP3JfJeqdPrNdd5A\"]},{\"@type\":\"Person\",\"@id\":\"https:\\\/\\\/canal7slp.tv\\\/2022\\\/#\\\/schema\\\/person\\\/429704152a21f5f856ce29aa69a238da\",\"name\":\"Edici\u00f3n Web\",\"image\":{\"@type\":\"ImageObject\",\"inLanguage\":\"es\",\"@id\":\"https:\\\/\\\/secure.gravatar.com\\\/avatar\\\/eee448fc3f7164808013b816ba91ac7e43bbe82a70bebac296f8bc6f0addaa1a?s=96&d=mm&r=g\",\"url\":\"https:\\\/\\\/secure.gravatar.com\\\/avatar\\\/eee448fc3f7164808013b816ba91ac7e43bbe82a70bebac296f8bc6f0addaa1a?s=96&d=mm&r=g\",\"contentUrl\":\"https:\\\/\\\/secure.gravatar.com\\\/avatar\\\/eee448fc3f7164808013b816ba91ac7e43bbe82a70bebac296f8bc6f0addaa1a?s=96&d=mm&r=g\",\"caption\":\"Edici\u00f3n Web\"},\"url\":\"https:\\\/\\\/canal7slp.tv\\\/2022\\\/author\\\/edicionweb\\\/\"}]}<\/script>\n<!-- \/ Yoast SEO plugin. -->","yoast_head_json":{"title":"Seis de junio, el d\u00eda m\u00e1s violento de lo que va del mes - Canal 7 SLP - 2022","robots":{"index":"index","follow":"follow","max-snippet":"max-snippet:-1","max-image-preview":"max-image-preview:large","max-video-preview":"max-video-preview:-1"},"canonical":"https:\/\/canal7slp.tv\/2022\/seis-de-junio-el-dia-mas-violento-de-lo-que-va-del-mes\/","og_locale":"es_ES","og_type":"article","og_title":"Seis de junio, el d\u00eda m\u00e1s violento de lo que va del mes - Canal 7 SLP - 2022","og_description":"M\u00e9xico.- De acuerdo con el reporte diario de v\u00edctimas de homicidio doloso del gobierno federal, el 6 de junio fueron asesinadas 94 personas en M\u00e9xico. Dicha cifra convierte al primer lunes de junio del presente a\u00f1o en el d\u00eda m\u00e1s violento de lo que va del mes. Del total de v\u00edctimas: 15 murieron en el Estado de M\u00e9xico 13 en Guanajuato 8 en Nuevo Le\u00f3n 7 en Michoac\u00e1n 7 en Guerrero Cabe que durante los primeros seis d\u00edas de junio, suman 463 asesinatos.","og_url":"https:\/\/canal7slp.tv\/2022\/seis-de-junio-el-dia-mas-violento-de-lo-que-va-del-mes\/","og_site_name":"Canal 7 SLP - 2022","article_publisher":"https:\/\/www.facebook.com\/noticieroscanalsiete","article_published_time":"2022-06-07T18:47:40+00:00","og_image":[{"width":600,"height":370,"url":"https:\/\/canal7slp.tv\/2022\/wp-content\/uploads\/2022\/06\/07.jpg","type":"image\/jpeg"}],"author":"Edici\u00f3n Web","twitter_card":"summary_large_image","twitter_creator":"@NOTICIEROS7","twitter_site":"@NOTICIEROS7","twitter_misc":{"Escrito por":"Edici\u00f3n Web","Tiempo de lectura":"1 minuto"},"schema":{"@context":"https:\/\/schema.org","@graph":[{"@type":"Article","@id":"https:\/\/canal7slp.tv\/2022\/seis-de-junio-el-dia-mas-violento-de-lo-que-va-del-mes\/#article","isPartOf":{"@id":"https:\/\/canal7slp.tv\/2022\/seis-de-junio-el-dia-mas-violento-de-lo-que-va-del-mes\/"},"author":{"name":"Edici\u00f3n Web","@id":"https:\/\/canal7slp.tv\/2022\/#\/schema\/person\/429704152a21f5f856ce29aa69a238da"},"headline":"Seis de junio, el d\u00eda m\u00e1s violento de lo que va del mes","datePublished":"2022-06-07T18:47:40+00:00","mainEntityOfPage":{"@id":"https:\/\/canal7slp.tv\/2022\/seis-de-junio-el-dia-mas-violento-de-lo-que-va-del-mes\/"},"wordCount":102,"publisher":{"@id":"https:\/\/canal7slp.tv\/2022\/#organization"},"image":{"@id":"https:\/\/canal7slp.tv\/2022\/seis-de-junio-el-dia-mas-violento-de-lo-que-va-del-mes\/#primaryimage"},"thumbnailUrl":"https:\/\/canal7slp.tv\/2022\/wp-content\/uploads\/2022\/06\/07.jpg","articleSection":["NACIONALES"],"inLanguage":"es"},{"@type":"WebPage","@id":"https:\/\/canal7slp.tv\/2022\/seis-de-junio-el-dia-mas-violento-de-lo-que-va-del-mes\/","url":"https:\/\/canal7slp.tv\/2022\/seis-de-junio-el-dia-mas-violento-de-lo-que-va-del-mes\/","name":"Seis de junio, el d\u00eda m\u00e1s violento de lo que va del mes - Canal 7 SLP - 2022","isPartOf":{"@id":"https:\/\/canal7slp.tv\/2022\/#website"},"primaryImageOfPage":{"@id":"https:\/\/canal7slp.tv\/2022\/seis-de-junio-el-dia-mas-violento-de-lo-que-va-del-mes\/#primaryimage"},"image":{"@id":"https:\/\/canal7slp.tv\/2022\/seis-de-junio-el-dia-mas-violento-de-lo-que-va-del-mes\/#primaryimage"},"thumbnailUrl":"https:\/\/canal7slp.tv\/2022\/wp-content\/uploads\/2022\/06\/07.jpg","datePublished":"2022-06-07T18:47:40+00:00","breadcrumb":{"@id":"https:\/\/canal7slp.tv\/2022\/seis-de-junio-el-dia-mas-violento-de-lo-que-va-del-mes\/#breadcrumb"},"inLanguage":"es","potentialAction":[{"@type":"ReadAction","target":["https:\/\/canal7slp.tv\/2022\/seis-de-junio-el-dia-mas-violento-de-lo-que-va-del-mes\/"]}]},{"@type":"ImageObject","inLanguage":"es","@id":"https:\/\/canal7slp.tv\/2022\/seis-de-junio-el-dia-mas-violento-de-lo-que-va-del-mes\/#primaryimage","url":"https:\/\/canal7slp.tv\/2022\/wp-content\/uploads\/2022\/06\/07.jpg","contentUrl":"https:\/\/canal7slp.tv\/2022\/wp-content\/uploads\/2022\/06\/07.jpg","width":600,"height":370},{"@type":"BreadcrumbList","@id":"https:\/\/canal7slp.tv\/2022\/seis-de-junio-el-dia-mas-violento-de-lo-que-va-del-mes\/#breadcrumb","itemListElement":[{"@type":"ListItem","position":1,"name":"Portada","item":"https:\/\/canal7slp.tv\/2022\/"},{"@type":"ListItem","position":2,"name":"Seis de junio, el d\u00eda m\u00e1s violento de lo que va del mes"}]},{"@type":"WebSite","@id":"https:\/\/canal7slp.tv\/2022\/#website","url":"https:\/\/canal7slp.tv\/2022\/","name":"N7 - Noticieros Canal 7","description":"Somos Televisi\u00f3n","publisher":{"@id":"https:\/\/canal7slp.tv\/2022\/#organization"},"potentialAction":[{"@type":"SearchAction","target":{"@type":"EntryPoint","urlTemplate":"https:\/\/canal7slp.tv\/2022\/?s={search_term_string}"},"query-input":{"@type":"PropertyValueSpecification","valueRequired":true,"valueName":"search_term_string"}}],"inLanguage":"es"},{"@type":"Organization","@id":"https:\/\/canal7slp.tv\/2022\/#organization","name":"Noticieros Canal 7","url":"https:\/\/canal7slp.tv\/2022\/","logo":{"@type":"ImageObject","inLanguage":"es","@id":"https:\/\/canal7slp.tv\/2022\/#\/schema\/logo\/image\/","url":"https:\/\/canal7slp.tv\/2022\/wp-content\/uploads\/2021\/01\/logo-noticieros@2x.png","contentUrl":"https:\/\/canal7slp.tv\/2022\/wp-content\/uploads\/2021\/01\/logo-noticieros@2x.png","width":1017,"height":268,"caption":"Noticieros Canal 7"},"image":{"@id":"https:\/\/canal7slp.tv\/2022\/#\/schema\/logo\/image\/"},"sameAs":["https:\/\/www.facebook.com\/noticieroscanalsiete","https:\/\/x.com\/NOTICIEROS7","https:\/\/www.instagram.com\/canal7_slp","https:\/\/www.youtube.com\/channel\/UCliiYs-gP3JfJeqdPrNdd5A"]},{"@type":"Person","@id":"https:\/\/canal7slp.tv\/2022\/#\/schema\/person\/429704152a21f5f856ce29aa69a238da","name":"Edici\u00f3n Web","image":{"@type":"ImageObject","inLanguage":"es","@id":"https:\/\/secure.gravatar.com\/avatar\/eee448fc3f7164808013b816ba91ac7e43bbe82a70bebac296f8bc6f0addaa1a?s=96&d=mm&r=g","url":"https:\/\/secure.gravatar.com\/avatar\/eee448fc3f7164808013b816ba91ac7e43bbe82a70bebac296f8bc6f0addaa1a?s=96&d=mm&r=g","contentUrl":"https:\/\/secure.gravatar.com\/avatar\/eee448fc3f7164808013b816ba91ac7e43bbe82a70bebac296f8bc6f0addaa1a?s=96&d=mm&r=g","caption":"Edici\u00f3n Web"},"url":"https:\/\/canal7slp.tv\/2022\/author\/edicionweb\/"}]}},"amp_enabled":true,"_links":{"self":[{"href":"https:\/\/canal7slp.tv\/2022\/wp-json\/wp\/v2\/posts\/62766","targetHints":{"allow":["GET"]}}],"collection":[{"href":"https:\/\/canal7slp.tv\/2022\/wp-json\/wp\/v2\/posts"}],"about":[{"href":"https:\/\/canal7slp.tv\/2022\/wp-json\/wp\/v2\/types\/post"}],"author":[{"embeddable":true,"href":"https:\/\/canal7slp.tv\/2022\/wp-json\/wp\/v2\/users\/2"}],"replies":[{"embeddable":true,"href":"https:\/\/canal7slp.tv\/2022\/wp-json\/wp\/v2\/comments?post=62766"}],"version-history":[{"count":2,"href":"https:\/\/canal7slp.tv\/2022\/wp-json\/wp\/v2\/posts\/62766\/revisions"}],"predecessor-version":[{"id":62788,"href":"https:\/\/canal7slp.tv\/2022\/wp-json\/wp\/v2\/posts\/62766\/revisions\/62788"}],"wp:featuredmedia":[{"embeddable":true,"href":"https:\/\/canal7slp.tv\/2022\/wp-json\/wp\/v2\/media\/62780"}],"wp:attachment":[{"href":"https:\/\/canal7slp.tv\/2022\/wp-json\/wp\/v2\/media?parent=62766"}],"wp:term":[{"taxonomy":"category","embeddable":true,"href":"https:\/\/canal7slp.tv\/2022\/wp-json\/wp\/v2\/categories?post=62766"},{"taxonomy":"post_tag","embeddable":true,"href":"https:\/\/canal7slp.tv\/2022\/wp-json\/wp\/v2\/tags?post=62766"}],"curies":[{"name":"wp","href":"https:\/\/api.w.org\/{rel}","templated":true}]}}