{"id":62764,"date":"2022-06-07T12:47:38","date_gmt":"2022-06-07T18:47:38","guid":{"rendered":"https:\/\/canal7slp.tv\/2022\/?p=62764"},"modified":"2022-06-07T12:47:38","modified_gmt":"2022-06-07T18:47:38","slug":"federacion-anuncia-plan-de-seguridad-social-para-periodistas-independientes","status":"publish","type":"post","link":"https:\/\/canal7slp.tv\/2022\/federacion-anuncia-plan-de-seguridad-social-para-periodistas-independientes\/","title":{"rendered":"Federaci\u00f3n anuncia plan de seguridad social para periodistas independientes"},"content":{"rendered":"<p style=\"text-align: justify;\">M\u00e9xico.- El Gobierno de M\u00e9xico anunci\u00f3 un plan de seguridad social para periodistas que trabajan de manera independiente, para lo que se destinar\u00e1 25% del presupuesto gubernamental para su publicidad.<\/p>\n<p style=\"text-align: justify;\">Durante \u201cLa Ma\u00f1anera\u201d, el presidente Andr\u00e9s Manuel L\u00f3pez Obrador se\u00f1al\u00f3 que con esto se busca garantizar la seguridad social, atenci\u00f3n m\u00e9dica, entre otros apoyos para los reporteros que ejercen la profesi\u00f3n como \u201cfreelance\u201d.<\/p>\n<p style=\"text-align: justify;\">\u201cHoy vamos a dar a conocer el plan de seguridad social para periodistas que se dedican a este noble oficio por su cuenta y que est\u00e1n desamparados, y se ha tomado la decisi\u00f3n de destinar un porcentaje del presupuesto de publicidad del gobierno, el 25% del gasto total de publicidad para apoyar a periodistas que trabajan por su cuenta, por cuenta propia y garantizarles la seguridad social, la atenci\u00f3n m\u00e9dica, y otros beneficios de seguridad social, y otras prestaciones\u201d, coment\u00f3.<\/p>\n<p style=\"text-align: justify;\">Para poder ser beneficiario de dicho programa, los periodistas deber\u00e1n ejercer como tipo \u201cfreelance\u201d, o sea independientes y que est\u00e1n desamparados.<\/p>\n<p style=\"text-align: justify;\">Gobierno Federal detall\u00f3 que ser\u00e1n beneficiados con:<\/p>\n<ul style=\"text-align: justify;\">\n<li>Seguro de enfermedades y maternidad<\/li>\n<li>Seguro de riesgos de trabajo<\/li>\n<li>Seguro de invalidez y vida<\/li>\n<li>Seguro de retiro<\/li>\n<li>Seguro de guarder\u00edas y prestaciones sociales<\/li>\n<\/ul>\n<p style=\"text-align: justify;\">Para esto, los interesados deber\u00e1n presentar la siguiente documentaci\u00f3n en la plataforma de registro http:\/\/imss.gob.mx\/periodistas-por-cuenta-propia:<\/p>\n<ul>\n<li style=\"text-align: justify;\">CURP<\/li>\n<li style=\"text-align: justify;\">N\u00famero de Seguridad Social<\/li>\n<li style=\"text-align: justify;\">RFC y e.firma<\/li>\n<li style=\"text-align: justify;\">Curr\u00edculum Vitae<\/li>\n<li style=\"text-align: justify;\">Haber trabajado en un medio de comunicaci\u00f3n<\/li>\n<li style=\"text-align: justify;\">Evidencia de trabajo publicada los \u00faltimos 12 meses<\/li>\n<li style=\"text-align: justify;\">Firma aut\u00f3grafa de la autor\u00eda de su trabajo (para verificar que no haya plagios)<\/li>\n<\/ul>\n","protected":false},"excerpt":{"rendered":"<p>M\u00e9xico.- El Gobierno de M\u00e9xico anunci\u00f3 un plan de seguridad social para periodistas que trabajan de manera independiente, para lo que se destinar\u00e1 25% del presupuesto gubernamental para su publicidad. Durante \u201cLa Ma\u00f1anera\u201d, el presidente Andr\u00e9s Manuel L\u00f3pez Obrador se\u00f1al\u00f3 que con esto se busca garantizar la seguridad social, atenci\u00f3n m\u00e9dica, entre otros apoyos para los reporteros que ejercen la profesi\u00f3n como \u201cfreelance\u201d. \u201cHoy vamos a dar a conocer el plan de seguridad social para periodistas que se dedican a este noble oficio por su cuenta y que est\u00e1n desamparados, y se ha tomado la decisi\u00f3n de destinar un porcentaje [&hellip;]<\/p>\n","protected":false},"author":2,"featured_media":62779,"comment_status":"closed","ping_status":"closed","sticky":false,"template":"","format":"standard","meta":{"footnotes":""},"categories":[46],"tags":[],"class_list":["post-62764","post","type-post","status-publish","format-standard","has-post-thumbnail","hentry","category-nacional","post--single"],"yoast_head":"<!-- This site is optimized with the Yoast SEO plugin v27.5 - https:\/\/yoast.com\/product\/yoast-seo-wordpress\/ -->\n<title>Federaci\u00f3n anuncia plan de seguridad social para periodistas independientes - Canal 7 SLP - 2022<\/title>\n<meta name=\"robots\" content=\"index, follow, max-snippet:-1, max-image-preview:large, max-video-preview:-1\" \/>\n<link rel=\"canonical\" href=\"https:\/\/canal7slp.tv\/2022\/federacion-anuncia-plan-de-seguridad-social-para-periodistas-independientes\/\" \/>\n<meta property=\"og:locale\" content=\"es_ES\" \/>\n<meta property=\"og:type\" content=\"article\" \/>\n<meta property=\"og:title\" content=\"Federaci\u00f3n anuncia plan de seguridad social para periodistas independientes - Canal 7 SLP - 2022\" \/>\n<meta property=\"og:description\" content=\"M\u00e9xico.- El Gobierno de M\u00e9xico anunci\u00f3 un plan de seguridad social para periodistas que trabajan de manera independiente, para lo que se destinar\u00e1 25% del presupuesto gubernamental para su publicidad. Durante \u201cLa Ma\u00f1anera\u201d, el presidente Andr\u00e9s Manuel L\u00f3pez Obrador se\u00f1al\u00f3 que con esto se busca garantizar la seguridad social, atenci\u00f3n m\u00e9dica, entre otros apoyos para los reporteros que ejercen la profesi\u00f3n como \u201cfreelance\u201d. \u201cHoy vamos a dar a conocer el plan de seguridad social para periodistas que se dedican a este noble oficio por su cuenta y que est\u00e1n desamparados, y se ha tomado la decisi\u00f3n de destinar un porcentaje [&hellip;]\" \/>\n<meta property=\"og:url\" content=\"https:\/\/canal7slp.tv\/2022\/federacion-anuncia-plan-de-seguridad-social-para-periodistas-independientes\/\" \/>\n<meta property=\"og:site_name\" content=\"Canal 7 SLP - 2022\" \/>\n<meta property=\"article:publisher\" content=\"https:\/\/www.facebook.com\/noticieroscanalsiete\" \/>\n<meta property=\"article:published_time\" content=\"2022-06-07T18:47:38+00:00\" \/>\n<meta property=\"og:image\" content=\"https:\/\/canal7slp.tv\/2022\/wp-content\/uploads\/2022\/06\/05.jpeg\" \/>\n\t<meta property=\"og:image:width\" content=\"1920\" \/>\n\t<meta property=\"og:image:height\" content=\"1280\" \/>\n\t<meta property=\"og:image:type\" content=\"image\/jpeg\" \/>\n<meta name=\"author\" content=\"Edici\u00f3n Web\" \/>\n<meta name=\"twitter:card\" content=\"summary_large_image\" \/>\n<meta name=\"twitter:creator\" content=\"@NOTICIEROS7\" \/>\n<meta name=\"twitter:site\" content=\"@NOTICIEROS7\" \/>\n<meta name=\"twitter:label1\" content=\"Escrito por\" \/>\n\t<meta name=\"twitter:data1\" content=\"Edici\u00f3n Web\" \/>\n\t<meta name=\"twitter:label2\" content=\"Tiempo de lectura\" \/>\n\t<meta name=\"twitter:data2\" content=\"2 minutos\" \/>\n<script type=\"application\/ld+json\" class=\"yoast-schema-graph\">{\"@context\":\"https:\\\/\\\/schema.org\",\"@graph\":[{\"@type\":\"Article\",\"@id\":\"https:\\\/\\\/canal7slp.tv\\\/2022\\\/federacion-anuncia-plan-de-seguridad-social-para-periodistas-independientes\\\/#article\",\"isPartOf\":{\"@id\":\"https:\\\/\\\/canal7slp.tv\\\/2022\\\/federacion-anuncia-plan-de-seguridad-social-para-periodistas-independientes\\\/\"},\"author\":{\"name\":\"Edici\u00f3n Web\",\"@id\":\"https:\\\/\\\/canal7slp.tv\\\/2022\\\/#\\\/schema\\\/person\\\/429704152a21f5f856ce29aa69a238da\"},\"headline\":\"Federaci\u00f3n anuncia plan de seguridad social para periodistas independientes\",\"datePublished\":\"2022-06-07T18:47:38+00:00\",\"mainEntityOfPage\":{\"@id\":\"https:\\\/\\\/canal7slp.tv\\\/2022\\\/federacion-anuncia-plan-de-seguridad-social-para-periodistas-independientes\\\/\"},\"wordCount\":286,\"publisher\":{\"@id\":\"https:\\\/\\\/canal7slp.tv\\\/2022\\\/#organization\"},\"image\":{\"@id\":\"https:\\\/\\\/canal7slp.tv\\\/2022\\\/federacion-anuncia-plan-de-seguridad-social-para-periodistas-independientes\\\/#primaryimage\"},\"thumbnailUrl\":\"https:\\\/\\\/canal7slp.tv\\\/2022\\\/wp-content\\\/uploads\\\/2022\\\/06\\\/05.jpeg\",\"articleSection\":[\"NACIONALES\"],\"inLanguage\":\"es\"},{\"@type\":\"WebPage\",\"@id\":\"https:\\\/\\\/canal7slp.tv\\\/2022\\\/federacion-anuncia-plan-de-seguridad-social-para-periodistas-independientes\\\/\",\"url\":\"https:\\\/\\\/canal7slp.tv\\\/2022\\\/federacion-anuncia-plan-de-seguridad-social-para-periodistas-independientes\\\/\",\"name\":\"Federaci\u00f3n anuncia plan de seguridad social para periodistas independientes - Canal 7 SLP - 2022\",\"isPartOf\":{\"@id\":\"https:\\\/\\\/canal7slp.tv\\\/2022\\\/#website\"},\"primaryImageOfPage\":{\"@id\":\"https:\\\/\\\/canal7slp.tv\\\/2022\\\/federacion-anuncia-plan-de-seguridad-social-para-periodistas-independientes\\\/#primaryimage\"},\"image\":{\"@id\":\"https:\\\/\\\/canal7slp.tv\\\/2022\\\/federacion-anuncia-plan-de-seguridad-social-para-periodistas-independientes\\\/#primaryimage\"},\"thumbnailUrl\":\"https:\\\/\\\/canal7slp.tv\\\/2022\\\/wp-content\\\/uploads\\\/2022\\\/06\\\/05.jpeg\",\"datePublished\":\"2022-06-07T18:47:38+00:00\",\"breadcrumb\":{\"@id\":\"https:\\\/\\\/canal7slp.tv\\\/2022\\\/federacion-anuncia-plan-de-seguridad-social-para-periodistas-independientes\\\/#breadcrumb\"},\"inLanguage\":\"es\",\"potentialAction\":[{\"@type\":\"ReadAction\",\"target\":[\"https:\\\/\\\/canal7slp.tv\\\/2022\\\/federacion-anuncia-plan-de-seguridad-social-para-periodistas-independientes\\\/\"]}]},{\"@type\":\"ImageObject\",\"inLanguage\":\"es\",\"@id\":\"https:\\\/\\\/canal7slp.tv\\\/2022\\\/federacion-anuncia-plan-de-seguridad-social-para-periodistas-independientes\\\/#primaryimage\",\"url\":\"https:\\\/\\\/canal7slp.tv\\\/2022\\\/wp-content\\\/uploads\\\/2022\\\/06\\\/05.jpeg\",\"contentUrl\":\"https:\\\/\\\/canal7slp.tv\\\/2022\\\/wp-content\\\/uploads\\\/2022\\\/06\\\/05.jpeg\",\"width\":1920,\"height\":1280,\"caption\":\"M\u00c9RIDA, YUCAT\u00c1N, 16FEBRERO2022.- Hoy por la ma\u00f1ana los periodistas Herberth Escalante, Javier Escalante y Lilia Balam, acudieron al Congreso del Estado para entregar a la Oficial\u00eda de Partes una iniciativa para reformar el C\u00f3digo Penal estatal con el fin de que el delito por difamaci\u00f3n sea derogado. Yucat\u00e1n es uno de los siete estados del pa\u00eds donde todav\u00eda se castiga la difamaci\u00f3n hasta con dos a\u00f1os de prisi\u00f3n, a pesar de que desde el 2007 se eliminaron los delitos contra el honor en el C\u00f3digo Penal Federal. FOTO: MART\u00ccN ZETINA\\\/CUARTOSCURO.COM\"},{\"@type\":\"BreadcrumbList\",\"@id\":\"https:\\\/\\\/canal7slp.tv\\\/2022\\\/federacion-anuncia-plan-de-seguridad-social-para-periodistas-independientes\\\/#breadcrumb\",\"itemListElement\":[{\"@type\":\"ListItem\",\"position\":1,\"name\":\"Portada\",\"item\":\"https:\\\/\\\/canal7slp.tv\\\/2022\\\/\"},{\"@type\":\"ListItem\",\"position\":2,\"name\":\"Federaci\u00f3n anuncia plan de seguridad social para periodistas independientes\"}]},{\"@type\":\"WebSite\",\"@id\":\"https:\\\/\\\/canal7slp.tv\\\/2022\\\/#website\",\"url\":\"https:\\\/\\\/canal7slp.tv\\\/2022\\\/\",\"name\":\"N7 - Noticieros Canal 7\",\"description\":\"Somos Televisi\u00f3n\",\"publisher\":{\"@id\":\"https:\\\/\\\/canal7slp.tv\\\/2022\\\/#organization\"},\"potentialAction\":[{\"@type\":\"SearchAction\",\"target\":{\"@type\":\"EntryPoint\",\"urlTemplate\":\"https:\\\/\\\/canal7slp.tv\\\/2022\\\/?s={search_term_string}\"},\"query-input\":{\"@type\":\"PropertyValueSpecification\",\"valueRequired\":true,\"valueName\":\"search_term_string\"}}],\"inLanguage\":\"es\"},{\"@type\":\"Organization\",\"@id\":\"https:\\\/\\\/canal7slp.tv\\\/2022\\\/#organization\",\"name\":\"Noticieros Canal 7\",\"url\":\"https:\\\/\\\/canal7slp.tv\\\/2022\\\/\",\"logo\":{\"@type\":\"ImageObject\",\"inLanguage\":\"es\",\"@id\":\"https:\\\/\\\/canal7slp.tv\\\/2022\\\/#\\\/schema\\\/logo\\\/image\\\/\",\"url\":\"https:\\\/\\\/canal7slp.tv\\\/2022\\\/wp-content\\\/uploads\\\/2021\\\/01\\\/logo-noticieros@2x.png\",\"contentUrl\":\"https:\\\/\\\/canal7slp.tv\\\/2022\\\/wp-content\\\/uploads\\\/2021\\\/01\\\/logo-noticieros@2x.png\",\"width\":1017,\"height\":268,\"caption\":\"Noticieros Canal 7\"},\"image\":{\"@id\":\"https:\\\/\\\/canal7slp.tv\\\/2022\\\/#\\\/schema\\\/logo\\\/image\\\/\"},\"sameAs\":[\"https:\\\/\\\/www.facebook.com\\\/noticieroscanalsiete\",\"https:\\\/\\\/x.com\\\/NOTICIEROS7\",\"https:\\\/\\\/www.instagram.com\\\/canal7_slp\",\"https:\\\/\\\/www.youtube.com\\\/channel\\\/UCliiYs-gP3JfJeqdPrNdd5A\"]},{\"@type\":\"Person\",\"@id\":\"https:\\\/\\\/canal7slp.tv\\\/2022\\\/#\\\/schema\\\/person\\\/429704152a21f5f856ce29aa69a238da\",\"name\":\"Edici\u00f3n Web\",\"image\":{\"@type\":\"ImageObject\",\"inLanguage\":\"es\",\"@id\":\"https:\\\/\\\/secure.gravatar.com\\\/avatar\\\/eee448fc3f7164808013b816ba91ac7e43bbe82a70bebac296f8bc6f0addaa1a?s=96&d=mm&r=g\",\"url\":\"https:\\\/\\\/secure.gravatar.com\\\/avatar\\\/eee448fc3f7164808013b816ba91ac7e43bbe82a70bebac296f8bc6f0addaa1a?s=96&d=mm&r=g\",\"contentUrl\":\"https:\\\/\\\/secure.gravatar.com\\\/avatar\\\/eee448fc3f7164808013b816ba91ac7e43bbe82a70bebac296f8bc6f0addaa1a?s=96&d=mm&r=g\",\"caption\":\"Edici\u00f3n Web\"},\"url\":\"https:\\\/\\\/canal7slp.tv\\\/2022\\\/author\\\/edicionweb\\\/\"}]}<\/script>\n<!-- \/ Yoast SEO plugin. -->","yoast_head_json":{"title":"Federaci\u00f3n anuncia plan de seguridad social para periodistas independientes - Canal 7 SLP - 2022","robots":{"index":"index","follow":"follow","max-snippet":"max-snippet:-1","max-image-preview":"max-image-preview:large","max-video-preview":"max-video-preview:-1"},"canonical":"https:\/\/canal7slp.tv\/2022\/federacion-anuncia-plan-de-seguridad-social-para-periodistas-independientes\/","og_locale":"es_ES","og_type":"article","og_title":"Federaci\u00f3n anuncia plan de seguridad social para periodistas independientes - Canal 7 SLP - 2022","og_description":"M\u00e9xico.- El Gobierno de M\u00e9xico anunci\u00f3 un plan de seguridad social para periodistas que trabajan de manera independiente, para lo que se destinar\u00e1 25% del presupuesto gubernamental para su publicidad. Durante \u201cLa Ma\u00f1anera\u201d, el presidente Andr\u00e9s Manuel L\u00f3pez Obrador se\u00f1al\u00f3 que con esto se busca garantizar la seguridad social, atenci\u00f3n m\u00e9dica, entre otros apoyos para los reporteros que ejercen la profesi\u00f3n como \u201cfreelance\u201d. \u201cHoy vamos a dar a conocer el plan de seguridad social para periodistas que se dedican a este noble oficio por su cuenta y que est\u00e1n desamparados, y se ha tomado la decisi\u00f3n de destinar un porcentaje [&hellip;]","og_url":"https:\/\/canal7slp.tv\/2022\/federacion-anuncia-plan-de-seguridad-social-para-periodistas-independientes\/","og_site_name":"Canal 7 SLP - 2022","article_publisher":"https:\/\/www.facebook.com\/noticieroscanalsiete","article_published_time":"2022-06-07T18:47:38+00:00","og_image":[{"width":1920,"height":1280,"url":"https:\/\/canal7slp.tv\/2022\/wp-content\/uploads\/2022\/06\/05.jpeg","type":"image\/jpeg"}],"author":"Edici\u00f3n Web","twitter_card":"summary_large_image","twitter_creator":"@NOTICIEROS7","twitter_site":"@NOTICIEROS7","twitter_misc":{"Escrito por":"Edici\u00f3n Web","Tiempo de lectura":"2 minutos"},"schema":{"@context":"https:\/\/schema.org","@graph":[{"@type":"Article","@id":"https:\/\/canal7slp.tv\/2022\/federacion-anuncia-plan-de-seguridad-social-para-periodistas-independientes\/#article","isPartOf":{"@id":"https:\/\/canal7slp.tv\/2022\/federacion-anuncia-plan-de-seguridad-social-para-periodistas-independientes\/"},"author":{"name":"Edici\u00f3n Web","@id":"https:\/\/canal7slp.tv\/2022\/#\/schema\/person\/429704152a21f5f856ce29aa69a238da"},"headline":"Federaci\u00f3n anuncia plan de seguridad social para periodistas independientes","datePublished":"2022-06-07T18:47:38+00:00","mainEntityOfPage":{"@id":"https:\/\/canal7slp.tv\/2022\/federacion-anuncia-plan-de-seguridad-social-para-periodistas-independientes\/"},"wordCount":286,"publisher":{"@id":"https:\/\/canal7slp.tv\/2022\/#organization"},"image":{"@id":"https:\/\/canal7slp.tv\/2022\/federacion-anuncia-plan-de-seguridad-social-para-periodistas-independientes\/#primaryimage"},"thumbnailUrl":"https:\/\/canal7slp.tv\/2022\/wp-content\/uploads\/2022\/06\/05.jpeg","articleSection":["NACIONALES"],"inLanguage":"es"},{"@type":"WebPage","@id":"https:\/\/canal7slp.tv\/2022\/federacion-anuncia-plan-de-seguridad-social-para-periodistas-independientes\/","url":"https:\/\/canal7slp.tv\/2022\/federacion-anuncia-plan-de-seguridad-social-para-periodistas-independientes\/","name":"Federaci\u00f3n anuncia plan de seguridad social para periodistas independientes - Canal 7 SLP - 2022","isPartOf":{"@id":"https:\/\/canal7slp.tv\/2022\/#website"},"primaryImageOfPage":{"@id":"https:\/\/canal7slp.tv\/2022\/federacion-anuncia-plan-de-seguridad-social-para-periodistas-independientes\/#primaryimage"},"image":{"@id":"https:\/\/canal7slp.tv\/2022\/federacion-anuncia-plan-de-seguridad-social-para-periodistas-independientes\/#primaryimage"},"thumbnailUrl":"https:\/\/canal7slp.tv\/2022\/wp-content\/uploads\/2022\/06\/05.jpeg","datePublished":"2022-06-07T18:47:38+00:00","breadcrumb":{"@id":"https:\/\/canal7slp.tv\/2022\/federacion-anuncia-plan-de-seguridad-social-para-periodistas-independientes\/#breadcrumb"},"inLanguage":"es","potentialAction":[{"@type":"ReadAction","target":["https:\/\/canal7slp.tv\/2022\/federacion-anuncia-plan-de-seguridad-social-para-periodistas-independientes\/"]}]},{"@type":"ImageObject","inLanguage":"es","@id":"https:\/\/canal7slp.tv\/2022\/federacion-anuncia-plan-de-seguridad-social-para-periodistas-independientes\/#primaryimage","url":"https:\/\/canal7slp.tv\/2022\/wp-content\/uploads\/2022\/06\/05.jpeg","contentUrl":"https:\/\/canal7slp.tv\/2022\/wp-content\/uploads\/2022\/06\/05.jpeg","width":1920,"height":1280,"caption":"M\u00c9RIDA, YUCAT\u00c1N, 16FEBRERO2022.- Hoy por la ma\u00f1ana los periodistas Herberth Escalante, Javier Escalante y Lilia Balam, acudieron al Congreso del Estado para entregar a la Oficial\u00eda de Partes una iniciativa para reformar el C\u00f3digo Penal estatal con el fin de que el delito por difamaci\u00f3n sea derogado. Yucat\u00e1n es uno de los siete estados del pa\u00eds donde todav\u00eda se castiga la difamaci\u00f3n hasta con dos a\u00f1os de prisi\u00f3n, a pesar de que desde el 2007 se eliminaron los delitos contra el honor en el C\u00f3digo Penal Federal. FOTO: MART\u00ccN ZETINA\/CUARTOSCURO.COM"},{"@type":"BreadcrumbList","@id":"https:\/\/canal7slp.tv\/2022\/federacion-anuncia-plan-de-seguridad-social-para-periodistas-independientes\/#breadcrumb","itemListElement":[{"@type":"ListItem","position":1,"name":"Portada","item":"https:\/\/canal7slp.tv\/2022\/"},{"@type":"ListItem","position":2,"name":"Federaci\u00f3n anuncia plan de seguridad social para periodistas independientes"}]},{"@type":"WebSite","@id":"https:\/\/canal7slp.tv\/2022\/#website","url":"https:\/\/canal7slp.tv\/2022\/","name":"N7 - Noticieros Canal 7","description":"Somos Televisi\u00f3n","publisher":{"@id":"https:\/\/canal7slp.tv\/2022\/#organization"},"potentialAction":[{"@type":"SearchAction","target":{"@type":"EntryPoint","urlTemplate":"https:\/\/canal7slp.tv\/2022\/?s={search_term_string}"},"query-input":{"@type":"PropertyValueSpecification","valueRequired":true,"valueName":"search_term_string"}}],"inLanguage":"es"},{"@type":"Organization","@id":"https:\/\/canal7slp.tv\/2022\/#organization","name":"Noticieros Canal 7","url":"https:\/\/canal7slp.tv\/2022\/","logo":{"@type":"ImageObject","inLanguage":"es","@id":"https:\/\/canal7slp.tv\/2022\/#\/schema\/logo\/image\/","url":"https:\/\/canal7slp.tv\/2022\/wp-content\/uploads\/2021\/01\/logo-noticieros@2x.png","contentUrl":"https:\/\/canal7slp.tv\/2022\/wp-content\/uploads\/2021\/01\/logo-noticieros@2x.png","width":1017,"height":268,"caption":"Noticieros Canal 7"},"image":{"@id":"https:\/\/canal7slp.tv\/2022\/#\/schema\/logo\/image\/"},"sameAs":["https:\/\/www.facebook.com\/noticieroscanalsiete","https:\/\/x.com\/NOTICIEROS7","https:\/\/www.instagram.com\/canal7_slp","https:\/\/www.youtube.com\/channel\/UCliiYs-gP3JfJeqdPrNdd5A"]},{"@type":"Person","@id":"https:\/\/canal7slp.tv\/2022\/#\/schema\/person\/429704152a21f5f856ce29aa69a238da","name":"Edici\u00f3n Web","image":{"@type":"ImageObject","inLanguage":"es","@id":"https:\/\/secure.gravatar.com\/avatar\/eee448fc3f7164808013b816ba91ac7e43bbe82a70bebac296f8bc6f0addaa1a?s=96&d=mm&r=g","url":"https:\/\/secure.gravatar.com\/avatar\/eee448fc3f7164808013b816ba91ac7e43bbe82a70bebac296f8bc6f0addaa1a?s=96&d=mm&r=g","contentUrl":"https:\/\/secure.gravatar.com\/avatar\/eee448fc3f7164808013b816ba91ac7e43bbe82a70bebac296f8bc6f0addaa1a?s=96&d=mm&r=g","caption":"Edici\u00f3n Web"},"url":"https:\/\/canal7slp.tv\/2022\/author\/edicionweb\/"}]}},"amp_enabled":true,"_links":{"self":[{"href":"https:\/\/canal7slp.tv\/2022\/wp-json\/wp\/v2\/posts\/62764","targetHints":{"allow":["GET"]}}],"collection":[{"href":"https:\/\/canal7slp.tv\/2022\/wp-json\/wp\/v2\/posts"}],"about":[{"href":"https:\/\/canal7slp.tv\/2022\/wp-json\/wp\/v2\/types\/post"}],"author":[{"embeddable":true,"href":"https:\/\/canal7slp.tv\/2022\/wp-json\/wp\/v2\/users\/2"}],"replies":[{"embeddable":true,"href":"https:\/\/canal7slp.tv\/2022\/wp-json\/wp\/v2\/comments?post=62764"}],"version-history":[{"count":2,"href":"https:\/\/canal7slp.tv\/2022\/wp-json\/wp\/v2\/posts\/62764\/revisions"}],"predecessor-version":[{"id":62787,"href":"https:\/\/canal7slp.tv\/2022\/wp-json\/wp\/v2\/posts\/62764\/revisions\/62787"}],"wp:featuredmedia":[{"embeddable":true,"href":"https:\/\/canal7slp.tv\/2022\/wp-json\/wp\/v2\/media\/62779"}],"wp:attachment":[{"href":"https:\/\/canal7slp.tv\/2022\/wp-json\/wp\/v2\/media?parent=62764"}],"wp:term":[{"taxonomy":"category","embeddable":true,"href":"https:\/\/canal7slp.tv\/2022\/wp-json\/wp\/v2\/categories?post=62764"},{"taxonomy":"post_tag","embeddable":true,"href":"https:\/\/canal7slp.tv\/2022\/wp-json\/wp\/v2\/tags?post=62764"}],"curies":[{"name":"wp","href":"https:\/\/api.w.org\/{rel}","templated":true}]}}