{"id":62762,"date":"2022-06-07T12:47:36","date_gmt":"2022-06-07T18:47:36","guid":{"rendered":"https:\/\/canal7slp.tv\/2022\/?p=62762"},"modified":"2022-06-07T12:47:36","modified_gmt":"2022-06-07T18:47:36","slug":"emilio-lozoya-no-ha-cumplido-con-la-reparacion-del-dano-senala-fgr","status":"publish","type":"post","link":"https:\/\/canal7slp.tv\/2022\/emilio-lozoya-no-ha-cumplido-con-la-reparacion-del-dano-senala-fgr\/","title":{"rendered":"Emilio Lozoya no ha cumplido con la reparaci\u00f3n del da\u00f1o, se\u00f1ala FGR"},"content":{"rendered":"<p style=\"text-align: justify;\">M\u00e9xico.- La Fiscal\u00eda General de la Rep\u00fablica (FGR), dio a conocer que Emilio Lozoya Austin no ha reparado el da\u00f1o en ninguno de los casos que se tiene contra del se\u00f1alado.<\/p>\n<p style=\"text-align: justify;\">Por tal motivo, la FGR detall\u00f3 que:<\/p>\n<ul style=\"text-align: justify;\">\n<li>En el caso Odebrecht, Emilio \u201cL\u201d no ha cumplido con la reparaci\u00f3n del da\u00f1o que es obligatoria en el caso. Contin\u00faa el procedimiento sin ning\u00fan beneficio procesal.<\/li>\n<li>En el caso Agronitrogenados, Emilio \u201cL\u201d no ha cumplido con la reparaci\u00f3n del da\u00f1o que es obligatoria. Se le tienen embargados bienes sometidos a extinci\u00f3n de dominio. El procedimiento penal contin\u00faa sin ning\u00fan beneficio procesal.<\/li>\n<\/ul>\n<p style=\"text-align: justify;\">Aunado a esto, la dependencia puntualiz\u00f3 que en el caso de un adeudo fiscal de Emilio \u201cL\u201d por pago de impuestos, dicho pago lo ha estado gestionando a trav\u00e9s de la Procuradur\u00eda Fiscal de la Secretar\u00eda de Hacienda y Cr\u00e9dito P\u00fablico, situaci\u00f3n que se encuentra en tr\u00e1mite.<\/p>\n<p style=\"text-align: justify;\">Cabe se\u00f1alar que dicho pago de impuestos no tiene vinculaci\u00f3n de ninguna naturaleza, ni conexi\u00f3n de ning\u00fan tipo con los dos casos anteriores.<\/p>\n","protected":false},"excerpt":{"rendered":"<p>M\u00e9xico.- La Fiscal\u00eda General de la Rep\u00fablica (FGR), dio a conocer que Emilio Lozoya Austin no ha reparado el da\u00f1o en ninguno de los casos que se tiene contra del se\u00f1alado. Por tal motivo, la FGR detall\u00f3 que: En el caso Odebrecht, Emilio \u201cL\u201d no ha cumplido con la reparaci\u00f3n del da\u00f1o que es obligatoria en el caso. Contin\u00faa el procedimiento sin ning\u00fan beneficio procesal. En el caso Agronitrogenados, Emilio \u201cL\u201d no ha cumplido con la reparaci\u00f3n del da\u00f1o que es obligatoria. Se le tienen embargados bienes sometidos a extinci\u00f3n de dominio. El procedimiento penal contin\u00faa sin ning\u00fan beneficio procesal. [&hellip;]<\/p>\n","protected":false},"author":2,"featured_media":62776,"comment_status":"closed","ping_status":"closed","sticky":false,"template":"","format":"standard","meta":{"footnotes":""},"categories":[46],"tags":[],"class_list":["post-62762","post","type-post","status-publish","format-standard","has-post-thumbnail","hentry","category-nacional","post--single"],"yoast_head":"<!-- This site is optimized with the Yoast SEO plugin v27.5 - https:\/\/yoast.com\/product\/yoast-seo-wordpress\/ -->\n<title>Emilio Lozoya no ha cumplido con la reparaci\u00f3n del da\u00f1o, se\u00f1ala FGR - Canal 7 SLP - 2022<\/title>\n<meta name=\"robots\" content=\"index, follow, max-snippet:-1, max-image-preview:large, max-video-preview:-1\" \/>\n<link rel=\"canonical\" href=\"https:\/\/canal7slp.tv\/2022\/emilio-lozoya-no-ha-cumplido-con-la-reparacion-del-dano-senala-fgr\/\" \/>\n<meta property=\"og:locale\" content=\"es_ES\" \/>\n<meta property=\"og:type\" content=\"article\" \/>\n<meta property=\"og:title\" content=\"Emilio Lozoya no ha cumplido con la reparaci\u00f3n del da\u00f1o, se\u00f1ala FGR - Canal 7 SLP - 2022\" \/>\n<meta property=\"og:description\" content=\"M\u00e9xico.- La Fiscal\u00eda General de la Rep\u00fablica (FGR), dio a conocer que Emilio Lozoya Austin no ha reparado el da\u00f1o en ninguno de los casos que se tiene contra del se\u00f1alado. Por tal motivo, la FGR detall\u00f3 que: En el caso Odebrecht, Emilio \u201cL\u201d no ha cumplido con la reparaci\u00f3n del da\u00f1o que es obligatoria en el caso. Contin\u00faa el procedimiento sin ning\u00fan beneficio procesal. En el caso Agronitrogenados, Emilio \u201cL\u201d no ha cumplido con la reparaci\u00f3n del da\u00f1o que es obligatoria. Se le tienen embargados bienes sometidos a extinci\u00f3n de dominio. El procedimiento penal contin\u00faa sin ning\u00fan beneficio procesal. [&hellip;]\" \/>\n<meta property=\"og:url\" content=\"https:\/\/canal7slp.tv\/2022\/emilio-lozoya-no-ha-cumplido-con-la-reparacion-del-dano-senala-fgr\/\" \/>\n<meta property=\"og:site_name\" content=\"Canal 7 SLP - 2022\" \/>\n<meta property=\"article:publisher\" content=\"https:\/\/www.facebook.com\/noticieroscanalsiete\" \/>\n<meta property=\"article:published_time\" content=\"2022-06-07T18:47:36+00:00\" \/>\n<meta property=\"og:image\" content=\"https:\/\/canal7slp.tv\/2022\/wp-content\/uploads\/2022\/06\/03-4.jpg\" \/>\n\t<meta property=\"og:image:width\" content=\"640\" \/>\n\t<meta property=\"og:image:height\" content=\"360\" \/>\n\t<meta property=\"og:image:type\" content=\"image\/jpeg\" \/>\n<meta name=\"author\" content=\"Edici\u00f3n Web\" \/>\n<meta name=\"twitter:card\" content=\"summary_large_image\" \/>\n<meta name=\"twitter:creator\" content=\"@NOTICIEROS7\" \/>\n<meta name=\"twitter:site\" content=\"@NOTICIEROS7\" \/>\n<meta name=\"twitter:label1\" content=\"Escrito por\" \/>\n\t<meta name=\"twitter:data1\" content=\"Edici\u00f3n Web\" \/>\n\t<meta name=\"twitter:label2\" content=\"Tiempo de lectura\" \/>\n\t<meta name=\"twitter:data2\" content=\"1 minuto\" \/>\n<script type=\"application\/ld+json\" class=\"yoast-schema-graph\">{\"@context\":\"https:\\\/\\\/schema.org\",\"@graph\":[{\"@type\":\"Article\",\"@id\":\"https:\\\/\\\/canal7slp.tv\\\/2022\\\/emilio-lozoya-no-ha-cumplido-con-la-reparacion-del-dano-senala-fgr\\\/#article\",\"isPartOf\":{\"@id\":\"https:\\\/\\\/canal7slp.tv\\\/2022\\\/emilio-lozoya-no-ha-cumplido-con-la-reparacion-del-dano-senala-fgr\\\/\"},\"author\":{\"name\":\"Edici\u00f3n Web\",\"@id\":\"https:\\\/\\\/canal7slp.tv\\\/2022\\\/#\\\/schema\\\/person\\\/429704152a21f5f856ce29aa69a238da\"},\"headline\":\"Emilio Lozoya no ha cumplido con la reparaci\u00f3n del da\u00f1o, se\u00f1ala FGR\",\"datePublished\":\"2022-06-07T18:47:36+00:00\",\"mainEntityOfPage\":{\"@id\":\"https:\\\/\\\/canal7slp.tv\\\/2022\\\/emilio-lozoya-no-ha-cumplido-con-la-reparacion-del-dano-senala-fgr\\\/\"},\"wordCount\":211,\"publisher\":{\"@id\":\"https:\\\/\\\/canal7slp.tv\\\/2022\\\/#organization\"},\"image\":{\"@id\":\"https:\\\/\\\/canal7slp.tv\\\/2022\\\/emilio-lozoya-no-ha-cumplido-con-la-reparacion-del-dano-senala-fgr\\\/#primaryimage\"},\"thumbnailUrl\":\"https:\\\/\\\/canal7slp.tv\\\/2022\\\/wp-content\\\/uploads\\\/2022\\\/06\\\/03-4.jpg\",\"articleSection\":[\"NACIONALES\"],\"inLanguage\":\"es\"},{\"@type\":\"WebPage\",\"@id\":\"https:\\\/\\\/canal7slp.tv\\\/2022\\\/emilio-lozoya-no-ha-cumplido-con-la-reparacion-del-dano-senala-fgr\\\/\",\"url\":\"https:\\\/\\\/canal7slp.tv\\\/2022\\\/emilio-lozoya-no-ha-cumplido-con-la-reparacion-del-dano-senala-fgr\\\/\",\"name\":\"Emilio Lozoya no ha cumplido con la reparaci\u00f3n del da\u00f1o, se\u00f1ala FGR - Canal 7 SLP - 2022\",\"isPartOf\":{\"@id\":\"https:\\\/\\\/canal7slp.tv\\\/2022\\\/#website\"},\"primaryImageOfPage\":{\"@id\":\"https:\\\/\\\/canal7slp.tv\\\/2022\\\/emilio-lozoya-no-ha-cumplido-con-la-reparacion-del-dano-senala-fgr\\\/#primaryimage\"},\"image\":{\"@id\":\"https:\\\/\\\/canal7slp.tv\\\/2022\\\/emilio-lozoya-no-ha-cumplido-con-la-reparacion-del-dano-senala-fgr\\\/#primaryimage\"},\"thumbnailUrl\":\"https:\\\/\\\/canal7slp.tv\\\/2022\\\/wp-content\\\/uploads\\\/2022\\\/06\\\/03-4.jpg\",\"datePublished\":\"2022-06-07T18:47:36+00:00\",\"breadcrumb\":{\"@id\":\"https:\\\/\\\/canal7slp.tv\\\/2022\\\/emilio-lozoya-no-ha-cumplido-con-la-reparacion-del-dano-senala-fgr\\\/#breadcrumb\"},\"inLanguage\":\"es\",\"potentialAction\":[{\"@type\":\"ReadAction\",\"target\":[\"https:\\\/\\\/canal7slp.tv\\\/2022\\\/emilio-lozoya-no-ha-cumplido-con-la-reparacion-del-dano-senala-fgr\\\/\"]}]},{\"@type\":\"ImageObject\",\"inLanguage\":\"es\",\"@id\":\"https:\\\/\\\/canal7slp.tv\\\/2022\\\/emilio-lozoya-no-ha-cumplido-con-la-reparacion-del-dano-senala-fgr\\\/#primaryimage\",\"url\":\"https:\\\/\\\/canal7slp.tv\\\/2022\\\/wp-content\\\/uploads\\\/2022\\\/06\\\/03-4.jpg\",\"contentUrl\":\"https:\\\/\\\/canal7slp.tv\\\/2022\\\/wp-content\\\/uploads\\\/2022\\\/06\\\/03-4.jpg\",\"width\":640,\"height\":360},{\"@type\":\"BreadcrumbList\",\"@id\":\"https:\\\/\\\/canal7slp.tv\\\/2022\\\/emilio-lozoya-no-ha-cumplido-con-la-reparacion-del-dano-senala-fgr\\\/#breadcrumb\",\"itemListElement\":[{\"@type\":\"ListItem\",\"position\":1,\"name\":\"Portada\",\"item\":\"https:\\\/\\\/canal7slp.tv\\\/2022\\\/\"},{\"@type\":\"ListItem\",\"position\":2,\"name\":\"Emilio Lozoya no ha cumplido con la reparaci\u00f3n del da\u00f1o, se\u00f1ala FGR\"}]},{\"@type\":\"WebSite\",\"@id\":\"https:\\\/\\\/canal7slp.tv\\\/2022\\\/#website\",\"url\":\"https:\\\/\\\/canal7slp.tv\\\/2022\\\/\",\"name\":\"N7 - Noticieros Canal 7\",\"description\":\"Somos Televisi\u00f3n\",\"publisher\":{\"@id\":\"https:\\\/\\\/canal7slp.tv\\\/2022\\\/#organization\"},\"potentialAction\":[{\"@type\":\"SearchAction\",\"target\":{\"@type\":\"EntryPoint\",\"urlTemplate\":\"https:\\\/\\\/canal7slp.tv\\\/2022\\\/?s={search_term_string}\"},\"query-input\":{\"@type\":\"PropertyValueSpecification\",\"valueRequired\":true,\"valueName\":\"search_term_string\"}}],\"inLanguage\":\"es\"},{\"@type\":\"Organization\",\"@id\":\"https:\\\/\\\/canal7slp.tv\\\/2022\\\/#organization\",\"name\":\"Noticieros Canal 7\",\"url\":\"https:\\\/\\\/canal7slp.tv\\\/2022\\\/\",\"logo\":{\"@type\":\"ImageObject\",\"inLanguage\":\"es\",\"@id\":\"https:\\\/\\\/canal7slp.tv\\\/2022\\\/#\\\/schema\\\/logo\\\/image\\\/\",\"url\":\"https:\\\/\\\/canal7slp.tv\\\/2022\\\/wp-content\\\/uploads\\\/2021\\\/01\\\/logo-noticieros@2x.png\",\"contentUrl\":\"https:\\\/\\\/canal7slp.tv\\\/2022\\\/wp-content\\\/uploads\\\/2021\\\/01\\\/logo-noticieros@2x.png\",\"width\":1017,\"height\":268,\"caption\":\"Noticieros Canal 7\"},\"image\":{\"@id\":\"https:\\\/\\\/canal7slp.tv\\\/2022\\\/#\\\/schema\\\/logo\\\/image\\\/\"},\"sameAs\":[\"https:\\\/\\\/www.facebook.com\\\/noticieroscanalsiete\",\"https:\\\/\\\/x.com\\\/NOTICIEROS7\",\"https:\\\/\\\/www.instagram.com\\\/canal7_slp\",\"https:\\\/\\\/www.youtube.com\\\/channel\\\/UCliiYs-gP3JfJeqdPrNdd5A\"]},{\"@type\":\"Person\",\"@id\":\"https:\\\/\\\/canal7slp.tv\\\/2022\\\/#\\\/schema\\\/person\\\/429704152a21f5f856ce29aa69a238da\",\"name\":\"Edici\u00f3n Web\",\"image\":{\"@type\":\"ImageObject\",\"inLanguage\":\"es\",\"@id\":\"https:\\\/\\\/secure.gravatar.com\\\/avatar\\\/eee448fc3f7164808013b816ba91ac7e43bbe82a70bebac296f8bc6f0addaa1a?s=96&d=mm&r=g\",\"url\":\"https:\\\/\\\/secure.gravatar.com\\\/avatar\\\/eee448fc3f7164808013b816ba91ac7e43bbe82a70bebac296f8bc6f0addaa1a?s=96&d=mm&r=g\",\"contentUrl\":\"https:\\\/\\\/secure.gravatar.com\\\/avatar\\\/eee448fc3f7164808013b816ba91ac7e43bbe82a70bebac296f8bc6f0addaa1a?s=96&d=mm&r=g\",\"caption\":\"Edici\u00f3n Web\"},\"url\":\"https:\\\/\\\/canal7slp.tv\\\/2022\\\/author\\\/edicionweb\\\/\"}]}<\/script>\n<!-- \/ Yoast SEO plugin. -->","yoast_head_json":{"title":"Emilio Lozoya no ha cumplido con la reparaci\u00f3n del da\u00f1o, se\u00f1ala FGR - Canal 7 SLP - 2022","robots":{"index":"index","follow":"follow","max-snippet":"max-snippet:-1","max-image-preview":"max-image-preview:large","max-video-preview":"max-video-preview:-1"},"canonical":"https:\/\/canal7slp.tv\/2022\/emilio-lozoya-no-ha-cumplido-con-la-reparacion-del-dano-senala-fgr\/","og_locale":"es_ES","og_type":"article","og_title":"Emilio Lozoya no ha cumplido con la reparaci\u00f3n del da\u00f1o, se\u00f1ala FGR - Canal 7 SLP - 2022","og_description":"M\u00e9xico.- La Fiscal\u00eda General de la Rep\u00fablica (FGR), dio a conocer que Emilio Lozoya Austin no ha reparado el da\u00f1o en ninguno de los casos que se tiene contra del se\u00f1alado. Por tal motivo, la FGR detall\u00f3 que: En el caso Odebrecht, Emilio \u201cL\u201d no ha cumplido con la reparaci\u00f3n del da\u00f1o que es obligatoria en el caso. Contin\u00faa el procedimiento sin ning\u00fan beneficio procesal. En el caso Agronitrogenados, Emilio \u201cL\u201d no ha cumplido con la reparaci\u00f3n del da\u00f1o que es obligatoria. Se le tienen embargados bienes sometidos a extinci\u00f3n de dominio. El procedimiento penal contin\u00faa sin ning\u00fan beneficio procesal. [&hellip;]","og_url":"https:\/\/canal7slp.tv\/2022\/emilio-lozoya-no-ha-cumplido-con-la-reparacion-del-dano-senala-fgr\/","og_site_name":"Canal 7 SLP - 2022","article_publisher":"https:\/\/www.facebook.com\/noticieroscanalsiete","article_published_time":"2022-06-07T18:47:36+00:00","og_image":[{"width":640,"height":360,"url":"https:\/\/canal7slp.tv\/2022\/wp-content\/uploads\/2022\/06\/03-4.jpg","type":"image\/jpeg"}],"author":"Edici\u00f3n Web","twitter_card":"summary_large_image","twitter_creator":"@NOTICIEROS7","twitter_site":"@NOTICIEROS7","twitter_misc":{"Escrito por":"Edici\u00f3n Web","Tiempo de lectura":"1 minuto"},"schema":{"@context":"https:\/\/schema.org","@graph":[{"@type":"Article","@id":"https:\/\/canal7slp.tv\/2022\/emilio-lozoya-no-ha-cumplido-con-la-reparacion-del-dano-senala-fgr\/#article","isPartOf":{"@id":"https:\/\/canal7slp.tv\/2022\/emilio-lozoya-no-ha-cumplido-con-la-reparacion-del-dano-senala-fgr\/"},"author":{"name":"Edici\u00f3n Web","@id":"https:\/\/canal7slp.tv\/2022\/#\/schema\/person\/429704152a21f5f856ce29aa69a238da"},"headline":"Emilio Lozoya no ha cumplido con la reparaci\u00f3n del da\u00f1o, se\u00f1ala FGR","datePublished":"2022-06-07T18:47:36+00:00","mainEntityOfPage":{"@id":"https:\/\/canal7slp.tv\/2022\/emilio-lozoya-no-ha-cumplido-con-la-reparacion-del-dano-senala-fgr\/"},"wordCount":211,"publisher":{"@id":"https:\/\/canal7slp.tv\/2022\/#organization"},"image":{"@id":"https:\/\/canal7slp.tv\/2022\/emilio-lozoya-no-ha-cumplido-con-la-reparacion-del-dano-senala-fgr\/#primaryimage"},"thumbnailUrl":"https:\/\/canal7slp.tv\/2022\/wp-content\/uploads\/2022\/06\/03-4.jpg","articleSection":["NACIONALES"],"inLanguage":"es"},{"@type":"WebPage","@id":"https:\/\/canal7slp.tv\/2022\/emilio-lozoya-no-ha-cumplido-con-la-reparacion-del-dano-senala-fgr\/","url":"https:\/\/canal7slp.tv\/2022\/emilio-lozoya-no-ha-cumplido-con-la-reparacion-del-dano-senala-fgr\/","name":"Emilio Lozoya no ha cumplido con la reparaci\u00f3n del da\u00f1o, se\u00f1ala FGR - Canal 7 SLP - 2022","isPartOf":{"@id":"https:\/\/canal7slp.tv\/2022\/#website"},"primaryImageOfPage":{"@id":"https:\/\/canal7slp.tv\/2022\/emilio-lozoya-no-ha-cumplido-con-la-reparacion-del-dano-senala-fgr\/#primaryimage"},"image":{"@id":"https:\/\/canal7slp.tv\/2022\/emilio-lozoya-no-ha-cumplido-con-la-reparacion-del-dano-senala-fgr\/#primaryimage"},"thumbnailUrl":"https:\/\/canal7slp.tv\/2022\/wp-content\/uploads\/2022\/06\/03-4.jpg","datePublished":"2022-06-07T18:47:36+00:00","breadcrumb":{"@id":"https:\/\/canal7slp.tv\/2022\/emilio-lozoya-no-ha-cumplido-con-la-reparacion-del-dano-senala-fgr\/#breadcrumb"},"inLanguage":"es","potentialAction":[{"@type":"ReadAction","target":["https:\/\/canal7slp.tv\/2022\/emilio-lozoya-no-ha-cumplido-con-la-reparacion-del-dano-senala-fgr\/"]}]},{"@type":"ImageObject","inLanguage":"es","@id":"https:\/\/canal7slp.tv\/2022\/emilio-lozoya-no-ha-cumplido-con-la-reparacion-del-dano-senala-fgr\/#primaryimage","url":"https:\/\/canal7slp.tv\/2022\/wp-content\/uploads\/2022\/06\/03-4.jpg","contentUrl":"https:\/\/canal7slp.tv\/2022\/wp-content\/uploads\/2022\/06\/03-4.jpg","width":640,"height":360},{"@type":"BreadcrumbList","@id":"https:\/\/canal7slp.tv\/2022\/emilio-lozoya-no-ha-cumplido-con-la-reparacion-del-dano-senala-fgr\/#breadcrumb","itemListElement":[{"@type":"ListItem","position":1,"name":"Portada","item":"https:\/\/canal7slp.tv\/2022\/"},{"@type":"ListItem","position":2,"name":"Emilio Lozoya no ha cumplido con la reparaci\u00f3n del da\u00f1o, se\u00f1ala FGR"}]},{"@type":"WebSite","@id":"https:\/\/canal7slp.tv\/2022\/#website","url":"https:\/\/canal7slp.tv\/2022\/","name":"N7 - Noticieros Canal 7","description":"Somos Televisi\u00f3n","publisher":{"@id":"https:\/\/canal7slp.tv\/2022\/#organization"},"potentialAction":[{"@type":"SearchAction","target":{"@type":"EntryPoint","urlTemplate":"https:\/\/canal7slp.tv\/2022\/?s={search_term_string}"},"query-input":{"@type":"PropertyValueSpecification","valueRequired":true,"valueName":"search_term_string"}}],"inLanguage":"es"},{"@type":"Organization","@id":"https:\/\/canal7slp.tv\/2022\/#organization","name":"Noticieros Canal 7","url":"https:\/\/canal7slp.tv\/2022\/","logo":{"@type":"ImageObject","inLanguage":"es","@id":"https:\/\/canal7slp.tv\/2022\/#\/schema\/logo\/image\/","url":"https:\/\/canal7slp.tv\/2022\/wp-content\/uploads\/2021\/01\/logo-noticieros@2x.png","contentUrl":"https:\/\/canal7slp.tv\/2022\/wp-content\/uploads\/2021\/01\/logo-noticieros@2x.png","width":1017,"height":268,"caption":"Noticieros Canal 7"},"image":{"@id":"https:\/\/canal7slp.tv\/2022\/#\/schema\/logo\/image\/"},"sameAs":["https:\/\/www.facebook.com\/noticieroscanalsiete","https:\/\/x.com\/NOTICIEROS7","https:\/\/www.instagram.com\/canal7_slp","https:\/\/www.youtube.com\/channel\/UCliiYs-gP3JfJeqdPrNdd5A"]},{"@type":"Person","@id":"https:\/\/canal7slp.tv\/2022\/#\/schema\/person\/429704152a21f5f856ce29aa69a238da","name":"Edici\u00f3n Web","image":{"@type":"ImageObject","inLanguage":"es","@id":"https:\/\/secure.gravatar.com\/avatar\/eee448fc3f7164808013b816ba91ac7e43bbe82a70bebac296f8bc6f0addaa1a?s=96&d=mm&r=g","url":"https:\/\/secure.gravatar.com\/avatar\/eee448fc3f7164808013b816ba91ac7e43bbe82a70bebac296f8bc6f0addaa1a?s=96&d=mm&r=g","contentUrl":"https:\/\/secure.gravatar.com\/avatar\/eee448fc3f7164808013b816ba91ac7e43bbe82a70bebac296f8bc6f0addaa1a?s=96&d=mm&r=g","caption":"Edici\u00f3n Web"},"url":"https:\/\/canal7slp.tv\/2022\/author\/edicionweb\/"}]}},"amp_enabled":true,"_links":{"self":[{"href":"https:\/\/canal7slp.tv\/2022\/wp-json\/wp\/v2\/posts\/62762","targetHints":{"allow":["GET"]}}],"collection":[{"href":"https:\/\/canal7slp.tv\/2022\/wp-json\/wp\/v2\/posts"}],"about":[{"href":"https:\/\/canal7slp.tv\/2022\/wp-json\/wp\/v2\/types\/post"}],"author":[{"embeddable":true,"href":"https:\/\/canal7slp.tv\/2022\/wp-json\/wp\/v2\/users\/2"}],"replies":[{"embeddable":true,"href":"https:\/\/canal7slp.tv\/2022\/wp-json\/wp\/v2\/comments?post=62762"}],"version-history":[{"count":2,"href":"https:\/\/canal7slp.tv\/2022\/wp-json\/wp\/v2\/posts\/62762\/revisions"}],"predecessor-version":[{"id":62786,"href":"https:\/\/canal7slp.tv\/2022\/wp-json\/wp\/v2\/posts\/62762\/revisions\/62786"}],"wp:featuredmedia":[{"embeddable":true,"href":"https:\/\/canal7slp.tv\/2022\/wp-json\/wp\/v2\/media\/62776"}],"wp:attachment":[{"href":"https:\/\/canal7slp.tv\/2022\/wp-json\/wp\/v2\/media?parent=62762"}],"wp:term":[{"taxonomy":"category","embeddable":true,"href":"https:\/\/canal7slp.tv\/2022\/wp-json\/wp\/v2\/categories?post=62762"},{"taxonomy":"post_tag","embeddable":true,"href":"https:\/\/canal7slp.tv\/2022\/wp-json\/wp\/v2\/tags?post=62762"}],"curies":[{"name":"wp","href":"https:\/\/api.w.org\/{rel}","templated":true}]}}