{"id":62761,"date":"2022-06-07T12:47:16","date_gmt":"2022-06-07T18:47:16","guid":{"rendered":"https:\/\/canal7slp.tv\/2022\/?p=62761"},"modified":"2022-06-07T12:47:16","modified_gmt":"2022-06-07T18:47:16","slug":"prohibida-la-venta-de-armas-semiautomaticas-a-menores-de-21-anos-en-ny","status":"publish","type":"post","link":"https:\/\/canal7slp.tv\/2022\/prohibida-la-venta-de-armas-semiautomaticas-a-menores-de-21-anos-en-ny\/","title":{"rendered":"Prohibida la venta de armas semiautom\u00e1ticas a menores de 21 a\u00f1os en NY"},"content":{"rendered":"<p style=\"text-align: justify;\">EUA.- Kathy Hochul, Gobernadora de Nueva York, firm\u00f3 este 6 de junio un paquete de medidas a fin de prohibir la venta de armas semiautom\u00e1ticas a menores de 21 a\u00f1os.<\/p>\n<p style=\"text-align: justify;\">En dicho paquete, tambi\u00e9n se proh\u00edbe la venta de chalecos t\u00e1cticos y cascos protectores a personas ajenas a ciertas profesiones.<\/p>\n<p style=\"text-align: justify;\">Houchul exhort\u00f3 al Congreso Federal a que tome medidas inmediatas a fin de prevenir la violencia con armas, al considerar que se trata de un problema nacional.<\/p>\n<p style=\"text-align: justify;\">De acuerdo con medios locales estadounidenses, la mayor\u00eda de los ciudadanos de dicho pa\u00eds se dicen a favor de normas m\u00e1s estrictas sobre la posesi\u00f3n de armas.<\/p>\n<p style=\"text-align: justify;\">Asimismo, se apoya la verificaci\u00f3n de antecedentes de todos los compradores potenciales.<\/p>\n","protected":false},"excerpt":{"rendered":"<p>EUA.- Kathy Hochul, Gobernadora de Nueva York, firm\u00f3 este 6 de junio un paquete de medidas a fin de prohibir la venta de armas semiautom\u00e1ticas a menores de 21 a\u00f1os. En dicho paquete, tambi\u00e9n se proh\u00edbe la venta de chalecos t\u00e1cticos y cascos protectores a personas ajenas a ciertas profesiones. Houchul exhort\u00f3 al Congreso Federal a que tome medidas inmediatas a fin de prevenir la violencia con armas, al considerar que se trata de un problema nacional. De acuerdo con medios locales estadounidenses, la mayor\u00eda de los ciudadanos de dicho pa\u00eds se dicen a favor de normas m\u00e1s estrictas sobre [&hellip;]<\/p>\n","protected":false},"author":2,"featured_media":62775,"comment_status":"closed","ping_status":"closed","sticky":false,"template":"","format":"standard","meta":{"footnotes":""},"categories":[44],"tags":[],"class_list":["post-62761","post","type-post","status-publish","format-standard","has-post-thumbnail","hentry","category-internacional","post--single"],"yoast_head":"<!-- This site is optimized with the Yoast SEO plugin v27.5 - https:\/\/yoast.com\/product\/yoast-seo-wordpress\/ -->\n<title>Prohibida la venta de armas semiautom\u00e1ticas a menores de 21 a\u00f1os en NY - Canal 7 SLP - 2022<\/title>\n<meta name=\"robots\" content=\"index, follow, max-snippet:-1, max-image-preview:large, max-video-preview:-1\" \/>\n<link rel=\"canonical\" href=\"https:\/\/canal7slp.tv\/2022\/prohibida-la-venta-de-armas-semiautomaticas-a-menores-de-21-anos-en-ny\/\" \/>\n<meta property=\"og:locale\" content=\"es_ES\" \/>\n<meta property=\"og:type\" content=\"article\" \/>\n<meta property=\"og:title\" content=\"Prohibida la venta de armas semiautom\u00e1ticas a menores de 21 a\u00f1os en NY - Canal 7 SLP - 2022\" \/>\n<meta property=\"og:description\" content=\"EUA.- Kathy Hochul, Gobernadora de Nueva York, firm\u00f3 este 6 de junio un paquete de medidas a fin de prohibir la venta de armas semiautom\u00e1ticas a menores de 21 a\u00f1os. En dicho paquete, tambi\u00e9n se proh\u00edbe la venta de chalecos t\u00e1cticos y cascos protectores a personas ajenas a ciertas profesiones. Houchul exhort\u00f3 al Congreso Federal a que tome medidas inmediatas a fin de prevenir la violencia con armas, al considerar que se trata de un problema nacional. De acuerdo con medios locales estadounidenses, la mayor\u00eda de los ciudadanos de dicho pa\u00eds se dicen a favor de normas m\u00e1s estrictas sobre [&hellip;]\" \/>\n<meta property=\"og:url\" content=\"https:\/\/canal7slp.tv\/2022\/prohibida-la-venta-de-armas-semiautomaticas-a-menores-de-21-anos-en-ny\/\" \/>\n<meta property=\"og:site_name\" content=\"Canal 7 SLP - 2022\" \/>\n<meta property=\"article:publisher\" content=\"https:\/\/www.facebook.com\/noticieroscanalsiete\" \/>\n<meta property=\"article:published_time\" content=\"2022-06-07T18:47:16+00:00\" \/>\n<meta property=\"og:image\" content=\"https:\/\/canal7slp.tv\/2022\/wp-content\/uploads\/2022\/06\/02-5.jpg\" \/>\n\t<meta property=\"og:image:width\" content=\"640\" \/>\n\t<meta property=\"og:image:height\" content=\"360\" \/>\n\t<meta property=\"og:image:type\" content=\"image\/jpeg\" \/>\n<meta name=\"author\" content=\"Edici\u00f3n Web\" \/>\n<meta name=\"twitter:card\" content=\"summary_large_image\" \/>\n<meta name=\"twitter:creator\" content=\"@NOTICIEROS7\" \/>\n<meta name=\"twitter:site\" content=\"@NOTICIEROS7\" \/>\n<meta name=\"twitter:label1\" content=\"Escrito por\" \/>\n\t<meta name=\"twitter:data1\" content=\"Edici\u00f3n Web\" \/>\n\t<meta name=\"twitter:label2\" content=\"Tiempo de lectura\" \/>\n\t<meta name=\"twitter:data2\" content=\"1 minuto\" \/>\n<script type=\"application\/ld+json\" class=\"yoast-schema-graph\">{\"@context\":\"https:\\\/\\\/schema.org\",\"@graph\":[{\"@type\":\"Article\",\"@id\":\"https:\\\/\\\/canal7slp.tv\\\/2022\\\/prohibida-la-venta-de-armas-semiautomaticas-a-menores-de-21-anos-en-ny\\\/#article\",\"isPartOf\":{\"@id\":\"https:\\\/\\\/canal7slp.tv\\\/2022\\\/prohibida-la-venta-de-armas-semiautomaticas-a-menores-de-21-anos-en-ny\\\/\"},\"author\":{\"name\":\"Edici\u00f3n Web\",\"@id\":\"https:\\\/\\\/canal7slp.tv\\\/2022\\\/#\\\/schema\\\/person\\\/429704152a21f5f856ce29aa69a238da\"},\"headline\":\"Prohibida la venta de armas semiautom\u00e1ticas a menores de 21 a\u00f1os en NY\",\"datePublished\":\"2022-06-07T18:47:16+00:00\",\"mainEntityOfPage\":{\"@id\":\"https:\\\/\\\/canal7slp.tv\\\/2022\\\/prohibida-la-venta-de-armas-semiautomaticas-a-menores-de-21-anos-en-ny\\\/\"},\"wordCount\":139,\"publisher\":{\"@id\":\"https:\\\/\\\/canal7slp.tv\\\/2022\\\/#organization\"},\"image\":{\"@id\":\"https:\\\/\\\/canal7slp.tv\\\/2022\\\/prohibida-la-venta-de-armas-semiautomaticas-a-menores-de-21-anos-en-ny\\\/#primaryimage\"},\"thumbnailUrl\":\"https:\\\/\\\/canal7slp.tv\\\/2022\\\/wp-content\\\/uploads\\\/2022\\\/06\\\/02-5.jpg\",\"articleSection\":[\"INTERNACIONALES\"],\"inLanguage\":\"es\"},{\"@type\":\"WebPage\",\"@id\":\"https:\\\/\\\/canal7slp.tv\\\/2022\\\/prohibida-la-venta-de-armas-semiautomaticas-a-menores-de-21-anos-en-ny\\\/\",\"url\":\"https:\\\/\\\/canal7slp.tv\\\/2022\\\/prohibida-la-venta-de-armas-semiautomaticas-a-menores-de-21-anos-en-ny\\\/\",\"name\":\"Prohibida la venta de armas semiautom\u00e1ticas a menores de 21 a\u00f1os en NY - Canal 7 SLP - 2022\",\"isPartOf\":{\"@id\":\"https:\\\/\\\/canal7slp.tv\\\/2022\\\/#website\"},\"primaryImageOfPage\":{\"@id\":\"https:\\\/\\\/canal7slp.tv\\\/2022\\\/prohibida-la-venta-de-armas-semiautomaticas-a-menores-de-21-anos-en-ny\\\/#primaryimage\"},\"image\":{\"@id\":\"https:\\\/\\\/canal7slp.tv\\\/2022\\\/prohibida-la-venta-de-armas-semiautomaticas-a-menores-de-21-anos-en-ny\\\/#primaryimage\"},\"thumbnailUrl\":\"https:\\\/\\\/canal7slp.tv\\\/2022\\\/wp-content\\\/uploads\\\/2022\\\/06\\\/02-5.jpg\",\"datePublished\":\"2022-06-07T18:47:16+00:00\",\"breadcrumb\":{\"@id\":\"https:\\\/\\\/canal7slp.tv\\\/2022\\\/prohibida-la-venta-de-armas-semiautomaticas-a-menores-de-21-anos-en-ny\\\/#breadcrumb\"},\"inLanguage\":\"es\",\"potentialAction\":[{\"@type\":\"ReadAction\",\"target\":[\"https:\\\/\\\/canal7slp.tv\\\/2022\\\/prohibida-la-venta-de-armas-semiautomaticas-a-menores-de-21-anos-en-ny\\\/\"]}]},{\"@type\":\"ImageObject\",\"inLanguage\":\"es\",\"@id\":\"https:\\\/\\\/canal7slp.tv\\\/2022\\\/prohibida-la-venta-de-armas-semiautomaticas-a-menores-de-21-anos-en-ny\\\/#primaryimage\",\"url\":\"https:\\\/\\\/canal7slp.tv\\\/2022\\\/wp-content\\\/uploads\\\/2022\\\/06\\\/02-5.jpg\",\"contentUrl\":\"https:\\\/\\\/canal7slp.tv\\\/2022\\\/wp-content\\\/uploads\\\/2022\\\/06\\\/02-5.jpg\",\"width\":640,\"height\":360},{\"@type\":\"BreadcrumbList\",\"@id\":\"https:\\\/\\\/canal7slp.tv\\\/2022\\\/prohibida-la-venta-de-armas-semiautomaticas-a-menores-de-21-anos-en-ny\\\/#breadcrumb\",\"itemListElement\":[{\"@type\":\"ListItem\",\"position\":1,\"name\":\"Portada\",\"item\":\"https:\\\/\\\/canal7slp.tv\\\/2022\\\/\"},{\"@type\":\"ListItem\",\"position\":2,\"name\":\"Prohibida la venta de armas semiautom\u00e1ticas a menores de 21 a\u00f1os en NY\"}]},{\"@type\":\"WebSite\",\"@id\":\"https:\\\/\\\/canal7slp.tv\\\/2022\\\/#website\",\"url\":\"https:\\\/\\\/canal7slp.tv\\\/2022\\\/\",\"name\":\"N7 - Noticieros Canal 7\",\"description\":\"Somos Televisi\u00f3n\",\"publisher\":{\"@id\":\"https:\\\/\\\/canal7slp.tv\\\/2022\\\/#organization\"},\"potentialAction\":[{\"@type\":\"SearchAction\",\"target\":{\"@type\":\"EntryPoint\",\"urlTemplate\":\"https:\\\/\\\/canal7slp.tv\\\/2022\\\/?s={search_term_string}\"},\"query-input\":{\"@type\":\"PropertyValueSpecification\",\"valueRequired\":true,\"valueName\":\"search_term_string\"}}],\"inLanguage\":\"es\"},{\"@type\":\"Organization\",\"@id\":\"https:\\\/\\\/canal7slp.tv\\\/2022\\\/#organization\",\"name\":\"Noticieros Canal 7\",\"url\":\"https:\\\/\\\/canal7slp.tv\\\/2022\\\/\",\"logo\":{\"@type\":\"ImageObject\",\"inLanguage\":\"es\",\"@id\":\"https:\\\/\\\/canal7slp.tv\\\/2022\\\/#\\\/schema\\\/logo\\\/image\\\/\",\"url\":\"https:\\\/\\\/canal7slp.tv\\\/2022\\\/wp-content\\\/uploads\\\/2021\\\/01\\\/logo-noticieros@2x.png\",\"contentUrl\":\"https:\\\/\\\/canal7slp.tv\\\/2022\\\/wp-content\\\/uploads\\\/2021\\\/01\\\/logo-noticieros@2x.png\",\"width\":1017,\"height\":268,\"caption\":\"Noticieros Canal 7\"},\"image\":{\"@id\":\"https:\\\/\\\/canal7slp.tv\\\/2022\\\/#\\\/schema\\\/logo\\\/image\\\/\"},\"sameAs\":[\"https:\\\/\\\/www.facebook.com\\\/noticieroscanalsiete\",\"https:\\\/\\\/x.com\\\/NOTICIEROS7\",\"https:\\\/\\\/www.instagram.com\\\/canal7_slp\",\"https:\\\/\\\/www.youtube.com\\\/channel\\\/UCliiYs-gP3JfJeqdPrNdd5A\"]},{\"@type\":\"Person\",\"@id\":\"https:\\\/\\\/canal7slp.tv\\\/2022\\\/#\\\/schema\\\/person\\\/429704152a21f5f856ce29aa69a238da\",\"name\":\"Edici\u00f3n Web\",\"image\":{\"@type\":\"ImageObject\",\"inLanguage\":\"es\",\"@id\":\"https:\\\/\\\/secure.gravatar.com\\\/avatar\\\/eee448fc3f7164808013b816ba91ac7e43bbe82a70bebac296f8bc6f0addaa1a?s=96&d=mm&r=g\",\"url\":\"https:\\\/\\\/secure.gravatar.com\\\/avatar\\\/eee448fc3f7164808013b816ba91ac7e43bbe82a70bebac296f8bc6f0addaa1a?s=96&d=mm&r=g\",\"contentUrl\":\"https:\\\/\\\/secure.gravatar.com\\\/avatar\\\/eee448fc3f7164808013b816ba91ac7e43bbe82a70bebac296f8bc6f0addaa1a?s=96&d=mm&r=g\",\"caption\":\"Edici\u00f3n Web\"},\"url\":\"https:\\\/\\\/canal7slp.tv\\\/2022\\\/author\\\/edicionweb\\\/\"}]}<\/script>\n<!-- \/ Yoast SEO plugin. -->","yoast_head_json":{"title":"Prohibida la venta de armas semiautom\u00e1ticas a menores de 21 a\u00f1os en NY - Canal 7 SLP - 2022","robots":{"index":"index","follow":"follow","max-snippet":"max-snippet:-1","max-image-preview":"max-image-preview:large","max-video-preview":"max-video-preview:-1"},"canonical":"https:\/\/canal7slp.tv\/2022\/prohibida-la-venta-de-armas-semiautomaticas-a-menores-de-21-anos-en-ny\/","og_locale":"es_ES","og_type":"article","og_title":"Prohibida la venta de armas semiautom\u00e1ticas a menores de 21 a\u00f1os en NY - Canal 7 SLP - 2022","og_description":"EUA.- Kathy Hochul, Gobernadora de Nueva York, firm\u00f3 este 6 de junio un paquete de medidas a fin de prohibir la venta de armas semiautom\u00e1ticas a menores de 21 a\u00f1os. En dicho paquete, tambi\u00e9n se proh\u00edbe la venta de chalecos t\u00e1cticos y cascos protectores a personas ajenas a ciertas profesiones. Houchul exhort\u00f3 al Congreso Federal a que tome medidas inmediatas a fin de prevenir la violencia con armas, al considerar que se trata de un problema nacional. De acuerdo con medios locales estadounidenses, la mayor\u00eda de los ciudadanos de dicho pa\u00eds se dicen a favor de normas m\u00e1s estrictas sobre [&hellip;]","og_url":"https:\/\/canal7slp.tv\/2022\/prohibida-la-venta-de-armas-semiautomaticas-a-menores-de-21-anos-en-ny\/","og_site_name":"Canal 7 SLP - 2022","article_publisher":"https:\/\/www.facebook.com\/noticieroscanalsiete","article_published_time":"2022-06-07T18:47:16+00:00","og_image":[{"width":640,"height":360,"url":"https:\/\/canal7slp.tv\/2022\/wp-content\/uploads\/2022\/06\/02-5.jpg","type":"image\/jpeg"}],"author":"Edici\u00f3n Web","twitter_card":"summary_large_image","twitter_creator":"@NOTICIEROS7","twitter_site":"@NOTICIEROS7","twitter_misc":{"Escrito por":"Edici\u00f3n Web","Tiempo de lectura":"1 minuto"},"schema":{"@context":"https:\/\/schema.org","@graph":[{"@type":"Article","@id":"https:\/\/canal7slp.tv\/2022\/prohibida-la-venta-de-armas-semiautomaticas-a-menores-de-21-anos-en-ny\/#article","isPartOf":{"@id":"https:\/\/canal7slp.tv\/2022\/prohibida-la-venta-de-armas-semiautomaticas-a-menores-de-21-anos-en-ny\/"},"author":{"name":"Edici\u00f3n Web","@id":"https:\/\/canal7slp.tv\/2022\/#\/schema\/person\/429704152a21f5f856ce29aa69a238da"},"headline":"Prohibida la venta de armas semiautom\u00e1ticas a menores de 21 a\u00f1os en NY","datePublished":"2022-06-07T18:47:16+00:00","mainEntityOfPage":{"@id":"https:\/\/canal7slp.tv\/2022\/prohibida-la-venta-de-armas-semiautomaticas-a-menores-de-21-anos-en-ny\/"},"wordCount":139,"publisher":{"@id":"https:\/\/canal7slp.tv\/2022\/#organization"},"image":{"@id":"https:\/\/canal7slp.tv\/2022\/prohibida-la-venta-de-armas-semiautomaticas-a-menores-de-21-anos-en-ny\/#primaryimage"},"thumbnailUrl":"https:\/\/canal7slp.tv\/2022\/wp-content\/uploads\/2022\/06\/02-5.jpg","articleSection":["INTERNACIONALES"],"inLanguage":"es"},{"@type":"WebPage","@id":"https:\/\/canal7slp.tv\/2022\/prohibida-la-venta-de-armas-semiautomaticas-a-menores-de-21-anos-en-ny\/","url":"https:\/\/canal7slp.tv\/2022\/prohibida-la-venta-de-armas-semiautomaticas-a-menores-de-21-anos-en-ny\/","name":"Prohibida la venta de armas semiautom\u00e1ticas a menores de 21 a\u00f1os en NY - Canal 7 SLP - 2022","isPartOf":{"@id":"https:\/\/canal7slp.tv\/2022\/#website"},"primaryImageOfPage":{"@id":"https:\/\/canal7slp.tv\/2022\/prohibida-la-venta-de-armas-semiautomaticas-a-menores-de-21-anos-en-ny\/#primaryimage"},"image":{"@id":"https:\/\/canal7slp.tv\/2022\/prohibida-la-venta-de-armas-semiautomaticas-a-menores-de-21-anos-en-ny\/#primaryimage"},"thumbnailUrl":"https:\/\/canal7slp.tv\/2022\/wp-content\/uploads\/2022\/06\/02-5.jpg","datePublished":"2022-06-07T18:47:16+00:00","breadcrumb":{"@id":"https:\/\/canal7slp.tv\/2022\/prohibida-la-venta-de-armas-semiautomaticas-a-menores-de-21-anos-en-ny\/#breadcrumb"},"inLanguage":"es","potentialAction":[{"@type":"ReadAction","target":["https:\/\/canal7slp.tv\/2022\/prohibida-la-venta-de-armas-semiautomaticas-a-menores-de-21-anos-en-ny\/"]}]},{"@type":"ImageObject","inLanguage":"es","@id":"https:\/\/canal7slp.tv\/2022\/prohibida-la-venta-de-armas-semiautomaticas-a-menores-de-21-anos-en-ny\/#primaryimage","url":"https:\/\/canal7slp.tv\/2022\/wp-content\/uploads\/2022\/06\/02-5.jpg","contentUrl":"https:\/\/canal7slp.tv\/2022\/wp-content\/uploads\/2022\/06\/02-5.jpg","width":640,"height":360},{"@type":"BreadcrumbList","@id":"https:\/\/canal7slp.tv\/2022\/prohibida-la-venta-de-armas-semiautomaticas-a-menores-de-21-anos-en-ny\/#breadcrumb","itemListElement":[{"@type":"ListItem","position":1,"name":"Portada","item":"https:\/\/canal7slp.tv\/2022\/"},{"@type":"ListItem","position":2,"name":"Prohibida la venta de armas semiautom\u00e1ticas a menores de 21 a\u00f1os en NY"}]},{"@type":"WebSite","@id":"https:\/\/canal7slp.tv\/2022\/#website","url":"https:\/\/canal7slp.tv\/2022\/","name":"N7 - Noticieros Canal 7","description":"Somos Televisi\u00f3n","publisher":{"@id":"https:\/\/canal7slp.tv\/2022\/#organization"},"potentialAction":[{"@type":"SearchAction","target":{"@type":"EntryPoint","urlTemplate":"https:\/\/canal7slp.tv\/2022\/?s={search_term_string}"},"query-input":{"@type":"PropertyValueSpecification","valueRequired":true,"valueName":"search_term_string"}}],"inLanguage":"es"},{"@type":"Organization","@id":"https:\/\/canal7slp.tv\/2022\/#organization","name":"Noticieros Canal 7","url":"https:\/\/canal7slp.tv\/2022\/","logo":{"@type":"ImageObject","inLanguage":"es","@id":"https:\/\/canal7slp.tv\/2022\/#\/schema\/logo\/image\/","url":"https:\/\/canal7slp.tv\/2022\/wp-content\/uploads\/2021\/01\/logo-noticieros@2x.png","contentUrl":"https:\/\/canal7slp.tv\/2022\/wp-content\/uploads\/2021\/01\/logo-noticieros@2x.png","width":1017,"height":268,"caption":"Noticieros Canal 7"},"image":{"@id":"https:\/\/canal7slp.tv\/2022\/#\/schema\/logo\/image\/"},"sameAs":["https:\/\/www.facebook.com\/noticieroscanalsiete","https:\/\/x.com\/NOTICIEROS7","https:\/\/www.instagram.com\/canal7_slp","https:\/\/www.youtube.com\/channel\/UCliiYs-gP3JfJeqdPrNdd5A"]},{"@type":"Person","@id":"https:\/\/canal7slp.tv\/2022\/#\/schema\/person\/429704152a21f5f856ce29aa69a238da","name":"Edici\u00f3n Web","image":{"@type":"ImageObject","inLanguage":"es","@id":"https:\/\/secure.gravatar.com\/avatar\/eee448fc3f7164808013b816ba91ac7e43bbe82a70bebac296f8bc6f0addaa1a?s=96&d=mm&r=g","url":"https:\/\/secure.gravatar.com\/avatar\/eee448fc3f7164808013b816ba91ac7e43bbe82a70bebac296f8bc6f0addaa1a?s=96&d=mm&r=g","contentUrl":"https:\/\/secure.gravatar.com\/avatar\/eee448fc3f7164808013b816ba91ac7e43bbe82a70bebac296f8bc6f0addaa1a?s=96&d=mm&r=g","caption":"Edici\u00f3n Web"},"url":"https:\/\/canal7slp.tv\/2022\/author\/edicionweb\/"}]}},"amp_enabled":true,"_links":{"self":[{"href":"https:\/\/canal7slp.tv\/2022\/wp-json\/wp\/v2\/posts\/62761","targetHints":{"allow":["GET"]}}],"collection":[{"href":"https:\/\/canal7slp.tv\/2022\/wp-json\/wp\/v2\/posts"}],"about":[{"href":"https:\/\/canal7slp.tv\/2022\/wp-json\/wp\/v2\/types\/post"}],"author":[{"embeddable":true,"href":"https:\/\/canal7slp.tv\/2022\/wp-json\/wp\/v2\/users\/2"}],"replies":[{"embeddable":true,"href":"https:\/\/canal7slp.tv\/2022\/wp-json\/wp\/v2\/comments?post=62761"}],"version-history":[{"count":2,"href":"https:\/\/canal7slp.tv\/2022\/wp-json\/wp\/v2\/posts\/62761\/revisions"}],"predecessor-version":[{"id":62785,"href":"https:\/\/canal7slp.tv\/2022\/wp-json\/wp\/v2\/posts\/62761\/revisions\/62785"}],"wp:featuredmedia":[{"embeddable":true,"href":"https:\/\/canal7slp.tv\/2022\/wp-json\/wp\/v2\/media\/62775"}],"wp:attachment":[{"href":"https:\/\/canal7slp.tv\/2022\/wp-json\/wp\/v2\/media?parent=62761"}],"wp:term":[{"taxonomy":"category","embeddable":true,"href":"https:\/\/canal7slp.tv\/2022\/wp-json\/wp\/v2\/categories?post=62761"},{"taxonomy":"post_tag","embeddable":true,"href":"https:\/\/canal7slp.tv\/2022\/wp-json\/wp\/v2\/tags?post=62761"}],"curies":[{"name":"wp","href":"https:\/\/api.w.org\/{rel}","templated":true}]}}