{"id":62698,"date":"2022-06-06T17:58:34","date_gmt":"2022-06-06T23:58:34","guid":{"rendered":"https:\/\/canal7slp.tv\/2022\/?p=62698"},"modified":"2022-06-07T10:48:47","modified_gmt":"2022-06-07T16:48:47","slug":"tras-volcadura-fallece-menor-de-tres-anos-y-mujer-en-carretera-cedral-vanegas","status":"publish","type":"post","link":"https:\/\/canal7slp.tv\/2022\/tras-volcadura-fallece-menor-de-tres-anos-y-mujer-en-carretera-cedral-vanegas\/","title":{"rendered":"Tras volcadura fallece menor de tres a\u00f1os y mujer en carretera Cedral \u2013 Vanegas."},"content":{"rendered":"<p style=\"text-align: justify;\">SLP.- Una mujer y una menor de tres a\u00f1os perdieron la vida, esto luego de que la camioneta donde viajaban volcara intempestivamente, adem\u00e1s, el ch\u00f3fer de la unidad qued\u00f3 lesionado.<\/p>\n<p style=\"text-align: justify;\">Los hechos ocurrieron en la carretera 62 entre los municipios de Cedral y Vanegas cuando una camioneta tuvo un accidente lo que provoc\u00f3 que volcara dando varios giros y terminando sobre sus cuatro llantas.<\/p>\n<p style=\"text-align: justify;\">De acuerdo con informaci\u00f3n extra oficial, personas que observaron el accidente se acercaron a la unidad para intentar apoyar a las personas y pedir auxilio a las corporaciones del municipio de Vanegas, sin embargo, datos obtenidos por Noticieros Canal Siete, se\u00f1alaron que no contaban con gasolina para poder acudir al lugar de los hechos.<\/p>\n<p style=\"text-align: justify;\">Al final, fueron corporaciones del municipio de Cedral quienes arribaron al lugar para encontrar a una mujer y una menor de tres a\u00f1os fallecidas tras el accidente, por lo que pidieron apoyo a elementos del Servicio M\u00e9dico Forense, mientras que el chofer de la unidad fue trasladado al hospital para su valoraci\u00f3n m\u00e9dica.<\/p>\n<p style=\"text-align: justify;\">Por su parte, la Guardia Nacional tom\u00f3 conocimiento del hecho y abander\u00f3 la zona.<\/p>\n<p style=\"text-align: justify;\">Por: Jes\u00fas Valencia<\/p>\n","protected":false},"excerpt":{"rendered":"<p>SLP.- Una mujer y una menor de tres a\u00f1os perdieron la vida, esto luego de que la camioneta donde viajaban volcara intempestivamente, adem\u00e1s, el ch\u00f3fer de la unidad qued\u00f3 lesionado. Los hechos ocurrieron en la carretera 62 entre los municipios de Cedral y Vanegas cuando una camioneta tuvo un accidente lo que provoc\u00f3 que volcara dando varios giros y terminando sobre sus cuatro llantas. De acuerdo con informaci\u00f3n extra oficial, personas que observaron el accidente se acercaron a la unidad para intentar apoyar a las personas y pedir auxilio a las corporaciones del municipio de Vanegas, sin embargo, datos obtenidos [&hellip;]<\/p>\n","protected":false},"author":2,"featured_media":62702,"comment_status":"closed","ping_status":"closed","sticky":false,"template":"","format":"video","meta":{"footnotes":""},"categories":[5,43],"tags":[],"class_list":["post-62698","post","type-post","status-publish","format-video","has-post-thumbnail","hentry","category-destacadas","category-interior","post_format-post-format-video","post--single"],"yoast_head":"<!-- This site is optimized with the Yoast SEO plugin v27.5 - https:\/\/yoast.com\/product\/yoast-seo-wordpress\/ -->\n<title>Tras volcadura fallece menor de tres a\u00f1os y mujer en carretera Cedral \u2013 Vanegas. - Canal 7 SLP - 2022<\/title>\n<meta name=\"robots\" content=\"index, follow, max-snippet:-1, max-image-preview:large, max-video-preview:-1\" \/>\n<link rel=\"canonical\" href=\"https:\/\/canal7slp.tv\/2022\/tras-volcadura-fallece-menor-de-tres-anos-y-mujer-en-carretera-cedral-vanegas\/\" \/>\n<meta property=\"og:locale\" content=\"es_ES\" \/>\n<meta property=\"og:type\" content=\"article\" \/>\n<meta property=\"og:title\" content=\"Tras volcadura fallece menor de tres a\u00f1os y mujer en carretera Cedral \u2013 Vanegas. - Canal 7 SLP - 2022\" \/>\n<meta property=\"og:description\" content=\"SLP.- Una mujer y una menor de tres a\u00f1os perdieron la vida, esto luego de que la camioneta donde viajaban volcara intempestivamente, adem\u00e1s, el ch\u00f3fer de la unidad qued\u00f3 lesionado. Los hechos ocurrieron en la carretera 62 entre los municipios de Cedral y Vanegas cuando una camioneta tuvo un accidente lo que provoc\u00f3 que volcara dando varios giros y terminando sobre sus cuatro llantas. De acuerdo con informaci\u00f3n extra oficial, personas que observaron el accidente se acercaron a la unidad para intentar apoyar a las personas y pedir auxilio a las corporaciones del municipio de Vanegas, sin embargo, datos obtenidos [&hellip;]\" \/>\n<meta property=\"og:url\" content=\"https:\/\/canal7slp.tv\/2022\/tras-volcadura-fallece-menor-de-tres-anos-y-mujer-en-carretera-cedral-vanegas\/\" \/>\n<meta property=\"og:site_name\" content=\"Canal 7 SLP - 2022\" \/>\n<meta property=\"article:publisher\" content=\"https:\/\/www.facebook.com\/noticieroscanalsiete\" \/>\n<meta property=\"article:published_time\" content=\"2022-06-06T23:58:34+00:00\" \/>\n<meta property=\"article:modified_time\" content=\"2022-06-07T16:48:47+00:00\" \/>\n<meta property=\"og:image\" content=\"https:\/\/canal7slp.tv\/2022\/wp-content\/uploads\/2022\/06\/Valencia02Volcadura.jpg\" \/>\n\t<meta property=\"og:image:width\" content=\"888\" \/>\n\t<meta property=\"og:image:height\" content=\"500\" \/>\n\t<meta property=\"og:image:type\" content=\"image\/jpeg\" \/>\n<meta name=\"author\" content=\"Edici\u00f3n Web\" \/>\n<meta name=\"twitter:card\" content=\"summary_large_image\" \/>\n<meta name=\"twitter:creator\" content=\"@NOTICIEROS7\" \/>\n<meta name=\"twitter:site\" content=\"@NOTICIEROS7\" \/>\n<meta name=\"twitter:label1\" content=\"Escrito por\" \/>\n\t<meta name=\"twitter:data1\" content=\"Edici\u00f3n Web\" \/>\n\t<meta name=\"twitter:label2\" content=\"Tiempo de lectura\" \/>\n\t<meta name=\"twitter:data2\" content=\"1 minuto\" \/>\n<script type=\"application\/ld+json\" class=\"yoast-schema-graph\">{\"@context\":\"https:\\\/\\\/schema.org\",\"@graph\":[{\"@type\":\"Article\",\"@id\":\"https:\\\/\\\/canal7slp.tv\\\/2022\\\/tras-volcadura-fallece-menor-de-tres-anos-y-mujer-en-carretera-cedral-vanegas\\\/#article\",\"isPartOf\":{\"@id\":\"https:\\\/\\\/canal7slp.tv\\\/2022\\\/tras-volcadura-fallece-menor-de-tres-anos-y-mujer-en-carretera-cedral-vanegas\\\/\"},\"author\":{\"name\":\"Edici\u00f3n Web\",\"@id\":\"https:\\\/\\\/canal7slp.tv\\\/2022\\\/#\\\/schema\\\/person\\\/429704152a21f5f856ce29aa69a238da\"},\"headline\":\"Tras volcadura fallece menor de tres a\u00f1os y mujer en carretera Cedral \u2013 Vanegas.\",\"datePublished\":\"2022-06-06T23:58:34+00:00\",\"dateModified\":\"2022-06-07T16:48:47+00:00\",\"mainEntityOfPage\":{\"@id\":\"https:\\\/\\\/canal7slp.tv\\\/2022\\\/tras-volcadura-fallece-menor-de-tres-anos-y-mujer-en-carretera-cedral-vanegas\\\/\"},\"wordCount\":212,\"publisher\":{\"@id\":\"https:\\\/\\\/canal7slp.tv\\\/2022\\\/#organization\"},\"image\":{\"@id\":\"https:\\\/\\\/canal7slp.tv\\\/2022\\\/tras-volcadura-fallece-menor-de-tres-anos-y-mujer-en-carretera-cedral-vanegas\\\/#primaryimage\"},\"thumbnailUrl\":\"https:\\\/\\\/canal7slp.tv\\\/2022\\\/wp-content\\\/uploads\\\/2022\\\/06\\\/Valencia02Volcadura.jpg\",\"articleSection\":[\"DESTACADAS\",\"INTERIOR DEL ESTADO\"],\"inLanguage\":\"es\"},{\"@type\":\"WebPage\",\"@id\":\"https:\\\/\\\/canal7slp.tv\\\/2022\\\/tras-volcadura-fallece-menor-de-tres-anos-y-mujer-en-carretera-cedral-vanegas\\\/\",\"url\":\"https:\\\/\\\/canal7slp.tv\\\/2022\\\/tras-volcadura-fallece-menor-de-tres-anos-y-mujer-en-carretera-cedral-vanegas\\\/\",\"name\":\"Tras volcadura fallece menor de tres a\u00f1os y mujer en carretera Cedral \u2013 Vanegas. - Canal 7 SLP - 2022\",\"isPartOf\":{\"@id\":\"https:\\\/\\\/canal7slp.tv\\\/2022\\\/#website\"},\"primaryImageOfPage\":{\"@id\":\"https:\\\/\\\/canal7slp.tv\\\/2022\\\/tras-volcadura-fallece-menor-de-tres-anos-y-mujer-en-carretera-cedral-vanegas\\\/#primaryimage\"},\"image\":{\"@id\":\"https:\\\/\\\/canal7slp.tv\\\/2022\\\/tras-volcadura-fallece-menor-de-tres-anos-y-mujer-en-carretera-cedral-vanegas\\\/#primaryimage\"},\"thumbnailUrl\":\"https:\\\/\\\/canal7slp.tv\\\/2022\\\/wp-content\\\/uploads\\\/2022\\\/06\\\/Valencia02Volcadura.jpg\",\"datePublished\":\"2022-06-06T23:58:34+00:00\",\"dateModified\":\"2022-06-07T16:48:47+00:00\",\"breadcrumb\":{\"@id\":\"https:\\\/\\\/canal7slp.tv\\\/2022\\\/tras-volcadura-fallece-menor-de-tres-anos-y-mujer-en-carretera-cedral-vanegas\\\/#breadcrumb\"},\"inLanguage\":\"es\",\"potentialAction\":[{\"@type\":\"ReadAction\",\"target\":[\"https:\\\/\\\/canal7slp.tv\\\/2022\\\/tras-volcadura-fallece-menor-de-tres-anos-y-mujer-en-carretera-cedral-vanegas\\\/\"]}]},{\"@type\":\"ImageObject\",\"inLanguage\":\"es\",\"@id\":\"https:\\\/\\\/canal7slp.tv\\\/2022\\\/tras-volcadura-fallece-menor-de-tres-anos-y-mujer-en-carretera-cedral-vanegas\\\/#primaryimage\",\"url\":\"https:\\\/\\\/canal7slp.tv\\\/2022\\\/wp-content\\\/uploads\\\/2022\\\/06\\\/Valencia02Volcadura.jpg\",\"contentUrl\":\"https:\\\/\\\/canal7slp.tv\\\/2022\\\/wp-content\\\/uploads\\\/2022\\\/06\\\/Valencia02Volcadura.jpg\",\"width\":888,\"height\":500},{\"@type\":\"BreadcrumbList\",\"@id\":\"https:\\\/\\\/canal7slp.tv\\\/2022\\\/tras-volcadura-fallece-menor-de-tres-anos-y-mujer-en-carretera-cedral-vanegas\\\/#breadcrumb\",\"itemListElement\":[{\"@type\":\"ListItem\",\"position\":1,\"name\":\"Portada\",\"item\":\"https:\\\/\\\/canal7slp.tv\\\/2022\\\/\"},{\"@type\":\"ListItem\",\"position\":2,\"name\":\"Tras volcadura fallece menor de tres a\u00f1os y mujer en carretera Cedral \u2013 Vanegas.\"}]},{\"@type\":\"WebSite\",\"@id\":\"https:\\\/\\\/canal7slp.tv\\\/2022\\\/#website\",\"url\":\"https:\\\/\\\/canal7slp.tv\\\/2022\\\/\",\"name\":\"N7 - Noticieros Canal 7\",\"description\":\"Somos Televisi\u00f3n\",\"publisher\":{\"@id\":\"https:\\\/\\\/canal7slp.tv\\\/2022\\\/#organization\"},\"potentialAction\":[{\"@type\":\"SearchAction\",\"target\":{\"@type\":\"EntryPoint\",\"urlTemplate\":\"https:\\\/\\\/canal7slp.tv\\\/2022\\\/?s={search_term_string}\"},\"query-input\":{\"@type\":\"PropertyValueSpecification\",\"valueRequired\":true,\"valueName\":\"search_term_string\"}}],\"inLanguage\":\"es\"},{\"@type\":\"Organization\",\"@id\":\"https:\\\/\\\/canal7slp.tv\\\/2022\\\/#organization\",\"name\":\"Noticieros Canal 7\",\"url\":\"https:\\\/\\\/canal7slp.tv\\\/2022\\\/\",\"logo\":{\"@type\":\"ImageObject\",\"inLanguage\":\"es\",\"@id\":\"https:\\\/\\\/canal7slp.tv\\\/2022\\\/#\\\/schema\\\/logo\\\/image\\\/\",\"url\":\"https:\\\/\\\/canal7slp.tv\\\/2022\\\/wp-content\\\/uploads\\\/2021\\\/01\\\/logo-noticieros@2x.png\",\"contentUrl\":\"https:\\\/\\\/canal7slp.tv\\\/2022\\\/wp-content\\\/uploads\\\/2021\\\/01\\\/logo-noticieros@2x.png\",\"width\":1017,\"height\":268,\"caption\":\"Noticieros Canal 7\"},\"image\":{\"@id\":\"https:\\\/\\\/canal7slp.tv\\\/2022\\\/#\\\/schema\\\/logo\\\/image\\\/\"},\"sameAs\":[\"https:\\\/\\\/www.facebook.com\\\/noticieroscanalsiete\",\"https:\\\/\\\/x.com\\\/NOTICIEROS7\",\"https:\\\/\\\/www.instagram.com\\\/canal7_slp\",\"https:\\\/\\\/www.youtube.com\\\/channel\\\/UCliiYs-gP3JfJeqdPrNdd5A\"]},{\"@type\":\"Person\",\"@id\":\"https:\\\/\\\/canal7slp.tv\\\/2022\\\/#\\\/schema\\\/person\\\/429704152a21f5f856ce29aa69a238da\",\"name\":\"Edici\u00f3n Web\",\"image\":{\"@type\":\"ImageObject\",\"inLanguage\":\"es\",\"@id\":\"https:\\\/\\\/secure.gravatar.com\\\/avatar\\\/eee448fc3f7164808013b816ba91ac7e43bbe82a70bebac296f8bc6f0addaa1a?s=96&d=mm&r=g\",\"url\":\"https:\\\/\\\/secure.gravatar.com\\\/avatar\\\/eee448fc3f7164808013b816ba91ac7e43bbe82a70bebac296f8bc6f0addaa1a?s=96&d=mm&r=g\",\"contentUrl\":\"https:\\\/\\\/secure.gravatar.com\\\/avatar\\\/eee448fc3f7164808013b816ba91ac7e43bbe82a70bebac296f8bc6f0addaa1a?s=96&d=mm&r=g\",\"caption\":\"Edici\u00f3n Web\"},\"url\":\"https:\\\/\\\/canal7slp.tv\\\/2022\\\/author\\\/edicionweb\\\/\"}]}<\/script>\n<!-- \/ Yoast SEO plugin. -->","yoast_head_json":{"title":"Tras volcadura fallece menor de tres a\u00f1os y mujer en carretera Cedral \u2013 Vanegas. - Canal 7 SLP - 2022","robots":{"index":"index","follow":"follow","max-snippet":"max-snippet:-1","max-image-preview":"max-image-preview:large","max-video-preview":"max-video-preview:-1"},"canonical":"https:\/\/canal7slp.tv\/2022\/tras-volcadura-fallece-menor-de-tres-anos-y-mujer-en-carretera-cedral-vanegas\/","og_locale":"es_ES","og_type":"article","og_title":"Tras volcadura fallece menor de tres a\u00f1os y mujer en carretera Cedral \u2013 Vanegas. - Canal 7 SLP - 2022","og_description":"SLP.- Una mujer y una menor de tres a\u00f1os perdieron la vida, esto luego de que la camioneta donde viajaban volcara intempestivamente, adem\u00e1s, el ch\u00f3fer de la unidad qued\u00f3 lesionado. Los hechos ocurrieron en la carretera 62 entre los municipios de Cedral y Vanegas cuando una camioneta tuvo un accidente lo que provoc\u00f3 que volcara dando varios giros y terminando sobre sus cuatro llantas. De acuerdo con informaci\u00f3n extra oficial, personas que observaron el accidente se acercaron a la unidad para intentar apoyar a las personas y pedir auxilio a las corporaciones del municipio de Vanegas, sin embargo, datos obtenidos [&hellip;]","og_url":"https:\/\/canal7slp.tv\/2022\/tras-volcadura-fallece-menor-de-tres-anos-y-mujer-en-carretera-cedral-vanegas\/","og_site_name":"Canal 7 SLP - 2022","article_publisher":"https:\/\/www.facebook.com\/noticieroscanalsiete","article_published_time":"2022-06-06T23:58:34+00:00","article_modified_time":"2022-06-07T16:48:47+00:00","og_image":[{"width":888,"height":500,"url":"https:\/\/canal7slp.tv\/2022\/wp-content\/uploads\/2022\/06\/Valencia02Volcadura.jpg","type":"image\/jpeg"}],"author":"Edici\u00f3n Web","twitter_card":"summary_large_image","twitter_creator":"@NOTICIEROS7","twitter_site":"@NOTICIEROS7","twitter_misc":{"Escrito por":"Edici\u00f3n Web","Tiempo de lectura":"1 minuto"},"schema":{"@context":"https:\/\/schema.org","@graph":[{"@type":"Article","@id":"https:\/\/canal7slp.tv\/2022\/tras-volcadura-fallece-menor-de-tres-anos-y-mujer-en-carretera-cedral-vanegas\/#article","isPartOf":{"@id":"https:\/\/canal7slp.tv\/2022\/tras-volcadura-fallece-menor-de-tres-anos-y-mujer-en-carretera-cedral-vanegas\/"},"author":{"name":"Edici\u00f3n Web","@id":"https:\/\/canal7slp.tv\/2022\/#\/schema\/person\/429704152a21f5f856ce29aa69a238da"},"headline":"Tras volcadura fallece menor de tres a\u00f1os y mujer en carretera Cedral \u2013 Vanegas.","datePublished":"2022-06-06T23:58:34+00:00","dateModified":"2022-06-07T16:48:47+00:00","mainEntityOfPage":{"@id":"https:\/\/canal7slp.tv\/2022\/tras-volcadura-fallece-menor-de-tres-anos-y-mujer-en-carretera-cedral-vanegas\/"},"wordCount":212,"publisher":{"@id":"https:\/\/canal7slp.tv\/2022\/#organization"},"image":{"@id":"https:\/\/canal7slp.tv\/2022\/tras-volcadura-fallece-menor-de-tres-anos-y-mujer-en-carretera-cedral-vanegas\/#primaryimage"},"thumbnailUrl":"https:\/\/canal7slp.tv\/2022\/wp-content\/uploads\/2022\/06\/Valencia02Volcadura.jpg","articleSection":["DESTACADAS","INTERIOR DEL ESTADO"],"inLanguage":"es"},{"@type":"WebPage","@id":"https:\/\/canal7slp.tv\/2022\/tras-volcadura-fallece-menor-de-tres-anos-y-mujer-en-carretera-cedral-vanegas\/","url":"https:\/\/canal7slp.tv\/2022\/tras-volcadura-fallece-menor-de-tres-anos-y-mujer-en-carretera-cedral-vanegas\/","name":"Tras volcadura fallece menor de tres a\u00f1os y mujer en carretera Cedral \u2013 Vanegas. - Canal 7 SLP - 2022","isPartOf":{"@id":"https:\/\/canal7slp.tv\/2022\/#website"},"primaryImageOfPage":{"@id":"https:\/\/canal7slp.tv\/2022\/tras-volcadura-fallece-menor-de-tres-anos-y-mujer-en-carretera-cedral-vanegas\/#primaryimage"},"image":{"@id":"https:\/\/canal7slp.tv\/2022\/tras-volcadura-fallece-menor-de-tres-anos-y-mujer-en-carretera-cedral-vanegas\/#primaryimage"},"thumbnailUrl":"https:\/\/canal7slp.tv\/2022\/wp-content\/uploads\/2022\/06\/Valencia02Volcadura.jpg","datePublished":"2022-06-06T23:58:34+00:00","dateModified":"2022-06-07T16:48:47+00:00","breadcrumb":{"@id":"https:\/\/canal7slp.tv\/2022\/tras-volcadura-fallece-menor-de-tres-anos-y-mujer-en-carretera-cedral-vanegas\/#breadcrumb"},"inLanguage":"es","potentialAction":[{"@type":"ReadAction","target":["https:\/\/canal7slp.tv\/2022\/tras-volcadura-fallece-menor-de-tres-anos-y-mujer-en-carretera-cedral-vanegas\/"]}]},{"@type":"ImageObject","inLanguage":"es","@id":"https:\/\/canal7slp.tv\/2022\/tras-volcadura-fallece-menor-de-tres-anos-y-mujer-en-carretera-cedral-vanegas\/#primaryimage","url":"https:\/\/canal7slp.tv\/2022\/wp-content\/uploads\/2022\/06\/Valencia02Volcadura.jpg","contentUrl":"https:\/\/canal7slp.tv\/2022\/wp-content\/uploads\/2022\/06\/Valencia02Volcadura.jpg","width":888,"height":500},{"@type":"BreadcrumbList","@id":"https:\/\/canal7slp.tv\/2022\/tras-volcadura-fallece-menor-de-tres-anos-y-mujer-en-carretera-cedral-vanegas\/#breadcrumb","itemListElement":[{"@type":"ListItem","position":1,"name":"Portada","item":"https:\/\/canal7slp.tv\/2022\/"},{"@type":"ListItem","position":2,"name":"Tras volcadura fallece menor de tres a\u00f1os y mujer en carretera Cedral \u2013 Vanegas."}]},{"@type":"WebSite","@id":"https:\/\/canal7slp.tv\/2022\/#website","url":"https:\/\/canal7slp.tv\/2022\/","name":"N7 - Noticieros Canal 7","description":"Somos Televisi\u00f3n","publisher":{"@id":"https:\/\/canal7slp.tv\/2022\/#organization"},"potentialAction":[{"@type":"SearchAction","target":{"@type":"EntryPoint","urlTemplate":"https:\/\/canal7slp.tv\/2022\/?s={search_term_string}"},"query-input":{"@type":"PropertyValueSpecification","valueRequired":true,"valueName":"search_term_string"}}],"inLanguage":"es"},{"@type":"Organization","@id":"https:\/\/canal7slp.tv\/2022\/#organization","name":"Noticieros Canal 7","url":"https:\/\/canal7slp.tv\/2022\/","logo":{"@type":"ImageObject","inLanguage":"es","@id":"https:\/\/canal7slp.tv\/2022\/#\/schema\/logo\/image\/","url":"https:\/\/canal7slp.tv\/2022\/wp-content\/uploads\/2021\/01\/logo-noticieros@2x.png","contentUrl":"https:\/\/canal7slp.tv\/2022\/wp-content\/uploads\/2021\/01\/logo-noticieros@2x.png","width":1017,"height":268,"caption":"Noticieros Canal 7"},"image":{"@id":"https:\/\/canal7slp.tv\/2022\/#\/schema\/logo\/image\/"},"sameAs":["https:\/\/www.facebook.com\/noticieroscanalsiete","https:\/\/x.com\/NOTICIEROS7","https:\/\/www.instagram.com\/canal7_slp","https:\/\/www.youtube.com\/channel\/UCliiYs-gP3JfJeqdPrNdd5A"]},{"@type":"Person","@id":"https:\/\/canal7slp.tv\/2022\/#\/schema\/person\/429704152a21f5f856ce29aa69a238da","name":"Edici\u00f3n Web","image":{"@type":"ImageObject","inLanguage":"es","@id":"https:\/\/secure.gravatar.com\/avatar\/eee448fc3f7164808013b816ba91ac7e43bbe82a70bebac296f8bc6f0addaa1a?s=96&d=mm&r=g","url":"https:\/\/secure.gravatar.com\/avatar\/eee448fc3f7164808013b816ba91ac7e43bbe82a70bebac296f8bc6f0addaa1a?s=96&d=mm&r=g","contentUrl":"https:\/\/secure.gravatar.com\/avatar\/eee448fc3f7164808013b816ba91ac7e43bbe82a70bebac296f8bc6f0addaa1a?s=96&d=mm&r=g","caption":"Edici\u00f3n Web"},"url":"https:\/\/canal7slp.tv\/2022\/author\/edicionweb\/"}]}},"amp_enabled":true,"_links":{"self":[{"href":"https:\/\/canal7slp.tv\/2022\/wp-json\/wp\/v2\/posts\/62698","targetHints":{"allow":["GET"]}}],"collection":[{"href":"https:\/\/canal7slp.tv\/2022\/wp-json\/wp\/v2\/posts"}],"about":[{"href":"https:\/\/canal7slp.tv\/2022\/wp-json\/wp\/v2\/types\/post"}],"author":[{"embeddable":true,"href":"https:\/\/canal7slp.tv\/2022\/wp-json\/wp\/v2\/users\/2"}],"replies":[{"embeddable":true,"href":"https:\/\/canal7slp.tv\/2022\/wp-json\/wp\/v2\/comments?post=62698"}],"version-history":[{"count":3,"href":"https:\/\/canal7slp.tv\/2022\/wp-json\/wp\/v2\/posts\/62698\/revisions"}],"predecessor-version":[{"id":62724,"href":"https:\/\/canal7slp.tv\/2022\/wp-json\/wp\/v2\/posts\/62698\/revisions\/62724"}],"wp:featuredmedia":[{"embeddable":true,"href":"https:\/\/canal7slp.tv\/2022\/wp-json\/wp\/v2\/media\/62702"}],"wp:attachment":[{"href":"https:\/\/canal7slp.tv\/2022\/wp-json\/wp\/v2\/media?parent=62698"}],"wp:term":[{"taxonomy":"category","embeddable":true,"href":"https:\/\/canal7slp.tv\/2022\/wp-json\/wp\/v2\/categories?post=62698"},{"taxonomy":"post_tag","embeddable":true,"href":"https:\/\/canal7slp.tv\/2022\/wp-json\/wp\/v2\/tags?post=62698"}],"curies":[{"name":"wp","href":"https:\/\/api.w.org\/{rel}","templated":true}]}}