{"id":62697,"date":"2022-06-06T17:56:15","date_gmt":"2022-06-06T23:56:15","guid":{"rendered":"https:\/\/canal7slp.tv\/2022\/?p=62697"},"modified":"2022-06-07T10:36:27","modified_gmt":"2022-06-07T16:36:27","slug":"celebra-iva-estrada-un-ano-del-triunfo-electoral-y-emite-mensaje-contra-la-pasada-administracion","status":"publish","type":"post","link":"https:\/\/canal7slp.tv\/2022\/celebra-iva-estrada-un-ano-del-triunfo-electoral-y-emite-mensaje-contra-la-pasada-administracion\/","title":{"rendered":"Celebra Iv\u00e1n Estrada un a\u00f1o del triunfo electoral y emite mensaje contra la pasada administraci\u00f3n."},"content":{"rendered":"<p style=\"text-align: justify;\">Matehuala.- Con baile masivo y rifas de regalos, el Presidente Municipal de Matehuala, Iv\u00e1n Estrada, celebr\u00f3 un a\u00f1o del triunfo electoral en el municipio. \u201cDespu\u00e9s de un a\u00f1o, estamos aqu\u00ed de nuevo, para agradecerles la confianza y el apoyo que me dieron para gobernar esta bonita ciudad de Matehuala\u201d.<\/p>\n<p style=\"text-align: justify;\">Estrada asegur\u00f3 que cuenta con el apoyo desde el Gobierno del Estado, \u201ctenemos a un gobernador amigo, que coincidimos en sacar adelante a Matehuala y a San Luis Potos\u00ed, coincidimos tambi\u00e9n en que nos dejaron una herencia maldita\u201d.<\/p>\n<p style=\"text-align: justify;\">El edil municipal arremeti\u00f3 contra la administraci\u00f3n del ahora diputado federal, Alejandro Segovia, \u201cnos dejaron las calles destrozadas, los parques olvidados, ustedes lo vieron, pero gracias a este equipo de trabajo, hemos salido adelante y vamos a seguir trabajando, estamos bacheando, pero desgraciadamente, el gobierno pasado no fue responsable y no hizo su chamba, pero no estoy aqu\u00ed para quejarme, estoy para darle resultados al pueblo de Matehuala\u201d.<\/p>\n<p style=\"text-align: justify;\">Al final, emiti\u00f3 un mensaje a futuro, \u201cquiero decirles que no s\u00e9 cu\u00e1nto me va a alcanzar el tiempo y el dinero, pero estoy seguro que mis directores, coordinadores y regidores, no me van a dejar solo y vamos trabajar mano a mano para sacar a Matehuala del bache donde lo dejaron\u201d.<\/p>\n<p style=\"text-align: justify;\">Por: Jes\u00fas Valencia<\/p>\n","protected":false},"excerpt":{"rendered":"<p>Matehuala.- Con baile masivo y rifas de regalos, el Presidente Municipal de Matehuala, Iv\u00e1n Estrada, celebr\u00f3 un a\u00f1o del triunfo electoral en el municipio. \u201cDespu\u00e9s de un a\u00f1o, estamos aqu\u00ed de nuevo, para agradecerles la confianza y el apoyo que me dieron para gobernar esta bonita ciudad de Matehuala\u201d. Estrada asegur\u00f3 que cuenta con el apoyo desde el Gobierno del Estado, \u201ctenemos a un gobernador amigo, que coincidimos en sacar adelante a Matehuala y a San Luis Potos\u00ed, coincidimos tambi\u00e9n en que nos dejaron una herencia maldita\u201d. El edil municipal arremeti\u00f3 contra la administraci\u00f3n del ahora diputado federal, Alejandro Segovia, [&hellip;]<\/p>\n","protected":false},"author":2,"featured_media":62701,"comment_status":"closed","ping_status":"closed","sticky":false,"template":"","format":"video","meta":{"footnotes":""},"categories":[5,43],"tags":[],"class_list":["post-62697","post","type-post","status-publish","format-video","has-post-thumbnail","hentry","category-destacadas","category-interior","post_format-post-format-video","post--single"],"yoast_head":"<!-- This site is optimized with the Yoast SEO plugin v27.5 - https:\/\/yoast.com\/product\/yoast-seo-wordpress\/ -->\n<title>Celebra Iv\u00e1n Estrada un a\u00f1o del triunfo electoral y emite mensaje contra la pasada administraci\u00f3n. - Canal 7 SLP - 2022<\/title>\n<meta name=\"robots\" content=\"index, follow, max-snippet:-1, max-image-preview:large, max-video-preview:-1\" \/>\n<link rel=\"canonical\" href=\"https:\/\/canal7slp.tv\/2022\/celebra-iva-estrada-un-ano-del-triunfo-electoral-y-emite-mensaje-contra-la-pasada-administracion\/\" \/>\n<meta property=\"og:locale\" content=\"es_ES\" \/>\n<meta property=\"og:type\" content=\"article\" \/>\n<meta property=\"og:title\" content=\"Celebra Iv\u00e1n Estrada un a\u00f1o del triunfo electoral y emite mensaje contra la pasada administraci\u00f3n. - Canal 7 SLP - 2022\" \/>\n<meta property=\"og:description\" content=\"Matehuala.- Con baile masivo y rifas de regalos, el Presidente Municipal de Matehuala, Iv\u00e1n Estrada, celebr\u00f3 un a\u00f1o del triunfo electoral en el municipio. \u201cDespu\u00e9s de un a\u00f1o, estamos aqu\u00ed de nuevo, para agradecerles la confianza y el apoyo que me dieron para gobernar esta bonita ciudad de Matehuala\u201d. Estrada asegur\u00f3 que cuenta con el apoyo desde el Gobierno del Estado, \u201ctenemos a un gobernador amigo, que coincidimos en sacar adelante a Matehuala y a San Luis Potos\u00ed, coincidimos tambi\u00e9n en que nos dejaron una herencia maldita\u201d. El edil municipal arremeti\u00f3 contra la administraci\u00f3n del ahora diputado federal, Alejandro Segovia, [&hellip;]\" \/>\n<meta property=\"og:url\" content=\"https:\/\/canal7slp.tv\/2022\/celebra-iva-estrada-un-ano-del-triunfo-electoral-y-emite-mensaje-contra-la-pasada-administracion\/\" \/>\n<meta property=\"og:site_name\" content=\"Canal 7 SLP - 2022\" \/>\n<meta property=\"article:publisher\" content=\"https:\/\/www.facebook.com\/noticieroscanalsiete\" \/>\n<meta property=\"article:published_time\" content=\"2022-06-06T23:56:15+00:00\" \/>\n<meta property=\"article:modified_time\" content=\"2022-06-07T16:36:27+00:00\" \/>\n<meta property=\"og:image\" content=\"https:\/\/canal7slp.tv\/2022\/wp-content\/uploads\/2022\/06\/Valencia01Celebracion.jpg\" \/>\n\t<meta property=\"og:image:width\" content=\"888\" \/>\n\t<meta property=\"og:image:height\" content=\"500\" \/>\n\t<meta property=\"og:image:type\" content=\"image\/jpeg\" \/>\n<meta name=\"author\" content=\"Edici\u00f3n Web\" \/>\n<meta name=\"twitter:card\" content=\"summary_large_image\" \/>\n<meta name=\"twitter:creator\" content=\"@NOTICIEROS7\" \/>\n<meta name=\"twitter:site\" content=\"@NOTICIEROS7\" \/>\n<meta name=\"twitter:label1\" content=\"Escrito por\" \/>\n\t<meta name=\"twitter:data1\" content=\"Edici\u00f3n Web\" \/>\n\t<meta name=\"twitter:label2\" content=\"Tiempo de lectura\" \/>\n\t<meta name=\"twitter:data2\" content=\"1 minuto\" \/>\n<script type=\"application\/ld+json\" class=\"yoast-schema-graph\">{\"@context\":\"https:\\\/\\\/schema.org\",\"@graph\":[{\"@type\":\"Article\",\"@id\":\"https:\\\/\\\/canal7slp.tv\\\/2022\\\/celebra-iva-estrada-un-ano-del-triunfo-electoral-y-emite-mensaje-contra-la-pasada-administracion\\\/#article\",\"isPartOf\":{\"@id\":\"https:\\\/\\\/canal7slp.tv\\\/2022\\\/celebra-iva-estrada-un-ano-del-triunfo-electoral-y-emite-mensaje-contra-la-pasada-administracion\\\/\"},\"author\":{\"name\":\"Edici\u00f3n Web\",\"@id\":\"https:\\\/\\\/canal7slp.tv\\\/2022\\\/#\\\/schema\\\/person\\\/429704152a21f5f856ce29aa69a238da\"},\"headline\":\"Celebra Iv\u00e1n Estrada un a\u00f1o del triunfo electoral y emite mensaje contra la pasada administraci\u00f3n.\",\"datePublished\":\"2022-06-06T23:56:15+00:00\",\"dateModified\":\"2022-06-07T16:36:27+00:00\",\"mainEntityOfPage\":{\"@id\":\"https:\\\/\\\/canal7slp.tv\\\/2022\\\/celebra-iva-estrada-un-ano-del-triunfo-electoral-y-emite-mensaje-contra-la-pasada-administracion\\\/\"},\"wordCount\":237,\"publisher\":{\"@id\":\"https:\\\/\\\/canal7slp.tv\\\/2022\\\/#organization\"},\"image\":{\"@id\":\"https:\\\/\\\/canal7slp.tv\\\/2022\\\/celebra-iva-estrada-un-ano-del-triunfo-electoral-y-emite-mensaje-contra-la-pasada-administracion\\\/#primaryimage\"},\"thumbnailUrl\":\"https:\\\/\\\/canal7slp.tv\\\/2022\\\/wp-content\\\/uploads\\\/2022\\\/06\\\/Valencia01Celebracion.jpg\",\"articleSection\":[\"DESTACADAS\",\"INTERIOR DEL ESTADO\"],\"inLanguage\":\"es\"},{\"@type\":\"WebPage\",\"@id\":\"https:\\\/\\\/canal7slp.tv\\\/2022\\\/celebra-iva-estrada-un-ano-del-triunfo-electoral-y-emite-mensaje-contra-la-pasada-administracion\\\/\",\"url\":\"https:\\\/\\\/canal7slp.tv\\\/2022\\\/celebra-iva-estrada-un-ano-del-triunfo-electoral-y-emite-mensaje-contra-la-pasada-administracion\\\/\",\"name\":\"Celebra Iv\u00e1n Estrada un a\u00f1o del triunfo electoral y emite mensaje contra la pasada administraci\u00f3n. - Canal 7 SLP - 2022\",\"isPartOf\":{\"@id\":\"https:\\\/\\\/canal7slp.tv\\\/2022\\\/#website\"},\"primaryImageOfPage\":{\"@id\":\"https:\\\/\\\/canal7slp.tv\\\/2022\\\/celebra-iva-estrada-un-ano-del-triunfo-electoral-y-emite-mensaje-contra-la-pasada-administracion\\\/#primaryimage\"},\"image\":{\"@id\":\"https:\\\/\\\/canal7slp.tv\\\/2022\\\/celebra-iva-estrada-un-ano-del-triunfo-electoral-y-emite-mensaje-contra-la-pasada-administracion\\\/#primaryimage\"},\"thumbnailUrl\":\"https:\\\/\\\/canal7slp.tv\\\/2022\\\/wp-content\\\/uploads\\\/2022\\\/06\\\/Valencia01Celebracion.jpg\",\"datePublished\":\"2022-06-06T23:56:15+00:00\",\"dateModified\":\"2022-06-07T16:36:27+00:00\",\"breadcrumb\":{\"@id\":\"https:\\\/\\\/canal7slp.tv\\\/2022\\\/celebra-iva-estrada-un-ano-del-triunfo-electoral-y-emite-mensaje-contra-la-pasada-administracion\\\/#breadcrumb\"},\"inLanguage\":\"es\",\"potentialAction\":[{\"@type\":\"ReadAction\",\"target\":[\"https:\\\/\\\/canal7slp.tv\\\/2022\\\/celebra-iva-estrada-un-ano-del-triunfo-electoral-y-emite-mensaje-contra-la-pasada-administracion\\\/\"]}]},{\"@type\":\"ImageObject\",\"inLanguage\":\"es\",\"@id\":\"https:\\\/\\\/canal7slp.tv\\\/2022\\\/celebra-iva-estrada-un-ano-del-triunfo-electoral-y-emite-mensaje-contra-la-pasada-administracion\\\/#primaryimage\",\"url\":\"https:\\\/\\\/canal7slp.tv\\\/2022\\\/wp-content\\\/uploads\\\/2022\\\/06\\\/Valencia01Celebracion.jpg\",\"contentUrl\":\"https:\\\/\\\/canal7slp.tv\\\/2022\\\/wp-content\\\/uploads\\\/2022\\\/06\\\/Valencia01Celebracion.jpg\",\"width\":888,\"height\":500},{\"@type\":\"BreadcrumbList\",\"@id\":\"https:\\\/\\\/canal7slp.tv\\\/2022\\\/celebra-iva-estrada-un-ano-del-triunfo-electoral-y-emite-mensaje-contra-la-pasada-administracion\\\/#breadcrumb\",\"itemListElement\":[{\"@type\":\"ListItem\",\"position\":1,\"name\":\"Portada\",\"item\":\"https:\\\/\\\/canal7slp.tv\\\/2022\\\/\"},{\"@type\":\"ListItem\",\"position\":2,\"name\":\"Celebra Iv\u00e1n Estrada un a\u00f1o del triunfo electoral y emite mensaje contra la pasada administraci\u00f3n.\"}]},{\"@type\":\"WebSite\",\"@id\":\"https:\\\/\\\/canal7slp.tv\\\/2022\\\/#website\",\"url\":\"https:\\\/\\\/canal7slp.tv\\\/2022\\\/\",\"name\":\"N7 - Noticieros Canal 7\",\"description\":\"Somos Televisi\u00f3n\",\"publisher\":{\"@id\":\"https:\\\/\\\/canal7slp.tv\\\/2022\\\/#organization\"},\"potentialAction\":[{\"@type\":\"SearchAction\",\"target\":{\"@type\":\"EntryPoint\",\"urlTemplate\":\"https:\\\/\\\/canal7slp.tv\\\/2022\\\/?s={search_term_string}\"},\"query-input\":{\"@type\":\"PropertyValueSpecification\",\"valueRequired\":true,\"valueName\":\"search_term_string\"}}],\"inLanguage\":\"es\"},{\"@type\":\"Organization\",\"@id\":\"https:\\\/\\\/canal7slp.tv\\\/2022\\\/#organization\",\"name\":\"Noticieros Canal 7\",\"url\":\"https:\\\/\\\/canal7slp.tv\\\/2022\\\/\",\"logo\":{\"@type\":\"ImageObject\",\"inLanguage\":\"es\",\"@id\":\"https:\\\/\\\/canal7slp.tv\\\/2022\\\/#\\\/schema\\\/logo\\\/image\\\/\",\"url\":\"https:\\\/\\\/canal7slp.tv\\\/2022\\\/wp-content\\\/uploads\\\/2021\\\/01\\\/logo-noticieros@2x.png\",\"contentUrl\":\"https:\\\/\\\/canal7slp.tv\\\/2022\\\/wp-content\\\/uploads\\\/2021\\\/01\\\/logo-noticieros@2x.png\",\"width\":1017,\"height\":268,\"caption\":\"Noticieros Canal 7\"},\"image\":{\"@id\":\"https:\\\/\\\/canal7slp.tv\\\/2022\\\/#\\\/schema\\\/logo\\\/image\\\/\"},\"sameAs\":[\"https:\\\/\\\/www.facebook.com\\\/noticieroscanalsiete\",\"https:\\\/\\\/x.com\\\/NOTICIEROS7\",\"https:\\\/\\\/www.instagram.com\\\/canal7_slp\",\"https:\\\/\\\/www.youtube.com\\\/channel\\\/UCliiYs-gP3JfJeqdPrNdd5A\"]},{\"@type\":\"Person\",\"@id\":\"https:\\\/\\\/canal7slp.tv\\\/2022\\\/#\\\/schema\\\/person\\\/429704152a21f5f856ce29aa69a238da\",\"name\":\"Edici\u00f3n Web\",\"image\":{\"@type\":\"ImageObject\",\"inLanguage\":\"es\",\"@id\":\"https:\\\/\\\/secure.gravatar.com\\\/avatar\\\/eee448fc3f7164808013b816ba91ac7e43bbe82a70bebac296f8bc6f0addaa1a?s=96&d=mm&r=g\",\"url\":\"https:\\\/\\\/secure.gravatar.com\\\/avatar\\\/eee448fc3f7164808013b816ba91ac7e43bbe82a70bebac296f8bc6f0addaa1a?s=96&d=mm&r=g\",\"contentUrl\":\"https:\\\/\\\/secure.gravatar.com\\\/avatar\\\/eee448fc3f7164808013b816ba91ac7e43bbe82a70bebac296f8bc6f0addaa1a?s=96&d=mm&r=g\",\"caption\":\"Edici\u00f3n Web\"},\"url\":\"https:\\\/\\\/canal7slp.tv\\\/2022\\\/author\\\/edicionweb\\\/\"}]}<\/script>\n<!-- \/ Yoast SEO plugin. -->","yoast_head_json":{"title":"Celebra Iv\u00e1n Estrada un a\u00f1o del triunfo electoral y emite mensaje contra la pasada administraci\u00f3n. - Canal 7 SLP - 2022","robots":{"index":"index","follow":"follow","max-snippet":"max-snippet:-1","max-image-preview":"max-image-preview:large","max-video-preview":"max-video-preview:-1"},"canonical":"https:\/\/canal7slp.tv\/2022\/celebra-iva-estrada-un-ano-del-triunfo-electoral-y-emite-mensaje-contra-la-pasada-administracion\/","og_locale":"es_ES","og_type":"article","og_title":"Celebra Iv\u00e1n Estrada un a\u00f1o del triunfo electoral y emite mensaje contra la pasada administraci\u00f3n. - Canal 7 SLP - 2022","og_description":"Matehuala.- Con baile masivo y rifas de regalos, el Presidente Municipal de Matehuala, Iv\u00e1n Estrada, celebr\u00f3 un a\u00f1o del triunfo electoral en el municipio. \u201cDespu\u00e9s de un a\u00f1o, estamos aqu\u00ed de nuevo, para agradecerles la confianza y el apoyo que me dieron para gobernar esta bonita ciudad de Matehuala\u201d. Estrada asegur\u00f3 que cuenta con el apoyo desde el Gobierno del Estado, \u201ctenemos a un gobernador amigo, que coincidimos en sacar adelante a Matehuala y a San Luis Potos\u00ed, coincidimos tambi\u00e9n en que nos dejaron una herencia maldita\u201d. El edil municipal arremeti\u00f3 contra la administraci\u00f3n del ahora diputado federal, Alejandro Segovia, [&hellip;]","og_url":"https:\/\/canal7slp.tv\/2022\/celebra-iva-estrada-un-ano-del-triunfo-electoral-y-emite-mensaje-contra-la-pasada-administracion\/","og_site_name":"Canal 7 SLP - 2022","article_publisher":"https:\/\/www.facebook.com\/noticieroscanalsiete","article_published_time":"2022-06-06T23:56:15+00:00","article_modified_time":"2022-06-07T16:36:27+00:00","og_image":[{"width":888,"height":500,"url":"https:\/\/canal7slp.tv\/2022\/wp-content\/uploads\/2022\/06\/Valencia01Celebracion.jpg","type":"image\/jpeg"}],"author":"Edici\u00f3n Web","twitter_card":"summary_large_image","twitter_creator":"@NOTICIEROS7","twitter_site":"@NOTICIEROS7","twitter_misc":{"Escrito por":"Edici\u00f3n Web","Tiempo de lectura":"1 minuto"},"schema":{"@context":"https:\/\/schema.org","@graph":[{"@type":"Article","@id":"https:\/\/canal7slp.tv\/2022\/celebra-iva-estrada-un-ano-del-triunfo-electoral-y-emite-mensaje-contra-la-pasada-administracion\/#article","isPartOf":{"@id":"https:\/\/canal7slp.tv\/2022\/celebra-iva-estrada-un-ano-del-triunfo-electoral-y-emite-mensaje-contra-la-pasada-administracion\/"},"author":{"name":"Edici\u00f3n Web","@id":"https:\/\/canal7slp.tv\/2022\/#\/schema\/person\/429704152a21f5f856ce29aa69a238da"},"headline":"Celebra Iv\u00e1n Estrada un a\u00f1o del triunfo electoral y emite mensaje contra la pasada administraci\u00f3n.","datePublished":"2022-06-06T23:56:15+00:00","dateModified":"2022-06-07T16:36:27+00:00","mainEntityOfPage":{"@id":"https:\/\/canal7slp.tv\/2022\/celebra-iva-estrada-un-ano-del-triunfo-electoral-y-emite-mensaje-contra-la-pasada-administracion\/"},"wordCount":237,"publisher":{"@id":"https:\/\/canal7slp.tv\/2022\/#organization"},"image":{"@id":"https:\/\/canal7slp.tv\/2022\/celebra-iva-estrada-un-ano-del-triunfo-electoral-y-emite-mensaje-contra-la-pasada-administracion\/#primaryimage"},"thumbnailUrl":"https:\/\/canal7slp.tv\/2022\/wp-content\/uploads\/2022\/06\/Valencia01Celebracion.jpg","articleSection":["DESTACADAS","INTERIOR DEL ESTADO"],"inLanguage":"es"},{"@type":"WebPage","@id":"https:\/\/canal7slp.tv\/2022\/celebra-iva-estrada-un-ano-del-triunfo-electoral-y-emite-mensaje-contra-la-pasada-administracion\/","url":"https:\/\/canal7slp.tv\/2022\/celebra-iva-estrada-un-ano-del-triunfo-electoral-y-emite-mensaje-contra-la-pasada-administracion\/","name":"Celebra Iv\u00e1n Estrada un a\u00f1o del triunfo electoral y emite mensaje contra la pasada administraci\u00f3n. - Canal 7 SLP - 2022","isPartOf":{"@id":"https:\/\/canal7slp.tv\/2022\/#website"},"primaryImageOfPage":{"@id":"https:\/\/canal7slp.tv\/2022\/celebra-iva-estrada-un-ano-del-triunfo-electoral-y-emite-mensaje-contra-la-pasada-administracion\/#primaryimage"},"image":{"@id":"https:\/\/canal7slp.tv\/2022\/celebra-iva-estrada-un-ano-del-triunfo-electoral-y-emite-mensaje-contra-la-pasada-administracion\/#primaryimage"},"thumbnailUrl":"https:\/\/canal7slp.tv\/2022\/wp-content\/uploads\/2022\/06\/Valencia01Celebracion.jpg","datePublished":"2022-06-06T23:56:15+00:00","dateModified":"2022-06-07T16:36:27+00:00","breadcrumb":{"@id":"https:\/\/canal7slp.tv\/2022\/celebra-iva-estrada-un-ano-del-triunfo-electoral-y-emite-mensaje-contra-la-pasada-administracion\/#breadcrumb"},"inLanguage":"es","potentialAction":[{"@type":"ReadAction","target":["https:\/\/canal7slp.tv\/2022\/celebra-iva-estrada-un-ano-del-triunfo-electoral-y-emite-mensaje-contra-la-pasada-administracion\/"]}]},{"@type":"ImageObject","inLanguage":"es","@id":"https:\/\/canal7slp.tv\/2022\/celebra-iva-estrada-un-ano-del-triunfo-electoral-y-emite-mensaje-contra-la-pasada-administracion\/#primaryimage","url":"https:\/\/canal7slp.tv\/2022\/wp-content\/uploads\/2022\/06\/Valencia01Celebracion.jpg","contentUrl":"https:\/\/canal7slp.tv\/2022\/wp-content\/uploads\/2022\/06\/Valencia01Celebracion.jpg","width":888,"height":500},{"@type":"BreadcrumbList","@id":"https:\/\/canal7slp.tv\/2022\/celebra-iva-estrada-un-ano-del-triunfo-electoral-y-emite-mensaje-contra-la-pasada-administracion\/#breadcrumb","itemListElement":[{"@type":"ListItem","position":1,"name":"Portada","item":"https:\/\/canal7slp.tv\/2022\/"},{"@type":"ListItem","position":2,"name":"Celebra Iv\u00e1n Estrada un a\u00f1o del triunfo electoral y emite mensaje contra la pasada administraci\u00f3n."}]},{"@type":"WebSite","@id":"https:\/\/canal7slp.tv\/2022\/#website","url":"https:\/\/canal7slp.tv\/2022\/","name":"N7 - Noticieros Canal 7","description":"Somos Televisi\u00f3n","publisher":{"@id":"https:\/\/canal7slp.tv\/2022\/#organization"},"potentialAction":[{"@type":"SearchAction","target":{"@type":"EntryPoint","urlTemplate":"https:\/\/canal7slp.tv\/2022\/?s={search_term_string}"},"query-input":{"@type":"PropertyValueSpecification","valueRequired":true,"valueName":"search_term_string"}}],"inLanguage":"es"},{"@type":"Organization","@id":"https:\/\/canal7slp.tv\/2022\/#organization","name":"Noticieros Canal 7","url":"https:\/\/canal7slp.tv\/2022\/","logo":{"@type":"ImageObject","inLanguage":"es","@id":"https:\/\/canal7slp.tv\/2022\/#\/schema\/logo\/image\/","url":"https:\/\/canal7slp.tv\/2022\/wp-content\/uploads\/2021\/01\/logo-noticieros@2x.png","contentUrl":"https:\/\/canal7slp.tv\/2022\/wp-content\/uploads\/2021\/01\/logo-noticieros@2x.png","width":1017,"height":268,"caption":"Noticieros Canal 7"},"image":{"@id":"https:\/\/canal7slp.tv\/2022\/#\/schema\/logo\/image\/"},"sameAs":["https:\/\/www.facebook.com\/noticieroscanalsiete","https:\/\/x.com\/NOTICIEROS7","https:\/\/www.instagram.com\/canal7_slp","https:\/\/www.youtube.com\/channel\/UCliiYs-gP3JfJeqdPrNdd5A"]},{"@type":"Person","@id":"https:\/\/canal7slp.tv\/2022\/#\/schema\/person\/429704152a21f5f856ce29aa69a238da","name":"Edici\u00f3n Web","image":{"@type":"ImageObject","inLanguage":"es","@id":"https:\/\/secure.gravatar.com\/avatar\/eee448fc3f7164808013b816ba91ac7e43bbe82a70bebac296f8bc6f0addaa1a?s=96&d=mm&r=g","url":"https:\/\/secure.gravatar.com\/avatar\/eee448fc3f7164808013b816ba91ac7e43bbe82a70bebac296f8bc6f0addaa1a?s=96&d=mm&r=g","contentUrl":"https:\/\/secure.gravatar.com\/avatar\/eee448fc3f7164808013b816ba91ac7e43bbe82a70bebac296f8bc6f0addaa1a?s=96&d=mm&r=g","caption":"Edici\u00f3n Web"},"url":"https:\/\/canal7slp.tv\/2022\/author\/edicionweb\/"}]}},"amp_enabled":true,"_links":{"self":[{"href":"https:\/\/canal7slp.tv\/2022\/wp-json\/wp\/v2\/posts\/62697","targetHints":{"allow":["GET"]}}],"collection":[{"href":"https:\/\/canal7slp.tv\/2022\/wp-json\/wp\/v2\/posts"}],"about":[{"href":"https:\/\/canal7slp.tv\/2022\/wp-json\/wp\/v2\/types\/post"}],"author":[{"embeddable":true,"href":"https:\/\/canal7slp.tv\/2022\/wp-json\/wp\/v2\/users\/2"}],"replies":[{"embeddable":true,"href":"https:\/\/canal7slp.tv\/2022\/wp-json\/wp\/v2\/comments?post=62697"}],"version-history":[{"count":3,"href":"https:\/\/canal7slp.tv\/2022\/wp-json\/wp\/v2\/posts\/62697\/revisions"}],"predecessor-version":[{"id":62723,"href":"https:\/\/canal7slp.tv\/2022\/wp-json\/wp\/v2\/posts\/62697\/revisions\/62723"}],"wp:featuredmedia":[{"embeddable":true,"href":"https:\/\/canal7slp.tv\/2022\/wp-json\/wp\/v2\/media\/62701"}],"wp:attachment":[{"href":"https:\/\/canal7slp.tv\/2022\/wp-json\/wp\/v2\/media?parent=62697"}],"wp:term":[{"taxonomy":"category","embeddable":true,"href":"https:\/\/canal7slp.tv\/2022\/wp-json\/wp\/v2\/categories?post=62697"},{"taxonomy":"post_tag","embeddable":true,"href":"https:\/\/canal7slp.tv\/2022\/wp-json\/wp\/v2\/tags?post=62697"}],"curies":[{"name":"wp","href":"https:\/\/api.w.org\/{rel}","templated":true}]}}