{"id":62672,"date":"2022-06-06T17:27:23","date_gmt":"2022-06-06T23:27:23","guid":{"rendered":"https:\/\/canal7slp.tv\/2022\/?p=62672"},"modified":"2022-06-06T17:27:23","modified_gmt":"2022-06-06T23:27:23","slug":"senala-prd-que-la-federacion-metio-las-manos-en-proceso-electoral-del-cinco-de-junio","status":"publish","type":"post","link":"https:\/\/canal7slp.tv\/2022\/senala-prd-que-la-federacion-metio-las-manos-en-proceso-electoral-del-cinco-de-junio\/","title":{"rendered":"Se\u00f1ala PRD que la Federaci\u00f3n meti\u00f3 las manos en proceso electoral del cinco de junio."},"content":{"rendered":"<ul>\n<li>En una entidad el instituto pol\u00edtico impugnar\u00e1.<\/li>\n<\/ul>\n<p style=\"text-align: justify;\">SLP.- V\u00eda telef\u00f3nica el dirigente estatal del Partido de la Revoluci\u00f3n Democr\u00e1tica Jorge Zavala reconoci\u00f3 que en las elecciones de este domingo 5 de Junio en los estados de Aguascalientes, Durango, Tamaulipas, Quintana Roo, Oaxaca e Hidalgo no hubo los resultados que se esperaban para su partido, a pesar de haber ido en coalici\u00f3n con el Partido Revolucionario Institucional y con el Partido Acci\u00f3n Nacional.<\/p>\n<p style=\"text-align: justify;\">Adem\u00e1s, afirm\u00f3 que desde el gobierno federal hubo una evidente injerencia en estas elecciones que dijo, coaccionaron el voto del electorado con la intenci\u00f3n manifiesta de posicionar a MORENA.<\/p>\n<p style=\"text-align: justify;\">El dirigente estatal del partido del sol azteca se\u00f1al\u00f3 que lo m\u00e1s rescatable de esta jornada es que el PRD recuper\u00f3 su registro en uno de estos estados, y en donde ya lo hab\u00edan perdido.<\/p>\n<p style=\"text-align: justify;\">El dirigente estatal perredista se\u00f1al\u00f3 que Aguascalientes fue otro de los estados en donde su partido se vio favorecido con el voto del electorado.<\/p>\n<p style=\"text-align: justify;\">Al reiterar que la mano del presidente de la Rep\u00fablica estuvo metida en este proceso electoral el dirigente estatal del PRD Jorge Zavala, afirm\u00f3 que de acuerdo a lineamientos del Comit\u00e9 Nacional de este partido, impugnar\u00e1n los resultados en uno de estos estados.<\/p>\n<p style=\"text-align: justify;\">Por: Claudio Ibarra<\/p>\n","protected":false},"excerpt":{"rendered":"<p>En una entidad el instituto pol\u00edtico impugnar\u00e1. SLP.- V\u00eda telef\u00f3nica el dirigente estatal del Partido de la Revoluci\u00f3n Democr\u00e1tica Jorge Zavala reconoci\u00f3 que en las elecciones de este domingo 5 de Junio en los estados de Aguascalientes, Durango, Tamaulipas, Quintana Roo, Oaxaca e Hidalgo no hubo los resultados que se esperaban para su partido, a pesar de haber ido en coalici\u00f3n con el Partido Revolucionario Institucional y con el Partido Acci\u00f3n Nacional. Adem\u00e1s, afirm\u00f3 que desde el gobierno federal hubo una evidente injerencia en estas elecciones que dijo, coaccionaron el voto del electorado con la intenci\u00f3n manifiesta de posicionar a [&hellip;]<\/p>\n","protected":false},"author":2,"featured_media":62695,"comment_status":"closed","ping_status":"closed","sticky":false,"template":"","format":"video","meta":{"footnotes":""},"categories":[5,45],"tags":[],"class_list":["post-62672","post","type-post","status-publish","format-video","has-post-thumbnail","hentry","category-destacadas","category-localesyregionales","post_format-post-format-video","post--single"],"yoast_head":"<!-- This site is optimized with the Yoast SEO plugin v27.5 - https:\/\/yoast.com\/product\/yoast-seo-wordpress\/ -->\n<title>Se\u00f1ala PRD que la Federaci\u00f3n meti\u00f3 las manos en proceso electoral del cinco de junio. - Canal 7 SLP - 2022<\/title>\n<meta name=\"robots\" content=\"index, follow, max-snippet:-1, max-image-preview:large, max-video-preview:-1\" \/>\n<link rel=\"canonical\" href=\"https:\/\/canal7slp.tv\/2022\/senala-prd-que-la-federacion-metio-las-manos-en-proceso-electoral-del-cinco-de-junio\/\" \/>\n<meta property=\"og:locale\" content=\"es_ES\" \/>\n<meta property=\"og:type\" content=\"article\" \/>\n<meta property=\"og:title\" content=\"Se\u00f1ala PRD que la Federaci\u00f3n meti\u00f3 las manos en proceso electoral del cinco de junio. - Canal 7 SLP - 2022\" \/>\n<meta property=\"og:description\" content=\"En una entidad el instituto pol\u00edtico impugnar\u00e1. SLP.- V\u00eda telef\u00f3nica el dirigente estatal del Partido de la Revoluci\u00f3n Democr\u00e1tica Jorge Zavala reconoci\u00f3 que en las elecciones de este domingo 5 de Junio en los estados de Aguascalientes, Durango, Tamaulipas, Quintana Roo, Oaxaca e Hidalgo no hubo los resultados que se esperaban para su partido, a pesar de haber ido en coalici\u00f3n con el Partido Revolucionario Institucional y con el Partido Acci\u00f3n Nacional. Adem\u00e1s, afirm\u00f3 que desde el gobierno federal hubo una evidente injerencia en estas elecciones que dijo, coaccionaron el voto del electorado con la intenci\u00f3n manifiesta de posicionar a [&hellip;]\" \/>\n<meta property=\"og:url\" content=\"https:\/\/canal7slp.tv\/2022\/senala-prd-que-la-federacion-metio-las-manos-en-proceso-electoral-del-cinco-de-junio\/\" \/>\n<meta property=\"og:site_name\" content=\"Canal 7 SLP - 2022\" \/>\n<meta property=\"article:publisher\" content=\"https:\/\/www.facebook.com\/noticieroscanalsiete\" \/>\n<meta property=\"article:published_time\" content=\"2022-06-06T23:27:23+00:00\" \/>\n<meta property=\"og:image\" content=\"https:\/\/canal7slp.tv\/2022\/wp-content\/uploads\/2022\/06\/Claudio04Intromision.jpg\" \/>\n\t<meta property=\"og:image:width\" content=\"888\" \/>\n\t<meta property=\"og:image:height\" content=\"500\" \/>\n\t<meta property=\"og:image:type\" content=\"image\/jpeg\" \/>\n<meta name=\"author\" content=\"Edici\u00f3n Web\" \/>\n<meta name=\"twitter:card\" content=\"summary_large_image\" \/>\n<meta name=\"twitter:creator\" content=\"@NOTICIEROS7\" \/>\n<meta name=\"twitter:site\" content=\"@NOTICIEROS7\" \/>\n<meta name=\"twitter:label1\" content=\"Escrito por\" \/>\n\t<meta name=\"twitter:data1\" content=\"Edici\u00f3n Web\" \/>\n\t<meta name=\"twitter:label2\" content=\"Tiempo de lectura\" \/>\n\t<meta name=\"twitter:data2\" content=\"1 minuto\" \/>\n<script type=\"application\/ld+json\" class=\"yoast-schema-graph\">{\"@context\":\"https:\\\/\\\/schema.org\",\"@graph\":[{\"@type\":\"Article\",\"@id\":\"https:\\\/\\\/canal7slp.tv\\\/2022\\\/senala-prd-que-la-federacion-metio-las-manos-en-proceso-electoral-del-cinco-de-junio\\\/#article\",\"isPartOf\":{\"@id\":\"https:\\\/\\\/canal7slp.tv\\\/2022\\\/senala-prd-que-la-federacion-metio-las-manos-en-proceso-electoral-del-cinco-de-junio\\\/\"},\"author\":{\"name\":\"Edici\u00f3n Web\",\"@id\":\"https:\\\/\\\/canal7slp.tv\\\/2022\\\/#\\\/schema\\\/person\\\/429704152a21f5f856ce29aa69a238da\"},\"headline\":\"Se\u00f1ala PRD que la Federaci\u00f3n meti\u00f3 las manos en proceso electoral del cinco de junio.\",\"datePublished\":\"2022-06-06T23:27:23+00:00\",\"mainEntityOfPage\":{\"@id\":\"https:\\\/\\\/canal7slp.tv\\\/2022\\\/senala-prd-que-la-federacion-metio-las-manos-en-proceso-electoral-del-cinco-de-junio\\\/\"},\"wordCount\":238,\"publisher\":{\"@id\":\"https:\\\/\\\/canal7slp.tv\\\/2022\\\/#organization\"},\"image\":{\"@id\":\"https:\\\/\\\/canal7slp.tv\\\/2022\\\/senala-prd-que-la-federacion-metio-las-manos-en-proceso-electoral-del-cinco-de-junio\\\/#primaryimage\"},\"thumbnailUrl\":\"https:\\\/\\\/canal7slp.tv\\\/2022\\\/wp-content\\\/uploads\\\/2022\\\/06\\\/Claudio04Intromision.jpg\",\"articleSection\":[\"DESTACADAS\",\"LOCALES Y REGIONALES\"],\"inLanguage\":\"es\"},{\"@type\":\"WebPage\",\"@id\":\"https:\\\/\\\/canal7slp.tv\\\/2022\\\/senala-prd-que-la-federacion-metio-las-manos-en-proceso-electoral-del-cinco-de-junio\\\/\",\"url\":\"https:\\\/\\\/canal7slp.tv\\\/2022\\\/senala-prd-que-la-federacion-metio-las-manos-en-proceso-electoral-del-cinco-de-junio\\\/\",\"name\":\"Se\u00f1ala PRD que la Federaci\u00f3n meti\u00f3 las manos en proceso electoral del cinco de junio. - Canal 7 SLP - 2022\",\"isPartOf\":{\"@id\":\"https:\\\/\\\/canal7slp.tv\\\/2022\\\/#website\"},\"primaryImageOfPage\":{\"@id\":\"https:\\\/\\\/canal7slp.tv\\\/2022\\\/senala-prd-que-la-federacion-metio-las-manos-en-proceso-electoral-del-cinco-de-junio\\\/#primaryimage\"},\"image\":{\"@id\":\"https:\\\/\\\/canal7slp.tv\\\/2022\\\/senala-prd-que-la-federacion-metio-las-manos-en-proceso-electoral-del-cinco-de-junio\\\/#primaryimage\"},\"thumbnailUrl\":\"https:\\\/\\\/canal7slp.tv\\\/2022\\\/wp-content\\\/uploads\\\/2022\\\/06\\\/Claudio04Intromision.jpg\",\"datePublished\":\"2022-06-06T23:27:23+00:00\",\"breadcrumb\":{\"@id\":\"https:\\\/\\\/canal7slp.tv\\\/2022\\\/senala-prd-que-la-federacion-metio-las-manos-en-proceso-electoral-del-cinco-de-junio\\\/#breadcrumb\"},\"inLanguage\":\"es\",\"potentialAction\":[{\"@type\":\"ReadAction\",\"target\":[\"https:\\\/\\\/canal7slp.tv\\\/2022\\\/senala-prd-que-la-federacion-metio-las-manos-en-proceso-electoral-del-cinco-de-junio\\\/\"]}]},{\"@type\":\"ImageObject\",\"inLanguage\":\"es\",\"@id\":\"https:\\\/\\\/canal7slp.tv\\\/2022\\\/senala-prd-que-la-federacion-metio-las-manos-en-proceso-electoral-del-cinco-de-junio\\\/#primaryimage\",\"url\":\"https:\\\/\\\/canal7slp.tv\\\/2022\\\/wp-content\\\/uploads\\\/2022\\\/06\\\/Claudio04Intromision.jpg\",\"contentUrl\":\"https:\\\/\\\/canal7slp.tv\\\/2022\\\/wp-content\\\/uploads\\\/2022\\\/06\\\/Claudio04Intromision.jpg\",\"width\":888,\"height\":500},{\"@type\":\"BreadcrumbList\",\"@id\":\"https:\\\/\\\/canal7slp.tv\\\/2022\\\/senala-prd-que-la-federacion-metio-las-manos-en-proceso-electoral-del-cinco-de-junio\\\/#breadcrumb\",\"itemListElement\":[{\"@type\":\"ListItem\",\"position\":1,\"name\":\"Portada\",\"item\":\"https:\\\/\\\/canal7slp.tv\\\/2022\\\/\"},{\"@type\":\"ListItem\",\"position\":2,\"name\":\"Se\u00f1ala PRD que la Federaci\u00f3n meti\u00f3 las manos en proceso electoral del cinco de junio.\"}]},{\"@type\":\"WebSite\",\"@id\":\"https:\\\/\\\/canal7slp.tv\\\/2022\\\/#website\",\"url\":\"https:\\\/\\\/canal7slp.tv\\\/2022\\\/\",\"name\":\"N7 - Noticieros Canal 7\",\"description\":\"Somos Televisi\u00f3n\",\"publisher\":{\"@id\":\"https:\\\/\\\/canal7slp.tv\\\/2022\\\/#organization\"},\"potentialAction\":[{\"@type\":\"SearchAction\",\"target\":{\"@type\":\"EntryPoint\",\"urlTemplate\":\"https:\\\/\\\/canal7slp.tv\\\/2022\\\/?s={search_term_string}\"},\"query-input\":{\"@type\":\"PropertyValueSpecification\",\"valueRequired\":true,\"valueName\":\"search_term_string\"}}],\"inLanguage\":\"es\"},{\"@type\":\"Organization\",\"@id\":\"https:\\\/\\\/canal7slp.tv\\\/2022\\\/#organization\",\"name\":\"Noticieros Canal 7\",\"url\":\"https:\\\/\\\/canal7slp.tv\\\/2022\\\/\",\"logo\":{\"@type\":\"ImageObject\",\"inLanguage\":\"es\",\"@id\":\"https:\\\/\\\/canal7slp.tv\\\/2022\\\/#\\\/schema\\\/logo\\\/image\\\/\",\"url\":\"https:\\\/\\\/canal7slp.tv\\\/2022\\\/wp-content\\\/uploads\\\/2021\\\/01\\\/logo-noticieros@2x.png\",\"contentUrl\":\"https:\\\/\\\/canal7slp.tv\\\/2022\\\/wp-content\\\/uploads\\\/2021\\\/01\\\/logo-noticieros@2x.png\",\"width\":1017,\"height\":268,\"caption\":\"Noticieros Canal 7\"},\"image\":{\"@id\":\"https:\\\/\\\/canal7slp.tv\\\/2022\\\/#\\\/schema\\\/logo\\\/image\\\/\"},\"sameAs\":[\"https:\\\/\\\/www.facebook.com\\\/noticieroscanalsiete\",\"https:\\\/\\\/x.com\\\/NOTICIEROS7\",\"https:\\\/\\\/www.instagram.com\\\/canal7_slp\",\"https:\\\/\\\/www.youtube.com\\\/channel\\\/UCliiYs-gP3JfJeqdPrNdd5A\"]},{\"@type\":\"Person\",\"@id\":\"https:\\\/\\\/canal7slp.tv\\\/2022\\\/#\\\/schema\\\/person\\\/429704152a21f5f856ce29aa69a238da\",\"name\":\"Edici\u00f3n Web\",\"image\":{\"@type\":\"ImageObject\",\"inLanguage\":\"es\",\"@id\":\"https:\\\/\\\/secure.gravatar.com\\\/avatar\\\/eee448fc3f7164808013b816ba91ac7e43bbe82a70bebac296f8bc6f0addaa1a?s=96&d=mm&r=g\",\"url\":\"https:\\\/\\\/secure.gravatar.com\\\/avatar\\\/eee448fc3f7164808013b816ba91ac7e43bbe82a70bebac296f8bc6f0addaa1a?s=96&d=mm&r=g\",\"contentUrl\":\"https:\\\/\\\/secure.gravatar.com\\\/avatar\\\/eee448fc3f7164808013b816ba91ac7e43bbe82a70bebac296f8bc6f0addaa1a?s=96&d=mm&r=g\",\"caption\":\"Edici\u00f3n Web\"},\"url\":\"https:\\\/\\\/canal7slp.tv\\\/2022\\\/author\\\/edicionweb\\\/\"}]}<\/script>\n<!-- \/ Yoast SEO plugin. -->","yoast_head_json":{"title":"Se\u00f1ala PRD que la Federaci\u00f3n meti\u00f3 las manos en proceso electoral del cinco de junio. - Canal 7 SLP - 2022","robots":{"index":"index","follow":"follow","max-snippet":"max-snippet:-1","max-image-preview":"max-image-preview:large","max-video-preview":"max-video-preview:-1"},"canonical":"https:\/\/canal7slp.tv\/2022\/senala-prd-que-la-federacion-metio-las-manos-en-proceso-electoral-del-cinco-de-junio\/","og_locale":"es_ES","og_type":"article","og_title":"Se\u00f1ala PRD que la Federaci\u00f3n meti\u00f3 las manos en proceso electoral del cinco de junio. - Canal 7 SLP - 2022","og_description":"En una entidad el instituto pol\u00edtico impugnar\u00e1. SLP.- V\u00eda telef\u00f3nica el dirigente estatal del Partido de la Revoluci\u00f3n Democr\u00e1tica Jorge Zavala reconoci\u00f3 que en las elecciones de este domingo 5 de Junio en los estados de Aguascalientes, Durango, Tamaulipas, Quintana Roo, Oaxaca e Hidalgo no hubo los resultados que se esperaban para su partido, a pesar de haber ido en coalici\u00f3n con el Partido Revolucionario Institucional y con el Partido Acci\u00f3n Nacional. Adem\u00e1s, afirm\u00f3 que desde el gobierno federal hubo una evidente injerencia en estas elecciones que dijo, coaccionaron el voto del electorado con la intenci\u00f3n manifiesta de posicionar a [&hellip;]","og_url":"https:\/\/canal7slp.tv\/2022\/senala-prd-que-la-federacion-metio-las-manos-en-proceso-electoral-del-cinco-de-junio\/","og_site_name":"Canal 7 SLP - 2022","article_publisher":"https:\/\/www.facebook.com\/noticieroscanalsiete","article_published_time":"2022-06-06T23:27:23+00:00","og_image":[{"width":888,"height":500,"url":"https:\/\/canal7slp.tv\/2022\/wp-content\/uploads\/2022\/06\/Claudio04Intromision.jpg","type":"image\/jpeg"}],"author":"Edici\u00f3n Web","twitter_card":"summary_large_image","twitter_creator":"@NOTICIEROS7","twitter_site":"@NOTICIEROS7","twitter_misc":{"Escrito por":"Edici\u00f3n Web","Tiempo de lectura":"1 minuto"},"schema":{"@context":"https:\/\/schema.org","@graph":[{"@type":"Article","@id":"https:\/\/canal7slp.tv\/2022\/senala-prd-que-la-federacion-metio-las-manos-en-proceso-electoral-del-cinco-de-junio\/#article","isPartOf":{"@id":"https:\/\/canal7slp.tv\/2022\/senala-prd-que-la-federacion-metio-las-manos-en-proceso-electoral-del-cinco-de-junio\/"},"author":{"name":"Edici\u00f3n Web","@id":"https:\/\/canal7slp.tv\/2022\/#\/schema\/person\/429704152a21f5f856ce29aa69a238da"},"headline":"Se\u00f1ala PRD que la Federaci\u00f3n meti\u00f3 las manos en proceso electoral del cinco de junio.","datePublished":"2022-06-06T23:27:23+00:00","mainEntityOfPage":{"@id":"https:\/\/canal7slp.tv\/2022\/senala-prd-que-la-federacion-metio-las-manos-en-proceso-electoral-del-cinco-de-junio\/"},"wordCount":238,"publisher":{"@id":"https:\/\/canal7slp.tv\/2022\/#organization"},"image":{"@id":"https:\/\/canal7slp.tv\/2022\/senala-prd-que-la-federacion-metio-las-manos-en-proceso-electoral-del-cinco-de-junio\/#primaryimage"},"thumbnailUrl":"https:\/\/canal7slp.tv\/2022\/wp-content\/uploads\/2022\/06\/Claudio04Intromision.jpg","articleSection":["DESTACADAS","LOCALES Y REGIONALES"],"inLanguage":"es"},{"@type":"WebPage","@id":"https:\/\/canal7slp.tv\/2022\/senala-prd-que-la-federacion-metio-las-manos-en-proceso-electoral-del-cinco-de-junio\/","url":"https:\/\/canal7slp.tv\/2022\/senala-prd-que-la-federacion-metio-las-manos-en-proceso-electoral-del-cinco-de-junio\/","name":"Se\u00f1ala PRD que la Federaci\u00f3n meti\u00f3 las manos en proceso electoral del cinco de junio. - Canal 7 SLP - 2022","isPartOf":{"@id":"https:\/\/canal7slp.tv\/2022\/#website"},"primaryImageOfPage":{"@id":"https:\/\/canal7slp.tv\/2022\/senala-prd-que-la-federacion-metio-las-manos-en-proceso-electoral-del-cinco-de-junio\/#primaryimage"},"image":{"@id":"https:\/\/canal7slp.tv\/2022\/senala-prd-que-la-federacion-metio-las-manos-en-proceso-electoral-del-cinco-de-junio\/#primaryimage"},"thumbnailUrl":"https:\/\/canal7slp.tv\/2022\/wp-content\/uploads\/2022\/06\/Claudio04Intromision.jpg","datePublished":"2022-06-06T23:27:23+00:00","breadcrumb":{"@id":"https:\/\/canal7slp.tv\/2022\/senala-prd-que-la-federacion-metio-las-manos-en-proceso-electoral-del-cinco-de-junio\/#breadcrumb"},"inLanguage":"es","potentialAction":[{"@type":"ReadAction","target":["https:\/\/canal7slp.tv\/2022\/senala-prd-que-la-federacion-metio-las-manos-en-proceso-electoral-del-cinco-de-junio\/"]}]},{"@type":"ImageObject","inLanguage":"es","@id":"https:\/\/canal7slp.tv\/2022\/senala-prd-que-la-federacion-metio-las-manos-en-proceso-electoral-del-cinco-de-junio\/#primaryimage","url":"https:\/\/canal7slp.tv\/2022\/wp-content\/uploads\/2022\/06\/Claudio04Intromision.jpg","contentUrl":"https:\/\/canal7slp.tv\/2022\/wp-content\/uploads\/2022\/06\/Claudio04Intromision.jpg","width":888,"height":500},{"@type":"BreadcrumbList","@id":"https:\/\/canal7slp.tv\/2022\/senala-prd-que-la-federacion-metio-las-manos-en-proceso-electoral-del-cinco-de-junio\/#breadcrumb","itemListElement":[{"@type":"ListItem","position":1,"name":"Portada","item":"https:\/\/canal7slp.tv\/2022\/"},{"@type":"ListItem","position":2,"name":"Se\u00f1ala PRD que la Federaci\u00f3n meti\u00f3 las manos en proceso electoral del cinco de junio."}]},{"@type":"WebSite","@id":"https:\/\/canal7slp.tv\/2022\/#website","url":"https:\/\/canal7slp.tv\/2022\/","name":"N7 - Noticieros Canal 7","description":"Somos Televisi\u00f3n","publisher":{"@id":"https:\/\/canal7slp.tv\/2022\/#organization"},"potentialAction":[{"@type":"SearchAction","target":{"@type":"EntryPoint","urlTemplate":"https:\/\/canal7slp.tv\/2022\/?s={search_term_string}"},"query-input":{"@type":"PropertyValueSpecification","valueRequired":true,"valueName":"search_term_string"}}],"inLanguage":"es"},{"@type":"Organization","@id":"https:\/\/canal7slp.tv\/2022\/#organization","name":"Noticieros Canal 7","url":"https:\/\/canal7slp.tv\/2022\/","logo":{"@type":"ImageObject","inLanguage":"es","@id":"https:\/\/canal7slp.tv\/2022\/#\/schema\/logo\/image\/","url":"https:\/\/canal7slp.tv\/2022\/wp-content\/uploads\/2021\/01\/logo-noticieros@2x.png","contentUrl":"https:\/\/canal7slp.tv\/2022\/wp-content\/uploads\/2021\/01\/logo-noticieros@2x.png","width":1017,"height":268,"caption":"Noticieros Canal 7"},"image":{"@id":"https:\/\/canal7slp.tv\/2022\/#\/schema\/logo\/image\/"},"sameAs":["https:\/\/www.facebook.com\/noticieroscanalsiete","https:\/\/x.com\/NOTICIEROS7","https:\/\/www.instagram.com\/canal7_slp","https:\/\/www.youtube.com\/channel\/UCliiYs-gP3JfJeqdPrNdd5A"]},{"@type":"Person","@id":"https:\/\/canal7slp.tv\/2022\/#\/schema\/person\/429704152a21f5f856ce29aa69a238da","name":"Edici\u00f3n Web","image":{"@type":"ImageObject","inLanguage":"es","@id":"https:\/\/secure.gravatar.com\/avatar\/eee448fc3f7164808013b816ba91ac7e43bbe82a70bebac296f8bc6f0addaa1a?s=96&d=mm&r=g","url":"https:\/\/secure.gravatar.com\/avatar\/eee448fc3f7164808013b816ba91ac7e43bbe82a70bebac296f8bc6f0addaa1a?s=96&d=mm&r=g","contentUrl":"https:\/\/secure.gravatar.com\/avatar\/eee448fc3f7164808013b816ba91ac7e43bbe82a70bebac296f8bc6f0addaa1a?s=96&d=mm&r=g","caption":"Edici\u00f3n Web"},"url":"https:\/\/canal7slp.tv\/2022\/author\/edicionweb\/"}]}},"amp_enabled":true,"_links":{"self":[{"href":"https:\/\/canal7slp.tv\/2022\/wp-json\/wp\/v2\/posts\/62672","targetHints":{"allow":["GET"]}}],"collection":[{"href":"https:\/\/canal7slp.tv\/2022\/wp-json\/wp\/v2\/posts"}],"about":[{"href":"https:\/\/canal7slp.tv\/2022\/wp-json\/wp\/v2\/types\/post"}],"author":[{"embeddable":true,"href":"https:\/\/canal7slp.tv\/2022\/wp-json\/wp\/v2\/users\/2"}],"replies":[{"embeddable":true,"href":"https:\/\/canal7slp.tv\/2022\/wp-json\/wp\/v2\/comments?post=62672"}],"version-history":[{"count":3,"href":"https:\/\/canal7slp.tv\/2022\/wp-json\/wp\/v2\/posts\/62672\/revisions"}],"predecessor-version":[{"id":62696,"href":"https:\/\/canal7slp.tv\/2022\/wp-json\/wp\/v2\/posts\/62672\/revisions\/62696"}],"wp:featuredmedia":[{"embeddable":true,"href":"https:\/\/canal7slp.tv\/2022\/wp-json\/wp\/v2\/media\/62695"}],"wp:attachment":[{"href":"https:\/\/canal7slp.tv\/2022\/wp-json\/wp\/v2\/media?parent=62672"}],"wp:term":[{"taxonomy":"category","embeddable":true,"href":"https:\/\/canal7slp.tv\/2022\/wp-json\/wp\/v2\/categories?post=62672"},{"taxonomy":"post_tag","embeddable":true,"href":"https:\/\/canal7slp.tv\/2022\/wp-json\/wp\/v2\/tags?post=62672"}],"curies":[{"name":"wp","href":"https:\/\/api.w.org\/{rel}","templated":true}]}}