{"id":62657,"date":"2022-06-06T16:40:05","date_gmt":"2022-06-06T22:40:05","guid":{"rendered":"https:\/\/canal7slp.tv\/2022\/?p=62657"},"modified":"2022-06-06T16:40:05","modified_gmt":"2022-06-06T22:40:05","slug":"ya-se-ubico-a-los-responsables-de-presuntas-irregularidades-en-el-proyecto-red-metro-advierte-ejecutivo-local-2","status":"publish","type":"post","link":"https:\/\/canal7slp.tv\/2022\/ya-se-ubico-a-los-responsables-de-presuntas-irregularidades-en-el-proyecto-red-metro-advierte-ejecutivo-local-2\/","title":{"rendered":"Ya se ubic\u00f3 a los responsables de presuntas irregularidades en el proyecto Red Metro, advierte Ejecutivo Local."},"content":{"rendered":"<p style=\"text-align: justify;\">SLP.- El gobernador del estado de San Luis Potos\u00ed, Jos\u00e9 Ricardo Gallardo Cardona, declar\u00f3 que las investigaciones sobre las irregularidades encontradas en el proyecto de la Red Metro ya est\u00e1n pr\u00e1cticamente culminadas.<\/p>\n<p style=\"text-align: justify;\">De hecho, adelant\u00f3 que en las pr\u00f3ximas horas o d\u00edas, se emitir\u00e1 informaci\u00f3n al respecto, pues incluso mencion\u00f3 que ya se tienen ubicados a los responsables.<\/p>\n<p style=\"text-align: justify;\">\u00abYa se cerr\u00f3 como quien dice la investigaci\u00f3n ya se sabe el monto de lo robado, ya se sabe qui\u00e9nes participaron porque eso era elemental para que nosotros pudi\u00e9ramos entrar como lo vamos a entrar la semana que entra o a finales de esta a reparar toda la Avenida Industrias\u00bb, dijo.<\/p>\n<p style=\"text-align: justify;\">Cabe recordar que la reconstrucci\u00f3n de dicha avenida estaba detenida pues se llevaban a cabo peritajes del Ministerio P\u00fablico por las denuncias interpuestas en contra del supuesto trabajo que hizo la pasada administraci\u00f3n entorno a este proyecto.<\/p>\n<p style=\"text-align: justify;\">\u00abDejaron una porquer\u00eda y hoy todos los automovilistas son los que est\u00e1n sufriendo porque \u00fanicamente est\u00e1 en un juicio la avenida y los actores, entonces ya s\u00e9 desahog\u00f3 y ya podemos reparar Avenida Industrias y obviamente ya hay responsables\u00bb, reiter\u00f3.<\/p>\n<p style=\"text-align: justify;\">Por. Jos\u00e9 Luis V\u00e1zquez<\/p>\n","protected":false},"excerpt":{"rendered":"<p>SLP.- El gobernador del estado de San Luis Potos\u00ed, Jos\u00e9 Ricardo Gallardo Cardona, declar\u00f3 que las investigaciones sobre las irregularidades encontradas en el proyecto de la Red Metro ya est\u00e1n pr\u00e1cticamente culminadas. De hecho, adelant\u00f3 que en las pr\u00f3ximas horas o d\u00edas, se emitir\u00e1 informaci\u00f3n al respecto, pues incluso mencion\u00f3 que ya se tienen ubicados a los responsables. \u00abYa se cerr\u00f3 como quien dice la investigaci\u00f3n ya se sabe el monto de lo robado, ya se sabe qui\u00e9nes participaron porque eso era elemental para que nosotros pudi\u00e9ramos entrar como lo vamos a entrar la semana que entra o a finales [&hellip;]<\/p>\n","protected":false},"author":2,"featured_media":62681,"comment_status":"closed","ping_status":"closed","sticky":false,"template":"","format":"video","meta":{"footnotes":""},"categories":[5,510,45],"tags":[],"class_list":["post-62657","post","type-post","status-publish","format-video","has-post-thumbnail","hentry","category-destacadas","category-gobedoslp","category-localesyregionales","post_format-post-format-video","post--single"],"yoast_head":"<!-- This site is optimized with the Yoast SEO plugin v27.5 - https:\/\/yoast.com\/product\/yoast-seo-wordpress\/ -->\n<title>Ya se ubic\u00f3 a los responsables de presuntas irregularidades en el proyecto Red Metro, advierte Ejecutivo Local. - Canal 7 SLP - 2022<\/title>\n<meta name=\"robots\" content=\"index, follow, max-snippet:-1, max-image-preview:large, max-video-preview:-1\" \/>\n<link rel=\"canonical\" href=\"https:\/\/canal7slp.tv\/2022\/ya-se-ubico-a-los-responsables-de-presuntas-irregularidades-en-el-proyecto-red-metro-advierte-ejecutivo-local-2\/\" \/>\n<meta property=\"og:locale\" content=\"es_ES\" \/>\n<meta property=\"og:type\" content=\"article\" \/>\n<meta property=\"og:title\" content=\"Ya se ubic\u00f3 a los responsables de presuntas irregularidades en el proyecto Red Metro, advierte Ejecutivo Local. - Canal 7 SLP - 2022\" \/>\n<meta property=\"og:description\" content=\"SLP.- El gobernador del estado de San Luis Potos\u00ed, Jos\u00e9 Ricardo Gallardo Cardona, declar\u00f3 que las investigaciones sobre las irregularidades encontradas en el proyecto de la Red Metro ya est\u00e1n pr\u00e1cticamente culminadas. De hecho, adelant\u00f3 que en las pr\u00f3ximas horas o d\u00edas, se emitir\u00e1 informaci\u00f3n al respecto, pues incluso mencion\u00f3 que ya se tienen ubicados a los responsables. \u00abYa se cerr\u00f3 como quien dice la investigaci\u00f3n ya se sabe el monto de lo robado, ya se sabe qui\u00e9nes participaron porque eso era elemental para que nosotros pudi\u00e9ramos entrar como lo vamos a entrar la semana que entra o a finales [&hellip;]\" \/>\n<meta property=\"og:url\" content=\"https:\/\/canal7slp.tv\/2022\/ya-se-ubico-a-los-responsables-de-presuntas-irregularidades-en-el-proyecto-red-metro-advierte-ejecutivo-local-2\/\" \/>\n<meta property=\"og:site_name\" content=\"Canal 7 SLP - 2022\" \/>\n<meta property=\"article:publisher\" content=\"https:\/\/www.facebook.com\/noticieroscanalsiete\" \/>\n<meta property=\"article:published_time\" content=\"2022-06-06T22:40:05+00:00\" \/>\n<meta property=\"og:image\" content=\"https:\/\/canal7slp.tv\/2022\/wp-content\/uploads\/2022\/06\/Vazquez01RedMetro.jpg\" \/>\n\t<meta property=\"og:image:width\" content=\"888\" \/>\n\t<meta property=\"og:image:height\" content=\"500\" \/>\n\t<meta property=\"og:image:type\" content=\"image\/jpeg\" \/>\n<meta name=\"author\" content=\"Edici\u00f3n Web\" \/>\n<meta name=\"twitter:card\" content=\"summary_large_image\" \/>\n<meta name=\"twitter:creator\" content=\"@NOTICIEROS7\" \/>\n<meta name=\"twitter:site\" content=\"@NOTICIEROS7\" \/>\n<meta name=\"twitter:label1\" content=\"Escrito por\" \/>\n\t<meta name=\"twitter:data1\" content=\"Edici\u00f3n Web\" \/>\n\t<meta name=\"twitter:label2\" content=\"Tiempo de lectura\" \/>\n\t<meta name=\"twitter:data2\" content=\"1 minuto\" \/>\n<script type=\"application\/ld+json\" class=\"yoast-schema-graph\">{\"@context\":\"https:\\\/\\\/schema.org\",\"@graph\":[{\"@type\":\"Article\",\"@id\":\"https:\\\/\\\/canal7slp.tv\\\/2022\\\/ya-se-ubico-a-los-responsables-de-presuntas-irregularidades-en-el-proyecto-red-metro-advierte-ejecutivo-local-2\\\/#article\",\"isPartOf\":{\"@id\":\"https:\\\/\\\/canal7slp.tv\\\/2022\\\/ya-se-ubico-a-los-responsables-de-presuntas-irregularidades-en-el-proyecto-red-metro-advierte-ejecutivo-local-2\\\/\"},\"author\":{\"name\":\"Edici\u00f3n Web\",\"@id\":\"https:\\\/\\\/canal7slp.tv\\\/2022\\\/#\\\/schema\\\/person\\\/429704152a21f5f856ce29aa69a238da\"},\"headline\":\"Ya se ubic\u00f3 a los responsables de presuntas irregularidades en el proyecto Red Metro, advierte Ejecutivo Local.\",\"datePublished\":\"2022-06-06T22:40:05+00:00\",\"mainEntityOfPage\":{\"@id\":\"https:\\\/\\\/canal7slp.tv\\\/2022\\\/ya-se-ubico-a-los-responsables-de-presuntas-irregularidades-en-el-proyecto-red-metro-advierte-ejecutivo-local-2\\\/\"},\"wordCount\":222,\"publisher\":{\"@id\":\"https:\\\/\\\/canal7slp.tv\\\/2022\\\/#organization\"},\"image\":{\"@id\":\"https:\\\/\\\/canal7slp.tv\\\/2022\\\/ya-se-ubico-a-los-responsables-de-presuntas-irregularidades-en-el-proyecto-red-metro-advierte-ejecutivo-local-2\\\/#primaryimage\"},\"thumbnailUrl\":\"https:\\\/\\\/canal7slp.tv\\\/2022\\\/wp-content\\\/uploads\\\/2022\\\/06\\\/Vazquez01RedMetro.jpg\",\"articleSection\":[\"DESTACADAS\",\"GOBEDOSLP\",\"LOCALES Y REGIONALES\"],\"inLanguage\":\"es\"},{\"@type\":\"WebPage\",\"@id\":\"https:\\\/\\\/canal7slp.tv\\\/2022\\\/ya-se-ubico-a-los-responsables-de-presuntas-irregularidades-en-el-proyecto-red-metro-advierte-ejecutivo-local-2\\\/\",\"url\":\"https:\\\/\\\/canal7slp.tv\\\/2022\\\/ya-se-ubico-a-los-responsables-de-presuntas-irregularidades-en-el-proyecto-red-metro-advierte-ejecutivo-local-2\\\/\",\"name\":\"Ya se ubic\u00f3 a los responsables de presuntas irregularidades en el proyecto Red Metro, advierte Ejecutivo Local. - Canal 7 SLP - 2022\",\"isPartOf\":{\"@id\":\"https:\\\/\\\/canal7slp.tv\\\/2022\\\/#website\"},\"primaryImageOfPage\":{\"@id\":\"https:\\\/\\\/canal7slp.tv\\\/2022\\\/ya-se-ubico-a-los-responsables-de-presuntas-irregularidades-en-el-proyecto-red-metro-advierte-ejecutivo-local-2\\\/#primaryimage\"},\"image\":{\"@id\":\"https:\\\/\\\/canal7slp.tv\\\/2022\\\/ya-se-ubico-a-los-responsables-de-presuntas-irregularidades-en-el-proyecto-red-metro-advierte-ejecutivo-local-2\\\/#primaryimage\"},\"thumbnailUrl\":\"https:\\\/\\\/canal7slp.tv\\\/2022\\\/wp-content\\\/uploads\\\/2022\\\/06\\\/Vazquez01RedMetro.jpg\",\"datePublished\":\"2022-06-06T22:40:05+00:00\",\"breadcrumb\":{\"@id\":\"https:\\\/\\\/canal7slp.tv\\\/2022\\\/ya-se-ubico-a-los-responsables-de-presuntas-irregularidades-en-el-proyecto-red-metro-advierte-ejecutivo-local-2\\\/#breadcrumb\"},\"inLanguage\":\"es\",\"potentialAction\":[{\"@type\":\"ReadAction\",\"target\":[\"https:\\\/\\\/canal7slp.tv\\\/2022\\\/ya-se-ubico-a-los-responsables-de-presuntas-irregularidades-en-el-proyecto-red-metro-advierte-ejecutivo-local-2\\\/\"]}]},{\"@type\":\"ImageObject\",\"inLanguage\":\"es\",\"@id\":\"https:\\\/\\\/canal7slp.tv\\\/2022\\\/ya-se-ubico-a-los-responsables-de-presuntas-irregularidades-en-el-proyecto-red-metro-advierte-ejecutivo-local-2\\\/#primaryimage\",\"url\":\"https:\\\/\\\/canal7slp.tv\\\/2022\\\/wp-content\\\/uploads\\\/2022\\\/06\\\/Vazquez01RedMetro.jpg\",\"contentUrl\":\"https:\\\/\\\/canal7slp.tv\\\/2022\\\/wp-content\\\/uploads\\\/2022\\\/06\\\/Vazquez01RedMetro.jpg\",\"width\":888,\"height\":500},{\"@type\":\"BreadcrumbList\",\"@id\":\"https:\\\/\\\/canal7slp.tv\\\/2022\\\/ya-se-ubico-a-los-responsables-de-presuntas-irregularidades-en-el-proyecto-red-metro-advierte-ejecutivo-local-2\\\/#breadcrumb\",\"itemListElement\":[{\"@type\":\"ListItem\",\"position\":1,\"name\":\"Portada\",\"item\":\"https:\\\/\\\/canal7slp.tv\\\/2022\\\/\"},{\"@type\":\"ListItem\",\"position\":2,\"name\":\"Ya se ubic\u00f3 a los responsables de presuntas irregularidades en el proyecto Red Metro, advierte Ejecutivo Local.\"}]},{\"@type\":\"WebSite\",\"@id\":\"https:\\\/\\\/canal7slp.tv\\\/2022\\\/#website\",\"url\":\"https:\\\/\\\/canal7slp.tv\\\/2022\\\/\",\"name\":\"N7 - Noticieros Canal 7\",\"description\":\"Somos Televisi\u00f3n\",\"publisher\":{\"@id\":\"https:\\\/\\\/canal7slp.tv\\\/2022\\\/#organization\"},\"potentialAction\":[{\"@type\":\"SearchAction\",\"target\":{\"@type\":\"EntryPoint\",\"urlTemplate\":\"https:\\\/\\\/canal7slp.tv\\\/2022\\\/?s={search_term_string}\"},\"query-input\":{\"@type\":\"PropertyValueSpecification\",\"valueRequired\":true,\"valueName\":\"search_term_string\"}}],\"inLanguage\":\"es\"},{\"@type\":\"Organization\",\"@id\":\"https:\\\/\\\/canal7slp.tv\\\/2022\\\/#organization\",\"name\":\"Noticieros Canal 7\",\"url\":\"https:\\\/\\\/canal7slp.tv\\\/2022\\\/\",\"logo\":{\"@type\":\"ImageObject\",\"inLanguage\":\"es\",\"@id\":\"https:\\\/\\\/canal7slp.tv\\\/2022\\\/#\\\/schema\\\/logo\\\/image\\\/\",\"url\":\"https:\\\/\\\/canal7slp.tv\\\/2022\\\/wp-content\\\/uploads\\\/2021\\\/01\\\/logo-noticieros@2x.png\",\"contentUrl\":\"https:\\\/\\\/canal7slp.tv\\\/2022\\\/wp-content\\\/uploads\\\/2021\\\/01\\\/logo-noticieros@2x.png\",\"width\":1017,\"height\":268,\"caption\":\"Noticieros Canal 7\"},\"image\":{\"@id\":\"https:\\\/\\\/canal7slp.tv\\\/2022\\\/#\\\/schema\\\/logo\\\/image\\\/\"},\"sameAs\":[\"https:\\\/\\\/www.facebook.com\\\/noticieroscanalsiete\",\"https:\\\/\\\/x.com\\\/NOTICIEROS7\",\"https:\\\/\\\/www.instagram.com\\\/canal7_slp\",\"https:\\\/\\\/www.youtube.com\\\/channel\\\/UCliiYs-gP3JfJeqdPrNdd5A\"]},{\"@type\":\"Person\",\"@id\":\"https:\\\/\\\/canal7slp.tv\\\/2022\\\/#\\\/schema\\\/person\\\/429704152a21f5f856ce29aa69a238da\",\"name\":\"Edici\u00f3n Web\",\"image\":{\"@type\":\"ImageObject\",\"inLanguage\":\"es\",\"@id\":\"https:\\\/\\\/secure.gravatar.com\\\/avatar\\\/eee448fc3f7164808013b816ba91ac7e43bbe82a70bebac296f8bc6f0addaa1a?s=96&d=mm&r=g\",\"url\":\"https:\\\/\\\/secure.gravatar.com\\\/avatar\\\/eee448fc3f7164808013b816ba91ac7e43bbe82a70bebac296f8bc6f0addaa1a?s=96&d=mm&r=g\",\"contentUrl\":\"https:\\\/\\\/secure.gravatar.com\\\/avatar\\\/eee448fc3f7164808013b816ba91ac7e43bbe82a70bebac296f8bc6f0addaa1a?s=96&d=mm&r=g\",\"caption\":\"Edici\u00f3n Web\"},\"url\":\"https:\\\/\\\/canal7slp.tv\\\/2022\\\/author\\\/edicionweb\\\/\"}]}<\/script>\n<!-- \/ Yoast SEO plugin. -->","yoast_head_json":{"title":"Ya se ubic\u00f3 a los responsables de presuntas irregularidades en el proyecto Red Metro, advierte Ejecutivo Local. - Canal 7 SLP - 2022","robots":{"index":"index","follow":"follow","max-snippet":"max-snippet:-1","max-image-preview":"max-image-preview:large","max-video-preview":"max-video-preview:-1"},"canonical":"https:\/\/canal7slp.tv\/2022\/ya-se-ubico-a-los-responsables-de-presuntas-irregularidades-en-el-proyecto-red-metro-advierte-ejecutivo-local-2\/","og_locale":"es_ES","og_type":"article","og_title":"Ya se ubic\u00f3 a los responsables de presuntas irregularidades en el proyecto Red Metro, advierte Ejecutivo Local. - Canal 7 SLP - 2022","og_description":"SLP.- El gobernador del estado de San Luis Potos\u00ed, Jos\u00e9 Ricardo Gallardo Cardona, declar\u00f3 que las investigaciones sobre las irregularidades encontradas en el proyecto de la Red Metro ya est\u00e1n pr\u00e1cticamente culminadas. De hecho, adelant\u00f3 que en las pr\u00f3ximas horas o d\u00edas, se emitir\u00e1 informaci\u00f3n al respecto, pues incluso mencion\u00f3 que ya se tienen ubicados a los responsables. \u00abYa se cerr\u00f3 como quien dice la investigaci\u00f3n ya se sabe el monto de lo robado, ya se sabe qui\u00e9nes participaron porque eso era elemental para que nosotros pudi\u00e9ramos entrar como lo vamos a entrar la semana que entra o a finales [&hellip;]","og_url":"https:\/\/canal7slp.tv\/2022\/ya-se-ubico-a-los-responsables-de-presuntas-irregularidades-en-el-proyecto-red-metro-advierte-ejecutivo-local-2\/","og_site_name":"Canal 7 SLP - 2022","article_publisher":"https:\/\/www.facebook.com\/noticieroscanalsiete","article_published_time":"2022-06-06T22:40:05+00:00","og_image":[{"width":888,"height":500,"url":"https:\/\/canal7slp.tv\/2022\/wp-content\/uploads\/2022\/06\/Vazquez01RedMetro.jpg","type":"image\/jpeg"}],"author":"Edici\u00f3n Web","twitter_card":"summary_large_image","twitter_creator":"@NOTICIEROS7","twitter_site":"@NOTICIEROS7","twitter_misc":{"Escrito por":"Edici\u00f3n Web","Tiempo de lectura":"1 minuto"},"schema":{"@context":"https:\/\/schema.org","@graph":[{"@type":"Article","@id":"https:\/\/canal7slp.tv\/2022\/ya-se-ubico-a-los-responsables-de-presuntas-irregularidades-en-el-proyecto-red-metro-advierte-ejecutivo-local-2\/#article","isPartOf":{"@id":"https:\/\/canal7slp.tv\/2022\/ya-se-ubico-a-los-responsables-de-presuntas-irregularidades-en-el-proyecto-red-metro-advierte-ejecutivo-local-2\/"},"author":{"name":"Edici\u00f3n Web","@id":"https:\/\/canal7slp.tv\/2022\/#\/schema\/person\/429704152a21f5f856ce29aa69a238da"},"headline":"Ya se ubic\u00f3 a los responsables de presuntas irregularidades en el proyecto Red Metro, advierte Ejecutivo Local.","datePublished":"2022-06-06T22:40:05+00:00","mainEntityOfPage":{"@id":"https:\/\/canal7slp.tv\/2022\/ya-se-ubico-a-los-responsables-de-presuntas-irregularidades-en-el-proyecto-red-metro-advierte-ejecutivo-local-2\/"},"wordCount":222,"publisher":{"@id":"https:\/\/canal7slp.tv\/2022\/#organization"},"image":{"@id":"https:\/\/canal7slp.tv\/2022\/ya-se-ubico-a-los-responsables-de-presuntas-irregularidades-en-el-proyecto-red-metro-advierte-ejecutivo-local-2\/#primaryimage"},"thumbnailUrl":"https:\/\/canal7slp.tv\/2022\/wp-content\/uploads\/2022\/06\/Vazquez01RedMetro.jpg","articleSection":["DESTACADAS","GOBEDOSLP","LOCALES Y REGIONALES"],"inLanguage":"es"},{"@type":"WebPage","@id":"https:\/\/canal7slp.tv\/2022\/ya-se-ubico-a-los-responsables-de-presuntas-irregularidades-en-el-proyecto-red-metro-advierte-ejecutivo-local-2\/","url":"https:\/\/canal7slp.tv\/2022\/ya-se-ubico-a-los-responsables-de-presuntas-irregularidades-en-el-proyecto-red-metro-advierte-ejecutivo-local-2\/","name":"Ya se ubic\u00f3 a los responsables de presuntas irregularidades en el proyecto Red Metro, advierte Ejecutivo Local. - Canal 7 SLP - 2022","isPartOf":{"@id":"https:\/\/canal7slp.tv\/2022\/#website"},"primaryImageOfPage":{"@id":"https:\/\/canal7slp.tv\/2022\/ya-se-ubico-a-los-responsables-de-presuntas-irregularidades-en-el-proyecto-red-metro-advierte-ejecutivo-local-2\/#primaryimage"},"image":{"@id":"https:\/\/canal7slp.tv\/2022\/ya-se-ubico-a-los-responsables-de-presuntas-irregularidades-en-el-proyecto-red-metro-advierte-ejecutivo-local-2\/#primaryimage"},"thumbnailUrl":"https:\/\/canal7slp.tv\/2022\/wp-content\/uploads\/2022\/06\/Vazquez01RedMetro.jpg","datePublished":"2022-06-06T22:40:05+00:00","breadcrumb":{"@id":"https:\/\/canal7slp.tv\/2022\/ya-se-ubico-a-los-responsables-de-presuntas-irregularidades-en-el-proyecto-red-metro-advierte-ejecutivo-local-2\/#breadcrumb"},"inLanguage":"es","potentialAction":[{"@type":"ReadAction","target":["https:\/\/canal7slp.tv\/2022\/ya-se-ubico-a-los-responsables-de-presuntas-irregularidades-en-el-proyecto-red-metro-advierte-ejecutivo-local-2\/"]}]},{"@type":"ImageObject","inLanguage":"es","@id":"https:\/\/canal7slp.tv\/2022\/ya-se-ubico-a-los-responsables-de-presuntas-irregularidades-en-el-proyecto-red-metro-advierte-ejecutivo-local-2\/#primaryimage","url":"https:\/\/canal7slp.tv\/2022\/wp-content\/uploads\/2022\/06\/Vazquez01RedMetro.jpg","contentUrl":"https:\/\/canal7slp.tv\/2022\/wp-content\/uploads\/2022\/06\/Vazquez01RedMetro.jpg","width":888,"height":500},{"@type":"BreadcrumbList","@id":"https:\/\/canal7slp.tv\/2022\/ya-se-ubico-a-los-responsables-de-presuntas-irregularidades-en-el-proyecto-red-metro-advierte-ejecutivo-local-2\/#breadcrumb","itemListElement":[{"@type":"ListItem","position":1,"name":"Portada","item":"https:\/\/canal7slp.tv\/2022\/"},{"@type":"ListItem","position":2,"name":"Ya se ubic\u00f3 a los responsables de presuntas irregularidades en el proyecto Red Metro, advierte Ejecutivo Local."}]},{"@type":"WebSite","@id":"https:\/\/canal7slp.tv\/2022\/#website","url":"https:\/\/canal7slp.tv\/2022\/","name":"N7 - Noticieros Canal 7","description":"Somos Televisi\u00f3n","publisher":{"@id":"https:\/\/canal7slp.tv\/2022\/#organization"},"potentialAction":[{"@type":"SearchAction","target":{"@type":"EntryPoint","urlTemplate":"https:\/\/canal7slp.tv\/2022\/?s={search_term_string}"},"query-input":{"@type":"PropertyValueSpecification","valueRequired":true,"valueName":"search_term_string"}}],"inLanguage":"es"},{"@type":"Organization","@id":"https:\/\/canal7slp.tv\/2022\/#organization","name":"Noticieros Canal 7","url":"https:\/\/canal7slp.tv\/2022\/","logo":{"@type":"ImageObject","inLanguage":"es","@id":"https:\/\/canal7slp.tv\/2022\/#\/schema\/logo\/image\/","url":"https:\/\/canal7slp.tv\/2022\/wp-content\/uploads\/2021\/01\/logo-noticieros@2x.png","contentUrl":"https:\/\/canal7slp.tv\/2022\/wp-content\/uploads\/2021\/01\/logo-noticieros@2x.png","width":1017,"height":268,"caption":"Noticieros Canal 7"},"image":{"@id":"https:\/\/canal7slp.tv\/2022\/#\/schema\/logo\/image\/"},"sameAs":["https:\/\/www.facebook.com\/noticieroscanalsiete","https:\/\/x.com\/NOTICIEROS7","https:\/\/www.instagram.com\/canal7_slp","https:\/\/www.youtube.com\/channel\/UCliiYs-gP3JfJeqdPrNdd5A"]},{"@type":"Person","@id":"https:\/\/canal7slp.tv\/2022\/#\/schema\/person\/429704152a21f5f856ce29aa69a238da","name":"Edici\u00f3n Web","image":{"@type":"ImageObject","inLanguage":"es","@id":"https:\/\/secure.gravatar.com\/avatar\/eee448fc3f7164808013b816ba91ac7e43bbe82a70bebac296f8bc6f0addaa1a?s=96&d=mm&r=g","url":"https:\/\/secure.gravatar.com\/avatar\/eee448fc3f7164808013b816ba91ac7e43bbe82a70bebac296f8bc6f0addaa1a?s=96&d=mm&r=g","contentUrl":"https:\/\/secure.gravatar.com\/avatar\/eee448fc3f7164808013b816ba91ac7e43bbe82a70bebac296f8bc6f0addaa1a?s=96&d=mm&r=g","caption":"Edici\u00f3n Web"},"url":"https:\/\/canal7slp.tv\/2022\/author\/edicionweb\/"}]}},"amp_enabled":true,"_links":{"self":[{"href":"https:\/\/canal7slp.tv\/2022\/wp-json\/wp\/v2\/posts\/62657","targetHints":{"allow":["GET"]}}],"collection":[{"href":"https:\/\/canal7slp.tv\/2022\/wp-json\/wp\/v2\/posts"}],"about":[{"href":"https:\/\/canal7slp.tv\/2022\/wp-json\/wp\/v2\/types\/post"}],"author":[{"embeddable":true,"href":"https:\/\/canal7slp.tv\/2022\/wp-json\/wp\/v2\/users\/2"}],"replies":[{"embeddable":true,"href":"https:\/\/canal7slp.tv\/2022\/wp-json\/wp\/v2\/comments?post=62657"}],"version-history":[{"count":3,"href":"https:\/\/canal7slp.tv\/2022\/wp-json\/wp\/v2\/posts\/62657\/revisions"}],"predecessor-version":[{"id":62682,"href":"https:\/\/canal7slp.tv\/2022\/wp-json\/wp\/v2\/posts\/62657\/revisions\/62682"}],"wp:featuredmedia":[{"embeddable":true,"href":"https:\/\/canal7slp.tv\/2022\/wp-json\/wp\/v2\/media\/62681"}],"wp:attachment":[{"href":"https:\/\/canal7slp.tv\/2022\/wp-json\/wp\/v2\/media?parent=62657"}],"wp:term":[{"taxonomy":"category","embeddable":true,"href":"https:\/\/canal7slp.tv\/2022\/wp-json\/wp\/v2\/categories?post=62657"},{"taxonomy":"post_tag","embeddable":true,"href":"https:\/\/canal7slp.tv\/2022\/wp-json\/wp\/v2\/tags?post=62657"}],"curies":[{"name":"wp","href":"https:\/\/api.w.org\/{rel}","templated":true}]}}