{"id":62626,"date":"2022-06-06T13:52:56","date_gmt":"2022-06-06T19:52:56","guid":{"rendered":"https:\/\/canal7slp.tv\/2022\/?p=62626"},"modified":"2022-06-06T13:52:56","modified_gmt":"2022-06-06T19:52:56","slug":"confirman-que-cuba-nicaragua-y-venezuela-no-asistiran-a-la-cumbre-de-americas","status":"publish","type":"post","link":"https:\/\/canal7slp.tv\/2022\/confirman-que-cuba-nicaragua-y-venezuela-no-asistiran-a-la-cumbre-de-americas\/","title":{"rendered":"Confirman que Cuba, Nicaragua y Venezuela no asistir\u00e1n a la Cumbre de Am\u00e9ricas"},"content":{"rendered":"<p style=\"text-align: justify;\">EUA.- Estados Unidos confirm\u00f3 este lunes que no invit\u00f3 a Cuba, Nicaragua y Venezuela a la Cumbre de las Am\u00e9ricas por la situaci\u00f3n democr\u00e1tica y los derechos humanos en esas tres naciones, dijo un alto funcionario estadounidense.<\/p>\n<p style=\"text-align: justify;\">\u00abEU sigue teniendo dudas sobre la falta de espacios democr\u00e1ticos y la situaci\u00f3n de los derechos humanos en Cuba, Nicaragua y Venezuela, Como resultado no ser\u00e1n invitados a participar en esta Cumbre\u00bb, explic\u00f3<\/p>\n<p style=\"text-align: justify;\">Hasta ahora, el gobierno del presidente Joe Biden hab\u00eda evitado confirmar oficialmente qu\u00e9 pa\u00edses hab\u00edan sido invitados al evento, que comienza este lunes en Los \u00c1ngeles y concluir\u00e1 el viernes.<\/p>\n","protected":false},"excerpt":{"rendered":"<p>EUA.- Estados Unidos confirm\u00f3 este lunes que no invit\u00f3 a Cuba, Nicaragua y Venezuela a la Cumbre de las Am\u00e9ricas por la situaci\u00f3n democr\u00e1tica y los derechos humanos en esas tres naciones, dijo un alto funcionario estadounidense. \u00abEU sigue teniendo dudas sobre la falta de espacios democr\u00e1ticos y la situaci\u00f3n de los derechos humanos en Cuba, Nicaragua y Venezuela, Como resultado no ser\u00e1n invitados a participar en esta Cumbre\u00bb, explic\u00f3 Hasta ahora, el gobierno del presidente Joe Biden hab\u00eda evitado confirmar oficialmente qu\u00e9 pa\u00edses hab\u00edan sido invitados al evento, que comienza este lunes en Los \u00c1ngeles y concluir\u00e1 el viernes.<\/p>\n","protected":false},"author":2,"featured_media":62638,"comment_status":"closed","ping_status":"closed","sticky":false,"template":"","format":"standard","meta":{"footnotes":""},"categories":[44],"tags":[],"class_list":["post-62626","post","type-post","status-publish","format-standard","has-post-thumbnail","hentry","category-internacional","post--single"],"yoast_head":"<!-- This site is optimized with the Yoast SEO plugin v27.5 - https:\/\/yoast.com\/product\/yoast-seo-wordpress\/ -->\n<title>Confirman que Cuba, Nicaragua y Venezuela no asistir\u00e1n a la Cumbre de Am\u00e9ricas - Canal 7 SLP - 2022<\/title>\n<meta name=\"robots\" content=\"index, follow, max-snippet:-1, max-image-preview:large, max-video-preview:-1\" \/>\n<link rel=\"canonical\" href=\"https:\/\/canal7slp.tv\/2022\/confirman-que-cuba-nicaragua-y-venezuela-no-asistiran-a-la-cumbre-de-americas\/\" \/>\n<meta property=\"og:locale\" content=\"es_ES\" \/>\n<meta property=\"og:type\" content=\"article\" \/>\n<meta property=\"og:title\" content=\"Confirman que Cuba, Nicaragua y Venezuela no asistir\u00e1n a la Cumbre de Am\u00e9ricas - Canal 7 SLP - 2022\" \/>\n<meta property=\"og:description\" content=\"EUA.- Estados Unidos confirm\u00f3 este lunes que no invit\u00f3 a Cuba, Nicaragua y Venezuela a la Cumbre de las Am\u00e9ricas por la situaci\u00f3n democr\u00e1tica y los derechos humanos en esas tres naciones, dijo un alto funcionario estadounidense. \u00abEU sigue teniendo dudas sobre la falta de espacios democr\u00e1ticos y la situaci\u00f3n de los derechos humanos en Cuba, Nicaragua y Venezuela, Como resultado no ser\u00e1n invitados a participar en esta Cumbre\u00bb, explic\u00f3 Hasta ahora, el gobierno del presidente Joe Biden hab\u00eda evitado confirmar oficialmente qu\u00e9 pa\u00edses hab\u00edan sido invitados al evento, que comienza este lunes en Los \u00c1ngeles y concluir\u00e1 el viernes.\" \/>\n<meta property=\"og:url\" content=\"https:\/\/canal7slp.tv\/2022\/confirman-que-cuba-nicaragua-y-venezuela-no-asistiran-a-la-cumbre-de-americas\/\" \/>\n<meta property=\"og:site_name\" content=\"Canal 7 SLP - 2022\" \/>\n<meta property=\"article:publisher\" content=\"https:\/\/www.facebook.com\/noticieroscanalsiete\" \/>\n<meta property=\"article:published_time\" content=\"2022-06-06T19:52:56+00:00\" \/>\n<meta property=\"og:image\" content=\"https:\/\/canal7slp.tv\/2022\/wp-content\/uploads\/2022\/06\/06.jpeg\" \/>\n\t<meta property=\"og:image:width\" content=\"800\" \/>\n\t<meta property=\"og:image:height\" content=\"450\" \/>\n\t<meta property=\"og:image:type\" content=\"image\/jpeg\" \/>\n<meta name=\"author\" content=\"Edici\u00f3n Web\" \/>\n<meta name=\"twitter:card\" content=\"summary_large_image\" \/>\n<meta name=\"twitter:creator\" content=\"@NOTICIEROS7\" \/>\n<meta name=\"twitter:site\" content=\"@NOTICIEROS7\" \/>\n<meta name=\"twitter:label1\" content=\"Escrito por\" \/>\n\t<meta name=\"twitter:data1\" content=\"Edici\u00f3n Web\" \/>\n\t<meta name=\"twitter:label2\" content=\"Tiempo de lectura\" \/>\n\t<meta name=\"twitter:data2\" content=\"1 minuto\" \/>\n<script type=\"application\/ld+json\" class=\"yoast-schema-graph\">{\"@context\":\"https:\\\/\\\/schema.org\",\"@graph\":[{\"@type\":\"Article\",\"@id\":\"https:\\\/\\\/canal7slp.tv\\\/2022\\\/confirman-que-cuba-nicaragua-y-venezuela-no-asistiran-a-la-cumbre-de-americas\\\/#article\",\"isPartOf\":{\"@id\":\"https:\\\/\\\/canal7slp.tv\\\/2022\\\/confirman-que-cuba-nicaragua-y-venezuela-no-asistiran-a-la-cumbre-de-americas\\\/\"},\"author\":{\"name\":\"Edici\u00f3n Web\",\"@id\":\"https:\\\/\\\/canal7slp.tv\\\/2022\\\/#\\\/schema\\\/person\\\/429704152a21f5f856ce29aa69a238da\"},\"headline\":\"Confirman que Cuba, Nicaragua y Venezuela no asistir\u00e1n a la Cumbre de Am\u00e9ricas\",\"datePublished\":\"2022-06-06T19:52:56+00:00\",\"mainEntityOfPage\":{\"@id\":\"https:\\\/\\\/canal7slp.tv\\\/2022\\\/confirman-que-cuba-nicaragua-y-venezuela-no-asistiran-a-la-cumbre-de-americas\\\/\"},\"wordCount\":125,\"publisher\":{\"@id\":\"https:\\\/\\\/canal7slp.tv\\\/2022\\\/#organization\"},\"image\":{\"@id\":\"https:\\\/\\\/canal7slp.tv\\\/2022\\\/confirman-que-cuba-nicaragua-y-venezuela-no-asistiran-a-la-cumbre-de-americas\\\/#primaryimage\"},\"thumbnailUrl\":\"https:\\\/\\\/canal7slp.tv\\\/2022\\\/wp-content\\\/uploads\\\/2022\\\/06\\\/06.jpeg\",\"articleSection\":[\"INTERNACIONALES\"],\"inLanguage\":\"es\"},{\"@type\":\"WebPage\",\"@id\":\"https:\\\/\\\/canal7slp.tv\\\/2022\\\/confirman-que-cuba-nicaragua-y-venezuela-no-asistiran-a-la-cumbre-de-americas\\\/\",\"url\":\"https:\\\/\\\/canal7slp.tv\\\/2022\\\/confirman-que-cuba-nicaragua-y-venezuela-no-asistiran-a-la-cumbre-de-americas\\\/\",\"name\":\"Confirman que Cuba, Nicaragua y Venezuela no asistir\u00e1n a la Cumbre de Am\u00e9ricas - Canal 7 SLP - 2022\",\"isPartOf\":{\"@id\":\"https:\\\/\\\/canal7slp.tv\\\/2022\\\/#website\"},\"primaryImageOfPage\":{\"@id\":\"https:\\\/\\\/canal7slp.tv\\\/2022\\\/confirman-que-cuba-nicaragua-y-venezuela-no-asistiran-a-la-cumbre-de-americas\\\/#primaryimage\"},\"image\":{\"@id\":\"https:\\\/\\\/canal7slp.tv\\\/2022\\\/confirman-que-cuba-nicaragua-y-venezuela-no-asistiran-a-la-cumbre-de-americas\\\/#primaryimage\"},\"thumbnailUrl\":\"https:\\\/\\\/canal7slp.tv\\\/2022\\\/wp-content\\\/uploads\\\/2022\\\/06\\\/06.jpeg\",\"datePublished\":\"2022-06-06T19:52:56+00:00\",\"breadcrumb\":{\"@id\":\"https:\\\/\\\/canal7slp.tv\\\/2022\\\/confirman-que-cuba-nicaragua-y-venezuela-no-asistiran-a-la-cumbre-de-americas\\\/#breadcrumb\"},\"inLanguage\":\"es\",\"potentialAction\":[{\"@type\":\"ReadAction\",\"target\":[\"https:\\\/\\\/canal7slp.tv\\\/2022\\\/confirman-que-cuba-nicaragua-y-venezuela-no-asistiran-a-la-cumbre-de-americas\\\/\"]}]},{\"@type\":\"ImageObject\",\"inLanguage\":\"es\",\"@id\":\"https:\\\/\\\/canal7slp.tv\\\/2022\\\/confirman-que-cuba-nicaragua-y-venezuela-no-asistiran-a-la-cumbre-de-americas\\\/#primaryimage\",\"url\":\"https:\\\/\\\/canal7slp.tv\\\/2022\\\/wp-content\\\/uploads\\\/2022\\\/06\\\/06.jpeg\",\"contentUrl\":\"https:\\\/\\\/canal7slp.tv\\\/2022\\\/wp-content\\\/uploads\\\/2022\\\/06\\\/06.jpeg\",\"width\":800,\"height\":450},{\"@type\":\"BreadcrumbList\",\"@id\":\"https:\\\/\\\/canal7slp.tv\\\/2022\\\/confirman-que-cuba-nicaragua-y-venezuela-no-asistiran-a-la-cumbre-de-americas\\\/#breadcrumb\",\"itemListElement\":[{\"@type\":\"ListItem\",\"position\":1,\"name\":\"Portada\",\"item\":\"https:\\\/\\\/canal7slp.tv\\\/2022\\\/\"},{\"@type\":\"ListItem\",\"position\":2,\"name\":\"Confirman que Cuba, Nicaragua y Venezuela no asistir\u00e1n a la Cumbre de Am\u00e9ricas\"}]},{\"@type\":\"WebSite\",\"@id\":\"https:\\\/\\\/canal7slp.tv\\\/2022\\\/#website\",\"url\":\"https:\\\/\\\/canal7slp.tv\\\/2022\\\/\",\"name\":\"N7 - Noticieros Canal 7\",\"description\":\"Somos Televisi\u00f3n\",\"publisher\":{\"@id\":\"https:\\\/\\\/canal7slp.tv\\\/2022\\\/#organization\"},\"potentialAction\":[{\"@type\":\"SearchAction\",\"target\":{\"@type\":\"EntryPoint\",\"urlTemplate\":\"https:\\\/\\\/canal7slp.tv\\\/2022\\\/?s={search_term_string}\"},\"query-input\":{\"@type\":\"PropertyValueSpecification\",\"valueRequired\":true,\"valueName\":\"search_term_string\"}}],\"inLanguage\":\"es\"},{\"@type\":\"Organization\",\"@id\":\"https:\\\/\\\/canal7slp.tv\\\/2022\\\/#organization\",\"name\":\"Noticieros Canal 7\",\"url\":\"https:\\\/\\\/canal7slp.tv\\\/2022\\\/\",\"logo\":{\"@type\":\"ImageObject\",\"inLanguage\":\"es\",\"@id\":\"https:\\\/\\\/canal7slp.tv\\\/2022\\\/#\\\/schema\\\/logo\\\/image\\\/\",\"url\":\"https:\\\/\\\/canal7slp.tv\\\/2022\\\/wp-content\\\/uploads\\\/2021\\\/01\\\/logo-noticieros@2x.png\",\"contentUrl\":\"https:\\\/\\\/canal7slp.tv\\\/2022\\\/wp-content\\\/uploads\\\/2021\\\/01\\\/logo-noticieros@2x.png\",\"width\":1017,\"height\":268,\"caption\":\"Noticieros Canal 7\"},\"image\":{\"@id\":\"https:\\\/\\\/canal7slp.tv\\\/2022\\\/#\\\/schema\\\/logo\\\/image\\\/\"},\"sameAs\":[\"https:\\\/\\\/www.facebook.com\\\/noticieroscanalsiete\",\"https:\\\/\\\/x.com\\\/NOTICIEROS7\",\"https:\\\/\\\/www.instagram.com\\\/canal7_slp\",\"https:\\\/\\\/www.youtube.com\\\/channel\\\/UCliiYs-gP3JfJeqdPrNdd5A\"]},{\"@type\":\"Person\",\"@id\":\"https:\\\/\\\/canal7slp.tv\\\/2022\\\/#\\\/schema\\\/person\\\/429704152a21f5f856ce29aa69a238da\",\"name\":\"Edici\u00f3n Web\",\"image\":{\"@type\":\"ImageObject\",\"inLanguage\":\"es\",\"@id\":\"https:\\\/\\\/secure.gravatar.com\\\/avatar\\\/eee448fc3f7164808013b816ba91ac7e43bbe82a70bebac296f8bc6f0addaa1a?s=96&d=mm&r=g\",\"url\":\"https:\\\/\\\/secure.gravatar.com\\\/avatar\\\/eee448fc3f7164808013b816ba91ac7e43bbe82a70bebac296f8bc6f0addaa1a?s=96&d=mm&r=g\",\"contentUrl\":\"https:\\\/\\\/secure.gravatar.com\\\/avatar\\\/eee448fc3f7164808013b816ba91ac7e43bbe82a70bebac296f8bc6f0addaa1a?s=96&d=mm&r=g\",\"caption\":\"Edici\u00f3n Web\"},\"url\":\"https:\\\/\\\/canal7slp.tv\\\/2022\\\/author\\\/edicionweb\\\/\"}]}<\/script>\n<!-- \/ Yoast SEO plugin. -->","yoast_head_json":{"title":"Confirman que Cuba, Nicaragua y Venezuela no asistir\u00e1n a la Cumbre de Am\u00e9ricas - Canal 7 SLP - 2022","robots":{"index":"index","follow":"follow","max-snippet":"max-snippet:-1","max-image-preview":"max-image-preview:large","max-video-preview":"max-video-preview:-1"},"canonical":"https:\/\/canal7slp.tv\/2022\/confirman-que-cuba-nicaragua-y-venezuela-no-asistiran-a-la-cumbre-de-americas\/","og_locale":"es_ES","og_type":"article","og_title":"Confirman que Cuba, Nicaragua y Venezuela no asistir\u00e1n a la Cumbre de Am\u00e9ricas - Canal 7 SLP - 2022","og_description":"EUA.- Estados Unidos confirm\u00f3 este lunes que no invit\u00f3 a Cuba, Nicaragua y Venezuela a la Cumbre de las Am\u00e9ricas por la situaci\u00f3n democr\u00e1tica y los derechos humanos en esas tres naciones, dijo un alto funcionario estadounidense. \u00abEU sigue teniendo dudas sobre la falta de espacios democr\u00e1ticos y la situaci\u00f3n de los derechos humanos en Cuba, Nicaragua y Venezuela, Como resultado no ser\u00e1n invitados a participar en esta Cumbre\u00bb, explic\u00f3 Hasta ahora, el gobierno del presidente Joe Biden hab\u00eda evitado confirmar oficialmente qu\u00e9 pa\u00edses hab\u00edan sido invitados al evento, que comienza este lunes en Los \u00c1ngeles y concluir\u00e1 el viernes.","og_url":"https:\/\/canal7slp.tv\/2022\/confirman-que-cuba-nicaragua-y-venezuela-no-asistiran-a-la-cumbre-de-americas\/","og_site_name":"Canal 7 SLP - 2022","article_publisher":"https:\/\/www.facebook.com\/noticieroscanalsiete","article_published_time":"2022-06-06T19:52:56+00:00","og_image":[{"width":800,"height":450,"url":"https:\/\/canal7slp.tv\/2022\/wp-content\/uploads\/2022\/06\/06.jpeg","type":"image\/jpeg"}],"author":"Edici\u00f3n Web","twitter_card":"summary_large_image","twitter_creator":"@NOTICIEROS7","twitter_site":"@NOTICIEROS7","twitter_misc":{"Escrito por":"Edici\u00f3n Web","Tiempo de lectura":"1 minuto"},"schema":{"@context":"https:\/\/schema.org","@graph":[{"@type":"Article","@id":"https:\/\/canal7slp.tv\/2022\/confirman-que-cuba-nicaragua-y-venezuela-no-asistiran-a-la-cumbre-de-americas\/#article","isPartOf":{"@id":"https:\/\/canal7slp.tv\/2022\/confirman-que-cuba-nicaragua-y-venezuela-no-asistiran-a-la-cumbre-de-americas\/"},"author":{"name":"Edici\u00f3n Web","@id":"https:\/\/canal7slp.tv\/2022\/#\/schema\/person\/429704152a21f5f856ce29aa69a238da"},"headline":"Confirman que Cuba, Nicaragua y Venezuela no asistir\u00e1n a la Cumbre de Am\u00e9ricas","datePublished":"2022-06-06T19:52:56+00:00","mainEntityOfPage":{"@id":"https:\/\/canal7slp.tv\/2022\/confirman-que-cuba-nicaragua-y-venezuela-no-asistiran-a-la-cumbre-de-americas\/"},"wordCount":125,"publisher":{"@id":"https:\/\/canal7slp.tv\/2022\/#organization"},"image":{"@id":"https:\/\/canal7slp.tv\/2022\/confirman-que-cuba-nicaragua-y-venezuela-no-asistiran-a-la-cumbre-de-americas\/#primaryimage"},"thumbnailUrl":"https:\/\/canal7slp.tv\/2022\/wp-content\/uploads\/2022\/06\/06.jpeg","articleSection":["INTERNACIONALES"],"inLanguage":"es"},{"@type":"WebPage","@id":"https:\/\/canal7slp.tv\/2022\/confirman-que-cuba-nicaragua-y-venezuela-no-asistiran-a-la-cumbre-de-americas\/","url":"https:\/\/canal7slp.tv\/2022\/confirman-que-cuba-nicaragua-y-venezuela-no-asistiran-a-la-cumbre-de-americas\/","name":"Confirman que Cuba, Nicaragua y Venezuela no asistir\u00e1n a la Cumbre de Am\u00e9ricas - Canal 7 SLP - 2022","isPartOf":{"@id":"https:\/\/canal7slp.tv\/2022\/#website"},"primaryImageOfPage":{"@id":"https:\/\/canal7slp.tv\/2022\/confirman-que-cuba-nicaragua-y-venezuela-no-asistiran-a-la-cumbre-de-americas\/#primaryimage"},"image":{"@id":"https:\/\/canal7slp.tv\/2022\/confirman-que-cuba-nicaragua-y-venezuela-no-asistiran-a-la-cumbre-de-americas\/#primaryimage"},"thumbnailUrl":"https:\/\/canal7slp.tv\/2022\/wp-content\/uploads\/2022\/06\/06.jpeg","datePublished":"2022-06-06T19:52:56+00:00","breadcrumb":{"@id":"https:\/\/canal7slp.tv\/2022\/confirman-que-cuba-nicaragua-y-venezuela-no-asistiran-a-la-cumbre-de-americas\/#breadcrumb"},"inLanguage":"es","potentialAction":[{"@type":"ReadAction","target":["https:\/\/canal7slp.tv\/2022\/confirman-que-cuba-nicaragua-y-venezuela-no-asistiran-a-la-cumbre-de-americas\/"]}]},{"@type":"ImageObject","inLanguage":"es","@id":"https:\/\/canal7slp.tv\/2022\/confirman-que-cuba-nicaragua-y-venezuela-no-asistiran-a-la-cumbre-de-americas\/#primaryimage","url":"https:\/\/canal7slp.tv\/2022\/wp-content\/uploads\/2022\/06\/06.jpeg","contentUrl":"https:\/\/canal7slp.tv\/2022\/wp-content\/uploads\/2022\/06\/06.jpeg","width":800,"height":450},{"@type":"BreadcrumbList","@id":"https:\/\/canal7slp.tv\/2022\/confirman-que-cuba-nicaragua-y-venezuela-no-asistiran-a-la-cumbre-de-americas\/#breadcrumb","itemListElement":[{"@type":"ListItem","position":1,"name":"Portada","item":"https:\/\/canal7slp.tv\/2022\/"},{"@type":"ListItem","position":2,"name":"Confirman que Cuba, Nicaragua y Venezuela no asistir\u00e1n a la Cumbre de Am\u00e9ricas"}]},{"@type":"WebSite","@id":"https:\/\/canal7slp.tv\/2022\/#website","url":"https:\/\/canal7slp.tv\/2022\/","name":"N7 - Noticieros Canal 7","description":"Somos Televisi\u00f3n","publisher":{"@id":"https:\/\/canal7slp.tv\/2022\/#organization"},"potentialAction":[{"@type":"SearchAction","target":{"@type":"EntryPoint","urlTemplate":"https:\/\/canal7slp.tv\/2022\/?s={search_term_string}"},"query-input":{"@type":"PropertyValueSpecification","valueRequired":true,"valueName":"search_term_string"}}],"inLanguage":"es"},{"@type":"Organization","@id":"https:\/\/canal7slp.tv\/2022\/#organization","name":"Noticieros Canal 7","url":"https:\/\/canal7slp.tv\/2022\/","logo":{"@type":"ImageObject","inLanguage":"es","@id":"https:\/\/canal7slp.tv\/2022\/#\/schema\/logo\/image\/","url":"https:\/\/canal7slp.tv\/2022\/wp-content\/uploads\/2021\/01\/logo-noticieros@2x.png","contentUrl":"https:\/\/canal7slp.tv\/2022\/wp-content\/uploads\/2021\/01\/logo-noticieros@2x.png","width":1017,"height":268,"caption":"Noticieros Canal 7"},"image":{"@id":"https:\/\/canal7slp.tv\/2022\/#\/schema\/logo\/image\/"},"sameAs":["https:\/\/www.facebook.com\/noticieroscanalsiete","https:\/\/x.com\/NOTICIEROS7","https:\/\/www.instagram.com\/canal7_slp","https:\/\/www.youtube.com\/channel\/UCliiYs-gP3JfJeqdPrNdd5A"]},{"@type":"Person","@id":"https:\/\/canal7slp.tv\/2022\/#\/schema\/person\/429704152a21f5f856ce29aa69a238da","name":"Edici\u00f3n Web","image":{"@type":"ImageObject","inLanguage":"es","@id":"https:\/\/secure.gravatar.com\/avatar\/eee448fc3f7164808013b816ba91ac7e43bbe82a70bebac296f8bc6f0addaa1a?s=96&d=mm&r=g","url":"https:\/\/secure.gravatar.com\/avatar\/eee448fc3f7164808013b816ba91ac7e43bbe82a70bebac296f8bc6f0addaa1a?s=96&d=mm&r=g","contentUrl":"https:\/\/secure.gravatar.com\/avatar\/eee448fc3f7164808013b816ba91ac7e43bbe82a70bebac296f8bc6f0addaa1a?s=96&d=mm&r=g","caption":"Edici\u00f3n Web"},"url":"https:\/\/canal7slp.tv\/2022\/author\/edicionweb\/"}]}},"amp_enabled":true,"_links":{"self":[{"href":"https:\/\/canal7slp.tv\/2022\/wp-json\/wp\/v2\/posts\/62626","targetHints":{"allow":["GET"]}}],"collection":[{"href":"https:\/\/canal7slp.tv\/2022\/wp-json\/wp\/v2\/posts"}],"about":[{"href":"https:\/\/canal7slp.tv\/2022\/wp-json\/wp\/v2\/types\/post"}],"author":[{"embeddable":true,"href":"https:\/\/canal7slp.tv\/2022\/wp-json\/wp\/v2\/users\/2"}],"replies":[{"embeddable":true,"href":"https:\/\/canal7slp.tv\/2022\/wp-json\/wp\/v2\/comments?post=62626"}],"version-history":[{"count":2,"href":"https:\/\/canal7slp.tv\/2022\/wp-json\/wp\/v2\/posts\/62626\/revisions"}],"predecessor-version":[{"id":62642,"href":"https:\/\/canal7slp.tv\/2022\/wp-json\/wp\/v2\/posts\/62626\/revisions\/62642"}],"wp:featuredmedia":[{"embeddable":true,"href":"https:\/\/canal7slp.tv\/2022\/wp-json\/wp\/v2\/media\/62638"}],"wp:attachment":[{"href":"https:\/\/canal7slp.tv\/2022\/wp-json\/wp\/v2\/media?parent=62626"}],"wp:term":[{"taxonomy":"category","embeddable":true,"href":"https:\/\/canal7slp.tv\/2022\/wp-json\/wp\/v2\/categories?post=62626"},{"taxonomy":"post_tag","embeddable":true,"href":"https:\/\/canal7slp.tv\/2022\/wp-json\/wp\/v2\/tags?post=62626"}],"curies":[{"name":"wp","href":"https:\/\/api.w.org\/{rel}","templated":true}]}}