{"id":62587,"date":"2022-06-05T22:25:29","date_gmt":"2022-06-06T04:25:29","guid":{"rendered":"https:\/\/canal7slp.tv\/2022\/?p=62587"},"modified":"2022-06-05T22:25:29","modified_gmt":"2022-06-06T04:25:29","slug":"en-oaxaca-salvador-jara-lleva-la-ventaja-en-la-eleccion-a-la-gubernatura","status":"publish","type":"post","link":"https:\/\/canal7slp.tv\/2022\/en-oaxaca-salvador-jara-lleva-la-ventaja-en-la-eleccion-a-la-gubernatura\/","title":{"rendered":"En Oaxaca Salvador Jara lleva la ventaja en la elecci\u00f3n a la gubernatura"},"content":{"rendered":"<p style=\"text-align: justify;\">Oaxaca.-\u00a0El candidato de la coalici\u00f3n Juntos Hacemos Historia, Salom\u00f3n Jara lleva la delantera en el proceso de gubernatura de Oaxaca.<\/p>\n<p style=\"text-align: justify;\">Ello como parte del conteo r\u00e1pido, con un l\u00edmite superior de 61.4 por ciento y un l\u00edmite inferior de 58 por ciento.<\/p>\n<p style=\"text-align: justify;\">En el segundo lugar se encuentra Alejandro Avil\u00e9s, frente los partidos Revolucionario Institucional (PRI) y de la Revoluci\u00f3n Democr\u00e1tica (PRD).<\/p>\n<p style=\"text-align: justify;\">En redes sociales, Jara Cruz difundi\u00f3 haber obtenido la victoria, incluso antes de los datos de conteo r\u00e1pido.<\/p>\n","protected":false},"excerpt":{"rendered":"<p>Oaxaca.-\u00a0El candidato de la coalici\u00f3n Juntos Hacemos Historia, Salom\u00f3n Jara lleva la delantera en el proceso de gubernatura de Oaxaca. Ello como parte del conteo r\u00e1pido, con un l\u00edmite superior de 61.4 por ciento y un l\u00edmite inferior de 58 por ciento. En el segundo lugar se encuentra Alejandro Avil\u00e9s, frente los partidos Revolucionario Institucional (PRI) y de la Revoluci\u00f3n Democr\u00e1tica (PRD). En redes sociales, Jara Cruz difundi\u00f3 haber obtenido la victoria, incluso antes de los datos de conteo r\u00e1pido.<\/p>\n","protected":false},"author":2,"featured_media":62588,"comment_status":"closed","ping_status":"closed","sticky":false,"template":"","format":"standard","meta":{"footnotes":""},"categories":[46],"tags":[],"class_list":["post-62587","post","type-post","status-publish","format-standard","has-post-thumbnail","hentry","category-nacional","post--single"],"yoast_head":"<!-- This site is optimized with the Yoast SEO plugin v27.5 - https:\/\/yoast.com\/product\/yoast-seo-wordpress\/ -->\n<title>En Oaxaca Salvador Jara lleva la ventaja en la elecci\u00f3n a la gubernatura - Canal 7 SLP - 2022<\/title>\n<meta name=\"robots\" content=\"index, follow, max-snippet:-1, max-image-preview:large, max-video-preview:-1\" \/>\n<link rel=\"canonical\" href=\"https:\/\/canal7slp.tv\/2022\/en-oaxaca-salvador-jara-lleva-la-ventaja-en-la-eleccion-a-la-gubernatura\/\" \/>\n<meta property=\"og:locale\" content=\"es_ES\" \/>\n<meta property=\"og:type\" content=\"article\" \/>\n<meta property=\"og:title\" content=\"En Oaxaca Salvador Jara lleva la ventaja en la elecci\u00f3n a la gubernatura - Canal 7 SLP - 2022\" \/>\n<meta property=\"og:description\" content=\"Oaxaca.-\u00a0El candidato de la coalici\u00f3n Juntos Hacemos Historia, Salom\u00f3n Jara lleva la delantera en el proceso de gubernatura de Oaxaca. Ello como parte del conteo r\u00e1pido, con un l\u00edmite superior de 61.4 por ciento y un l\u00edmite inferior de 58 por ciento. En el segundo lugar se encuentra Alejandro Avil\u00e9s, frente los partidos Revolucionario Institucional (PRI) y de la Revoluci\u00f3n Democr\u00e1tica (PRD). En redes sociales, Jara Cruz difundi\u00f3 haber obtenido la victoria, incluso antes de los datos de conteo r\u00e1pido.\" \/>\n<meta property=\"og:url\" content=\"https:\/\/canal7slp.tv\/2022\/en-oaxaca-salvador-jara-lleva-la-ventaja-en-la-eleccion-a-la-gubernatura\/\" \/>\n<meta property=\"og:site_name\" content=\"Canal 7 SLP - 2022\" \/>\n<meta property=\"article:publisher\" content=\"https:\/\/www.facebook.com\/noticieroscanalsiete\" \/>\n<meta property=\"article:published_time\" content=\"2022-06-06T04:25:29+00:00\" \/>\n<meta property=\"og:image\" content=\"https:\/\/canal7slp.tv\/2022\/wp-content\/uploads\/2022\/06\/SalomonOaxaca.jpg\" \/>\n\t<meta property=\"og:image:width\" content=\"691\" \/>\n\t<meta property=\"og:image:height\" content=\"566\" \/>\n\t<meta property=\"og:image:type\" content=\"image\/jpeg\" \/>\n<meta name=\"author\" content=\"Edici\u00f3n Web\" \/>\n<meta name=\"twitter:card\" content=\"summary_large_image\" \/>\n<meta name=\"twitter:creator\" content=\"@NOTICIEROS7\" \/>\n<meta name=\"twitter:site\" content=\"@NOTICIEROS7\" \/>\n<meta name=\"twitter:label1\" content=\"Escrito por\" \/>\n\t<meta name=\"twitter:data1\" content=\"Edici\u00f3n Web\" \/>\n\t<meta name=\"twitter:label2\" content=\"Tiempo de lectura\" \/>\n\t<meta name=\"twitter:data2\" content=\"1 minuto\" \/>\n<script type=\"application\/ld+json\" class=\"yoast-schema-graph\">{\"@context\":\"https:\\\/\\\/schema.org\",\"@graph\":[{\"@type\":\"Article\",\"@id\":\"https:\\\/\\\/canal7slp.tv\\\/2022\\\/en-oaxaca-salvador-jara-lleva-la-ventaja-en-la-eleccion-a-la-gubernatura\\\/#article\",\"isPartOf\":{\"@id\":\"https:\\\/\\\/canal7slp.tv\\\/2022\\\/en-oaxaca-salvador-jara-lleva-la-ventaja-en-la-eleccion-a-la-gubernatura\\\/\"},\"author\":{\"name\":\"Edici\u00f3n Web\",\"@id\":\"https:\\\/\\\/canal7slp.tv\\\/2022\\\/#\\\/schema\\\/person\\\/429704152a21f5f856ce29aa69a238da\"},\"headline\":\"En Oaxaca Salvador Jara lleva la ventaja en la elecci\u00f3n a la gubernatura\",\"datePublished\":\"2022-06-06T04:25:29+00:00\",\"mainEntityOfPage\":{\"@id\":\"https:\\\/\\\/canal7slp.tv\\\/2022\\\/en-oaxaca-salvador-jara-lleva-la-ventaja-en-la-eleccion-a-la-gubernatura\\\/\"},\"wordCount\":103,\"publisher\":{\"@id\":\"https:\\\/\\\/canal7slp.tv\\\/2022\\\/#organization\"},\"image\":{\"@id\":\"https:\\\/\\\/canal7slp.tv\\\/2022\\\/en-oaxaca-salvador-jara-lleva-la-ventaja-en-la-eleccion-a-la-gubernatura\\\/#primaryimage\"},\"thumbnailUrl\":\"https:\\\/\\\/canal7slp.tv\\\/2022\\\/wp-content\\\/uploads\\\/2022\\\/06\\\/SalomonOaxaca.jpg\",\"articleSection\":[\"NACIONALES\"],\"inLanguage\":\"es\"},{\"@type\":\"WebPage\",\"@id\":\"https:\\\/\\\/canal7slp.tv\\\/2022\\\/en-oaxaca-salvador-jara-lleva-la-ventaja-en-la-eleccion-a-la-gubernatura\\\/\",\"url\":\"https:\\\/\\\/canal7slp.tv\\\/2022\\\/en-oaxaca-salvador-jara-lleva-la-ventaja-en-la-eleccion-a-la-gubernatura\\\/\",\"name\":\"En Oaxaca Salvador Jara lleva la ventaja en la elecci\u00f3n a la gubernatura - Canal 7 SLP - 2022\",\"isPartOf\":{\"@id\":\"https:\\\/\\\/canal7slp.tv\\\/2022\\\/#website\"},\"primaryImageOfPage\":{\"@id\":\"https:\\\/\\\/canal7slp.tv\\\/2022\\\/en-oaxaca-salvador-jara-lleva-la-ventaja-en-la-eleccion-a-la-gubernatura\\\/#primaryimage\"},\"image\":{\"@id\":\"https:\\\/\\\/canal7slp.tv\\\/2022\\\/en-oaxaca-salvador-jara-lleva-la-ventaja-en-la-eleccion-a-la-gubernatura\\\/#primaryimage\"},\"thumbnailUrl\":\"https:\\\/\\\/canal7slp.tv\\\/2022\\\/wp-content\\\/uploads\\\/2022\\\/06\\\/SalomonOaxaca.jpg\",\"datePublished\":\"2022-06-06T04:25:29+00:00\",\"breadcrumb\":{\"@id\":\"https:\\\/\\\/canal7slp.tv\\\/2022\\\/en-oaxaca-salvador-jara-lleva-la-ventaja-en-la-eleccion-a-la-gubernatura\\\/#breadcrumb\"},\"inLanguage\":\"es\",\"potentialAction\":[{\"@type\":\"ReadAction\",\"target\":[\"https:\\\/\\\/canal7slp.tv\\\/2022\\\/en-oaxaca-salvador-jara-lleva-la-ventaja-en-la-eleccion-a-la-gubernatura\\\/\"]}]},{\"@type\":\"ImageObject\",\"inLanguage\":\"es\",\"@id\":\"https:\\\/\\\/canal7slp.tv\\\/2022\\\/en-oaxaca-salvador-jara-lleva-la-ventaja-en-la-eleccion-a-la-gubernatura\\\/#primaryimage\",\"url\":\"https:\\\/\\\/canal7slp.tv\\\/2022\\\/wp-content\\\/uploads\\\/2022\\\/06\\\/SalomonOaxaca.jpg\",\"contentUrl\":\"https:\\\/\\\/canal7slp.tv\\\/2022\\\/wp-content\\\/uploads\\\/2022\\\/06\\\/SalomonOaxaca.jpg\",\"width\":691,\"height\":566},{\"@type\":\"BreadcrumbList\",\"@id\":\"https:\\\/\\\/canal7slp.tv\\\/2022\\\/en-oaxaca-salvador-jara-lleva-la-ventaja-en-la-eleccion-a-la-gubernatura\\\/#breadcrumb\",\"itemListElement\":[{\"@type\":\"ListItem\",\"position\":1,\"name\":\"Portada\",\"item\":\"https:\\\/\\\/canal7slp.tv\\\/2022\\\/\"},{\"@type\":\"ListItem\",\"position\":2,\"name\":\"En Oaxaca Salvador Jara lleva la ventaja en la elecci\u00f3n a la gubernatura\"}]},{\"@type\":\"WebSite\",\"@id\":\"https:\\\/\\\/canal7slp.tv\\\/2022\\\/#website\",\"url\":\"https:\\\/\\\/canal7slp.tv\\\/2022\\\/\",\"name\":\"N7 - Noticieros Canal 7\",\"description\":\"Somos Televisi\u00f3n\",\"publisher\":{\"@id\":\"https:\\\/\\\/canal7slp.tv\\\/2022\\\/#organization\"},\"potentialAction\":[{\"@type\":\"SearchAction\",\"target\":{\"@type\":\"EntryPoint\",\"urlTemplate\":\"https:\\\/\\\/canal7slp.tv\\\/2022\\\/?s={search_term_string}\"},\"query-input\":{\"@type\":\"PropertyValueSpecification\",\"valueRequired\":true,\"valueName\":\"search_term_string\"}}],\"inLanguage\":\"es\"},{\"@type\":\"Organization\",\"@id\":\"https:\\\/\\\/canal7slp.tv\\\/2022\\\/#organization\",\"name\":\"Noticieros Canal 7\",\"url\":\"https:\\\/\\\/canal7slp.tv\\\/2022\\\/\",\"logo\":{\"@type\":\"ImageObject\",\"inLanguage\":\"es\",\"@id\":\"https:\\\/\\\/canal7slp.tv\\\/2022\\\/#\\\/schema\\\/logo\\\/image\\\/\",\"url\":\"https:\\\/\\\/canal7slp.tv\\\/2022\\\/wp-content\\\/uploads\\\/2021\\\/01\\\/logo-noticieros@2x.png\",\"contentUrl\":\"https:\\\/\\\/canal7slp.tv\\\/2022\\\/wp-content\\\/uploads\\\/2021\\\/01\\\/logo-noticieros@2x.png\",\"width\":1017,\"height\":268,\"caption\":\"Noticieros Canal 7\"},\"image\":{\"@id\":\"https:\\\/\\\/canal7slp.tv\\\/2022\\\/#\\\/schema\\\/logo\\\/image\\\/\"},\"sameAs\":[\"https:\\\/\\\/www.facebook.com\\\/noticieroscanalsiete\",\"https:\\\/\\\/x.com\\\/NOTICIEROS7\",\"https:\\\/\\\/www.instagram.com\\\/canal7_slp\",\"https:\\\/\\\/www.youtube.com\\\/channel\\\/UCliiYs-gP3JfJeqdPrNdd5A\"]},{\"@type\":\"Person\",\"@id\":\"https:\\\/\\\/canal7slp.tv\\\/2022\\\/#\\\/schema\\\/person\\\/429704152a21f5f856ce29aa69a238da\",\"name\":\"Edici\u00f3n Web\",\"image\":{\"@type\":\"ImageObject\",\"inLanguage\":\"es\",\"@id\":\"https:\\\/\\\/secure.gravatar.com\\\/avatar\\\/eee448fc3f7164808013b816ba91ac7e43bbe82a70bebac296f8bc6f0addaa1a?s=96&d=mm&r=g\",\"url\":\"https:\\\/\\\/secure.gravatar.com\\\/avatar\\\/eee448fc3f7164808013b816ba91ac7e43bbe82a70bebac296f8bc6f0addaa1a?s=96&d=mm&r=g\",\"contentUrl\":\"https:\\\/\\\/secure.gravatar.com\\\/avatar\\\/eee448fc3f7164808013b816ba91ac7e43bbe82a70bebac296f8bc6f0addaa1a?s=96&d=mm&r=g\",\"caption\":\"Edici\u00f3n Web\"},\"url\":\"https:\\\/\\\/canal7slp.tv\\\/2022\\\/author\\\/edicionweb\\\/\"}]}<\/script>\n<!-- \/ Yoast SEO plugin. -->","yoast_head_json":{"title":"En Oaxaca Salvador Jara lleva la ventaja en la elecci\u00f3n a la gubernatura - Canal 7 SLP - 2022","robots":{"index":"index","follow":"follow","max-snippet":"max-snippet:-1","max-image-preview":"max-image-preview:large","max-video-preview":"max-video-preview:-1"},"canonical":"https:\/\/canal7slp.tv\/2022\/en-oaxaca-salvador-jara-lleva-la-ventaja-en-la-eleccion-a-la-gubernatura\/","og_locale":"es_ES","og_type":"article","og_title":"En Oaxaca Salvador Jara lleva la ventaja en la elecci\u00f3n a la gubernatura - Canal 7 SLP - 2022","og_description":"Oaxaca.-\u00a0El candidato de la coalici\u00f3n Juntos Hacemos Historia, Salom\u00f3n Jara lleva la delantera en el proceso de gubernatura de Oaxaca. Ello como parte del conteo r\u00e1pido, con un l\u00edmite superior de 61.4 por ciento y un l\u00edmite inferior de 58 por ciento. En el segundo lugar se encuentra Alejandro Avil\u00e9s, frente los partidos Revolucionario Institucional (PRI) y de la Revoluci\u00f3n Democr\u00e1tica (PRD). En redes sociales, Jara Cruz difundi\u00f3 haber obtenido la victoria, incluso antes de los datos de conteo r\u00e1pido.","og_url":"https:\/\/canal7slp.tv\/2022\/en-oaxaca-salvador-jara-lleva-la-ventaja-en-la-eleccion-a-la-gubernatura\/","og_site_name":"Canal 7 SLP - 2022","article_publisher":"https:\/\/www.facebook.com\/noticieroscanalsiete","article_published_time":"2022-06-06T04:25:29+00:00","og_image":[{"width":691,"height":566,"url":"https:\/\/canal7slp.tv\/2022\/wp-content\/uploads\/2022\/06\/SalomonOaxaca.jpg","type":"image\/jpeg"}],"author":"Edici\u00f3n Web","twitter_card":"summary_large_image","twitter_creator":"@NOTICIEROS7","twitter_site":"@NOTICIEROS7","twitter_misc":{"Escrito por":"Edici\u00f3n Web","Tiempo de lectura":"1 minuto"},"schema":{"@context":"https:\/\/schema.org","@graph":[{"@type":"Article","@id":"https:\/\/canal7slp.tv\/2022\/en-oaxaca-salvador-jara-lleva-la-ventaja-en-la-eleccion-a-la-gubernatura\/#article","isPartOf":{"@id":"https:\/\/canal7slp.tv\/2022\/en-oaxaca-salvador-jara-lleva-la-ventaja-en-la-eleccion-a-la-gubernatura\/"},"author":{"name":"Edici\u00f3n Web","@id":"https:\/\/canal7slp.tv\/2022\/#\/schema\/person\/429704152a21f5f856ce29aa69a238da"},"headline":"En Oaxaca Salvador Jara lleva la ventaja en la elecci\u00f3n a la gubernatura","datePublished":"2022-06-06T04:25:29+00:00","mainEntityOfPage":{"@id":"https:\/\/canal7slp.tv\/2022\/en-oaxaca-salvador-jara-lleva-la-ventaja-en-la-eleccion-a-la-gubernatura\/"},"wordCount":103,"publisher":{"@id":"https:\/\/canal7slp.tv\/2022\/#organization"},"image":{"@id":"https:\/\/canal7slp.tv\/2022\/en-oaxaca-salvador-jara-lleva-la-ventaja-en-la-eleccion-a-la-gubernatura\/#primaryimage"},"thumbnailUrl":"https:\/\/canal7slp.tv\/2022\/wp-content\/uploads\/2022\/06\/SalomonOaxaca.jpg","articleSection":["NACIONALES"],"inLanguage":"es"},{"@type":"WebPage","@id":"https:\/\/canal7slp.tv\/2022\/en-oaxaca-salvador-jara-lleva-la-ventaja-en-la-eleccion-a-la-gubernatura\/","url":"https:\/\/canal7slp.tv\/2022\/en-oaxaca-salvador-jara-lleva-la-ventaja-en-la-eleccion-a-la-gubernatura\/","name":"En Oaxaca Salvador Jara lleva la ventaja en la elecci\u00f3n a la gubernatura - Canal 7 SLP - 2022","isPartOf":{"@id":"https:\/\/canal7slp.tv\/2022\/#website"},"primaryImageOfPage":{"@id":"https:\/\/canal7slp.tv\/2022\/en-oaxaca-salvador-jara-lleva-la-ventaja-en-la-eleccion-a-la-gubernatura\/#primaryimage"},"image":{"@id":"https:\/\/canal7slp.tv\/2022\/en-oaxaca-salvador-jara-lleva-la-ventaja-en-la-eleccion-a-la-gubernatura\/#primaryimage"},"thumbnailUrl":"https:\/\/canal7slp.tv\/2022\/wp-content\/uploads\/2022\/06\/SalomonOaxaca.jpg","datePublished":"2022-06-06T04:25:29+00:00","breadcrumb":{"@id":"https:\/\/canal7slp.tv\/2022\/en-oaxaca-salvador-jara-lleva-la-ventaja-en-la-eleccion-a-la-gubernatura\/#breadcrumb"},"inLanguage":"es","potentialAction":[{"@type":"ReadAction","target":["https:\/\/canal7slp.tv\/2022\/en-oaxaca-salvador-jara-lleva-la-ventaja-en-la-eleccion-a-la-gubernatura\/"]}]},{"@type":"ImageObject","inLanguage":"es","@id":"https:\/\/canal7slp.tv\/2022\/en-oaxaca-salvador-jara-lleva-la-ventaja-en-la-eleccion-a-la-gubernatura\/#primaryimage","url":"https:\/\/canal7slp.tv\/2022\/wp-content\/uploads\/2022\/06\/SalomonOaxaca.jpg","contentUrl":"https:\/\/canal7slp.tv\/2022\/wp-content\/uploads\/2022\/06\/SalomonOaxaca.jpg","width":691,"height":566},{"@type":"BreadcrumbList","@id":"https:\/\/canal7slp.tv\/2022\/en-oaxaca-salvador-jara-lleva-la-ventaja-en-la-eleccion-a-la-gubernatura\/#breadcrumb","itemListElement":[{"@type":"ListItem","position":1,"name":"Portada","item":"https:\/\/canal7slp.tv\/2022\/"},{"@type":"ListItem","position":2,"name":"En Oaxaca Salvador Jara lleva la ventaja en la elecci\u00f3n a la gubernatura"}]},{"@type":"WebSite","@id":"https:\/\/canal7slp.tv\/2022\/#website","url":"https:\/\/canal7slp.tv\/2022\/","name":"N7 - Noticieros Canal 7","description":"Somos Televisi\u00f3n","publisher":{"@id":"https:\/\/canal7slp.tv\/2022\/#organization"},"potentialAction":[{"@type":"SearchAction","target":{"@type":"EntryPoint","urlTemplate":"https:\/\/canal7slp.tv\/2022\/?s={search_term_string}"},"query-input":{"@type":"PropertyValueSpecification","valueRequired":true,"valueName":"search_term_string"}}],"inLanguage":"es"},{"@type":"Organization","@id":"https:\/\/canal7slp.tv\/2022\/#organization","name":"Noticieros Canal 7","url":"https:\/\/canal7slp.tv\/2022\/","logo":{"@type":"ImageObject","inLanguage":"es","@id":"https:\/\/canal7slp.tv\/2022\/#\/schema\/logo\/image\/","url":"https:\/\/canal7slp.tv\/2022\/wp-content\/uploads\/2021\/01\/logo-noticieros@2x.png","contentUrl":"https:\/\/canal7slp.tv\/2022\/wp-content\/uploads\/2021\/01\/logo-noticieros@2x.png","width":1017,"height":268,"caption":"Noticieros Canal 7"},"image":{"@id":"https:\/\/canal7slp.tv\/2022\/#\/schema\/logo\/image\/"},"sameAs":["https:\/\/www.facebook.com\/noticieroscanalsiete","https:\/\/x.com\/NOTICIEROS7","https:\/\/www.instagram.com\/canal7_slp","https:\/\/www.youtube.com\/channel\/UCliiYs-gP3JfJeqdPrNdd5A"]},{"@type":"Person","@id":"https:\/\/canal7slp.tv\/2022\/#\/schema\/person\/429704152a21f5f856ce29aa69a238da","name":"Edici\u00f3n Web","image":{"@type":"ImageObject","inLanguage":"es","@id":"https:\/\/secure.gravatar.com\/avatar\/eee448fc3f7164808013b816ba91ac7e43bbe82a70bebac296f8bc6f0addaa1a?s=96&d=mm&r=g","url":"https:\/\/secure.gravatar.com\/avatar\/eee448fc3f7164808013b816ba91ac7e43bbe82a70bebac296f8bc6f0addaa1a?s=96&d=mm&r=g","contentUrl":"https:\/\/secure.gravatar.com\/avatar\/eee448fc3f7164808013b816ba91ac7e43bbe82a70bebac296f8bc6f0addaa1a?s=96&d=mm&r=g","caption":"Edici\u00f3n Web"},"url":"https:\/\/canal7slp.tv\/2022\/author\/edicionweb\/"}]}},"amp_enabled":true,"_links":{"self":[{"href":"https:\/\/canal7slp.tv\/2022\/wp-json\/wp\/v2\/posts\/62587","targetHints":{"allow":["GET"]}}],"collection":[{"href":"https:\/\/canal7slp.tv\/2022\/wp-json\/wp\/v2\/posts"}],"about":[{"href":"https:\/\/canal7slp.tv\/2022\/wp-json\/wp\/v2\/types\/post"}],"author":[{"embeddable":true,"href":"https:\/\/canal7slp.tv\/2022\/wp-json\/wp\/v2\/users\/2"}],"replies":[{"embeddable":true,"href":"https:\/\/canal7slp.tv\/2022\/wp-json\/wp\/v2\/comments?post=62587"}],"version-history":[{"count":1,"href":"https:\/\/canal7slp.tv\/2022\/wp-json\/wp\/v2\/posts\/62587\/revisions"}],"predecessor-version":[{"id":62589,"href":"https:\/\/canal7slp.tv\/2022\/wp-json\/wp\/v2\/posts\/62587\/revisions\/62589"}],"wp:featuredmedia":[{"embeddable":true,"href":"https:\/\/canal7slp.tv\/2022\/wp-json\/wp\/v2\/media\/62588"}],"wp:attachment":[{"href":"https:\/\/canal7slp.tv\/2022\/wp-json\/wp\/v2\/media?parent=62587"}],"wp:term":[{"taxonomy":"category","embeddable":true,"href":"https:\/\/canal7slp.tv\/2022\/wp-json\/wp\/v2\/categories?post=62587"},{"taxonomy":"post_tag","embeddable":true,"href":"https:\/\/canal7slp.tv\/2022\/wp-json\/wp\/v2\/tags?post=62587"}],"curies":[{"name":"wp","href":"https:\/\/api.w.org\/{rel}","templated":true}]}}