{"id":62557,"date":"2022-06-05T17:15:32","date_gmt":"2022-06-05T23:15:32","guid":{"rendered":"https:\/\/canal7slp.tv\/2022\/?p=62557"},"modified":"2022-06-05T17:15:32","modified_gmt":"2022-06-05T23:15:32","slug":"en-aguascalientes-morena-senala-presunta-detencion-arbitraria-de-militantes","status":"publish","type":"post","link":"https:\/\/canal7slp.tv\/2022\/en-aguascalientes-morena-senala-presunta-detencion-arbitraria-de-militantes\/","title":{"rendered":"En Aguascalientes MORENA se\u00f1ala presunta detenci\u00f3n arbitraria de militantes"},"content":{"rendered":"<div style=\"text-align: justify;\">Aguascalientes.- Integrantes de Movimiento Regeneraci\u00f3n Nacional (MORENA) que respaldan a la candidata a la gubernatura de Aguascalientes, Nora Ruvalcaba, se\u00f1alaron como arbitraria la detenci\u00f3n del diputado local de Edomex, Isaac Montoya y otros compa\u00f1eros.<\/div>\n<div style=\"text-align: justify;\"><\/div>\n<div style=\"text-align: justify;\">Indicaron que Isaac Montoya se dirig\u00eda al punto de operaci\u00f3n del equipo de campa\u00f1a pero le detuvieron polic\u00edas municipales.<\/div>\n<div style=\"text-align: justify;\"><\/div>\n<div style=\"text-align: justify;\">Al parecer el arresto se di\u00f3 por usar palabras altisonantes y alterar el orden p\u00fablico.<\/div>\n<div style=\"text-align: justify;\"><\/div>\n<div style=\"text-align: justify;\">La persona podr\u00e1 pagar una fianza en 24 horas.<\/div>\n<div style=\"text-align: justify;\"><\/div>\n<div style=\"text-align: justify;\">Por tal motivo, legisladores de MORENA exigieron en redes sociales la liberaci\u00f3n; mensaje dirigido al alcalde de Aguascalientes Leonardo Monta\u00f1ez.<\/div>\n","protected":false},"excerpt":{"rendered":"<p>Aguascalientes.- Integrantes de Movimiento Regeneraci\u00f3n Nacional (MORENA) que respaldan a la candidata a la gubernatura de Aguascalientes, Nora Ruvalcaba, se\u00f1alaron como arbitraria la detenci\u00f3n del diputado local de Edomex, Isaac Montoya y otros compa\u00f1eros. Indicaron que Isaac Montoya se dirig\u00eda al punto de operaci\u00f3n del equipo de campa\u00f1a pero le detuvieron polic\u00edas municipales. Al parecer el arresto se di\u00f3 por usar palabras altisonantes y alterar el orden p\u00fablico. La persona podr\u00e1 pagar una fianza en 24 horas. Por tal motivo, legisladores de MORENA exigieron en redes sociales la liberaci\u00f3n; mensaje dirigido al alcalde de Aguascalientes Leonardo Monta\u00f1ez.<\/p>\n","protected":false},"author":2,"featured_media":62558,"comment_status":"closed","ping_status":"closed","sticky":false,"template":"","format":"standard","meta":{"footnotes":""},"categories":[46],"tags":[],"class_list":["post-62557","post","type-post","status-publish","format-standard","has-post-thumbnail","hentry","category-nacional","post--single"],"yoast_head":"<!-- This site is optimized with the Yoast SEO plugin v27.5 - https:\/\/yoast.com\/product\/yoast-seo-wordpress\/ -->\n<title>En Aguascalientes MORENA se\u00f1ala presunta detenci\u00f3n arbitraria de militantes - Canal 7 SLP - 2022<\/title>\n<meta name=\"robots\" content=\"index, follow, max-snippet:-1, max-image-preview:large, max-video-preview:-1\" \/>\n<link rel=\"canonical\" href=\"https:\/\/canal7slp.tv\/2022\/en-aguascalientes-morena-senala-presunta-detencion-arbitraria-de-militantes\/\" \/>\n<meta property=\"og:locale\" content=\"es_ES\" \/>\n<meta property=\"og:type\" content=\"article\" \/>\n<meta property=\"og:title\" content=\"En Aguascalientes MORENA se\u00f1ala presunta detenci\u00f3n arbitraria de militantes - Canal 7 SLP - 2022\" \/>\n<meta property=\"og:description\" content=\"Aguascalientes.- Integrantes de Movimiento Regeneraci\u00f3n Nacional (MORENA) que respaldan a la candidata a la gubernatura de Aguascalientes, Nora Ruvalcaba, se\u00f1alaron como arbitraria la detenci\u00f3n del diputado local de Edomex, Isaac Montoya y otros compa\u00f1eros. Indicaron que Isaac Montoya se dirig\u00eda al punto de operaci\u00f3n del equipo de campa\u00f1a pero le detuvieron polic\u00edas municipales. Al parecer el arresto se di\u00f3 por usar palabras altisonantes y alterar el orden p\u00fablico. La persona podr\u00e1 pagar una fianza en 24 horas. Por tal motivo, legisladores de MORENA exigieron en redes sociales la liberaci\u00f3n; mensaje dirigido al alcalde de Aguascalientes Leonardo Monta\u00f1ez.\" \/>\n<meta property=\"og:url\" content=\"https:\/\/canal7slp.tv\/2022\/en-aguascalientes-morena-senala-presunta-detencion-arbitraria-de-militantes\/\" \/>\n<meta property=\"og:site_name\" content=\"Canal 7 SLP - 2022\" \/>\n<meta property=\"article:publisher\" content=\"https:\/\/www.facebook.com\/noticieroscanalsiete\" \/>\n<meta property=\"article:published_time\" content=\"2022-06-05T23:15:32+00:00\" \/>\n<meta property=\"og:image\" content=\"https:\/\/canal7slp.tv\/2022\/wp-content\/uploads\/2022\/06\/Militantes.jpg\" \/>\n\t<meta property=\"og:image:width\" content=\"692\" \/>\n\t<meta property=\"og:image:height\" content=\"338\" \/>\n\t<meta property=\"og:image:type\" content=\"image\/jpeg\" \/>\n<meta name=\"author\" content=\"Edici\u00f3n Web\" \/>\n<meta name=\"twitter:card\" content=\"summary_large_image\" \/>\n<meta name=\"twitter:creator\" content=\"@NOTICIEROS7\" \/>\n<meta name=\"twitter:site\" content=\"@NOTICIEROS7\" \/>\n<meta name=\"twitter:label1\" content=\"Escrito por\" \/>\n\t<meta name=\"twitter:data1\" content=\"Edici\u00f3n Web\" \/>\n\t<meta name=\"twitter:label2\" content=\"Tiempo de lectura\" \/>\n\t<meta name=\"twitter:data2\" content=\"1 minuto\" \/>\n<script type=\"application\/ld+json\" class=\"yoast-schema-graph\">{\"@context\":\"https:\\\/\\\/schema.org\",\"@graph\":[{\"@type\":\"Article\",\"@id\":\"https:\\\/\\\/canal7slp.tv\\\/2022\\\/en-aguascalientes-morena-senala-presunta-detencion-arbitraria-de-militantes\\\/#article\",\"isPartOf\":{\"@id\":\"https:\\\/\\\/canal7slp.tv\\\/2022\\\/en-aguascalientes-morena-senala-presunta-detencion-arbitraria-de-militantes\\\/\"},\"author\":{\"name\":\"Edici\u00f3n Web\",\"@id\":\"https:\\\/\\\/canal7slp.tv\\\/2022\\\/#\\\/schema\\\/person\\\/429704152a21f5f856ce29aa69a238da\"},\"headline\":\"En Aguascalientes MORENA se\u00f1ala presunta detenci\u00f3n arbitraria de militantes\",\"datePublished\":\"2022-06-05T23:15:32+00:00\",\"mainEntityOfPage\":{\"@id\":\"https:\\\/\\\/canal7slp.tv\\\/2022\\\/en-aguascalientes-morena-senala-presunta-detencion-arbitraria-de-militantes\\\/\"},\"wordCount\":119,\"publisher\":{\"@id\":\"https:\\\/\\\/canal7slp.tv\\\/2022\\\/#organization\"},\"image\":{\"@id\":\"https:\\\/\\\/canal7slp.tv\\\/2022\\\/en-aguascalientes-morena-senala-presunta-detencion-arbitraria-de-militantes\\\/#primaryimage\"},\"thumbnailUrl\":\"https:\\\/\\\/canal7slp.tv\\\/2022\\\/wp-content\\\/uploads\\\/2022\\\/06\\\/Militantes.jpg\",\"articleSection\":[\"NACIONALES\"],\"inLanguage\":\"es\"},{\"@type\":\"WebPage\",\"@id\":\"https:\\\/\\\/canal7slp.tv\\\/2022\\\/en-aguascalientes-morena-senala-presunta-detencion-arbitraria-de-militantes\\\/\",\"url\":\"https:\\\/\\\/canal7slp.tv\\\/2022\\\/en-aguascalientes-morena-senala-presunta-detencion-arbitraria-de-militantes\\\/\",\"name\":\"En Aguascalientes MORENA se\u00f1ala presunta detenci\u00f3n arbitraria de militantes - Canal 7 SLP - 2022\",\"isPartOf\":{\"@id\":\"https:\\\/\\\/canal7slp.tv\\\/2022\\\/#website\"},\"primaryImageOfPage\":{\"@id\":\"https:\\\/\\\/canal7slp.tv\\\/2022\\\/en-aguascalientes-morena-senala-presunta-detencion-arbitraria-de-militantes\\\/#primaryimage\"},\"image\":{\"@id\":\"https:\\\/\\\/canal7slp.tv\\\/2022\\\/en-aguascalientes-morena-senala-presunta-detencion-arbitraria-de-militantes\\\/#primaryimage\"},\"thumbnailUrl\":\"https:\\\/\\\/canal7slp.tv\\\/2022\\\/wp-content\\\/uploads\\\/2022\\\/06\\\/Militantes.jpg\",\"datePublished\":\"2022-06-05T23:15:32+00:00\",\"breadcrumb\":{\"@id\":\"https:\\\/\\\/canal7slp.tv\\\/2022\\\/en-aguascalientes-morena-senala-presunta-detencion-arbitraria-de-militantes\\\/#breadcrumb\"},\"inLanguage\":\"es\",\"potentialAction\":[{\"@type\":\"ReadAction\",\"target\":[\"https:\\\/\\\/canal7slp.tv\\\/2022\\\/en-aguascalientes-morena-senala-presunta-detencion-arbitraria-de-militantes\\\/\"]}]},{\"@type\":\"ImageObject\",\"inLanguage\":\"es\",\"@id\":\"https:\\\/\\\/canal7slp.tv\\\/2022\\\/en-aguascalientes-morena-senala-presunta-detencion-arbitraria-de-militantes\\\/#primaryimage\",\"url\":\"https:\\\/\\\/canal7slp.tv\\\/2022\\\/wp-content\\\/uploads\\\/2022\\\/06\\\/Militantes.jpg\",\"contentUrl\":\"https:\\\/\\\/canal7slp.tv\\\/2022\\\/wp-content\\\/uploads\\\/2022\\\/06\\\/Militantes.jpg\",\"width\":692,\"height\":338},{\"@type\":\"BreadcrumbList\",\"@id\":\"https:\\\/\\\/canal7slp.tv\\\/2022\\\/en-aguascalientes-morena-senala-presunta-detencion-arbitraria-de-militantes\\\/#breadcrumb\",\"itemListElement\":[{\"@type\":\"ListItem\",\"position\":1,\"name\":\"Portada\",\"item\":\"https:\\\/\\\/canal7slp.tv\\\/2022\\\/\"},{\"@type\":\"ListItem\",\"position\":2,\"name\":\"En Aguascalientes MORENA se\u00f1ala presunta detenci\u00f3n arbitraria de militantes\"}]},{\"@type\":\"WebSite\",\"@id\":\"https:\\\/\\\/canal7slp.tv\\\/2022\\\/#website\",\"url\":\"https:\\\/\\\/canal7slp.tv\\\/2022\\\/\",\"name\":\"N7 - Noticieros Canal 7\",\"description\":\"Somos Televisi\u00f3n\",\"publisher\":{\"@id\":\"https:\\\/\\\/canal7slp.tv\\\/2022\\\/#organization\"},\"potentialAction\":[{\"@type\":\"SearchAction\",\"target\":{\"@type\":\"EntryPoint\",\"urlTemplate\":\"https:\\\/\\\/canal7slp.tv\\\/2022\\\/?s={search_term_string}\"},\"query-input\":{\"@type\":\"PropertyValueSpecification\",\"valueRequired\":true,\"valueName\":\"search_term_string\"}}],\"inLanguage\":\"es\"},{\"@type\":\"Organization\",\"@id\":\"https:\\\/\\\/canal7slp.tv\\\/2022\\\/#organization\",\"name\":\"Noticieros Canal 7\",\"url\":\"https:\\\/\\\/canal7slp.tv\\\/2022\\\/\",\"logo\":{\"@type\":\"ImageObject\",\"inLanguage\":\"es\",\"@id\":\"https:\\\/\\\/canal7slp.tv\\\/2022\\\/#\\\/schema\\\/logo\\\/image\\\/\",\"url\":\"https:\\\/\\\/canal7slp.tv\\\/2022\\\/wp-content\\\/uploads\\\/2021\\\/01\\\/logo-noticieros@2x.png\",\"contentUrl\":\"https:\\\/\\\/canal7slp.tv\\\/2022\\\/wp-content\\\/uploads\\\/2021\\\/01\\\/logo-noticieros@2x.png\",\"width\":1017,\"height\":268,\"caption\":\"Noticieros Canal 7\"},\"image\":{\"@id\":\"https:\\\/\\\/canal7slp.tv\\\/2022\\\/#\\\/schema\\\/logo\\\/image\\\/\"},\"sameAs\":[\"https:\\\/\\\/www.facebook.com\\\/noticieroscanalsiete\",\"https:\\\/\\\/x.com\\\/NOTICIEROS7\",\"https:\\\/\\\/www.instagram.com\\\/canal7_slp\",\"https:\\\/\\\/www.youtube.com\\\/channel\\\/UCliiYs-gP3JfJeqdPrNdd5A\"]},{\"@type\":\"Person\",\"@id\":\"https:\\\/\\\/canal7slp.tv\\\/2022\\\/#\\\/schema\\\/person\\\/429704152a21f5f856ce29aa69a238da\",\"name\":\"Edici\u00f3n Web\",\"image\":{\"@type\":\"ImageObject\",\"inLanguage\":\"es\",\"@id\":\"https:\\\/\\\/secure.gravatar.com\\\/avatar\\\/eee448fc3f7164808013b816ba91ac7e43bbe82a70bebac296f8bc6f0addaa1a?s=96&d=mm&r=g\",\"url\":\"https:\\\/\\\/secure.gravatar.com\\\/avatar\\\/eee448fc3f7164808013b816ba91ac7e43bbe82a70bebac296f8bc6f0addaa1a?s=96&d=mm&r=g\",\"contentUrl\":\"https:\\\/\\\/secure.gravatar.com\\\/avatar\\\/eee448fc3f7164808013b816ba91ac7e43bbe82a70bebac296f8bc6f0addaa1a?s=96&d=mm&r=g\",\"caption\":\"Edici\u00f3n Web\"},\"url\":\"https:\\\/\\\/canal7slp.tv\\\/2022\\\/author\\\/edicionweb\\\/\"}]}<\/script>\n<!-- \/ Yoast SEO plugin. -->","yoast_head_json":{"title":"En Aguascalientes MORENA se\u00f1ala presunta detenci\u00f3n arbitraria de militantes - Canal 7 SLP - 2022","robots":{"index":"index","follow":"follow","max-snippet":"max-snippet:-1","max-image-preview":"max-image-preview:large","max-video-preview":"max-video-preview:-1"},"canonical":"https:\/\/canal7slp.tv\/2022\/en-aguascalientes-morena-senala-presunta-detencion-arbitraria-de-militantes\/","og_locale":"es_ES","og_type":"article","og_title":"En Aguascalientes MORENA se\u00f1ala presunta detenci\u00f3n arbitraria de militantes - Canal 7 SLP - 2022","og_description":"Aguascalientes.- Integrantes de Movimiento Regeneraci\u00f3n Nacional (MORENA) que respaldan a la candidata a la gubernatura de Aguascalientes, Nora Ruvalcaba, se\u00f1alaron como arbitraria la detenci\u00f3n del diputado local de Edomex, Isaac Montoya y otros compa\u00f1eros. Indicaron que Isaac Montoya se dirig\u00eda al punto de operaci\u00f3n del equipo de campa\u00f1a pero le detuvieron polic\u00edas municipales. Al parecer el arresto se di\u00f3 por usar palabras altisonantes y alterar el orden p\u00fablico. La persona podr\u00e1 pagar una fianza en 24 horas. Por tal motivo, legisladores de MORENA exigieron en redes sociales la liberaci\u00f3n; mensaje dirigido al alcalde de Aguascalientes Leonardo Monta\u00f1ez.","og_url":"https:\/\/canal7slp.tv\/2022\/en-aguascalientes-morena-senala-presunta-detencion-arbitraria-de-militantes\/","og_site_name":"Canal 7 SLP - 2022","article_publisher":"https:\/\/www.facebook.com\/noticieroscanalsiete","article_published_time":"2022-06-05T23:15:32+00:00","og_image":[{"width":692,"height":338,"url":"https:\/\/canal7slp.tv\/2022\/wp-content\/uploads\/2022\/06\/Militantes.jpg","type":"image\/jpeg"}],"author":"Edici\u00f3n Web","twitter_card":"summary_large_image","twitter_creator":"@NOTICIEROS7","twitter_site":"@NOTICIEROS7","twitter_misc":{"Escrito por":"Edici\u00f3n Web","Tiempo de lectura":"1 minuto"},"schema":{"@context":"https:\/\/schema.org","@graph":[{"@type":"Article","@id":"https:\/\/canal7slp.tv\/2022\/en-aguascalientes-morena-senala-presunta-detencion-arbitraria-de-militantes\/#article","isPartOf":{"@id":"https:\/\/canal7slp.tv\/2022\/en-aguascalientes-morena-senala-presunta-detencion-arbitraria-de-militantes\/"},"author":{"name":"Edici\u00f3n Web","@id":"https:\/\/canal7slp.tv\/2022\/#\/schema\/person\/429704152a21f5f856ce29aa69a238da"},"headline":"En Aguascalientes MORENA se\u00f1ala presunta detenci\u00f3n arbitraria de militantes","datePublished":"2022-06-05T23:15:32+00:00","mainEntityOfPage":{"@id":"https:\/\/canal7slp.tv\/2022\/en-aguascalientes-morena-senala-presunta-detencion-arbitraria-de-militantes\/"},"wordCount":119,"publisher":{"@id":"https:\/\/canal7slp.tv\/2022\/#organization"},"image":{"@id":"https:\/\/canal7slp.tv\/2022\/en-aguascalientes-morena-senala-presunta-detencion-arbitraria-de-militantes\/#primaryimage"},"thumbnailUrl":"https:\/\/canal7slp.tv\/2022\/wp-content\/uploads\/2022\/06\/Militantes.jpg","articleSection":["NACIONALES"],"inLanguage":"es"},{"@type":"WebPage","@id":"https:\/\/canal7slp.tv\/2022\/en-aguascalientes-morena-senala-presunta-detencion-arbitraria-de-militantes\/","url":"https:\/\/canal7slp.tv\/2022\/en-aguascalientes-morena-senala-presunta-detencion-arbitraria-de-militantes\/","name":"En Aguascalientes MORENA se\u00f1ala presunta detenci\u00f3n arbitraria de militantes - Canal 7 SLP - 2022","isPartOf":{"@id":"https:\/\/canal7slp.tv\/2022\/#website"},"primaryImageOfPage":{"@id":"https:\/\/canal7slp.tv\/2022\/en-aguascalientes-morena-senala-presunta-detencion-arbitraria-de-militantes\/#primaryimage"},"image":{"@id":"https:\/\/canal7slp.tv\/2022\/en-aguascalientes-morena-senala-presunta-detencion-arbitraria-de-militantes\/#primaryimage"},"thumbnailUrl":"https:\/\/canal7slp.tv\/2022\/wp-content\/uploads\/2022\/06\/Militantes.jpg","datePublished":"2022-06-05T23:15:32+00:00","breadcrumb":{"@id":"https:\/\/canal7slp.tv\/2022\/en-aguascalientes-morena-senala-presunta-detencion-arbitraria-de-militantes\/#breadcrumb"},"inLanguage":"es","potentialAction":[{"@type":"ReadAction","target":["https:\/\/canal7slp.tv\/2022\/en-aguascalientes-morena-senala-presunta-detencion-arbitraria-de-militantes\/"]}]},{"@type":"ImageObject","inLanguage":"es","@id":"https:\/\/canal7slp.tv\/2022\/en-aguascalientes-morena-senala-presunta-detencion-arbitraria-de-militantes\/#primaryimage","url":"https:\/\/canal7slp.tv\/2022\/wp-content\/uploads\/2022\/06\/Militantes.jpg","contentUrl":"https:\/\/canal7slp.tv\/2022\/wp-content\/uploads\/2022\/06\/Militantes.jpg","width":692,"height":338},{"@type":"BreadcrumbList","@id":"https:\/\/canal7slp.tv\/2022\/en-aguascalientes-morena-senala-presunta-detencion-arbitraria-de-militantes\/#breadcrumb","itemListElement":[{"@type":"ListItem","position":1,"name":"Portada","item":"https:\/\/canal7slp.tv\/2022\/"},{"@type":"ListItem","position":2,"name":"En Aguascalientes MORENA se\u00f1ala presunta detenci\u00f3n arbitraria de militantes"}]},{"@type":"WebSite","@id":"https:\/\/canal7slp.tv\/2022\/#website","url":"https:\/\/canal7slp.tv\/2022\/","name":"N7 - Noticieros Canal 7","description":"Somos Televisi\u00f3n","publisher":{"@id":"https:\/\/canal7slp.tv\/2022\/#organization"},"potentialAction":[{"@type":"SearchAction","target":{"@type":"EntryPoint","urlTemplate":"https:\/\/canal7slp.tv\/2022\/?s={search_term_string}"},"query-input":{"@type":"PropertyValueSpecification","valueRequired":true,"valueName":"search_term_string"}}],"inLanguage":"es"},{"@type":"Organization","@id":"https:\/\/canal7slp.tv\/2022\/#organization","name":"Noticieros Canal 7","url":"https:\/\/canal7slp.tv\/2022\/","logo":{"@type":"ImageObject","inLanguage":"es","@id":"https:\/\/canal7slp.tv\/2022\/#\/schema\/logo\/image\/","url":"https:\/\/canal7slp.tv\/2022\/wp-content\/uploads\/2021\/01\/logo-noticieros@2x.png","contentUrl":"https:\/\/canal7slp.tv\/2022\/wp-content\/uploads\/2021\/01\/logo-noticieros@2x.png","width":1017,"height":268,"caption":"Noticieros Canal 7"},"image":{"@id":"https:\/\/canal7slp.tv\/2022\/#\/schema\/logo\/image\/"},"sameAs":["https:\/\/www.facebook.com\/noticieroscanalsiete","https:\/\/x.com\/NOTICIEROS7","https:\/\/www.instagram.com\/canal7_slp","https:\/\/www.youtube.com\/channel\/UCliiYs-gP3JfJeqdPrNdd5A"]},{"@type":"Person","@id":"https:\/\/canal7slp.tv\/2022\/#\/schema\/person\/429704152a21f5f856ce29aa69a238da","name":"Edici\u00f3n Web","image":{"@type":"ImageObject","inLanguage":"es","@id":"https:\/\/secure.gravatar.com\/avatar\/eee448fc3f7164808013b816ba91ac7e43bbe82a70bebac296f8bc6f0addaa1a?s=96&d=mm&r=g","url":"https:\/\/secure.gravatar.com\/avatar\/eee448fc3f7164808013b816ba91ac7e43bbe82a70bebac296f8bc6f0addaa1a?s=96&d=mm&r=g","contentUrl":"https:\/\/secure.gravatar.com\/avatar\/eee448fc3f7164808013b816ba91ac7e43bbe82a70bebac296f8bc6f0addaa1a?s=96&d=mm&r=g","caption":"Edici\u00f3n Web"},"url":"https:\/\/canal7slp.tv\/2022\/author\/edicionweb\/"}]}},"amp_enabled":true,"_links":{"self":[{"href":"https:\/\/canal7slp.tv\/2022\/wp-json\/wp\/v2\/posts\/62557","targetHints":{"allow":["GET"]}}],"collection":[{"href":"https:\/\/canal7slp.tv\/2022\/wp-json\/wp\/v2\/posts"}],"about":[{"href":"https:\/\/canal7slp.tv\/2022\/wp-json\/wp\/v2\/types\/post"}],"author":[{"embeddable":true,"href":"https:\/\/canal7slp.tv\/2022\/wp-json\/wp\/v2\/users\/2"}],"replies":[{"embeddable":true,"href":"https:\/\/canal7slp.tv\/2022\/wp-json\/wp\/v2\/comments?post=62557"}],"version-history":[{"count":1,"href":"https:\/\/canal7slp.tv\/2022\/wp-json\/wp\/v2\/posts\/62557\/revisions"}],"predecessor-version":[{"id":62559,"href":"https:\/\/canal7slp.tv\/2022\/wp-json\/wp\/v2\/posts\/62557\/revisions\/62559"}],"wp:featuredmedia":[{"embeddable":true,"href":"https:\/\/canal7slp.tv\/2022\/wp-json\/wp\/v2\/media\/62558"}],"wp:attachment":[{"href":"https:\/\/canal7slp.tv\/2022\/wp-json\/wp\/v2\/media?parent=62557"}],"wp:term":[{"taxonomy":"category","embeddable":true,"href":"https:\/\/canal7slp.tv\/2022\/wp-json\/wp\/v2\/categories?post=62557"},{"taxonomy":"post_tag","embeddable":true,"href":"https:\/\/canal7slp.tv\/2022\/wp-json\/wp\/v2\/tags?post=62557"}],"curies":[{"name":"wp","href":"https:\/\/api.w.org\/{rel}","templated":true}]}}