{"id":62550,"date":"2022-06-05T15:09:23","date_gmt":"2022-06-05T21:09:23","guid":{"rendered":"https:\/\/canal7slp.tv\/2022\/?p=62550"},"modified":"2022-06-05T15:09:23","modified_gmt":"2022-06-05T21:09:23","slug":"trasciende-que-trabajador-de-la-camara-de-diputados-se-encuentra-entre-los-detenidos-por-compra-de-votos-en-lerdo","status":"publish","type":"post","link":"https:\/\/canal7slp.tv\/2022\/trasciende-que-trabajador-de-la-camara-de-diputados-se-encuentra-entre-los-detenidos-por-compra-de-votos-en-lerdo\/","title":{"rendered":"Trasciende que trabajador de la C\u00e1mara de Diputados se encuentra entre los detenidos por compra de votos en Lerdo"},"content":{"rendered":"<p style=\"text-align: justify;\">Durango.-\u00a0Versiones extraoficiales apuntan a que entre los hombres detenidos en Lerdo, Durango por la supuesta compra de votos se encuentra un trabajador de la C\u00e1mara de Diputados.<\/p>\n<div style=\"width: 1200px;\" class=\"wp-video\"><video class=\"wp-video-shortcode\" id=\"video-62550-1\" width=\"1200\" height=\"675\" preload=\"metadata\" controls=\"controls\"><source type=\"video\/mp4\" src=\"https:\/\/canal7slp.tv\/2022\/wp-content\/uploads\/2022\/06\/dETENCION.mp4?_=1\" \/><a href=\"https:\/\/canal7slp.tv\/2022\/wp-content\/uploads\/2022\/06\/dETENCION.mp4\">https:\/\/canal7slp.tv\/2022\/wp-content\/uploads\/2022\/06\/dETENCION.mp4<\/a><\/video><\/div>\n<p style=\"text-align: justify;\">Se ha mencionado que las personas detenidas son residentes de la alcald\u00eda Iztacalco, Ciudad de M\u00e9xico.<\/p>\n<p style=\"text-align: justify;\">En ese sentido, la diputada federal del Partido Revolucionario Institucional (PRI) Cynthia L\u00f3pez Castro emiti\u00f3 un mensaje en Twitter contra los mapaches electorales.<\/p>\n","protected":false},"excerpt":{"rendered":"<p>Durango.-\u00a0Versiones extraoficiales apuntan a que entre los hombres detenidos en Lerdo, Durango por la supuesta compra de votos se encuentra un trabajador de la C\u00e1mara de Diputados. Se ha mencionado que las personas detenidas son residentes de la alcald\u00eda Iztacalco, Ciudad de M\u00e9xico. En ese sentido, la diputada federal del Partido Revolucionario Institucional (PRI) Cynthia L\u00f3pez Castro emiti\u00f3 un mensaje en Twitter contra los mapaches electorales.<\/p>\n","protected":false},"author":2,"featured_media":62552,"comment_status":"closed","ping_status":"closed","sticky":false,"template":"","format":"standard","meta":{"footnotes":""},"categories":[46],"tags":[],"class_list":["post-62550","post","type-post","status-publish","format-standard","has-post-thumbnail","hentry","category-nacional","post--single"],"yoast_head":"<!-- This site is optimized with the Yoast SEO plugin v27.5 - https:\/\/yoast.com\/product\/yoast-seo-wordpress\/ -->\n<title>Trasciende que trabajador de la C\u00e1mara de Diputados se encuentra entre los detenidos por compra de votos en Lerdo - Canal 7 SLP - 2022<\/title>\n<meta name=\"robots\" content=\"index, follow, max-snippet:-1, max-image-preview:large, max-video-preview:-1\" \/>\n<link rel=\"canonical\" href=\"https:\/\/canal7slp.tv\/2022\/trasciende-que-trabajador-de-la-camara-de-diputados-se-encuentra-entre-los-detenidos-por-compra-de-votos-en-lerdo\/\" \/>\n<meta property=\"og:locale\" content=\"es_ES\" \/>\n<meta property=\"og:type\" content=\"article\" \/>\n<meta property=\"og:title\" content=\"Trasciende que trabajador de la C\u00e1mara de Diputados se encuentra entre los detenidos por compra de votos en Lerdo - Canal 7 SLP - 2022\" \/>\n<meta property=\"og:description\" content=\"Durango.-\u00a0Versiones extraoficiales apuntan a que entre los hombres detenidos en Lerdo, Durango por la supuesta compra de votos se encuentra un trabajador de la C\u00e1mara de Diputados. Se ha mencionado que las personas detenidas son residentes de la alcald\u00eda Iztacalco, Ciudad de M\u00e9xico. En ese sentido, la diputada federal del Partido Revolucionario Institucional (PRI) Cynthia L\u00f3pez Castro emiti\u00f3 un mensaje en Twitter contra los mapaches electorales.\" \/>\n<meta property=\"og:url\" content=\"https:\/\/canal7slp.tv\/2022\/trasciende-que-trabajador-de-la-camara-de-diputados-se-encuentra-entre-los-detenidos-por-compra-de-votos-en-lerdo\/\" \/>\n<meta property=\"og:site_name\" content=\"Canal 7 SLP - 2022\" \/>\n<meta property=\"article:publisher\" content=\"https:\/\/www.facebook.com\/noticieroscanalsiete\" \/>\n<meta property=\"article:published_time\" content=\"2022-06-05T21:09:23+00:00\" \/>\n<meta property=\"og:image\" content=\"https:\/\/canal7slp.tv\/2022\/wp-content\/uploads\/2022\/06\/Detencion.jpg\" \/>\n\t<meta property=\"og:image:width\" content=\"888\" \/>\n\t<meta property=\"og:image:height\" content=\"500\" \/>\n\t<meta property=\"og:image:type\" content=\"image\/jpeg\" \/>\n<meta name=\"author\" content=\"Edici\u00f3n Web\" \/>\n<meta name=\"twitter:card\" content=\"summary_large_image\" \/>\n<meta name=\"twitter:creator\" content=\"@NOTICIEROS7\" \/>\n<meta name=\"twitter:site\" content=\"@NOTICIEROS7\" \/>\n<meta name=\"twitter:label1\" content=\"Escrito por\" \/>\n\t<meta name=\"twitter:data1\" content=\"Edici\u00f3n Web\" \/>\n\t<meta name=\"twitter:label2\" content=\"Tiempo de lectura\" \/>\n\t<meta name=\"twitter:data2\" content=\"1 minuto\" \/>\n<script type=\"application\/ld+json\" class=\"yoast-schema-graph\">{\"@context\":\"https:\\\/\\\/schema.org\",\"@graph\":[{\"@type\":\"Article\",\"@id\":\"https:\\\/\\\/canal7slp.tv\\\/2022\\\/trasciende-que-trabajador-de-la-camara-de-diputados-se-encuentra-entre-los-detenidos-por-compra-de-votos-en-lerdo\\\/#article\",\"isPartOf\":{\"@id\":\"https:\\\/\\\/canal7slp.tv\\\/2022\\\/trasciende-que-trabajador-de-la-camara-de-diputados-se-encuentra-entre-los-detenidos-por-compra-de-votos-en-lerdo\\\/\"},\"author\":{\"name\":\"Edici\u00f3n Web\",\"@id\":\"https:\\\/\\\/canal7slp.tv\\\/2022\\\/#\\\/schema\\\/person\\\/429704152a21f5f856ce29aa69a238da\"},\"headline\":\"Trasciende que trabajador de la C\u00e1mara de Diputados se encuentra entre los detenidos por compra de votos en Lerdo\",\"datePublished\":\"2022-06-05T21:09:23+00:00\",\"mainEntityOfPage\":{\"@id\":\"https:\\\/\\\/canal7slp.tv\\\/2022\\\/trasciende-que-trabajador-de-la-camara-de-diputados-se-encuentra-entre-los-detenidos-por-compra-de-votos-en-lerdo\\\/\"},\"wordCount\":105,\"publisher\":{\"@id\":\"https:\\\/\\\/canal7slp.tv\\\/2022\\\/#organization\"},\"image\":{\"@id\":\"https:\\\/\\\/canal7slp.tv\\\/2022\\\/trasciende-que-trabajador-de-la-camara-de-diputados-se-encuentra-entre-los-detenidos-por-compra-de-votos-en-lerdo\\\/#primaryimage\"},\"thumbnailUrl\":\"https:\\\/\\\/canal7slp.tv\\\/2022\\\/wp-content\\\/uploads\\\/2022\\\/06\\\/Detencion.jpg\",\"articleSection\":[\"NACIONALES\"],\"inLanguage\":\"es\"},{\"@type\":\"WebPage\",\"@id\":\"https:\\\/\\\/canal7slp.tv\\\/2022\\\/trasciende-que-trabajador-de-la-camara-de-diputados-se-encuentra-entre-los-detenidos-por-compra-de-votos-en-lerdo\\\/\",\"url\":\"https:\\\/\\\/canal7slp.tv\\\/2022\\\/trasciende-que-trabajador-de-la-camara-de-diputados-se-encuentra-entre-los-detenidos-por-compra-de-votos-en-lerdo\\\/\",\"name\":\"Trasciende que trabajador de la C\u00e1mara de Diputados se encuentra entre los detenidos por compra de votos en Lerdo - Canal 7 SLP - 2022\",\"isPartOf\":{\"@id\":\"https:\\\/\\\/canal7slp.tv\\\/2022\\\/#website\"},\"primaryImageOfPage\":{\"@id\":\"https:\\\/\\\/canal7slp.tv\\\/2022\\\/trasciende-que-trabajador-de-la-camara-de-diputados-se-encuentra-entre-los-detenidos-por-compra-de-votos-en-lerdo\\\/#primaryimage\"},\"image\":{\"@id\":\"https:\\\/\\\/canal7slp.tv\\\/2022\\\/trasciende-que-trabajador-de-la-camara-de-diputados-se-encuentra-entre-los-detenidos-por-compra-de-votos-en-lerdo\\\/#primaryimage\"},\"thumbnailUrl\":\"https:\\\/\\\/canal7slp.tv\\\/2022\\\/wp-content\\\/uploads\\\/2022\\\/06\\\/Detencion.jpg\",\"datePublished\":\"2022-06-05T21:09:23+00:00\",\"breadcrumb\":{\"@id\":\"https:\\\/\\\/canal7slp.tv\\\/2022\\\/trasciende-que-trabajador-de-la-camara-de-diputados-se-encuentra-entre-los-detenidos-por-compra-de-votos-en-lerdo\\\/#breadcrumb\"},\"inLanguage\":\"es\",\"potentialAction\":[{\"@type\":\"ReadAction\",\"target\":[\"https:\\\/\\\/canal7slp.tv\\\/2022\\\/trasciende-que-trabajador-de-la-camara-de-diputados-se-encuentra-entre-los-detenidos-por-compra-de-votos-en-lerdo\\\/\"]}]},{\"@type\":\"ImageObject\",\"inLanguage\":\"es\",\"@id\":\"https:\\\/\\\/canal7slp.tv\\\/2022\\\/trasciende-que-trabajador-de-la-camara-de-diputados-se-encuentra-entre-los-detenidos-por-compra-de-votos-en-lerdo\\\/#primaryimage\",\"url\":\"https:\\\/\\\/canal7slp.tv\\\/2022\\\/wp-content\\\/uploads\\\/2022\\\/06\\\/Detencion.jpg\",\"contentUrl\":\"https:\\\/\\\/canal7slp.tv\\\/2022\\\/wp-content\\\/uploads\\\/2022\\\/06\\\/Detencion.jpg\",\"width\":888,\"height\":500},{\"@type\":\"BreadcrumbList\",\"@id\":\"https:\\\/\\\/canal7slp.tv\\\/2022\\\/trasciende-que-trabajador-de-la-camara-de-diputados-se-encuentra-entre-los-detenidos-por-compra-de-votos-en-lerdo\\\/#breadcrumb\",\"itemListElement\":[{\"@type\":\"ListItem\",\"position\":1,\"name\":\"Portada\",\"item\":\"https:\\\/\\\/canal7slp.tv\\\/2022\\\/\"},{\"@type\":\"ListItem\",\"position\":2,\"name\":\"Trasciende que trabajador de la C\u00e1mara de Diputados se encuentra entre los detenidos por compra de votos en Lerdo\"}]},{\"@type\":\"WebSite\",\"@id\":\"https:\\\/\\\/canal7slp.tv\\\/2022\\\/#website\",\"url\":\"https:\\\/\\\/canal7slp.tv\\\/2022\\\/\",\"name\":\"N7 - Noticieros Canal 7\",\"description\":\"Somos Televisi\u00f3n\",\"publisher\":{\"@id\":\"https:\\\/\\\/canal7slp.tv\\\/2022\\\/#organization\"},\"potentialAction\":[{\"@type\":\"SearchAction\",\"target\":{\"@type\":\"EntryPoint\",\"urlTemplate\":\"https:\\\/\\\/canal7slp.tv\\\/2022\\\/?s={search_term_string}\"},\"query-input\":{\"@type\":\"PropertyValueSpecification\",\"valueRequired\":true,\"valueName\":\"search_term_string\"}}],\"inLanguage\":\"es\"},{\"@type\":\"Organization\",\"@id\":\"https:\\\/\\\/canal7slp.tv\\\/2022\\\/#organization\",\"name\":\"Noticieros Canal 7\",\"url\":\"https:\\\/\\\/canal7slp.tv\\\/2022\\\/\",\"logo\":{\"@type\":\"ImageObject\",\"inLanguage\":\"es\",\"@id\":\"https:\\\/\\\/canal7slp.tv\\\/2022\\\/#\\\/schema\\\/logo\\\/image\\\/\",\"url\":\"https:\\\/\\\/canal7slp.tv\\\/2022\\\/wp-content\\\/uploads\\\/2021\\\/01\\\/logo-noticieros@2x.png\",\"contentUrl\":\"https:\\\/\\\/canal7slp.tv\\\/2022\\\/wp-content\\\/uploads\\\/2021\\\/01\\\/logo-noticieros@2x.png\",\"width\":1017,\"height\":268,\"caption\":\"Noticieros Canal 7\"},\"image\":{\"@id\":\"https:\\\/\\\/canal7slp.tv\\\/2022\\\/#\\\/schema\\\/logo\\\/image\\\/\"},\"sameAs\":[\"https:\\\/\\\/www.facebook.com\\\/noticieroscanalsiete\",\"https:\\\/\\\/x.com\\\/NOTICIEROS7\",\"https:\\\/\\\/www.instagram.com\\\/canal7_slp\",\"https:\\\/\\\/www.youtube.com\\\/channel\\\/UCliiYs-gP3JfJeqdPrNdd5A\"]},{\"@type\":\"Person\",\"@id\":\"https:\\\/\\\/canal7slp.tv\\\/2022\\\/#\\\/schema\\\/person\\\/429704152a21f5f856ce29aa69a238da\",\"name\":\"Edici\u00f3n Web\",\"image\":{\"@type\":\"ImageObject\",\"inLanguage\":\"es\",\"@id\":\"https:\\\/\\\/secure.gravatar.com\\\/avatar\\\/eee448fc3f7164808013b816ba91ac7e43bbe82a70bebac296f8bc6f0addaa1a?s=96&d=mm&r=g\",\"url\":\"https:\\\/\\\/secure.gravatar.com\\\/avatar\\\/eee448fc3f7164808013b816ba91ac7e43bbe82a70bebac296f8bc6f0addaa1a?s=96&d=mm&r=g\",\"contentUrl\":\"https:\\\/\\\/secure.gravatar.com\\\/avatar\\\/eee448fc3f7164808013b816ba91ac7e43bbe82a70bebac296f8bc6f0addaa1a?s=96&d=mm&r=g\",\"caption\":\"Edici\u00f3n Web\"},\"url\":\"https:\\\/\\\/canal7slp.tv\\\/2022\\\/author\\\/edicionweb\\\/\"}]}<\/script>\n<!-- \/ Yoast SEO plugin. -->","yoast_head_json":{"title":"Trasciende que trabajador de la C\u00e1mara de Diputados se encuentra entre los detenidos por compra de votos en Lerdo - Canal 7 SLP - 2022","robots":{"index":"index","follow":"follow","max-snippet":"max-snippet:-1","max-image-preview":"max-image-preview:large","max-video-preview":"max-video-preview:-1"},"canonical":"https:\/\/canal7slp.tv\/2022\/trasciende-que-trabajador-de-la-camara-de-diputados-se-encuentra-entre-los-detenidos-por-compra-de-votos-en-lerdo\/","og_locale":"es_ES","og_type":"article","og_title":"Trasciende que trabajador de la C\u00e1mara de Diputados se encuentra entre los detenidos por compra de votos en Lerdo - Canal 7 SLP - 2022","og_description":"Durango.-\u00a0Versiones extraoficiales apuntan a que entre los hombres detenidos en Lerdo, Durango por la supuesta compra de votos se encuentra un trabajador de la C\u00e1mara de Diputados. Se ha mencionado que las personas detenidas son residentes de la alcald\u00eda Iztacalco, Ciudad de M\u00e9xico. En ese sentido, la diputada federal del Partido Revolucionario Institucional (PRI) Cynthia L\u00f3pez Castro emiti\u00f3 un mensaje en Twitter contra los mapaches electorales.","og_url":"https:\/\/canal7slp.tv\/2022\/trasciende-que-trabajador-de-la-camara-de-diputados-se-encuentra-entre-los-detenidos-por-compra-de-votos-en-lerdo\/","og_site_name":"Canal 7 SLP - 2022","article_publisher":"https:\/\/www.facebook.com\/noticieroscanalsiete","article_published_time":"2022-06-05T21:09:23+00:00","og_image":[{"width":888,"height":500,"url":"https:\/\/canal7slp.tv\/2022\/wp-content\/uploads\/2022\/06\/Detencion.jpg","type":"image\/jpeg"}],"author":"Edici\u00f3n Web","twitter_card":"summary_large_image","twitter_creator":"@NOTICIEROS7","twitter_site":"@NOTICIEROS7","twitter_misc":{"Escrito por":"Edici\u00f3n Web","Tiempo de lectura":"1 minuto"},"schema":{"@context":"https:\/\/schema.org","@graph":[{"@type":"Article","@id":"https:\/\/canal7slp.tv\/2022\/trasciende-que-trabajador-de-la-camara-de-diputados-se-encuentra-entre-los-detenidos-por-compra-de-votos-en-lerdo\/#article","isPartOf":{"@id":"https:\/\/canal7slp.tv\/2022\/trasciende-que-trabajador-de-la-camara-de-diputados-se-encuentra-entre-los-detenidos-por-compra-de-votos-en-lerdo\/"},"author":{"name":"Edici\u00f3n Web","@id":"https:\/\/canal7slp.tv\/2022\/#\/schema\/person\/429704152a21f5f856ce29aa69a238da"},"headline":"Trasciende que trabajador de la C\u00e1mara de Diputados se encuentra entre los detenidos por compra de votos en Lerdo","datePublished":"2022-06-05T21:09:23+00:00","mainEntityOfPage":{"@id":"https:\/\/canal7slp.tv\/2022\/trasciende-que-trabajador-de-la-camara-de-diputados-se-encuentra-entre-los-detenidos-por-compra-de-votos-en-lerdo\/"},"wordCount":105,"publisher":{"@id":"https:\/\/canal7slp.tv\/2022\/#organization"},"image":{"@id":"https:\/\/canal7slp.tv\/2022\/trasciende-que-trabajador-de-la-camara-de-diputados-se-encuentra-entre-los-detenidos-por-compra-de-votos-en-lerdo\/#primaryimage"},"thumbnailUrl":"https:\/\/canal7slp.tv\/2022\/wp-content\/uploads\/2022\/06\/Detencion.jpg","articleSection":["NACIONALES"],"inLanguage":"es"},{"@type":"WebPage","@id":"https:\/\/canal7slp.tv\/2022\/trasciende-que-trabajador-de-la-camara-de-diputados-se-encuentra-entre-los-detenidos-por-compra-de-votos-en-lerdo\/","url":"https:\/\/canal7slp.tv\/2022\/trasciende-que-trabajador-de-la-camara-de-diputados-se-encuentra-entre-los-detenidos-por-compra-de-votos-en-lerdo\/","name":"Trasciende que trabajador de la C\u00e1mara de Diputados se encuentra entre los detenidos por compra de votos en Lerdo - Canal 7 SLP - 2022","isPartOf":{"@id":"https:\/\/canal7slp.tv\/2022\/#website"},"primaryImageOfPage":{"@id":"https:\/\/canal7slp.tv\/2022\/trasciende-que-trabajador-de-la-camara-de-diputados-se-encuentra-entre-los-detenidos-por-compra-de-votos-en-lerdo\/#primaryimage"},"image":{"@id":"https:\/\/canal7slp.tv\/2022\/trasciende-que-trabajador-de-la-camara-de-diputados-se-encuentra-entre-los-detenidos-por-compra-de-votos-en-lerdo\/#primaryimage"},"thumbnailUrl":"https:\/\/canal7slp.tv\/2022\/wp-content\/uploads\/2022\/06\/Detencion.jpg","datePublished":"2022-06-05T21:09:23+00:00","breadcrumb":{"@id":"https:\/\/canal7slp.tv\/2022\/trasciende-que-trabajador-de-la-camara-de-diputados-se-encuentra-entre-los-detenidos-por-compra-de-votos-en-lerdo\/#breadcrumb"},"inLanguage":"es","potentialAction":[{"@type":"ReadAction","target":["https:\/\/canal7slp.tv\/2022\/trasciende-que-trabajador-de-la-camara-de-diputados-se-encuentra-entre-los-detenidos-por-compra-de-votos-en-lerdo\/"]}]},{"@type":"ImageObject","inLanguage":"es","@id":"https:\/\/canal7slp.tv\/2022\/trasciende-que-trabajador-de-la-camara-de-diputados-se-encuentra-entre-los-detenidos-por-compra-de-votos-en-lerdo\/#primaryimage","url":"https:\/\/canal7slp.tv\/2022\/wp-content\/uploads\/2022\/06\/Detencion.jpg","contentUrl":"https:\/\/canal7slp.tv\/2022\/wp-content\/uploads\/2022\/06\/Detencion.jpg","width":888,"height":500},{"@type":"BreadcrumbList","@id":"https:\/\/canal7slp.tv\/2022\/trasciende-que-trabajador-de-la-camara-de-diputados-se-encuentra-entre-los-detenidos-por-compra-de-votos-en-lerdo\/#breadcrumb","itemListElement":[{"@type":"ListItem","position":1,"name":"Portada","item":"https:\/\/canal7slp.tv\/2022\/"},{"@type":"ListItem","position":2,"name":"Trasciende que trabajador de la C\u00e1mara de Diputados se encuentra entre los detenidos por compra de votos en Lerdo"}]},{"@type":"WebSite","@id":"https:\/\/canal7slp.tv\/2022\/#website","url":"https:\/\/canal7slp.tv\/2022\/","name":"N7 - Noticieros Canal 7","description":"Somos Televisi\u00f3n","publisher":{"@id":"https:\/\/canal7slp.tv\/2022\/#organization"},"potentialAction":[{"@type":"SearchAction","target":{"@type":"EntryPoint","urlTemplate":"https:\/\/canal7slp.tv\/2022\/?s={search_term_string}"},"query-input":{"@type":"PropertyValueSpecification","valueRequired":true,"valueName":"search_term_string"}}],"inLanguage":"es"},{"@type":"Organization","@id":"https:\/\/canal7slp.tv\/2022\/#organization","name":"Noticieros Canal 7","url":"https:\/\/canal7slp.tv\/2022\/","logo":{"@type":"ImageObject","inLanguage":"es","@id":"https:\/\/canal7slp.tv\/2022\/#\/schema\/logo\/image\/","url":"https:\/\/canal7slp.tv\/2022\/wp-content\/uploads\/2021\/01\/logo-noticieros@2x.png","contentUrl":"https:\/\/canal7slp.tv\/2022\/wp-content\/uploads\/2021\/01\/logo-noticieros@2x.png","width":1017,"height":268,"caption":"Noticieros Canal 7"},"image":{"@id":"https:\/\/canal7slp.tv\/2022\/#\/schema\/logo\/image\/"},"sameAs":["https:\/\/www.facebook.com\/noticieroscanalsiete","https:\/\/x.com\/NOTICIEROS7","https:\/\/www.instagram.com\/canal7_slp","https:\/\/www.youtube.com\/channel\/UCliiYs-gP3JfJeqdPrNdd5A"]},{"@type":"Person","@id":"https:\/\/canal7slp.tv\/2022\/#\/schema\/person\/429704152a21f5f856ce29aa69a238da","name":"Edici\u00f3n Web","image":{"@type":"ImageObject","inLanguage":"es","@id":"https:\/\/secure.gravatar.com\/avatar\/eee448fc3f7164808013b816ba91ac7e43bbe82a70bebac296f8bc6f0addaa1a?s=96&d=mm&r=g","url":"https:\/\/secure.gravatar.com\/avatar\/eee448fc3f7164808013b816ba91ac7e43bbe82a70bebac296f8bc6f0addaa1a?s=96&d=mm&r=g","contentUrl":"https:\/\/secure.gravatar.com\/avatar\/eee448fc3f7164808013b816ba91ac7e43bbe82a70bebac296f8bc6f0addaa1a?s=96&d=mm&r=g","caption":"Edici\u00f3n Web"},"url":"https:\/\/canal7slp.tv\/2022\/author\/edicionweb\/"}]}},"amp_enabled":true,"_links":{"self":[{"href":"https:\/\/canal7slp.tv\/2022\/wp-json\/wp\/v2\/posts\/62550","targetHints":{"allow":["GET"]}}],"collection":[{"href":"https:\/\/canal7slp.tv\/2022\/wp-json\/wp\/v2\/posts"}],"about":[{"href":"https:\/\/canal7slp.tv\/2022\/wp-json\/wp\/v2\/types\/post"}],"author":[{"embeddable":true,"href":"https:\/\/canal7slp.tv\/2022\/wp-json\/wp\/v2\/users\/2"}],"replies":[{"embeddable":true,"href":"https:\/\/canal7slp.tv\/2022\/wp-json\/wp\/v2\/comments?post=62550"}],"version-history":[{"count":1,"href":"https:\/\/canal7slp.tv\/2022\/wp-json\/wp\/v2\/posts\/62550\/revisions"}],"predecessor-version":[{"id":62553,"href":"https:\/\/canal7slp.tv\/2022\/wp-json\/wp\/v2\/posts\/62550\/revisions\/62553"}],"wp:featuredmedia":[{"embeddable":true,"href":"https:\/\/canal7slp.tv\/2022\/wp-json\/wp\/v2\/media\/62552"}],"wp:attachment":[{"href":"https:\/\/canal7slp.tv\/2022\/wp-json\/wp\/v2\/media?parent=62550"}],"wp:term":[{"taxonomy":"category","embeddable":true,"href":"https:\/\/canal7slp.tv\/2022\/wp-json\/wp\/v2\/categories?post=62550"},{"taxonomy":"post_tag","embeddable":true,"href":"https:\/\/canal7slp.tv\/2022\/wp-json\/wp\/v2\/tags?post=62550"}],"curies":[{"name":"wp","href":"https:\/\/api.w.org\/{rel}","templated":true}]}}