{"id":62547,"date":"2022-06-05T14:15:28","date_gmt":"2022-06-05T20:15:28","guid":{"rendered":"https:\/\/canal7slp.tv\/2022\/?p=62547"},"modified":"2022-06-05T14:15:28","modified_gmt":"2022-06-05T20:15:28","slug":"acusa-alito-intervencion-del-gobierno-morenista-en-eleccion-de-hidalgo","status":"publish","type":"post","link":"https:\/\/canal7slp.tv\/2022\/acusa-alito-intervencion-del-gobierno-morenista-en-eleccion-de-hidalgo\/","title":{"rendered":"Acusa \u00abAlito\u00bb intervenci\u00f3n del gobierno morenista en elecci\u00f3n de Hidalgo"},"content":{"rendered":"<p style=\"text-align: justify;\">Hidalgo.-\u00a0El presidente del Comit\u00e9 Ejecutivo Nacional (CEN) Alejandro Moreno C\u00e1rdenas confirm\u00f3 su presencia en Hidalgo, entidad en la que asimismo el proceso electoral est\u00e1 en curso.<\/p>\n<p style=\"text-align: justify;\">Advirti\u00f3 que el gobierno de Movimiento Regeneraci\u00f3n Nacional (MORENA) ha metido las manos en la jornada.<\/p>\n<p style=\"text-align: justify;\">Hizo \u00e9nfasis en el env\u00edo de servidores p\u00fablicos de todo el pa\u00eds para robarse la elecci\u00f3n.<\/p>\n<p style=\"text-align: justify;\">En redes sociales emiti\u00f3 un mensaje de aliento a la candidata a la gubernatura, Carolina Viggiano Austria.<\/p>\n","protected":false},"excerpt":{"rendered":"<p>Hidalgo.-\u00a0El presidente del Comit\u00e9 Ejecutivo Nacional (CEN) Alejandro Moreno C\u00e1rdenas confirm\u00f3 su presencia en Hidalgo, entidad en la que asimismo el proceso electoral est\u00e1 en curso. Advirti\u00f3 que el gobierno de Movimiento Regeneraci\u00f3n Nacional (MORENA) ha metido las manos en la jornada. Hizo \u00e9nfasis en el env\u00edo de servidores p\u00fablicos de todo el pa\u00eds para robarse la elecci\u00f3n. En redes sociales emiti\u00f3 un mensaje de aliento a la candidata a la gubernatura, Carolina Viggiano Austria.<\/p>\n","protected":false},"author":2,"featured_media":62548,"comment_status":"closed","ping_status":"closed","sticky":false,"template":"","format":"standard","meta":{"footnotes":""},"categories":[46],"tags":[],"class_list":["post-62547","post","type-post","status-publish","format-standard","has-post-thumbnail","hentry","category-nacional","post--single"],"yoast_head":"<!-- This site is optimized with the Yoast SEO plugin v27.5 - https:\/\/yoast.com\/product\/yoast-seo-wordpress\/ -->\n<title>Acusa &quot;Alito&quot; intervenci\u00f3n del gobierno morenista en elecci\u00f3n de Hidalgo - Canal 7 SLP - 2022<\/title>\n<meta name=\"robots\" content=\"index, follow, max-snippet:-1, max-image-preview:large, max-video-preview:-1\" \/>\n<link rel=\"canonical\" href=\"https:\/\/canal7slp.tv\/2022\/acusa-alito-intervencion-del-gobierno-morenista-en-eleccion-de-hidalgo\/\" \/>\n<meta property=\"og:locale\" content=\"es_ES\" \/>\n<meta property=\"og:type\" content=\"article\" \/>\n<meta property=\"og:title\" content=\"Acusa &quot;Alito&quot; intervenci\u00f3n del gobierno morenista en elecci\u00f3n de Hidalgo - Canal 7 SLP - 2022\" \/>\n<meta property=\"og:description\" content=\"Hidalgo.-\u00a0El presidente del Comit\u00e9 Ejecutivo Nacional (CEN) Alejandro Moreno C\u00e1rdenas confirm\u00f3 su presencia en Hidalgo, entidad en la que asimismo el proceso electoral est\u00e1 en curso. Advirti\u00f3 que el gobierno de Movimiento Regeneraci\u00f3n Nacional (MORENA) ha metido las manos en la jornada. Hizo \u00e9nfasis en el env\u00edo de servidores p\u00fablicos de todo el pa\u00eds para robarse la elecci\u00f3n. En redes sociales emiti\u00f3 un mensaje de aliento a la candidata a la gubernatura, Carolina Viggiano Austria.\" \/>\n<meta property=\"og:url\" content=\"https:\/\/canal7slp.tv\/2022\/acusa-alito-intervencion-del-gobierno-morenista-en-eleccion-de-hidalgo\/\" \/>\n<meta property=\"og:site_name\" content=\"Canal 7 SLP - 2022\" \/>\n<meta property=\"article:publisher\" content=\"https:\/\/www.facebook.com\/noticieroscanalsiete\" \/>\n<meta property=\"article:published_time\" content=\"2022-06-05T20:15:28+00:00\" \/>\n<meta property=\"og:image\" content=\"https:\/\/canal7slp.tv\/2022\/wp-content\/uploads\/2022\/06\/hidalgob.png\" \/>\n\t<meta property=\"og:image:width\" content=\"1026\" \/>\n\t<meta property=\"og:image:height\" content=\"626\" \/>\n\t<meta property=\"og:image:type\" content=\"image\/png\" \/>\n<meta name=\"author\" content=\"Edici\u00f3n Web\" \/>\n<meta name=\"twitter:card\" content=\"summary_large_image\" \/>\n<meta name=\"twitter:creator\" content=\"@NOTICIEROS7\" \/>\n<meta name=\"twitter:site\" content=\"@NOTICIEROS7\" \/>\n<meta name=\"twitter:label1\" content=\"Escrito por\" \/>\n\t<meta name=\"twitter:data1\" content=\"Edici\u00f3n Web\" \/>\n\t<meta name=\"twitter:label2\" content=\"Tiempo de lectura\" \/>\n\t<meta name=\"twitter:data2\" content=\"1 minuto\" \/>\n<script type=\"application\/ld+json\" class=\"yoast-schema-graph\">{\"@context\":\"https:\\\/\\\/schema.org\",\"@graph\":[{\"@type\":\"Article\",\"@id\":\"https:\\\/\\\/canal7slp.tv\\\/2022\\\/acusa-alito-intervencion-del-gobierno-morenista-en-eleccion-de-hidalgo\\\/#article\",\"isPartOf\":{\"@id\":\"https:\\\/\\\/canal7slp.tv\\\/2022\\\/acusa-alito-intervencion-del-gobierno-morenista-en-eleccion-de-hidalgo\\\/\"},\"author\":{\"name\":\"Edici\u00f3n Web\",\"@id\":\"https:\\\/\\\/canal7slp.tv\\\/2022\\\/#\\\/schema\\\/person\\\/429704152a21f5f856ce29aa69a238da\"},\"headline\":\"Acusa \u00abAlito\u00bb intervenci\u00f3n del gobierno morenista en elecci\u00f3n de Hidalgo\",\"datePublished\":\"2022-06-05T20:15:28+00:00\",\"mainEntityOfPage\":{\"@id\":\"https:\\\/\\\/canal7slp.tv\\\/2022\\\/acusa-alito-intervencion-del-gobierno-morenista-en-eleccion-de-hidalgo\\\/\"},\"wordCount\":95,\"publisher\":{\"@id\":\"https:\\\/\\\/canal7slp.tv\\\/2022\\\/#organization\"},\"image\":{\"@id\":\"https:\\\/\\\/canal7slp.tv\\\/2022\\\/acusa-alito-intervencion-del-gobierno-morenista-en-eleccion-de-hidalgo\\\/#primaryimage\"},\"thumbnailUrl\":\"https:\\\/\\\/canal7slp.tv\\\/2022\\\/wp-content\\\/uploads\\\/2022\\\/06\\\/hidalgob.png\",\"articleSection\":[\"NACIONALES\"],\"inLanguage\":\"es\"},{\"@type\":\"WebPage\",\"@id\":\"https:\\\/\\\/canal7slp.tv\\\/2022\\\/acusa-alito-intervencion-del-gobierno-morenista-en-eleccion-de-hidalgo\\\/\",\"url\":\"https:\\\/\\\/canal7slp.tv\\\/2022\\\/acusa-alito-intervencion-del-gobierno-morenista-en-eleccion-de-hidalgo\\\/\",\"name\":\"Acusa \\\"Alito\\\" intervenci\u00f3n del gobierno morenista en elecci\u00f3n de Hidalgo - Canal 7 SLP - 2022\",\"isPartOf\":{\"@id\":\"https:\\\/\\\/canal7slp.tv\\\/2022\\\/#website\"},\"primaryImageOfPage\":{\"@id\":\"https:\\\/\\\/canal7slp.tv\\\/2022\\\/acusa-alito-intervencion-del-gobierno-morenista-en-eleccion-de-hidalgo\\\/#primaryimage\"},\"image\":{\"@id\":\"https:\\\/\\\/canal7slp.tv\\\/2022\\\/acusa-alito-intervencion-del-gobierno-morenista-en-eleccion-de-hidalgo\\\/#primaryimage\"},\"thumbnailUrl\":\"https:\\\/\\\/canal7slp.tv\\\/2022\\\/wp-content\\\/uploads\\\/2022\\\/06\\\/hidalgob.png\",\"datePublished\":\"2022-06-05T20:15:28+00:00\",\"breadcrumb\":{\"@id\":\"https:\\\/\\\/canal7slp.tv\\\/2022\\\/acusa-alito-intervencion-del-gobierno-morenista-en-eleccion-de-hidalgo\\\/#breadcrumb\"},\"inLanguage\":\"es\",\"potentialAction\":[{\"@type\":\"ReadAction\",\"target\":[\"https:\\\/\\\/canal7slp.tv\\\/2022\\\/acusa-alito-intervencion-del-gobierno-morenista-en-eleccion-de-hidalgo\\\/\"]}]},{\"@type\":\"ImageObject\",\"inLanguage\":\"es\",\"@id\":\"https:\\\/\\\/canal7slp.tv\\\/2022\\\/acusa-alito-intervencion-del-gobierno-morenista-en-eleccion-de-hidalgo\\\/#primaryimage\",\"url\":\"https:\\\/\\\/canal7slp.tv\\\/2022\\\/wp-content\\\/uploads\\\/2022\\\/06\\\/hidalgob.png\",\"contentUrl\":\"https:\\\/\\\/canal7slp.tv\\\/2022\\\/wp-content\\\/uploads\\\/2022\\\/06\\\/hidalgob.png\",\"width\":1026,\"height\":626},{\"@type\":\"BreadcrumbList\",\"@id\":\"https:\\\/\\\/canal7slp.tv\\\/2022\\\/acusa-alito-intervencion-del-gobierno-morenista-en-eleccion-de-hidalgo\\\/#breadcrumb\",\"itemListElement\":[{\"@type\":\"ListItem\",\"position\":1,\"name\":\"Portada\",\"item\":\"https:\\\/\\\/canal7slp.tv\\\/2022\\\/\"},{\"@type\":\"ListItem\",\"position\":2,\"name\":\"Acusa &#8220;Alito&#8221; intervenci\u00f3n del gobierno morenista en elecci\u00f3n de Hidalgo\"}]},{\"@type\":\"WebSite\",\"@id\":\"https:\\\/\\\/canal7slp.tv\\\/2022\\\/#website\",\"url\":\"https:\\\/\\\/canal7slp.tv\\\/2022\\\/\",\"name\":\"N7 - Noticieros Canal 7\",\"description\":\"Somos Televisi\u00f3n\",\"publisher\":{\"@id\":\"https:\\\/\\\/canal7slp.tv\\\/2022\\\/#organization\"},\"potentialAction\":[{\"@type\":\"SearchAction\",\"target\":{\"@type\":\"EntryPoint\",\"urlTemplate\":\"https:\\\/\\\/canal7slp.tv\\\/2022\\\/?s={search_term_string}\"},\"query-input\":{\"@type\":\"PropertyValueSpecification\",\"valueRequired\":true,\"valueName\":\"search_term_string\"}}],\"inLanguage\":\"es\"},{\"@type\":\"Organization\",\"@id\":\"https:\\\/\\\/canal7slp.tv\\\/2022\\\/#organization\",\"name\":\"Noticieros Canal 7\",\"url\":\"https:\\\/\\\/canal7slp.tv\\\/2022\\\/\",\"logo\":{\"@type\":\"ImageObject\",\"inLanguage\":\"es\",\"@id\":\"https:\\\/\\\/canal7slp.tv\\\/2022\\\/#\\\/schema\\\/logo\\\/image\\\/\",\"url\":\"https:\\\/\\\/canal7slp.tv\\\/2022\\\/wp-content\\\/uploads\\\/2021\\\/01\\\/logo-noticieros@2x.png\",\"contentUrl\":\"https:\\\/\\\/canal7slp.tv\\\/2022\\\/wp-content\\\/uploads\\\/2021\\\/01\\\/logo-noticieros@2x.png\",\"width\":1017,\"height\":268,\"caption\":\"Noticieros Canal 7\"},\"image\":{\"@id\":\"https:\\\/\\\/canal7slp.tv\\\/2022\\\/#\\\/schema\\\/logo\\\/image\\\/\"},\"sameAs\":[\"https:\\\/\\\/www.facebook.com\\\/noticieroscanalsiete\",\"https:\\\/\\\/x.com\\\/NOTICIEROS7\",\"https:\\\/\\\/www.instagram.com\\\/canal7_slp\",\"https:\\\/\\\/www.youtube.com\\\/channel\\\/UCliiYs-gP3JfJeqdPrNdd5A\"]},{\"@type\":\"Person\",\"@id\":\"https:\\\/\\\/canal7slp.tv\\\/2022\\\/#\\\/schema\\\/person\\\/429704152a21f5f856ce29aa69a238da\",\"name\":\"Edici\u00f3n Web\",\"image\":{\"@type\":\"ImageObject\",\"inLanguage\":\"es\",\"@id\":\"https:\\\/\\\/secure.gravatar.com\\\/avatar\\\/eee448fc3f7164808013b816ba91ac7e43bbe82a70bebac296f8bc6f0addaa1a?s=96&d=mm&r=g\",\"url\":\"https:\\\/\\\/secure.gravatar.com\\\/avatar\\\/eee448fc3f7164808013b816ba91ac7e43bbe82a70bebac296f8bc6f0addaa1a?s=96&d=mm&r=g\",\"contentUrl\":\"https:\\\/\\\/secure.gravatar.com\\\/avatar\\\/eee448fc3f7164808013b816ba91ac7e43bbe82a70bebac296f8bc6f0addaa1a?s=96&d=mm&r=g\",\"caption\":\"Edici\u00f3n Web\"},\"url\":\"https:\\\/\\\/canal7slp.tv\\\/2022\\\/author\\\/edicionweb\\\/\"}]}<\/script>\n<!-- \/ Yoast SEO plugin. -->","yoast_head_json":{"title":"Acusa \"Alito\" intervenci\u00f3n del gobierno morenista en elecci\u00f3n de Hidalgo - Canal 7 SLP - 2022","robots":{"index":"index","follow":"follow","max-snippet":"max-snippet:-1","max-image-preview":"max-image-preview:large","max-video-preview":"max-video-preview:-1"},"canonical":"https:\/\/canal7slp.tv\/2022\/acusa-alito-intervencion-del-gobierno-morenista-en-eleccion-de-hidalgo\/","og_locale":"es_ES","og_type":"article","og_title":"Acusa \"Alito\" intervenci\u00f3n del gobierno morenista en elecci\u00f3n de Hidalgo - Canal 7 SLP - 2022","og_description":"Hidalgo.-\u00a0El presidente del Comit\u00e9 Ejecutivo Nacional (CEN) Alejandro Moreno C\u00e1rdenas confirm\u00f3 su presencia en Hidalgo, entidad en la que asimismo el proceso electoral est\u00e1 en curso. Advirti\u00f3 que el gobierno de Movimiento Regeneraci\u00f3n Nacional (MORENA) ha metido las manos en la jornada. Hizo \u00e9nfasis en el env\u00edo de servidores p\u00fablicos de todo el pa\u00eds para robarse la elecci\u00f3n. En redes sociales emiti\u00f3 un mensaje de aliento a la candidata a la gubernatura, Carolina Viggiano Austria.","og_url":"https:\/\/canal7slp.tv\/2022\/acusa-alito-intervencion-del-gobierno-morenista-en-eleccion-de-hidalgo\/","og_site_name":"Canal 7 SLP - 2022","article_publisher":"https:\/\/www.facebook.com\/noticieroscanalsiete","article_published_time":"2022-06-05T20:15:28+00:00","og_image":[{"width":1026,"height":626,"url":"https:\/\/canal7slp.tv\/2022\/wp-content\/uploads\/2022\/06\/hidalgob.png","type":"image\/png"}],"author":"Edici\u00f3n Web","twitter_card":"summary_large_image","twitter_creator":"@NOTICIEROS7","twitter_site":"@NOTICIEROS7","twitter_misc":{"Escrito por":"Edici\u00f3n Web","Tiempo de lectura":"1 minuto"},"schema":{"@context":"https:\/\/schema.org","@graph":[{"@type":"Article","@id":"https:\/\/canal7slp.tv\/2022\/acusa-alito-intervencion-del-gobierno-morenista-en-eleccion-de-hidalgo\/#article","isPartOf":{"@id":"https:\/\/canal7slp.tv\/2022\/acusa-alito-intervencion-del-gobierno-morenista-en-eleccion-de-hidalgo\/"},"author":{"name":"Edici\u00f3n Web","@id":"https:\/\/canal7slp.tv\/2022\/#\/schema\/person\/429704152a21f5f856ce29aa69a238da"},"headline":"Acusa \u00abAlito\u00bb intervenci\u00f3n del gobierno morenista en elecci\u00f3n de Hidalgo","datePublished":"2022-06-05T20:15:28+00:00","mainEntityOfPage":{"@id":"https:\/\/canal7slp.tv\/2022\/acusa-alito-intervencion-del-gobierno-morenista-en-eleccion-de-hidalgo\/"},"wordCount":95,"publisher":{"@id":"https:\/\/canal7slp.tv\/2022\/#organization"},"image":{"@id":"https:\/\/canal7slp.tv\/2022\/acusa-alito-intervencion-del-gobierno-morenista-en-eleccion-de-hidalgo\/#primaryimage"},"thumbnailUrl":"https:\/\/canal7slp.tv\/2022\/wp-content\/uploads\/2022\/06\/hidalgob.png","articleSection":["NACIONALES"],"inLanguage":"es"},{"@type":"WebPage","@id":"https:\/\/canal7slp.tv\/2022\/acusa-alito-intervencion-del-gobierno-morenista-en-eleccion-de-hidalgo\/","url":"https:\/\/canal7slp.tv\/2022\/acusa-alito-intervencion-del-gobierno-morenista-en-eleccion-de-hidalgo\/","name":"Acusa \"Alito\" intervenci\u00f3n del gobierno morenista en elecci\u00f3n de Hidalgo - Canal 7 SLP - 2022","isPartOf":{"@id":"https:\/\/canal7slp.tv\/2022\/#website"},"primaryImageOfPage":{"@id":"https:\/\/canal7slp.tv\/2022\/acusa-alito-intervencion-del-gobierno-morenista-en-eleccion-de-hidalgo\/#primaryimage"},"image":{"@id":"https:\/\/canal7slp.tv\/2022\/acusa-alito-intervencion-del-gobierno-morenista-en-eleccion-de-hidalgo\/#primaryimage"},"thumbnailUrl":"https:\/\/canal7slp.tv\/2022\/wp-content\/uploads\/2022\/06\/hidalgob.png","datePublished":"2022-06-05T20:15:28+00:00","breadcrumb":{"@id":"https:\/\/canal7slp.tv\/2022\/acusa-alito-intervencion-del-gobierno-morenista-en-eleccion-de-hidalgo\/#breadcrumb"},"inLanguage":"es","potentialAction":[{"@type":"ReadAction","target":["https:\/\/canal7slp.tv\/2022\/acusa-alito-intervencion-del-gobierno-morenista-en-eleccion-de-hidalgo\/"]}]},{"@type":"ImageObject","inLanguage":"es","@id":"https:\/\/canal7slp.tv\/2022\/acusa-alito-intervencion-del-gobierno-morenista-en-eleccion-de-hidalgo\/#primaryimage","url":"https:\/\/canal7slp.tv\/2022\/wp-content\/uploads\/2022\/06\/hidalgob.png","contentUrl":"https:\/\/canal7slp.tv\/2022\/wp-content\/uploads\/2022\/06\/hidalgob.png","width":1026,"height":626},{"@type":"BreadcrumbList","@id":"https:\/\/canal7slp.tv\/2022\/acusa-alito-intervencion-del-gobierno-morenista-en-eleccion-de-hidalgo\/#breadcrumb","itemListElement":[{"@type":"ListItem","position":1,"name":"Portada","item":"https:\/\/canal7slp.tv\/2022\/"},{"@type":"ListItem","position":2,"name":"Acusa &#8220;Alito&#8221; intervenci\u00f3n del gobierno morenista en elecci\u00f3n de Hidalgo"}]},{"@type":"WebSite","@id":"https:\/\/canal7slp.tv\/2022\/#website","url":"https:\/\/canal7slp.tv\/2022\/","name":"N7 - Noticieros Canal 7","description":"Somos Televisi\u00f3n","publisher":{"@id":"https:\/\/canal7slp.tv\/2022\/#organization"},"potentialAction":[{"@type":"SearchAction","target":{"@type":"EntryPoint","urlTemplate":"https:\/\/canal7slp.tv\/2022\/?s={search_term_string}"},"query-input":{"@type":"PropertyValueSpecification","valueRequired":true,"valueName":"search_term_string"}}],"inLanguage":"es"},{"@type":"Organization","@id":"https:\/\/canal7slp.tv\/2022\/#organization","name":"Noticieros Canal 7","url":"https:\/\/canal7slp.tv\/2022\/","logo":{"@type":"ImageObject","inLanguage":"es","@id":"https:\/\/canal7slp.tv\/2022\/#\/schema\/logo\/image\/","url":"https:\/\/canal7slp.tv\/2022\/wp-content\/uploads\/2021\/01\/logo-noticieros@2x.png","contentUrl":"https:\/\/canal7slp.tv\/2022\/wp-content\/uploads\/2021\/01\/logo-noticieros@2x.png","width":1017,"height":268,"caption":"Noticieros Canal 7"},"image":{"@id":"https:\/\/canal7slp.tv\/2022\/#\/schema\/logo\/image\/"},"sameAs":["https:\/\/www.facebook.com\/noticieroscanalsiete","https:\/\/x.com\/NOTICIEROS7","https:\/\/www.instagram.com\/canal7_slp","https:\/\/www.youtube.com\/channel\/UCliiYs-gP3JfJeqdPrNdd5A"]},{"@type":"Person","@id":"https:\/\/canal7slp.tv\/2022\/#\/schema\/person\/429704152a21f5f856ce29aa69a238da","name":"Edici\u00f3n Web","image":{"@type":"ImageObject","inLanguage":"es","@id":"https:\/\/secure.gravatar.com\/avatar\/eee448fc3f7164808013b816ba91ac7e43bbe82a70bebac296f8bc6f0addaa1a?s=96&d=mm&r=g","url":"https:\/\/secure.gravatar.com\/avatar\/eee448fc3f7164808013b816ba91ac7e43bbe82a70bebac296f8bc6f0addaa1a?s=96&d=mm&r=g","contentUrl":"https:\/\/secure.gravatar.com\/avatar\/eee448fc3f7164808013b816ba91ac7e43bbe82a70bebac296f8bc6f0addaa1a?s=96&d=mm&r=g","caption":"Edici\u00f3n Web"},"url":"https:\/\/canal7slp.tv\/2022\/author\/edicionweb\/"}]}},"amp_enabled":true,"_links":{"self":[{"href":"https:\/\/canal7slp.tv\/2022\/wp-json\/wp\/v2\/posts\/62547","targetHints":{"allow":["GET"]}}],"collection":[{"href":"https:\/\/canal7slp.tv\/2022\/wp-json\/wp\/v2\/posts"}],"about":[{"href":"https:\/\/canal7slp.tv\/2022\/wp-json\/wp\/v2\/types\/post"}],"author":[{"embeddable":true,"href":"https:\/\/canal7slp.tv\/2022\/wp-json\/wp\/v2\/users\/2"}],"replies":[{"embeddable":true,"href":"https:\/\/canal7slp.tv\/2022\/wp-json\/wp\/v2\/comments?post=62547"}],"version-history":[{"count":1,"href":"https:\/\/canal7slp.tv\/2022\/wp-json\/wp\/v2\/posts\/62547\/revisions"}],"predecessor-version":[{"id":62549,"href":"https:\/\/canal7slp.tv\/2022\/wp-json\/wp\/v2\/posts\/62547\/revisions\/62549"}],"wp:featuredmedia":[{"embeddable":true,"href":"https:\/\/canal7slp.tv\/2022\/wp-json\/wp\/v2\/media\/62548"}],"wp:attachment":[{"href":"https:\/\/canal7slp.tv\/2022\/wp-json\/wp\/v2\/media?parent=62547"}],"wp:term":[{"taxonomy":"category","embeddable":true,"href":"https:\/\/canal7slp.tv\/2022\/wp-json\/wp\/v2\/categories?post=62547"},{"taxonomy":"post_tag","embeddable":true,"href":"https:\/\/canal7slp.tv\/2022\/wp-json\/wp\/v2\/tags?post=62547"}],"curies":[{"name":"wp","href":"https:\/\/api.w.org\/{rel}","templated":true}]}}