{"id":62467,"date":"2022-06-04T17:27:41","date_gmt":"2022-06-04T23:27:41","guid":{"rendered":"https:\/\/canal7slp.tv\/2022\/?p=62467"},"modified":"2022-06-05T13:07:44","modified_gmt":"2022-06-05T19:07:44","slug":"matan-a-balazos-a-persona-a-bordo-de-una-camioneta-en-el-estacionamiento-de-plaza-citadina","status":"publish","type":"post","link":"https:\/\/canal7slp.tv\/2022\/matan-a-balazos-a-persona-a-bordo-de-una-camioneta-en-el-estacionamiento-de-plaza-citadina\/","title":{"rendered":"Matan a balazos a persona a bordo de una camioneta en el estacionamiento de Plaza Citadina"},"content":{"rendered":"<p style=\"text-align: justify;\">SGS.- La tarde de este s\u00e1bado cuatro de junio en Soledad de Graciano S\u00e1nchez, en el estacionamiento p\u00fablico de una plaza comercial se registr\u00f3 una agresi\u00f3n directa con armas de fuego contra una camioneta marca Chevrolet color rojo y su tripulante, quien perdiera la vida en el lugar.<\/p>\n<p style=\"text-align: justify;\">De manera preliminar se descartan otras personas lesionadas por este hecho.<\/p>\n<p style=\"text-align: justify;\">Elementos de la Guardia Civil Estatal, as\u00ed como polic\u00eda municipal de Soledad de Graciano S\u00e1nchez y de la Fiscal\u00eda General del Estado se presentaron para resguardar el sitio e implementar un operativo de b\u00fasqueda para dar con la ubicaci\u00f3n o paradero de los presuntos responsables.<\/p>\n","protected":false},"excerpt":{"rendered":"<p>SGS.- La tarde de este s\u00e1bado cuatro de junio en Soledad de Graciano S\u00e1nchez, en el estacionamiento p\u00fablico de una plaza comercial se registr\u00f3 una agresi\u00f3n directa con armas de fuego contra una camioneta marca Chevrolet color rojo y su tripulante, quien perdiera la vida en el lugar. De manera preliminar se descartan otras personas lesionadas por este hecho. Elementos de la Guardia Civil Estatal, as\u00ed como polic\u00eda municipal de Soledad de Graciano S\u00e1nchez y de la Fiscal\u00eda General del Estado se presentaron para resguardar el sitio e implementar un operativo de b\u00fasqueda para dar con la ubicaci\u00f3n o paradero [&hellip;]<\/p>\n","protected":false},"author":2,"featured_media":62469,"comment_status":"closed","ping_status":"closed","sticky":false,"template":"","format":"standard","meta":{"footnotes":""},"categories":[48],"tags":[],"class_list":["post-62467","post","type-post","status-publish","format-standard","has-post-thumbnail","hentry","category-reporte7","post--single"],"yoast_head":"<!-- This site is optimized with the Yoast SEO plugin v27.5 - https:\/\/yoast.com\/product\/yoast-seo-wordpress\/ -->\n<title>Matan a balazos a persona a bordo de una camioneta en el estacionamiento de Plaza Citadina - Canal 7 SLP - 2022<\/title>\n<meta name=\"robots\" content=\"index, follow, max-snippet:-1, max-image-preview:large, max-video-preview:-1\" \/>\n<link rel=\"canonical\" href=\"https:\/\/canal7slp.tv\/2022\/matan-a-balazos-a-persona-a-bordo-de-una-camioneta-en-el-estacionamiento-de-plaza-citadina\/\" \/>\n<meta property=\"og:locale\" content=\"es_ES\" \/>\n<meta property=\"og:type\" content=\"article\" \/>\n<meta property=\"og:title\" content=\"Matan a balazos a persona a bordo de una camioneta en el estacionamiento de Plaza Citadina - Canal 7 SLP - 2022\" \/>\n<meta property=\"og:description\" content=\"SGS.- La tarde de este s\u00e1bado cuatro de junio en Soledad de Graciano S\u00e1nchez, en el estacionamiento p\u00fablico de una plaza comercial se registr\u00f3 una agresi\u00f3n directa con armas de fuego contra una camioneta marca Chevrolet color rojo y su tripulante, quien perdiera la vida en el lugar. De manera preliminar se descartan otras personas lesionadas por este hecho. Elementos de la Guardia Civil Estatal, as\u00ed como polic\u00eda municipal de Soledad de Graciano S\u00e1nchez y de la Fiscal\u00eda General del Estado se presentaron para resguardar el sitio e implementar un operativo de b\u00fasqueda para dar con la ubicaci\u00f3n o paradero [&hellip;]\" \/>\n<meta property=\"og:url\" content=\"https:\/\/canal7slp.tv\/2022\/matan-a-balazos-a-persona-a-bordo-de-una-camioneta-en-el-estacionamiento-de-plaza-citadina\/\" \/>\n<meta property=\"og:site_name\" content=\"Canal 7 SLP - 2022\" \/>\n<meta property=\"article:publisher\" content=\"https:\/\/www.facebook.com\/noticieroscanalsiete\" \/>\n<meta property=\"article:published_time\" content=\"2022-06-04T23:27:41+00:00\" \/>\n<meta property=\"article:modified_time\" content=\"2022-06-05T19:07:44+00:00\" \/>\n<meta property=\"og:image\" content=\"https:\/\/canal7slp.tv\/2022\/wp-content\/uploads\/2022\/06\/zz3c.jpg\" \/>\n\t<meta property=\"og:image:width\" content=\"1020\" \/>\n\t<meta property=\"og:image:height\" content=\"590\" \/>\n\t<meta property=\"og:image:type\" content=\"image\/jpeg\" \/>\n<meta name=\"author\" content=\"Edici\u00f3n Web\" \/>\n<meta name=\"twitter:card\" content=\"summary_large_image\" \/>\n<meta name=\"twitter:creator\" content=\"@NOTICIEROS7\" \/>\n<meta name=\"twitter:site\" content=\"@NOTICIEROS7\" \/>\n<meta name=\"twitter:label1\" content=\"Escrito por\" \/>\n\t<meta name=\"twitter:data1\" content=\"Edici\u00f3n Web\" \/>\n\t<meta name=\"twitter:label2\" content=\"Tiempo de lectura\" \/>\n\t<meta name=\"twitter:data2\" content=\"1 minuto\" \/>\n<script type=\"application\/ld+json\" class=\"yoast-schema-graph\">{\"@context\":\"https:\\\/\\\/schema.org\",\"@graph\":[{\"@type\":\"Article\",\"@id\":\"https:\\\/\\\/canal7slp.tv\\\/2022\\\/matan-a-balazos-a-persona-a-bordo-de-una-camioneta-en-el-estacionamiento-de-plaza-citadina\\\/#article\",\"isPartOf\":{\"@id\":\"https:\\\/\\\/canal7slp.tv\\\/2022\\\/matan-a-balazos-a-persona-a-bordo-de-una-camioneta-en-el-estacionamiento-de-plaza-citadina\\\/\"},\"author\":{\"name\":\"Edici\u00f3n Web\",\"@id\":\"https:\\\/\\\/canal7slp.tv\\\/2022\\\/#\\\/schema\\\/person\\\/429704152a21f5f856ce29aa69a238da\"},\"headline\":\"Matan a balazos a persona a bordo de una camioneta en el estacionamiento de Plaza Citadina\",\"datePublished\":\"2022-06-04T23:27:41+00:00\",\"dateModified\":\"2022-06-05T19:07:44+00:00\",\"mainEntityOfPage\":{\"@id\":\"https:\\\/\\\/canal7slp.tv\\\/2022\\\/matan-a-balazos-a-persona-a-bordo-de-una-camioneta-en-el-estacionamiento-de-plaza-citadina\\\/\"},\"wordCount\":130,\"publisher\":{\"@id\":\"https:\\\/\\\/canal7slp.tv\\\/2022\\\/#organization\"},\"image\":{\"@id\":\"https:\\\/\\\/canal7slp.tv\\\/2022\\\/matan-a-balazos-a-persona-a-bordo-de-una-camioneta-en-el-estacionamiento-de-plaza-citadina\\\/#primaryimage\"},\"thumbnailUrl\":\"https:\\\/\\\/canal7slp.tv\\\/2022\\\/wp-content\\\/uploads\\\/2022\\\/06\\\/zz3c.jpg\",\"articleSection\":[\"REPORTE 7\"],\"inLanguage\":\"es\"},{\"@type\":\"WebPage\",\"@id\":\"https:\\\/\\\/canal7slp.tv\\\/2022\\\/matan-a-balazos-a-persona-a-bordo-de-una-camioneta-en-el-estacionamiento-de-plaza-citadina\\\/\",\"url\":\"https:\\\/\\\/canal7slp.tv\\\/2022\\\/matan-a-balazos-a-persona-a-bordo-de-una-camioneta-en-el-estacionamiento-de-plaza-citadina\\\/\",\"name\":\"Matan a balazos a persona a bordo de una camioneta en el estacionamiento de Plaza Citadina - Canal 7 SLP - 2022\",\"isPartOf\":{\"@id\":\"https:\\\/\\\/canal7slp.tv\\\/2022\\\/#website\"},\"primaryImageOfPage\":{\"@id\":\"https:\\\/\\\/canal7slp.tv\\\/2022\\\/matan-a-balazos-a-persona-a-bordo-de-una-camioneta-en-el-estacionamiento-de-plaza-citadina\\\/#primaryimage\"},\"image\":{\"@id\":\"https:\\\/\\\/canal7slp.tv\\\/2022\\\/matan-a-balazos-a-persona-a-bordo-de-una-camioneta-en-el-estacionamiento-de-plaza-citadina\\\/#primaryimage\"},\"thumbnailUrl\":\"https:\\\/\\\/canal7slp.tv\\\/2022\\\/wp-content\\\/uploads\\\/2022\\\/06\\\/zz3c.jpg\",\"datePublished\":\"2022-06-04T23:27:41+00:00\",\"dateModified\":\"2022-06-05T19:07:44+00:00\",\"breadcrumb\":{\"@id\":\"https:\\\/\\\/canal7slp.tv\\\/2022\\\/matan-a-balazos-a-persona-a-bordo-de-una-camioneta-en-el-estacionamiento-de-plaza-citadina\\\/#breadcrumb\"},\"inLanguage\":\"es\",\"potentialAction\":[{\"@type\":\"ReadAction\",\"target\":[\"https:\\\/\\\/canal7slp.tv\\\/2022\\\/matan-a-balazos-a-persona-a-bordo-de-una-camioneta-en-el-estacionamiento-de-plaza-citadina\\\/\"]}]},{\"@type\":\"ImageObject\",\"inLanguage\":\"es\",\"@id\":\"https:\\\/\\\/canal7slp.tv\\\/2022\\\/matan-a-balazos-a-persona-a-bordo-de-una-camioneta-en-el-estacionamiento-de-plaza-citadina\\\/#primaryimage\",\"url\":\"https:\\\/\\\/canal7slp.tv\\\/2022\\\/wp-content\\\/uploads\\\/2022\\\/06\\\/zz3c.jpg\",\"contentUrl\":\"https:\\\/\\\/canal7slp.tv\\\/2022\\\/wp-content\\\/uploads\\\/2022\\\/06\\\/zz3c.jpg\",\"width\":1020,\"height\":590},{\"@type\":\"BreadcrumbList\",\"@id\":\"https:\\\/\\\/canal7slp.tv\\\/2022\\\/matan-a-balazos-a-persona-a-bordo-de-una-camioneta-en-el-estacionamiento-de-plaza-citadina\\\/#breadcrumb\",\"itemListElement\":[{\"@type\":\"ListItem\",\"position\":1,\"name\":\"Portada\",\"item\":\"https:\\\/\\\/canal7slp.tv\\\/2022\\\/\"},{\"@type\":\"ListItem\",\"position\":2,\"name\":\"Matan a balazos a persona a bordo de una camioneta en el estacionamiento de Plaza Citadina\"}]},{\"@type\":\"WebSite\",\"@id\":\"https:\\\/\\\/canal7slp.tv\\\/2022\\\/#website\",\"url\":\"https:\\\/\\\/canal7slp.tv\\\/2022\\\/\",\"name\":\"N7 - Noticieros Canal 7\",\"description\":\"Somos Televisi\u00f3n\",\"publisher\":{\"@id\":\"https:\\\/\\\/canal7slp.tv\\\/2022\\\/#organization\"},\"potentialAction\":[{\"@type\":\"SearchAction\",\"target\":{\"@type\":\"EntryPoint\",\"urlTemplate\":\"https:\\\/\\\/canal7slp.tv\\\/2022\\\/?s={search_term_string}\"},\"query-input\":{\"@type\":\"PropertyValueSpecification\",\"valueRequired\":true,\"valueName\":\"search_term_string\"}}],\"inLanguage\":\"es\"},{\"@type\":\"Organization\",\"@id\":\"https:\\\/\\\/canal7slp.tv\\\/2022\\\/#organization\",\"name\":\"Noticieros Canal 7\",\"url\":\"https:\\\/\\\/canal7slp.tv\\\/2022\\\/\",\"logo\":{\"@type\":\"ImageObject\",\"inLanguage\":\"es\",\"@id\":\"https:\\\/\\\/canal7slp.tv\\\/2022\\\/#\\\/schema\\\/logo\\\/image\\\/\",\"url\":\"https:\\\/\\\/canal7slp.tv\\\/2022\\\/wp-content\\\/uploads\\\/2021\\\/01\\\/logo-noticieros@2x.png\",\"contentUrl\":\"https:\\\/\\\/canal7slp.tv\\\/2022\\\/wp-content\\\/uploads\\\/2021\\\/01\\\/logo-noticieros@2x.png\",\"width\":1017,\"height\":268,\"caption\":\"Noticieros Canal 7\"},\"image\":{\"@id\":\"https:\\\/\\\/canal7slp.tv\\\/2022\\\/#\\\/schema\\\/logo\\\/image\\\/\"},\"sameAs\":[\"https:\\\/\\\/www.facebook.com\\\/noticieroscanalsiete\",\"https:\\\/\\\/x.com\\\/NOTICIEROS7\",\"https:\\\/\\\/www.instagram.com\\\/canal7_slp\",\"https:\\\/\\\/www.youtube.com\\\/channel\\\/UCliiYs-gP3JfJeqdPrNdd5A\"]},{\"@type\":\"Person\",\"@id\":\"https:\\\/\\\/canal7slp.tv\\\/2022\\\/#\\\/schema\\\/person\\\/429704152a21f5f856ce29aa69a238da\",\"name\":\"Edici\u00f3n Web\",\"image\":{\"@type\":\"ImageObject\",\"inLanguage\":\"es\",\"@id\":\"https:\\\/\\\/secure.gravatar.com\\\/avatar\\\/eee448fc3f7164808013b816ba91ac7e43bbe82a70bebac296f8bc6f0addaa1a?s=96&d=mm&r=g\",\"url\":\"https:\\\/\\\/secure.gravatar.com\\\/avatar\\\/eee448fc3f7164808013b816ba91ac7e43bbe82a70bebac296f8bc6f0addaa1a?s=96&d=mm&r=g\",\"contentUrl\":\"https:\\\/\\\/secure.gravatar.com\\\/avatar\\\/eee448fc3f7164808013b816ba91ac7e43bbe82a70bebac296f8bc6f0addaa1a?s=96&d=mm&r=g\",\"caption\":\"Edici\u00f3n Web\"},\"url\":\"https:\\\/\\\/canal7slp.tv\\\/2022\\\/author\\\/edicionweb\\\/\"}]}<\/script>\n<!-- \/ Yoast SEO plugin. -->","yoast_head_json":{"title":"Matan a balazos a persona a bordo de una camioneta en el estacionamiento de Plaza Citadina - Canal 7 SLP - 2022","robots":{"index":"index","follow":"follow","max-snippet":"max-snippet:-1","max-image-preview":"max-image-preview:large","max-video-preview":"max-video-preview:-1"},"canonical":"https:\/\/canal7slp.tv\/2022\/matan-a-balazos-a-persona-a-bordo-de-una-camioneta-en-el-estacionamiento-de-plaza-citadina\/","og_locale":"es_ES","og_type":"article","og_title":"Matan a balazos a persona a bordo de una camioneta en el estacionamiento de Plaza Citadina - Canal 7 SLP - 2022","og_description":"SGS.- La tarde de este s\u00e1bado cuatro de junio en Soledad de Graciano S\u00e1nchez, en el estacionamiento p\u00fablico de una plaza comercial se registr\u00f3 una agresi\u00f3n directa con armas de fuego contra una camioneta marca Chevrolet color rojo y su tripulante, quien perdiera la vida en el lugar. De manera preliminar se descartan otras personas lesionadas por este hecho. Elementos de la Guardia Civil Estatal, as\u00ed como polic\u00eda municipal de Soledad de Graciano S\u00e1nchez y de la Fiscal\u00eda General del Estado se presentaron para resguardar el sitio e implementar un operativo de b\u00fasqueda para dar con la ubicaci\u00f3n o paradero [&hellip;]","og_url":"https:\/\/canal7slp.tv\/2022\/matan-a-balazos-a-persona-a-bordo-de-una-camioneta-en-el-estacionamiento-de-plaza-citadina\/","og_site_name":"Canal 7 SLP - 2022","article_publisher":"https:\/\/www.facebook.com\/noticieroscanalsiete","article_published_time":"2022-06-04T23:27:41+00:00","article_modified_time":"2022-06-05T19:07:44+00:00","og_image":[{"width":1020,"height":590,"url":"https:\/\/canal7slp.tv\/2022\/wp-content\/uploads\/2022\/06\/zz3c.jpg","type":"image\/jpeg"}],"author":"Edici\u00f3n Web","twitter_card":"summary_large_image","twitter_creator":"@NOTICIEROS7","twitter_site":"@NOTICIEROS7","twitter_misc":{"Escrito por":"Edici\u00f3n Web","Tiempo de lectura":"1 minuto"},"schema":{"@context":"https:\/\/schema.org","@graph":[{"@type":"Article","@id":"https:\/\/canal7slp.tv\/2022\/matan-a-balazos-a-persona-a-bordo-de-una-camioneta-en-el-estacionamiento-de-plaza-citadina\/#article","isPartOf":{"@id":"https:\/\/canal7slp.tv\/2022\/matan-a-balazos-a-persona-a-bordo-de-una-camioneta-en-el-estacionamiento-de-plaza-citadina\/"},"author":{"name":"Edici\u00f3n Web","@id":"https:\/\/canal7slp.tv\/2022\/#\/schema\/person\/429704152a21f5f856ce29aa69a238da"},"headline":"Matan a balazos a persona a bordo de una camioneta en el estacionamiento de Plaza Citadina","datePublished":"2022-06-04T23:27:41+00:00","dateModified":"2022-06-05T19:07:44+00:00","mainEntityOfPage":{"@id":"https:\/\/canal7slp.tv\/2022\/matan-a-balazos-a-persona-a-bordo-de-una-camioneta-en-el-estacionamiento-de-plaza-citadina\/"},"wordCount":130,"publisher":{"@id":"https:\/\/canal7slp.tv\/2022\/#organization"},"image":{"@id":"https:\/\/canal7slp.tv\/2022\/matan-a-balazos-a-persona-a-bordo-de-una-camioneta-en-el-estacionamiento-de-plaza-citadina\/#primaryimage"},"thumbnailUrl":"https:\/\/canal7slp.tv\/2022\/wp-content\/uploads\/2022\/06\/zz3c.jpg","articleSection":["REPORTE 7"],"inLanguage":"es"},{"@type":"WebPage","@id":"https:\/\/canal7slp.tv\/2022\/matan-a-balazos-a-persona-a-bordo-de-una-camioneta-en-el-estacionamiento-de-plaza-citadina\/","url":"https:\/\/canal7slp.tv\/2022\/matan-a-balazos-a-persona-a-bordo-de-una-camioneta-en-el-estacionamiento-de-plaza-citadina\/","name":"Matan a balazos a persona a bordo de una camioneta en el estacionamiento de Plaza Citadina - Canal 7 SLP - 2022","isPartOf":{"@id":"https:\/\/canal7slp.tv\/2022\/#website"},"primaryImageOfPage":{"@id":"https:\/\/canal7slp.tv\/2022\/matan-a-balazos-a-persona-a-bordo-de-una-camioneta-en-el-estacionamiento-de-plaza-citadina\/#primaryimage"},"image":{"@id":"https:\/\/canal7slp.tv\/2022\/matan-a-balazos-a-persona-a-bordo-de-una-camioneta-en-el-estacionamiento-de-plaza-citadina\/#primaryimage"},"thumbnailUrl":"https:\/\/canal7slp.tv\/2022\/wp-content\/uploads\/2022\/06\/zz3c.jpg","datePublished":"2022-06-04T23:27:41+00:00","dateModified":"2022-06-05T19:07:44+00:00","breadcrumb":{"@id":"https:\/\/canal7slp.tv\/2022\/matan-a-balazos-a-persona-a-bordo-de-una-camioneta-en-el-estacionamiento-de-plaza-citadina\/#breadcrumb"},"inLanguage":"es","potentialAction":[{"@type":"ReadAction","target":["https:\/\/canal7slp.tv\/2022\/matan-a-balazos-a-persona-a-bordo-de-una-camioneta-en-el-estacionamiento-de-plaza-citadina\/"]}]},{"@type":"ImageObject","inLanguage":"es","@id":"https:\/\/canal7slp.tv\/2022\/matan-a-balazos-a-persona-a-bordo-de-una-camioneta-en-el-estacionamiento-de-plaza-citadina\/#primaryimage","url":"https:\/\/canal7slp.tv\/2022\/wp-content\/uploads\/2022\/06\/zz3c.jpg","contentUrl":"https:\/\/canal7slp.tv\/2022\/wp-content\/uploads\/2022\/06\/zz3c.jpg","width":1020,"height":590},{"@type":"BreadcrumbList","@id":"https:\/\/canal7slp.tv\/2022\/matan-a-balazos-a-persona-a-bordo-de-una-camioneta-en-el-estacionamiento-de-plaza-citadina\/#breadcrumb","itemListElement":[{"@type":"ListItem","position":1,"name":"Portada","item":"https:\/\/canal7slp.tv\/2022\/"},{"@type":"ListItem","position":2,"name":"Matan a balazos a persona a bordo de una camioneta en el estacionamiento de Plaza Citadina"}]},{"@type":"WebSite","@id":"https:\/\/canal7slp.tv\/2022\/#website","url":"https:\/\/canal7slp.tv\/2022\/","name":"N7 - Noticieros Canal 7","description":"Somos Televisi\u00f3n","publisher":{"@id":"https:\/\/canal7slp.tv\/2022\/#organization"},"potentialAction":[{"@type":"SearchAction","target":{"@type":"EntryPoint","urlTemplate":"https:\/\/canal7slp.tv\/2022\/?s={search_term_string}"},"query-input":{"@type":"PropertyValueSpecification","valueRequired":true,"valueName":"search_term_string"}}],"inLanguage":"es"},{"@type":"Organization","@id":"https:\/\/canal7slp.tv\/2022\/#organization","name":"Noticieros Canal 7","url":"https:\/\/canal7slp.tv\/2022\/","logo":{"@type":"ImageObject","inLanguage":"es","@id":"https:\/\/canal7slp.tv\/2022\/#\/schema\/logo\/image\/","url":"https:\/\/canal7slp.tv\/2022\/wp-content\/uploads\/2021\/01\/logo-noticieros@2x.png","contentUrl":"https:\/\/canal7slp.tv\/2022\/wp-content\/uploads\/2021\/01\/logo-noticieros@2x.png","width":1017,"height":268,"caption":"Noticieros Canal 7"},"image":{"@id":"https:\/\/canal7slp.tv\/2022\/#\/schema\/logo\/image\/"},"sameAs":["https:\/\/www.facebook.com\/noticieroscanalsiete","https:\/\/x.com\/NOTICIEROS7","https:\/\/www.instagram.com\/canal7_slp","https:\/\/www.youtube.com\/channel\/UCliiYs-gP3JfJeqdPrNdd5A"]},{"@type":"Person","@id":"https:\/\/canal7slp.tv\/2022\/#\/schema\/person\/429704152a21f5f856ce29aa69a238da","name":"Edici\u00f3n Web","image":{"@type":"ImageObject","inLanguage":"es","@id":"https:\/\/secure.gravatar.com\/avatar\/eee448fc3f7164808013b816ba91ac7e43bbe82a70bebac296f8bc6f0addaa1a?s=96&d=mm&r=g","url":"https:\/\/secure.gravatar.com\/avatar\/eee448fc3f7164808013b816ba91ac7e43bbe82a70bebac296f8bc6f0addaa1a?s=96&d=mm&r=g","contentUrl":"https:\/\/secure.gravatar.com\/avatar\/eee448fc3f7164808013b816ba91ac7e43bbe82a70bebac296f8bc6f0addaa1a?s=96&d=mm&r=g","caption":"Edici\u00f3n Web"},"url":"https:\/\/canal7slp.tv\/2022\/author\/edicionweb\/"}]}},"amp_enabled":true,"_links":{"self":[{"href":"https:\/\/canal7slp.tv\/2022\/wp-json\/wp\/v2\/posts\/62467","targetHints":{"allow":["GET"]}}],"collection":[{"href":"https:\/\/canal7slp.tv\/2022\/wp-json\/wp\/v2\/posts"}],"about":[{"href":"https:\/\/canal7slp.tv\/2022\/wp-json\/wp\/v2\/types\/post"}],"author":[{"embeddable":true,"href":"https:\/\/canal7slp.tv\/2022\/wp-json\/wp\/v2\/users\/2"}],"replies":[{"embeddable":true,"href":"https:\/\/canal7slp.tv\/2022\/wp-json\/wp\/v2\/comments?post=62467"}],"version-history":[{"count":1,"href":"https:\/\/canal7slp.tv\/2022\/wp-json\/wp\/v2\/posts\/62467\/revisions"}],"predecessor-version":[{"id":62468,"href":"https:\/\/canal7slp.tv\/2022\/wp-json\/wp\/v2\/posts\/62467\/revisions\/62468"}],"wp:featuredmedia":[{"embeddable":true,"href":"https:\/\/canal7slp.tv\/2022\/wp-json\/wp\/v2\/media\/62469"}],"wp:attachment":[{"href":"https:\/\/canal7slp.tv\/2022\/wp-json\/wp\/v2\/media?parent=62467"}],"wp:term":[{"taxonomy":"category","embeddable":true,"href":"https:\/\/canal7slp.tv\/2022\/wp-json\/wp\/v2\/categories?post=62467"},{"taxonomy":"post_tag","embeddable":true,"href":"https:\/\/canal7slp.tv\/2022\/wp-json\/wp\/v2\/tags?post=62467"}],"curies":[{"name":"wp","href":"https:\/\/api.w.org\/{rel}","templated":true}]}}