{"id":62428,"date":"2022-06-04T12:29:26","date_gmt":"2022-06-04T18:29:26","guid":{"rendered":"https:\/\/canal7slp.tv\/2022\/?p=62428"},"modified":"2022-06-04T12:29:26","modified_gmt":"2022-06-04T18:29:26","slug":"lider-de-la-luz-del-mundo-se-declara-culpable-de-abuso-sexual-infantil","status":"publish","type":"post","link":"https:\/\/canal7slp.tv\/2022\/lider-de-la-luz-del-mundo-se-declara-culpable-de-abuso-sexual-infantil\/","title":{"rendered":"L\u00edder de \u201cLa Luz del Mundo\u201d se declara culpable de abuso sexual infantil"},"content":{"rendered":"<ul style=\"text-align: justify;\">\n<li>Escuchar\u00e1 sentencia el pr\u00f3ximo ocho de junio<\/li>\n<\/ul>\n<p style=\"text-align: justify;\">California.- Naas\u00f3n Joaqu\u00edn Garc\u00eda, l\u00edder de la iglesia \u201cLa Luz del Mundo\u201d, se declar\u00f3 declar\u00f3 culpable de tres cargos de agresi\u00f3n sexual a tres menores de edad.<\/p>\n<p style=\"text-align: justify;\">Esto fue dado a conocer por el Fiscal General de California.<\/p>\n<p style=\"text-align: justify;\">\u201cGarc\u00eda us\u00f3 su poder para aprovecharse de menores. Se apoy\u00f3 en su entorno para abusar sexualmente de fieles\u201d, dijo el fiscal general Rob Bonta.<\/p>\n<p style=\"text-align: justify;\">\u201cLa condena de hoy no puede revertir el da\u00f1o, pero ayudar\u00e1 a proteger a generaciones futuras\u201d.<\/p>\n<p style=\"text-align: justify;\">El l\u00edder religioso estaba por enfrentar m\u00e1s de 20 cargos, incluyendo violaci\u00f3n, extorsi\u00f3n y posesi\u00f3n de pornograf\u00eda infantil, entre otros cr\u00edmenes perpetrados en California.<\/p>\n","protected":false},"excerpt":{"rendered":"<p>Escuchar\u00e1 sentencia el pr\u00f3ximo ocho de junio California.- Naas\u00f3n Joaqu\u00edn Garc\u00eda, l\u00edder de la iglesia \u201cLa Luz del Mundo\u201d, se declar\u00f3 declar\u00f3 culpable de tres cargos de agresi\u00f3n sexual a tres menores de edad. Esto fue dado a conocer por el Fiscal General de California. \u201cGarc\u00eda us\u00f3 su poder para aprovecharse de menores. Se apoy\u00f3 en su entorno para abusar sexualmente de fieles\u201d, dijo el fiscal general Rob Bonta. \u201cLa condena de hoy no puede revertir el da\u00f1o, pero ayudar\u00e1 a proteger a generaciones futuras\u201d. El l\u00edder religioso estaba por enfrentar m\u00e1s de 20 cargos, incluyendo violaci\u00f3n, extorsi\u00f3n y posesi\u00f3n [&hellip;]<\/p>\n","protected":false},"author":2,"featured_media":62440,"comment_status":"closed","ping_status":"closed","sticky":false,"template":"","format":"standard","meta":{"footnotes":""},"categories":[46],"tags":[],"class_list":["post-62428","post","type-post","status-publish","format-standard","has-post-thumbnail","hentry","category-nacional","post--single"],"yoast_head":"<!-- This site is optimized with the Yoast SEO plugin v27.5 - https:\/\/yoast.com\/product\/yoast-seo-wordpress\/ -->\n<title>L\u00edder de \u201cLa Luz del Mundo\u201d se declara culpable de abuso sexual infantil - Canal 7 SLP - 2022<\/title>\n<meta name=\"robots\" content=\"index, follow, max-snippet:-1, max-image-preview:large, max-video-preview:-1\" \/>\n<link rel=\"canonical\" href=\"https:\/\/canal7slp.tv\/2022\/lider-de-la-luz-del-mundo-se-declara-culpable-de-abuso-sexual-infantil\/\" \/>\n<meta property=\"og:locale\" content=\"es_ES\" \/>\n<meta property=\"og:type\" content=\"article\" \/>\n<meta property=\"og:title\" content=\"L\u00edder de \u201cLa Luz del Mundo\u201d se declara culpable de abuso sexual infantil - Canal 7 SLP - 2022\" \/>\n<meta property=\"og:description\" content=\"Escuchar\u00e1 sentencia el pr\u00f3ximo ocho de junio California.- Naas\u00f3n Joaqu\u00edn Garc\u00eda, l\u00edder de la iglesia \u201cLa Luz del Mundo\u201d, se declar\u00f3 declar\u00f3 culpable de tres cargos de agresi\u00f3n sexual a tres menores de edad. Esto fue dado a conocer por el Fiscal General de California. \u201cGarc\u00eda us\u00f3 su poder para aprovecharse de menores. Se apoy\u00f3 en su entorno para abusar sexualmente de fieles\u201d, dijo el fiscal general Rob Bonta. \u201cLa condena de hoy no puede revertir el da\u00f1o, pero ayudar\u00e1 a proteger a generaciones futuras\u201d. El l\u00edder religioso estaba por enfrentar m\u00e1s de 20 cargos, incluyendo violaci\u00f3n, extorsi\u00f3n y posesi\u00f3n [&hellip;]\" \/>\n<meta property=\"og:url\" content=\"https:\/\/canal7slp.tv\/2022\/lider-de-la-luz-del-mundo-se-declara-culpable-de-abuso-sexual-infantil\/\" \/>\n<meta property=\"og:site_name\" content=\"Canal 7 SLP - 2022\" \/>\n<meta property=\"article:publisher\" content=\"https:\/\/www.facebook.com\/noticieroscanalsiete\" \/>\n<meta property=\"article:published_time\" content=\"2022-06-04T18:29:26+00:00\" \/>\n<meta property=\"og:image\" content=\"https:\/\/canal7slp.tv\/2022\/wp-content\/uploads\/2022\/06\/02-2.jpg\" \/>\n\t<meta property=\"og:image:width\" content=\"1140\" \/>\n\t<meta property=\"og:image:height\" content=\"712\" \/>\n\t<meta property=\"og:image:type\" content=\"image\/jpeg\" \/>\n<meta name=\"author\" content=\"Edici\u00f3n Web\" \/>\n<meta name=\"twitter:card\" content=\"summary_large_image\" \/>\n<meta name=\"twitter:creator\" content=\"@NOTICIEROS7\" \/>\n<meta name=\"twitter:site\" content=\"@NOTICIEROS7\" \/>\n<meta name=\"twitter:label1\" content=\"Escrito por\" \/>\n\t<meta name=\"twitter:data1\" content=\"Edici\u00f3n Web\" \/>\n\t<meta name=\"twitter:label2\" content=\"Tiempo de lectura\" \/>\n\t<meta name=\"twitter:data2\" content=\"1 minuto\" \/>\n<script type=\"application\/ld+json\" class=\"yoast-schema-graph\">{\"@context\":\"https:\\\/\\\/schema.org\",\"@graph\":[{\"@type\":\"Article\",\"@id\":\"https:\\\/\\\/canal7slp.tv\\\/2022\\\/lider-de-la-luz-del-mundo-se-declara-culpable-de-abuso-sexual-infantil\\\/#article\",\"isPartOf\":{\"@id\":\"https:\\\/\\\/canal7slp.tv\\\/2022\\\/lider-de-la-luz-del-mundo-se-declara-culpable-de-abuso-sexual-infantil\\\/\"},\"author\":{\"name\":\"Edici\u00f3n Web\",\"@id\":\"https:\\\/\\\/canal7slp.tv\\\/2022\\\/#\\\/schema\\\/person\\\/429704152a21f5f856ce29aa69a238da\"},\"headline\":\"L\u00edder de \u201cLa Luz del Mundo\u201d se declara culpable de abuso sexual infantil\",\"datePublished\":\"2022-06-04T18:29:26+00:00\",\"mainEntityOfPage\":{\"@id\":\"https:\\\/\\\/canal7slp.tv\\\/2022\\\/lider-de-la-luz-del-mundo-se-declara-culpable-de-abuso-sexual-infantil\\\/\"},\"wordCount\":138,\"publisher\":{\"@id\":\"https:\\\/\\\/canal7slp.tv\\\/2022\\\/#organization\"},\"image\":{\"@id\":\"https:\\\/\\\/canal7slp.tv\\\/2022\\\/lider-de-la-luz-del-mundo-se-declara-culpable-de-abuso-sexual-infantil\\\/#primaryimage\"},\"thumbnailUrl\":\"https:\\\/\\\/canal7slp.tv\\\/2022\\\/wp-content\\\/uploads\\\/2022\\\/06\\\/02-2.jpg\",\"articleSection\":[\"NACIONALES\"],\"inLanguage\":\"es\"},{\"@type\":\"WebPage\",\"@id\":\"https:\\\/\\\/canal7slp.tv\\\/2022\\\/lider-de-la-luz-del-mundo-se-declara-culpable-de-abuso-sexual-infantil\\\/\",\"url\":\"https:\\\/\\\/canal7slp.tv\\\/2022\\\/lider-de-la-luz-del-mundo-se-declara-culpable-de-abuso-sexual-infantil\\\/\",\"name\":\"L\u00edder de \u201cLa Luz del Mundo\u201d se declara culpable de abuso sexual infantil - Canal 7 SLP - 2022\",\"isPartOf\":{\"@id\":\"https:\\\/\\\/canal7slp.tv\\\/2022\\\/#website\"},\"primaryImageOfPage\":{\"@id\":\"https:\\\/\\\/canal7slp.tv\\\/2022\\\/lider-de-la-luz-del-mundo-se-declara-culpable-de-abuso-sexual-infantil\\\/#primaryimage\"},\"image\":{\"@id\":\"https:\\\/\\\/canal7slp.tv\\\/2022\\\/lider-de-la-luz-del-mundo-se-declara-culpable-de-abuso-sexual-infantil\\\/#primaryimage\"},\"thumbnailUrl\":\"https:\\\/\\\/canal7slp.tv\\\/2022\\\/wp-content\\\/uploads\\\/2022\\\/06\\\/02-2.jpg\",\"datePublished\":\"2022-06-04T18:29:26+00:00\",\"breadcrumb\":{\"@id\":\"https:\\\/\\\/canal7slp.tv\\\/2022\\\/lider-de-la-luz-del-mundo-se-declara-culpable-de-abuso-sexual-infantil\\\/#breadcrumb\"},\"inLanguage\":\"es\",\"potentialAction\":[{\"@type\":\"ReadAction\",\"target\":[\"https:\\\/\\\/canal7slp.tv\\\/2022\\\/lider-de-la-luz-del-mundo-se-declara-culpable-de-abuso-sexual-infantil\\\/\"]}]},{\"@type\":\"ImageObject\",\"inLanguage\":\"es\",\"@id\":\"https:\\\/\\\/canal7slp.tv\\\/2022\\\/lider-de-la-luz-del-mundo-se-declara-culpable-de-abuso-sexual-infantil\\\/#primaryimage\",\"url\":\"https:\\\/\\\/canal7slp.tv\\\/2022\\\/wp-content\\\/uploads\\\/2022\\\/06\\\/02-2.jpg\",\"contentUrl\":\"https:\\\/\\\/canal7slp.tv\\\/2022\\\/wp-content\\\/uploads\\\/2022\\\/06\\\/02-2.jpg\",\"width\":1140,\"height\":712},{\"@type\":\"BreadcrumbList\",\"@id\":\"https:\\\/\\\/canal7slp.tv\\\/2022\\\/lider-de-la-luz-del-mundo-se-declara-culpable-de-abuso-sexual-infantil\\\/#breadcrumb\",\"itemListElement\":[{\"@type\":\"ListItem\",\"position\":1,\"name\":\"Portada\",\"item\":\"https:\\\/\\\/canal7slp.tv\\\/2022\\\/\"},{\"@type\":\"ListItem\",\"position\":2,\"name\":\"L\u00edder de \u201cLa Luz del Mundo\u201d se declara culpable de abuso sexual infantil\"}]},{\"@type\":\"WebSite\",\"@id\":\"https:\\\/\\\/canal7slp.tv\\\/2022\\\/#website\",\"url\":\"https:\\\/\\\/canal7slp.tv\\\/2022\\\/\",\"name\":\"N7 - Noticieros Canal 7\",\"description\":\"Somos Televisi\u00f3n\",\"publisher\":{\"@id\":\"https:\\\/\\\/canal7slp.tv\\\/2022\\\/#organization\"},\"potentialAction\":[{\"@type\":\"SearchAction\",\"target\":{\"@type\":\"EntryPoint\",\"urlTemplate\":\"https:\\\/\\\/canal7slp.tv\\\/2022\\\/?s={search_term_string}\"},\"query-input\":{\"@type\":\"PropertyValueSpecification\",\"valueRequired\":true,\"valueName\":\"search_term_string\"}}],\"inLanguage\":\"es\"},{\"@type\":\"Organization\",\"@id\":\"https:\\\/\\\/canal7slp.tv\\\/2022\\\/#organization\",\"name\":\"Noticieros Canal 7\",\"url\":\"https:\\\/\\\/canal7slp.tv\\\/2022\\\/\",\"logo\":{\"@type\":\"ImageObject\",\"inLanguage\":\"es\",\"@id\":\"https:\\\/\\\/canal7slp.tv\\\/2022\\\/#\\\/schema\\\/logo\\\/image\\\/\",\"url\":\"https:\\\/\\\/canal7slp.tv\\\/2022\\\/wp-content\\\/uploads\\\/2021\\\/01\\\/logo-noticieros@2x.png\",\"contentUrl\":\"https:\\\/\\\/canal7slp.tv\\\/2022\\\/wp-content\\\/uploads\\\/2021\\\/01\\\/logo-noticieros@2x.png\",\"width\":1017,\"height\":268,\"caption\":\"Noticieros Canal 7\"},\"image\":{\"@id\":\"https:\\\/\\\/canal7slp.tv\\\/2022\\\/#\\\/schema\\\/logo\\\/image\\\/\"},\"sameAs\":[\"https:\\\/\\\/www.facebook.com\\\/noticieroscanalsiete\",\"https:\\\/\\\/x.com\\\/NOTICIEROS7\",\"https:\\\/\\\/www.instagram.com\\\/canal7_slp\",\"https:\\\/\\\/www.youtube.com\\\/channel\\\/UCliiYs-gP3JfJeqdPrNdd5A\"]},{\"@type\":\"Person\",\"@id\":\"https:\\\/\\\/canal7slp.tv\\\/2022\\\/#\\\/schema\\\/person\\\/429704152a21f5f856ce29aa69a238da\",\"name\":\"Edici\u00f3n Web\",\"image\":{\"@type\":\"ImageObject\",\"inLanguage\":\"es\",\"@id\":\"https:\\\/\\\/secure.gravatar.com\\\/avatar\\\/eee448fc3f7164808013b816ba91ac7e43bbe82a70bebac296f8bc6f0addaa1a?s=96&d=mm&r=g\",\"url\":\"https:\\\/\\\/secure.gravatar.com\\\/avatar\\\/eee448fc3f7164808013b816ba91ac7e43bbe82a70bebac296f8bc6f0addaa1a?s=96&d=mm&r=g\",\"contentUrl\":\"https:\\\/\\\/secure.gravatar.com\\\/avatar\\\/eee448fc3f7164808013b816ba91ac7e43bbe82a70bebac296f8bc6f0addaa1a?s=96&d=mm&r=g\",\"caption\":\"Edici\u00f3n Web\"},\"url\":\"https:\\\/\\\/canal7slp.tv\\\/2022\\\/author\\\/edicionweb\\\/\"}]}<\/script>\n<!-- \/ Yoast SEO plugin. -->","yoast_head_json":{"title":"L\u00edder de \u201cLa Luz del Mundo\u201d se declara culpable de abuso sexual infantil - Canal 7 SLP - 2022","robots":{"index":"index","follow":"follow","max-snippet":"max-snippet:-1","max-image-preview":"max-image-preview:large","max-video-preview":"max-video-preview:-1"},"canonical":"https:\/\/canal7slp.tv\/2022\/lider-de-la-luz-del-mundo-se-declara-culpable-de-abuso-sexual-infantil\/","og_locale":"es_ES","og_type":"article","og_title":"L\u00edder de \u201cLa Luz del Mundo\u201d se declara culpable de abuso sexual infantil - Canal 7 SLP - 2022","og_description":"Escuchar\u00e1 sentencia el pr\u00f3ximo ocho de junio California.- Naas\u00f3n Joaqu\u00edn Garc\u00eda, l\u00edder de la iglesia \u201cLa Luz del Mundo\u201d, se declar\u00f3 declar\u00f3 culpable de tres cargos de agresi\u00f3n sexual a tres menores de edad. Esto fue dado a conocer por el Fiscal General de California. \u201cGarc\u00eda us\u00f3 su poder para aprovecharse de menores. Se apoy\u00f3 en su entorno para abusar sexualmente de fieles\u201d, dijo el fiscal general Rob Bonta. \u201cLa condena de hoy no puede revertir el da\u00f1o, pero ayudar\u00e1 a proteger a generaciones futuras\u201d. El l\u00edder religioso estaba por enfrentar m\u00e1s de 20 cargos, incluyendo violaci\u00f3n, extorsi\u00f3n y posesi\u00f3n [&hellip;]","og_url":"https:\/\/canal7slp.tv\/2022\/lider-de-la-luz-del-mundo-se-declara-culpable-de-abuso-sexual-infantil\/","og_site_name":"Canal 7 SLP - 2022","article_publisher":"https:\/\/www.facebook.com\/noticieroscanalsiete","article_published_time":"2022-06-04T18:29:26+00:00","og_image":[{"width":1140,"height":712,"url":"https:\/\/canal7slp.tv\/2022\/wp-content\/uploads\/2022\/06\/02-2.jpg","type":"image\/jpeg"}],"author":"Edici\u00f3n Web","twitter_card":"summary_large_image","twitter_creator":"@NOTICIEROS7","twitter_site":"@NOTICIEROS7","twitter_misc":{"Escrito por":"Edici\u00f3n Web","Tiempo de lectura":"1 minuto"},"schema":{"@context":"https:\/\/schema.org","@graph":[{"@type":"Article","@id":"https:\/\/canal7slp.tv\/2022\/lider-de-la-luz-del-mundo-se-declara-culpable-de-abuso-sexual-infantil\/#article","isPartOf":{"@id":"https:\/\/canal7slp.tv\/2022\/lider-de-la-luz-del-mundo-se-declara-culpable-de-abuso-sexual-infantil\/"},"author":{"name":"Edici\u00f3n Web","@id":"https:\/\/canal7slp.tv\/2022\/#\/schema\/person\/429704152a21f5f856ce29aa69a238da"},"headline":"L\u00edder de \u201cLa Luz del Mundo\u201d se declara culpable de abuso sexual infantil","datePublished":"2022-06-04T18:29:26+00:00","mainEntityOfPage":{"@id":"https:\/\/canal7slp.tv\/2022\/lider-de-la-luz-del-mundo-se-declara-culpable-de-abuso-sexual-infantil\/"},"wordCount":138,"publisher":{"@id":"https:\/\/canal7slp.tv\/2022\/#organization"},"image":{"@id":"https:\/\/canal7slp.tv\/2022\/lider-de-la-luz-del-mundo-se-declara-culpable-de-abuso-sexual-infantil\/#primaryimage"},"thumbnailUrl":"https:\/\/canal7slp.tv\/2022\/wp-content\/uploads\/2022\/06\/02-2.jpg","articleSection":["NACIONALES"],"inLanguage":"es"},{"@type":"WebPage","@id":"https:\/\/canal7slp.tv\/2022\/lider-de-la-luz-del-mundo-se-declara-culpable-de-abuso-sexual-infantil\/","url":"https:\/\/canal7slp.tv\/2022\/lider-de-la-luz-del-mundo-se-declara-culpable-de-abuso-sexual-infantil\/","name":"L\u00edder de \u201cLa Luz del Mundo\u201d se declara culpable de abuso sexual infantil - Canal 7 SLP - 2022","isPartOf":{"@id":"https:\/\/canal7slp.tv\/2022\/#website"},"primaryImageOfPage":{"@id":"https:\/\/canal7slp.tv\/2022\/lider-de-la-luz-del-mundo-se-declara-culpable-de-abuso-sexual-infantil\/#primaryimage"},"image":{"@id":"https:\/\/canal7slp.tv\/2022\/lider-de-la-luz-del-mundo-se-declara-culpable-de-abuso-sexual-infantil\/#primaryimage"},"thumbnailUrl":"https:\/\/canal7slp.tv\/2022\/wp-content\/uploads\/2022\/06\/02-2.jpg","datePublished":"2022-06-04T18:29:26+00:00","breadcrumb":{"@id":"https:\/\/canal7slp.tv\/2022\/lider-de-la-luz-del-mundo-se-declara-culpable-de-abuso-sexual-infantil\/#breadcrumb"},"inLanguage":"es","potentialAction":[{"@type":"ReadAction","target":["https:\/\/canal7slp.tv\/2022\/lider-de-la-luz-del-mundo-se-declara-culpable-de-abuso-sexual-infantil\/"]}]},{"@type":"ImageObject","inLanguage":"es","@id":"https:\/\/canal7slp.tv\/2022\/lider-de-la-luz-del-mundo-se-declara-culpable-de-abuso-sexual-infantil\/#primaryimage","url":"https:\/\/canal7slp.tv\/2022\/wp-content\/uploads\/2022\/06\/02-2.jpg","contentUrl":"https:\/\/canal7slp.tv\/2022\/wp-content\/uploads\/2022\/06\/02-2.jpg","width":1140,"height":712},{"@type":"BreadcrumbList","@id":"https:\/\/canal7slp.tv\/2022\/lider-de-la-luz-del-mundo-se-declara-culpable-de-abuso-sexual-infantil\/#breadcrumb","itemListElement":[{"@type":"ListItem","position":1,"name":"Portada","item":"https:\/\/canal7slp.tv\/2022\/"},{"@type":"ListItem","position":2,"name":"L\u00edder de \u201cLa Luz del Mundo\u201d se declara culpable de abuso sexual infantil"}]},{"@type":"WebSite","@id":"https:\/\/canal7slp.tv\/2022\/#website","url":"https:\/\/canal7slp.tv\/2022\/","name":"N7 - Noticieros Canal 7","description":"Somos Televisi\u00f3n","publisher":{"@id":"https:\/\/canal7slp.tv\/2022\/#organization"},"potentialAction":[{"@type":"SearchAction","target":{"@type":"EntryPoint","urlTemplate":"https:\/\/canal7slp.tv\/2022\/?s={search_term_string}"},"query-input":{"@type":"PropertyValueSpecification","valueRequired":true,"valueName":"search_term_string"}}],"inLanguage":"es"},{"@type":"Organization","@id":"https:\/\/canal7slp.tv\/2022\/#organization","name":"Noticieros Canal 7","url":"https:\/\/canal7slp.tv\/2022\/","logo":{"@type":"ImageObject","inLanguage":"es","@id":"https:\/\/canal7slp.tv\/2022\/#\/schema\/logo\/image\/","url":"https:\/\/canal7slp.tv\/2022\/wp-content\/uploads\/2021\/01\/logo-noticieros@2x.png","contentUrl":"https:\/\/canal7slp.tv\/2022\/wp-content\/uploads\/2021\/01\/logo-noticieros@2x.png","width":1017,"height":268,"caption":"Noticieros Canal 7"},"image":{"@id":"https:\/\/canal7slp.tv\/2022\/#\/schema\/logo\/image\/"},"sameAs":["https:\/\/www.facebook.com\/noticieroscanalsiete","https:\/\/x.com\/NOTICIEROS7","https:\/\/www.instagram.com\/canal7_slp","https:\/\/www.youtube.com\/channel\/UCliiYs-gP3JfJeqdPrNdd5A"]},{"@type":"Person","@id":"https:\/\/canal7slp.tv\/2022\/#\/schema\/person\/429704152a21f5f856ce29aa69a238da","name":"Edici\u00f3n Web","image":{"@type":"ImageObject","inLanguage":"es","@id":"https:\/\/secure.gravatar.com\/avatar\/eee448fc3f7164808013b816ba91ac7e43bbe82a70bebac296f8bc6f0addaa1a?s=96&d=mm&r=g","url":"https:\/\/secure.gravatar.com\/avatar\/eee448fc3f7164808013b816ba91ac7e43bbe82a70bebac296f8bc6f0addaa1a?s=96&d=mm&r=g","contentUrl":"https:\/\/secure.gravatar.com\/avatar\/eee448fc3f7164808013b816ba91ac7e43bbe82a70bebac296f8bc6f0addaa1a?s=96&d=mm&r=g","caption":"Edici\u00f3n Web"},"url":"https:\/\/canal7slp.tv\/2022\/author\/edicionweb\/"}]}},"amp_enabled":true,"_links":{"self":[{"href":"https:\/\/canal7slp.tv\/2022\/wp-json\/wp\/v2\/posts\/62428","targetHints":{"allow":["GET"]}}],"collection":[{"href":"https:\/\/canal7slp.tv\/2022\/wp-json\/wp\/v2\/posts"}],"about":[{"href":"https:\/\/canal7slp.tv\/2022\/wp-json\/wp\/v2\/types\/post"}],"author":[{"embeddable":true,"href":"https:\/\/canal7slp.tv\/2022\/wp-json\/wp\/v2\/users\/2"}],"replies":[{"embeddable":true,"href":"https:\/\/canal7slp.tv\/2022\/wp-json\/wp\/v2\/comments?post=62428"}],"version-history":[{"count":2,"href":"https:\/\/canal7slp.tv\/2022\/wp-json\/wp\/v2\/posts\/62428\/revisions"}],"predecessor-version":[{"id":62451,"href":"https:\/\/canal7slp.tv\/2022\/wp-json\/wp\/v2\/posts\/62428\/revisions\/62451"}],"wp:featuredmedia":[{"embeddable":true,"href":"https:\/\/canal7slp.tv\/2022\/wp-json\/wp\/v2\/media\/62440"}],"wp:attachment":[{"href":"https:\/\/canal7slp.tv\/2022\/wp-json\/wp\/v2\/media?parent=62428"}],"wp:term":[{"taxonomy":"category","embeddable":true,"href":"https:\/\/canal7slp.tv\/2022\/wp-json\/wp\/v2\/categories?post=62428"},{"taxonomy":"post_tag","embeddable":true,"href":"https:\/\/canal7slp.tv\/2022\/wp-json\/wp\/v2\/tags?post=62428"}],"curies":[{"name":"wp","href":"https:\/\/api.w.org\/{rel}","templated":true}]}}